{"id":164,"date":"2025-12-03T17:07:16","date_gmt":"2025-12-03T20:07:16","guid":{"rendered":"https:\/\/carro.blog.br\/comparativo\/?post_type=web-story&#038;p=164"},"modified":"2025-12-03T17:07:16","modified_gmt":"2025-12-03T20:07:16","slug":"qual-e-melhor-fiat-pulse-ou-nivus","status":"publish","type":"web-story","link":"https:\/\/carro.blog.br\/comparativo\/web-stories\/qual-e-melhor-fiat-pulse-ou-nivus","title":{"rendered":"Qual \u00e9 melhor, Fiat Pulse ou VW Nivus?"},"content":{"rendered":"<p><html amp=\"\" lang=\"en\"><head><meta charSet=\"utf-8\"\/><meta name=\"viewport\" content=\"width=device-width,minimum-scale=1,initial-scale=1\"\/><script async=\"\" src=\"https:\/\/cdn.ampproject.org\/v0.js\"><\/script><script async=\"\" src=\"https:\/\/cdn.ampproject.org\/v0\/amp-story-1.0.js\" custom-element=\"amp-story\"><\/script><script async=\"\" src=\"https:\/\/cdn.ampproject.org\/v0\/amp-video-0.1.js\" custom-element=\"amp-video\"><\/script><link href=\"https:\/\/fonts.googleapis.com\/css2?display=swap&amp;family=Merriweather%3Awght%40700\" rel=\"stylesheet\"\/>\n<style amp-boilerplate=\"\">body{-webkit-animation:-amp-start 8s steps(1,end) 0s 1 normal both;-moz-animation:-amp-start 8s steps(1,end) 0s 1 normal both;-ms-animation:-amp-start 8s steps(1,end) 0s 1 normal both;animation:-amp-start 8s steps(1,end) 0s 1 normal both}@-webkit-keyframes -amp-start{from{visibility:hidden}to{visibility:visible}}@-moz-keyframes -amp-start{from{visibility:hidden}to{visibility:visible}}@-ms-keyframes -amp-start{from{visibility:hidden}to{visibility:visible}}@-o-keyframes -amp-start{from{visibility:hidden}to{visibility:visible}}@keyframes -amp-start{from{visibility:hidden}to{visibility:visible}}<\/style>\n<p><noscript><\/p>\n<style amp-boilerplate=\"\">body{-webkit-animation:none;-moz-animation:none;-ms-animation:none;animation:none}<\/style>\n<p><\/noscript><\/p>\n<style amp-custom=\"\">\n              h1, h2, h3 { font-weight: normal; }<\/p>\n<p>              amp-story-page {\n                background-color: #131516;\n              }<\/p>\n<p>              amp-story-grid-layer {\n                overflow: visible;\n              }<\/p>\n<p>              @media (max-aspect-ratio: 9 \/ 16)  {\n                @media (min-aspect-ratio: 320 \/ 678) {\n                  amp-story-grid-layer.grid-layer {\n                    margin-top: calc((100% \/ 0.5625 - 100% \/ 0.6666666666666666) \/ 2);\n                  }\n                }\n              }<\/p>\n<p>              @media not all and (min-resolution:.001dpcm) {\n                @media {\n                  p.text-wrapper > span {\n                    font-size: calc(100% - 0.5px);\n                  }\n                }\n              }<\/p>\n<p>              .page-fullbleed-area,\n              .page-background-overlay-area {\n                position: absolute;\n                overflow: hidden;\n                width: 100%;\n                left: 0;\n                height: calc(1.1851851851851851 * 100%);\n                top: calc((1 - 1.1851851851851851) * 100% \/ 2);\n              }<\/p>\n<p>              .element-overlay-area {\n                position: absolute;\n                width: 100%;\n                height: 100%;\n                top: 0;\n                left: 0;\n              }<\/p>\n<p>              .page-safe-area {\n                overflow: visible;\n                position: absolute;\n                top: 0;\n                bottom: 0;\n                left: 0;\n                right: 0;\n                width: 100%;\n                height: calc(0.84375 * 100%);\n                margin: auto 0;\n              }<\/p>\n<p>              .mask {\n                position: absolute;\n                overflow: hidden;\n              }<\/p>\n<p>              .fill {\n                position: absolute;\n                top: 0;\n                left: 0;\n                right: 0;\n                bottom: 0;\n                margin: 0;\n              }<\/p>\n<p>              @media (prefers-reduced-motion: no-preference) {\n                .animation-wrapper {\n                  opacity: var(--initial-opacity);\n                  transform: var(--initial-transform);\n                }\n              }<\/p>\n<p>              amp-story-grid-layer.align-bottom {\n                align-content: end;\n                padding: 0;\n                \/*\n                  AMP CTA Layer will exactly occupy 74px regardless of any device.\n                  To space out captions 74px from the BOTTOM (AMP CTA Layer),\n                  74px from the TOP should also be spaced out and thus: 2 * 74px\n                  will be the desired max-height.\n                *\/\n                max-height: calc(100vh - (2 * 74px));\n              }<\/p>\n<p>              .captions-area {\n                padding: 0 32px 0;\n              }<\/p>\n<p>              amp-story-captions {\n                margin-bottom: 16px;\n                text-align: center;\n              }<\/p>\n<p>              amp-story-audio-sticker {\n                height: 100%;\n              }<\/p>\n<p>              .audio-sticker {\n                font-family: -apple-system, BlinkMacSystemFont, 'Segoe UI', Roboto, Oxygen-Sans, Ubuntu, Cantarell, 'Helvetica Neue', sans-serif;\n              }\n              <\/style>\n<p><meta name=\"web-stories-replace-head-start\"\/><title>Qual \u00e9 melhor, Fiat Pulse ou VW Nivus?<\/title><link rel=\"canonical\" href=\"https:\/\/carro.blog.br\/comparativo\/?post_type=web-story&amp;p=164\"\/><meta name=\"web-stories-replace-head-end\"\/><\/head><body><amp-story standalone=\"\" publisher=\"Comparativo Carros | Carro.Blog.Br\" publisher-logo-src=\"https:\/\/carro.blog.br\/comparativo\/wp-content\/uploads\/2025\/12\/512.webp\" title=\"Qual \u00e9 melhor, Fiat Pulse ou VW Nivus?\" poster-portrait-src=\"https:\/\/carro.blog.br\/comparativo\/wp-content\/uploads\/2025\/12\/cropped-Volkswagen-Nivus-Highline-2025-x-Fiat-Pulse-T200-Hybrid-2025-1.webp\"><amp-story-page id=\"a59d0706-c734-43f7-91ff-d038b15fffef\"><amp-story-grid-layer template=\"vertical\" aspect-ratio=\"412:618\" class=\"grid-layer\"><\/p>\n<div class=\"page-fullbleed-area\" style=\"background-color:#fff\">\n<div class=\"page-safe-area\">\n<div style=\"position:absolute;pointer-events:none;left:0;top:-9.25926%;width:100%;height:118.51852%;opacity:1\">\n<div style=\"pointer-events:initial;width:100%;height:100%;display:block;position:absolute;top:0;left:0;z-index:0\" class=\"mask\" id=\"el-79f5f6a9-5b79-4272-90bc-8ee18686ae2b\">\n<div class=\"fill\" style=\"will-change:transform\"><\/div>\n<\/div>\n<\/div>\n<\/div>\n<\/div>\n<p><\/amp-story-grid-layer><amp-story-grid-layer template=\"vertical\" aspect-ratio=\"412:618\" class=\"grid-layer\"><\/p>\n<div class=\"page-fullbleed-area\">\n<div class=\"page-safe-area\">\n<div style=\"position:absolute;pointer-events:none;left:11.65049%;top:62.29773%;width:76.69903%;height:12.45955%;opacity:1\">\n<div style=\"pointer-events:initial;width:100%;height:100%;display:block;position:absolute;top:0;left:0;z-index:0\" id=\"el-214cbe4d-56e6-4603-b34a-94361598dfa7\">\n<h2 class=\"fill text-wrapper\" style=\"white-space:pre-line;overflow-wrap:break-word;word-break:break-word;margin:-0.20411392405063392% 0;font-family:&quot;Merriweather&quot;,serif;font-size:0.485437em;line-height:1.3;text-align:left;padding:0;color:#000000\"><span><span style=\"font-weight: 700; color: #4285f4\">Qual \u00e9 melhor,&nbsp;<\/span><br \/>\n<span style=\"font-weight: 700; color: #4285f4\">Fiat Pulse ou Nivus?<\/span><\/span><\/h2>\n<\/div>\n<\/div>\n<div style=\"position:absolute;pointer-events:none;left:calc(1.69903% - 1px);top:calc(1.61812% - 1px);width:calc(98.30097% + 2px);height:calc(44.49838% + 2px);opacity:1\">\n<div style=\"top:0;left:0;right:0;bottom:0;width:100%;height:100%;position:absolute;border-width:1px 1px 1px 1px;border-color:rgba(0,0,0,1);border-style:solid;border-radius:2.4691358024691357% 0% 0% 2.4691358024691357% \/ 3.6363636363636362% 0% 0% 3.6363636363636362%;pointer-events:initial;display:block;z-index:0\" class=\"mask\" id=\"el-6cf16410-7d20-4a78-a653-6b8c3646e76a\">\n<div style=\"position:absolute;width:108.57516%;height:100%;left:-4.28758%;top:0%\" data-leaf-element=\"true\"><amp-img layout=\"fill\" src=\"https:\/\/carro.blog.br\/comparativo\/wp-content\/uploads\/2025\/12\/Volkswagen-Nivus-Highline-2025-x-Fiat-Pulse-T200-Hybrid-2025.webp\" alt=\"Carro.Blog.Br\" srcSet=\"https:\/\/carro.blog.br\/comparativo\/wp-content\/uploads\/2025\/12\/Volkswagen-Nivus-Highline-2025-x-Fiat-Pulse-T200-Hybrid-2025.webp 1300w,https:\/\/carro.blog.br\/comparativo\/wp-content\/uploads\/2025\/12\/Volkswagen-Nivus-Highline-2025-x-Fiat-Pulse-T200-Hybrid-2025-1024x640.webp 1024w,https:\/\/carro.blog.br\/comparativo\/wp-content\/uploads\/2025\/12\/Volkswagen-Nivus-Highline-2025-x-Fiat-Pulse-T200-Hybrid-2025-768x480.webp 768w,https:\/\/carro.blog.br\/comparativo\/wp-content\/uploads\/2025\/12\/Volkswagen-Nivus-Highline-2025-x-Fiat-Pulse-T200-Hybrid-2025-300x188.webp 300w,https:\/\/carro.blog.br\/comparativo\/wp-content\/uploads\/2025\/12\/Volkswagen-Nivus-Highline-2025-x-Fiat-Pulse-T200-Hybrid-2025-150x94.webp 150w\" sizes=\"(min-width: 1024px) 44vh, 98vw\" disable-inline-width=\"true\"><\/amp-img><\/div>\n<\/div>\n<\/div>\n<div style=\"position:absolute;pointer-events:none;left:-19.41748%;top:47.24919%;width:33.25243%;height:4.36893%;opacity:1\">\n<div style=\"pointer-events:initial;width:100%;height:100%;display:block;position:absolute;top:0;left:0;z-index:0\" class=\"mask\" id=\"el-964d583e-012b-4721-8712-f16c96cf04b5\">\n<div class=\"fill\" style=\"background-color:#fff;will-change:transform\"><\/div>\n<\/div>\n<\/div>\n<div style=\"position:absolute;pointer-events:none;left:9.70874%;top:47.24919%;width:76.69903%;height:4.36893%;opacity:1\">\n<div style=\"pointer-events:initial;width:100%;height:100%;display:block;position:absolute;top:0;left:0;z-index:0;border-radius:3.1645569620253164% 3.1645569620253164% 3.1645569620253164% 3.1645569620253164% \/ 37.03703703703704% 37.03703703703704% 37.03703703703704% 37.03703703703704%\" id=\"el-d3ee1304-03b8-4d09-9e9c-0fd7632f723c\">\n<p class=\"fill text-wrapper\" style=\"white-space:pre-line;overflow-wrap:break-word;word-break:break-word;margin:0;font-family:&quot;Merriweather&quot;,serif;font-size:0.242718em;line-height:calc(1em + 0.5333349813363657em);text-align:left;padding:0;color:#000000;background-color:#fff;background:none\"><span style=\"display:block;position:relative;left:0;top:0;margin:0.6099683544303793% 0;-webkit-box-decoration-break:clone;box-decoration-break:clone\"><span style=\"background-color:#fff;-webkit-box-decoration-break:clone;box-decoration-break:clone;position:relative;padding:1.2658227848101267% 2.5316455696202533%;text-align:left;border-radius:10px 10px 10px 10px;color:transparent\"><span style=\"font-weight: 700\">Por Carro.Blog.Br \/ Alan Correa<\/span><\/span><\/span><\/p>\n<p class=\"fill text-wrapper\" style=\"white-space:pre-line;overflow-wrap:break-word;word-break:break-word;margin:0;font-family:&quot;Merriweather&quot;,serif;font-size:0.242718em;line-height:calc(1em + 0.5333349813363657em);text-align:left;padding:0;color:#000000;background-color:#fff;background:none;position:absolute;top:0;left:0;right:0\" aria-hidden=\"true\"><span style=\"display:block;position:relative;left:0;top:0;margin:0.6099683544303793% 0;-webkit-box-decoration-break:clone;box-decoration-break:clone\"><span style=\"background-color:#fff;-webkit-box-decoration-break:clone;box-decoration-break:clone;position:relative;padding:1.2658227848101267% 2.5316455696202533%;text-align:left;border-radius:10px 10px 10px 10px;background:none\"><span style=\"font-weight: 700; color: #2d5897\">Por Carro.Blog.Br \/ Alan Correa<\/span><\/span><\/span><\/p>\n<\/div>\n<\/div>\n<div style=\"position:absolute;pointer-events:none;left:11.65049%;top:76.69903%;width:74.75728%;height:11.16505%;opacity:1\">\n<div style=\"pointer-events:initial;width:100%;height:100%;display:block;position:absolute;top:0;left:0;z-index:0\" id=\"el-426b66e8-e262-434d-b73a-001ae81a58f8\">\n<p class=\"fill text-wrapper\" style=\"white-space:pre-line;overflow-wrap:break-word;word-break:break-word;margin:-0.12564935064935137% 0;font-family:&quot;Merriweather&quot;,serif;font-size:0.291262em;line-height:1.3;text-align:left;padding:0;color:#000000\"><span><span style=\"font-weight: 700; color: #2d5897\">VW Nivus ou Fiat Pulse Hybrid: comparativo de melhor SUV para uso urbano.<\/span><\/span><\/p>\n<\/div>\n<\/div>\n<div style=\"position:absolute;pointer-events:none;left:11.65049%;top:54.04531%;width:76.45631%;height:4.04531%;opacity:1\">\n<div style=\"pointer-events:initial;width:100%;height:100%;display:block;position:absolute;top:0;left:0;z-index:0;border-radius:0% 0% 0% 0% \/ 0% 0% 0% 0%\" id=\"el-a42364ea-ffde-4d34-83e4-8bcd7d9ea99f\">\n<p class=\"fill text-wrapper\" style=\"white-space:pre-line;overflow-wrap:break-word;word-break:break-word;margin:-0.7714285714285719% 0;font-family:&quot;Merriweather&quot;,serif;font-size:0.323625em;line-height:1.5;text-align:left;padding:0;color:#000000\"><span><span style=\"font-weight: 700; color: #2d5897\">03\/12\/2025<\/span><\/span><\/p>\n<\/div>\n<\/div>\n<div style=\"position:absolute;pointer-events:none;left:5.82524%;top:-4.04531%;width:88.1068%;height:12.45955%;opacity:1\">\n<div style=\"pointer-events:initial;width:100%;height:100%;display:block;position:absolute;top:0;left:0;z-index:0\" class=\"mask\" id=\"el-5ee04797-00de-4059-9f79-4b1fb9674ea0\">\n<div style=\"position:absolute;width:100%;height:109.99998%;left:0%;top:-4.99999%\" data-leaf-element=\"true\"><amp-img layout=\"fill\" src=\"https:\/\/carro.blog.br\/wp-content\/uploads\/2025\/03\/logo-webstories-png.webp\" alt=\"logo-webstories\" srcSet=\"https:\/\/carro.blog.br\/wp-content\/uploads\/2025\/03\/logo-webstories-png.webp 1500w,https:\/\/carro.blog.br\/wp-content\/uploads\/2025\/03\/logo-webstories-900x210.webp 900w,https:\/\/carro.blog.br\/wp-content\/uploads\/2025\/03\/logo-webstories-768x179.webp 768w,https:\/\/carro.blog.br\/wp-content\/uploads\/2025\/03\/logo-webstories-150x35.webp 150w\" sizes=\"(min-width: 1024px) 40vh, 88vw\" disable-inline-width=\"true\"><\/amp-img><\/div>\n<\/div>\n<\/div>\n<\/div>\n<\/div>\n<p><\/amp-story-grid-layer><amp-story-page-outlink layout=\"nodisplay\" theme=\"dark\"><a href=\"https:\/\/carro.blog.br\/comparativo\/volkswagen-nivus-2025-ou-fiat-pulse-t200-hybrid-2025-comparativo-de-melhor-suv-para-uso-urbano.html?tipo=amp\" rel=\"\">Arraste Para Cima<\/a><\/amp-story-page-outlink><\/amp-story-page><amp-story-page id=\"98251274-9c92-40ff-88cb-b6cbc37e1f17\"><amp-story-animation layout=\"nodisplay\" trigger=\"visibility\"><script type=\"application\/json\">[{\"selector\":\"#anim-d960b69c-e58f-4f73-8f7c-c22bce302c04\",\"keyframes\":{\"opacity\":[0,1]},\"delay\":0,\"duration\":600,\"easing\":\"cubic-bezier(0.2, 0.6, 0.0, 1)\",\"fill\":\"both\"}]<\/script><\/amp-story-animation><amp-story-animation layout=\"nodisplay\" trigger=\"visibility\"><script type=\"application\/json\">[{\"selector\":\"#anim-2eb041c7-0836-4809-a3b2-7fbc34022ab4\",\"keyframes\":{\"transform\":[\"translate3d(-115.2381%, 0px, 0)\",\"translate3d(0px, 0px, 0)\"]},\"delay\":0,\"duration\":600,\"easing\":\"cubic-bezier(0.2, 0.6, 0.0, 1)\",\"fill\":\"both\"}]<\/script><\/amp-story-animation><amp-story-animation layout=\"nodisplay\" trigger=\"visibility\"><script type=\"application\/json\">[{\"selector\":\"#anim-c004fba2-6943-420e-b944-86e8528d273b\",\"keyframes\":{\"opacity\":[0,1]},\"delay\":0,\"duration\":600,\"easing\":\"cubic-bezier(0.2, 0.6, 0.0, 1)\",\"fill\":\"both\"}]<\/script><\/amp-story-animation><amp-story-animation layout=\"nodisplay\" trigger=\"visibility\"><script type=\"application\/json\">[{\"selector\":\"#anim-0a4fd745-f5c8-4d8e-9e6f-9eff5c8cadce\",\"keyframes\":{\"transform\":[\"translate3d(0px, -141.84702%, 0)\",\"translate3d(0px, 0px, 0)\"]},\"delay\":0,\"duration\":600,\"easing\":\"cubic-bezier(0.2, 0.6, 0.0, 1)\",\"fill\":\"both\"}]<\/script><\/amp-story-animation><amp-story-animation layout=\"nodisplay\" trigger=\"visibility\"><script type=\"application\/json\">[{\"selector\":\"#anim-f644cdcd-edc7-4d9f-8eb7-3b90551c1102 [data-leaf-element=\\\"true\\\"]\",\"keyframes\":{\"transform\":[\"translate(0%, 0%) scale(1.5)\",\"translate(0%, 0%) scale(1)\"]},\"delay\":0,\"duration\":100,\"easing\":\"cubic-bezier(.3,0,.55,1)\",\"fill\":\"forwards\"}]<\/script><\/amp-story-animation><amp-story-animation layout=\"nodisplay\" trigger=\"visibility\"><script type=\"application\/json\">[{\"selector\":\"#anim-554421ac-b054-421a-b047-08f3f348a1cb\",\"keyframes\":{\"transform\":[\"scale(1)\",\"scale(1.5)\",\"scale(0.95)\",\"scale(1)\"],\"offset\":[0,0.33,0.66,1]},\"delay\":0,\"duration\":1450,\"easing\":\"ease-in-out\",\"fill\":\"both\",\"iterations\":1}]<\/script><\/amp-story-animation><amp-story-grid-layer template=\"vertical\" aspect-ratio=\"412:618\" class=\"grid-layer\"><\/p>\n<div class=\"page-fullbleed-area\" style=\"background-color:#fff\">\n<div class=\"page-safe-area\">\n<div style=\"position:absolute;pointer-events:none;left:0;top:-9.25926%;width:100%;height:118.51852%;opacity:1\">\n<div id=\"anim-f644cdcd-edc7-4d9f-8eb7-3b90551c1102\" class=\"animation-wrapper\" style=\"width:100%;height:100%;display:block;position:absolute;top:0;left:0\">\n<div style=\"pointer-events:initial;width:100%;height:100%;display:block;position:absolute;top:0;left:0;z-index:0\" class=\"mask\" id=\"el-2e91951f-28f2-4f2f-a23f-f99479a92588\">\n<div style=\"position:absolute;width:316.04939%;height:100%;left:-108.02469%;top:0%\" data-leaf-element=\"true\"><amp-video layout=\"fill\" autoplay=\"autoplay\" poster=\"https:\/\/cdn.coverr.co\/videos\/coverr-road-that-goes-through-the-fields-8172\/thumbnail?width=1920\" artwork=\"https:\/\/cdn.coverr.co\/videos\/coverr-road-that-goes-through-the-fields-8172\/thumbnail?width=1920\" title=\"Aerial shot of a road that goes through the fields. \" alt=\"Aerial shot of a road that goes through the fields. \" loop=\"loop\" noaudio=\"noaudio\" id=\"el-2e91951f-28f2-4f2f-a23f-f99479a92588-media\"><source type=\"video\/mp4\" src=\"https:\/\/cdn.coverr.co\/videos\/coverr-road-that-goes-through-the-fields-8172\/1080p.mp4\"\/><\/amp-video><\/div>\n<div class=\"element-overlay-area\" style=\"background-image:radial-gradient(ellipse 67% 67%, rgba(0,0,0,0) 0%, rgba(0,0,0,0.7) 100%)\"><\/div>\n<\/div>\n<\/div>\n<\/div>\n<div class=\"page-background-overlay-area\" style=\"background-image:radial-gradient(ellipse 67% 67%, rgba(0,0,0,0) 0%, rgba(0,0,0,0.7) 100%)\"><\/div>\n<\/div>\n<\/div>\n<p><\/amp-story-grid-layer><amp-story-grid-layer template=\"vertical\" aspect-ratio=\"412:618\" class=\"grid-layer\"><\/p>\n<div class=\"page-fullbleed-area\">\n<div class=\"page-safe-area\">\n<div style=\"position:absolute;pointer-events:none;left:-7.76699%;top:-13.91586%;width:116.26214%;height:127.83172%;opacity:0.5\">\n<div id=\"anim-554421ac-b054-421a-b047-08f3f348a1cb\" class=\"animation-wrapper\" style=\"width:100%;height:100%;display:block;position:absolute;top:0;left:0;--initial-opacity:1;--initial-transform:scale(1)\">\n<div style=\"pointer-events:initial;width:100%;height:100%;display:block;position:absolute;top:0;left:0;z-index:0\" class=\"mask\" id=\"el-de39cb98-d9aa-465b-8b8e-abe971b504f7\">\n<div style=\"position:absolute;width:254.60942%;height:100%;left:-77.30471%;top:0%\" data-leaf-element=\"true\"><amp-img layout=\"fill\" src=\"https:\/\/carro.blog.br\/comparativo\/wp-content\/uploads\/2025\/12\/alan-correa-2025-12-03-as-16.55.11.webp\" alt=\"alan-correa- 2025-12-03 a\u0300s 16.55.11\" srcSet=\"https:\/\/carro.blog.br\/comparativo\/wp-content\/uploads\/2025\/12\/alan-correa-2025-12-03-as-16.55.11.webp 1834w,https:\/\/carro.blog.br\/comparativo\/wp-content\/uploads\/2025\/12\/alan-correa-2025-12-03-as-16.55.11-1800x1166.webp 1800w,https:\/\/carro.blog.br\/comparativo\/wp-content\/uploads\/2025\/12\/alan-correa-2025-12-03-as-16.55.11-1536x995.webp 1536w,https:\/\/carro.blog.br\/comparativo\/wp-content\/uploads\/2025\/12\/alan-correa-2025-12-03-as-16.55.11-900x583.webp 900w,https:\/\/carro.blog.br\/comparativo\/wp-content\/uploads\/2025\/12\/alan-correa-2025-12-03-as-16.55.11-768x497.webp 768w,https:\/\/carro.blog.br\/comparativo\/wp-content\/uploads\/2025\/12\/alan-correa-2025-12-03-as-16.55.11-400x259.webp 400w,https:\/\/carro.blog.br\/comparativo\/wp-content\/uploads\/2025\/12\/alan-correa-2025-12-03-as-16.55.11-150x97.webp 150w\" sizes=\"(min-width: 1024px) 52vh, 116vw\" disable-inline-width=\"true\"><\/amp-img><\/div>\n<\/div>\n<\/div>\n<\/div>\n<div style=\"position:absolute;pointer-events:none;left:11.65049%;top:30.74434%;width:76.45631%;height:38.34951%;opacity:1\">\n<div id=\"anim-d960b69c-e58f-4f73-8f7c-c22bce302c04\" class=\"animation-wrapper\" style=\"width:100%;height:100%;display:block;position:absolute;top:0;left:0;--initial-opacity:0;--initial-transform:none\">\n<div id=\"anim-2eb041c7-0836-4809-a3b2-7fbc34022ab4\" class=\"animation-wrapper\" style=\"width:100%;height:100%;display:block;position:absolute;top:0;left:0;--initial-opacity:1;--initial-transform:translate3d(-115.2381%, 0px, 0)\">\n<div style=\"pointer-events:initial;width:100%;height:100%;display:block;position:absolute;top:0;left:0;z-index:0;border-radius:0% 0% 0% 0% \/ 0% 0% 0% 0%\" id=\"el-2da27024-599e-410d-8401-536a8c8f611d\">\n<p class=\"fill text-wrapper\" style=\"white-space:pre-line;overflow-wrap:break-word;word-break:break-word;margin:0;font-family:&quot;Merriweather&quot;,serif;font-size:0.323625em;line-height:calc(1.3em + 0.39999999999999997em);text-align:left;padding:0;color:#000000;background-color:#fff;background:none\"><span style=\"display:block;position:relative;left:0;top:0;margin:-0.136507936507937% 0;-webkit-box-decoration-break:clone;box-decoration-break:clone\"><span style=\"background-color:#fff;-webkit-box-decoration-break:clone;box-decoration-break:clone;position:relative;padding:1.2698412698412698% 2.5396825396825395%;text-align:left;border-radius:0px 0px 0px 0px;color:transparent\"><span style=\"font-weight: 700\">Nivus Highline e Pulse T200 Hybrid disputam a aten\u00e7\u00e3o de quem vive o tr\u00e2nsito urbano, colocando frente a frente efici\u00eancia h\u00edbrida, conforto real e escolhas que revelam o estilo de cada motorista.<\/span><\/span><\/span><\/p>\n<p class=\"fill text-wrapper\" style=\"white-space:pre-line;overflow-wrap:break-word;word-break:break-word;margin:0;font-family:&quot;Merriweather&quot;,serif;font-size:0.323625em;line-height:calc(1.3em + 0.39999999999999997em);text-align:left;padding:0;color:#000000;background-color:#fff;background:none;position:absolute;top:0;left:0;right:0\" aria-hidden=\"true\"><span style=\"display:block;position:relative;left:0;top:0;margin:-0.136507936507937% 0;-webkit-box-decoration-break:clone;box-decoration-break:clone\"><span style=\"background-color:#fff;-webkit-box-decoration-break:clone;box-decoration-break:clone;position:relative;padding:1.2698412698412698% 2.5396825396825395%;text-align:left;border-radius:0px 0px 0px 0px;background:none\"><span style=\"font-weight: 700; color: #2d5897\">Nivus Highline e Pulse T200 Hybrid disputam a aten\u00e7\u00e3o de quem vive o tr\u00e2nsito urbano, colocando frente a frente efici\u00eancia h\u00edbrida, conforto real e escolhas que revelam o estilo de cada motorista.<\/span><\/span><\/span><\/p>\n<\/div>\n<\/div>\n<\/div>\n<\/div>\n<div style=\"position:absolute;pointer-events:none;left:5.82524%;top:-4.04531%;width:88.1068%;height:12.45955%;opacity:1\">\n<div id=\"anim-c004fba2-6943-420e-b944-86e8528d273b\" class=\"animation-wrapper\" style=\"width:100%;height:100%;display:block;position:absolute;top:0;left:0;--initial-opacity:0;--initial-transform:none\">\n<div id=\"anim-0a4fd745-f5c8-4d8e-9e6f-9eff5c8cadce\" class=\"animation-wrapper\" style=\"width:100%;height:100%;display:block;position:absolute;top:0;left:0;--initial-opacity:1;--initial-transform:translate3d(0px, -141.84702%, 0)\">\n<div style=\"pointer-events:initial;width:100%;height:100%;display:block;position:absolute;top:0;left:0;z-index:0\" class=\"mask\" id=\"el-9a3498ae-09da-41a7-a9b5-eff56f4d8760\">\n<div style=\"position:absolute;width:100%;height:109.99998%;left:0%;top:-4.99999%\" data-leaf-element=\"true\"><amp-img layout=\"fill\" src=\"https:\/\/carro.blog.br\/wp-content\/uploads\/2025\/03\/logo-webstories-png.webp\" alt=\"logo-webstories\" srcSet=\"https:\/\/carro.blog.br\/wp-content\/uploads\/2025\/03\/logo-webstories-png.webp 1500w,https:\/\/carro.blog.br\/wp-content\/uploads\/2025\/03\/logo-webstories-900x210.webp 900w,https:\/\/carro.blog.br\/wp-content\/uploads\/2025\/03\/logo-webstories-768x179.webp 768w,https:\/\/carro.blog.br\/wp-content\/uploads\/2025\/03\/logo-webstories-150x35.webp 150w\" sizes=\"(min-width: 1024px) 40vh, 88vw\" disable-inline-width=\"true\"><\/amp-img><\/div>\n<\/div>\n<\/div>\n<\/div>\n<\/div>\n<\/div>\n<\/div>\n<p><\/amp-story-grid-layer><amp-story-page-outlink layout=\"nodisplay\" theme=\"light\"><a href=\"https:\/\/carro.blog.br\/comparativo\/volkswagen-nivus-2025-ou-fiat-pulse-t200-hybrid-2025-comparativo-de-melhor-suv-para-uso-urbano.html?tipo=amp\" rel=\"\">Arraste Para Cima<\/a><\/amp-story-page-outlink><\/amp-story-page><amp-story-page id=\"40bf6c2a-3caf-4db5-98d4-6ada5cecf3c6\"><amp-story-animation layout=\"nodisplay\" trigger=\"visibility\"><script type=\"application\/json\">[{\"selector\":\"#anim-661ed119-2283-4fe1-9bf6-1137379678bb [data-leaf-element=\\\"true\\\"]\",\"keyframes\":{\"transform\":[\"translate(0%, 0%) scale(1.5)\",\"translate(0%, 0%) scale(1)\"]},\"delay\":0,\"duration\":100,\"easing\":\"cubic-bezier(.3,0,.55,1)\",\"fill\":\"forwards\"}]<\/script><\/amp-story-animation><amp-story-animation layout=\"nodisplay\" trigger=\"visibility\"><script type=\"application\/json\">[{\"selector\":\"#anim-14b4802b-996c-425c-ada5-2a0699b37575\",\"keyframes\":{\"transform\":[\"scale(1)\",\"scale(1.5)\",\"scale(0.95)\",\"scale(1)\"],\"offset\":[0,0.33,0.66,1]},\"delay\":0,\"duration\":1450,\"easing\":\"ease-in-out\",\"fill\":\"both\",\"iterations\":1}]<\/script><\/amp-story-animation><amp-story-animation layout=\"nodisplay\" trigger=\"visibility\"><script type=\"application\/json\">[{\"selector\":\"#anim-a154ee72-f098-43c6-be08-69dacc715ee9\",\"keyframes\":{\"opacity\":[0,1]},\"delay\":0,\"duration\":600,\"easing\":\"cubic-bezier(0.2, 0.6, 0.0, 1)\",\"fill\":\"both\"}]<\/script><\/amp-story-animation><amp-story-animation layout=\"nodisplay\" trigger=\"visibility\"><script type=\"application\/json\">[{\"selector\":\"#anim-b5d38e70-d2d9-47e6-b7ce-7e8f80649960\",\"keyframes\":{\"transform\":[\"translate3d(-115.2381%, 0px, 0)\",\"translate3d(0px, 0px, 0)\"]},\"delay\":0,\"duration\":600,\"easing\":\"cubic-bezier(0.2, 0.6, 0.0, 1)\",\"fill\":\"both\"}]<\/script><\/amp-story-animation><amp-story-animation layout=\"nodisplay\" trigger=\"visibility\"><script type=\"application\/json\">[{\"selector\":\"#anim-594750a1-10e8-4d27-99bb-be84a2f8967c\",\"keyframes\":{\"opacity\":[0,1]},\"delay\":0,\"duration\":600,\"easing\":\"cubic-bezier(0.2, 0.6, 0.0, 1)\",\"fill\":\"both\"}]<\/script><\/amp-story-animation><amp-story-animation layout=\"nodisplay\" trigger=\"visibility\"><script type=\"application\/json\">[{\"selector\":\"#anim-ee2ccb86-627e-4718-8f96-dfaece3938ff\",\"keyframes\":{\"transform\":[\"translate3d(0px, -141.84702%, 0)\",\"translate3d(0px, 0px, 0)\"]},\"delay\":0,\"duration\":600,\"easing\":\"cubic-bezier(0.2, 0.6, 0.0, 1)\",\"fill\":\"both\"}]<\/script><\/amp-story-animation><amp-story-grid-layer template=\"vertical\" aspect-ratio=\"412:618\" class=\"grid-layer\"><\/p>\n<div class=\"page-fullbleed-area\" style=\"background-color:#fff\">\n<div class=\"page-safe-area\">\n<div style=\"position:absolute;pointer-events:none;left:0;top:-9.25926%;width:100%;height:118.51852%;opacity:1\">\n<div id=\"anim-661ed119-2283-4fe1-9bf6-1137379678bb\" class=\"animation-wrapper\" style=\"width:100%;height:100%;display:block;position:absolute;top:0;left:0\">\n<div style=\"pointer-events:initial;width:100%;height:100%;display:block;position:absolute;top:0;left:0;z-index:0\" class=\"mask\" id=\"el-e6d3e0fe-3972-4435-9fdb-90fcf253cd32\">\n<div style=\"position:absolute;width:316.04939%;height:100%;left:-108.02469%;top:0%\" data-leaf-element=\"true\"><amp-video layout=\"fill\" autoplay=\"autoplay\" poster=\"https:\/\/cdn.coverr.co\/videos\/coverr-road-that-goes-through-the-fields-8172\/thumbnail?width=1920\" artwork=\"https:\/\/cdn.coverr.co\/videos\/coverr-road-that-goes-through-the-fields-8172\/thumbnail?width=1920\" title=\"Aerial shot of a road that goes through the fields. \" alt=\"Aerial shot of a road that goes through the fields. \" loop=\"loop\" noaudio=\"noaudio\" id=\"el-e6d3e0fe-3972-4435-9fdb-90fcf253cd32-media\"><source type=\"video\/mp4\" src=\"https:\/\/cdn.coverr.co\/videos\/coverr-road-that-goes-through-the-fields-8172\/1080p.mp4\"\/><\/amp-video><\/div>\n<div class=\"element-overlay-area\" style=\"background-image:radial-gradient(ellipse 67% 67%, rgba(0,0,0,0) 0%, rgba(0,0,0,0.7) 100%)\"><\/div>\n<\/div>\n<\/div>\n<\/div>\n<div class=\"page-background-overlay-area\" style=\"background-image:radial-gradient(ellipse 67% 67%, rgba(0,0,0,0) 0%, rgba(0,0,0,0.7) 100%)\"><\/div>\n<\/div>\n<\/div>\n<p><\/amp-story-grid-layer><amp-story-grid-layer template=\"vertical\" aspect-ratio=\"412:618\" class=\"grid-layer\"><\/p>\n<div class=\"page-fullbleed-area\">\n<div class=\"page-safe-area\">\n<div style=\"position:absolute;pointer-events:none;left:-7.76699%;top:-13.91586%;width:116.26214%;height:127.83172%;opacity:0.5\">\n<div id=\"anim-14b4802b-996c-425c-ada5-2a0699b37575\" class=\"animation-wrapper\" style=\"width:100%;height:100%;display:block;position:absolute;top:0;left:0;--initial-opacity:1;--initial-transform:scale(1)\">\n<div style=\"pointer-events:initial;width:100%;height:100%;display:block;position:absolute;top:0;left:0;z-index:0\" class=\"mask\" id=\"el-342d66ce-6232-4066-9be4-6f45ce80d1d4\">\n<div style=\"position:absolute;width:254.60942%;height:100%;left:-77.30471%;top:0%\" data-leaf-element=\"true\"><amp-img layout=\"fill\" src=\"https:\/\/carro.blog.br\/comparativo\/wp-content\/uploads\/2025\/12\/alan-correa-2025-12-03-as-16.55.11.webp\" alt=\"alan-correa- 2025-12-03 a\u0300s 16.55.11\" srcSet=\"https:\/\/carro.blog.br\/comparativo\/wp-content\/uploads\/2025\/12\/alan-correa-2025-12-03-as-16.55.11.webp 1834w,https:\/\/carro.blog.br\/comparativo\/wp-content\/uploads\/2025\/12\/alan-correa-2025-12-03-as-16.55.11-1800x1166.webp 1800w,https:\/\/carro.blog.br\/comparativo\/wp-content\/uploads\/2025\/12\/alan-correa-2025-12-03-as-16.55.11-1536x995.webp 1536w,https:\/\/carro.blog.br\/comparativo\/wp-content\/uploads\/2025\/12\/alan-correa-2025-12-03-as-16.55.11-900x583.webp 900w,https:\/\/carro.blog.br\/comparativo\/wp-content\/uploads\/2025\/12\/alan-correa-2025-12-03-as-16.55.11-768x497.webp 768w,https:\/\/carro.blog.br\/comparativo\/wp-content\/uploads\/2025\/12\/alan-correa-2025-12-03-as-16.55.11-400x259.webp 400w,https:\/\/carro.blog.br\/comparativo\/wp-content\/uploads\/2025\/12\/alan-correa-2025-12-03-as-16.55.11-150x97.webp 150w\" sizes=\"(min-width: 1024px) 52vh, 116vw\" disable-inline-width=\"true\"><\/amp-img><\/div>\n<\/div>\n<\/div>\n<\/div>\n<div style=\"position:absolute;pointer-events:none;left:11.65049%;top:30.74434%;width:76.45631%;height:33.00971%;opacity:1\">\n<div id=\"anim-a154ee72-f098-43c6-be08-69dacc715ee9\" class=\"animation-wrapper\" style=\"width:100%;height:100%;display:block;position:absolute;top:0;left:0;--initial-opacity:0;--initial-transform:none\">\n<div id=\"anim-b5d38e70-d2d9-47e6-b7ce-7e8f80649960\" class=\"animation-wrapper\" style=\"width:100%;height:100%;display:block;position:absolute;top:0;left:0;--initial-opacity:1;--initial-transform:translate3d(-115.2381%, 0px, 0)\">\n<div style=\"pointer-events:initial;width:100%;height:100%;display:block;position:absolute;top:0;left:0;z-index:0;border-radius:0% 0% 0% 0% \/ 0% 0% 0% 0%\" id=\"el-e350737c-c090-43ab-9add-386c590e3069\">\n<p class=\"fill text-wrapper\" style=\"white-space:pre-line;overflow-wrap:break-word;word-break:break-word;margin:0;font-family:&quot;Merriweather&quot;,serif;font-size:0.323625em;line-height:calc(1.3em + 0.39999999999999997em);text-align:left;padding:0;color:#000000;background-color:#fff;background:none\"><span style=\"display:block;position:relative;left:0;top:0;margin:-0.136507936507937% 0;-webkit-box-decoration-break:clone;box-decoration-break:clone\"><span style=\"background-color:#fff;-webkit-box-decoration-break:clone;box-decoration-break:clone;position:relative;padding:1.2698412698412698% 2.5396825396825395%;text-align:left;border-radius:0px 0px 0px 0px;color:transparent\"><span style=\"font-weight: 700\">Consumo urbano: Pulse T200 Hybrid 2025 faz 13,4 km\/l gasolina, 9,3 km\/l etanol, enquanto o Nivus Highline 2025 marca 12,4 km\/l gasolina e 8,6 km\/l etanol.<\/span><\/span><\/span><\/p>\n<p class=\"fill text-wrapper\" style=\"white-space:pre-line;overflow-wrap:break-word;word-break:break-word;margin:0;font-family:&quot;Merriweather&quot;,serif;font-size:0.323625em;line-height:calc(1.3em + 0.39999999999999997em);text-align:left;padding:0;color:#000000;background-color:#fff;background:none;position:absolute;top:0;left:0;right:0\" aria-hidden=\"true\"><span style=\"display:block;position:relative;left:0;top:0;margin:-0.136507936507937% 0;-webkit-box-decoration-break:clone;box-decoration-break:clone\"><span style=\"background-color:#fff;-webkit-box-decoration-break:clone;box-decoration-break:clone;position:relative;padding:1.2698412698412698% 2.5396825396825395%;text-align:left;border-radius:0px 0px 0px 0px;background:none\"><span style=\"font-weight: 700; color: #2d5897\">Consumo urbano: Pulse T200 Hybrid 2025 faz 13,4 km\/l gasolina, 9,3 km\/l etanol, enquanto o Nivus Highline 2025 marca 12,4 km\/l gasolina e 8,6 km\/l etanol.<\/span><\/span><\/span><\/p>\n<\/div>\n<\/div>\n<\/div>\n<\/div>\n<div style=\"position:absolute;pointer-events:none;left:5.82524%;top:-4.04531%;width:88.1068%;height:12.45955%;opacity:1\">\n<div id=\"anim-594750a1-10e8-4d27-99bb-be84a2f8967c\" class=\"animation-wrapper\" style=\"width:100%;height:100%;display:block;position:absolute;top:0;left:0;--initial-opacity:0;--initial-transform:none\">\n<div id=\"anim-ee2ccb86-627e-4718-8f96-dfaece3938ff\" class=\"animation-wrapper\" style=\"width:100%;height:100%;display:block;position:absolute;top:0;left:0;--initial-opacity:1;--initial-transform:translate3d(0px, -141.84702%, 0)\">\n<div style=\"pointer-events:initial;width:100%;height:100%;display:block;position:absolute;top:0;left:0;z-index:0\" class=\"mask\" id=\"el-9110b3b5-1191-4c61-96c7-046aa6bc7648\">\n<div style=\"position:absolute;width:100%;height:109.99998%;left:0%;top:-4.99999%\" data-leaf-element=\"true\"><amp-img layout=\"fill\" src=\"https:\/\/carro.blog.br\/wp-content\/uploads\/2025\/03\/logo-webstories-png.webp\" alt=\"logo-webstories\" srcSet=\"https:\/\/carro.blog.br\/wp-content\/uploads\/2025\/03\/logo-webstories-png.webp 1500w,https:\/\/carro.blog.br\/wp-content\/uploads\/2025\/03\/logo-webstories-900x210.webp 900w,https:\/\/carro.blog.br\/wp-content\/uploads\/2025\/03\/logo-webstories-768x179.webp 768w,https:\/\/carro.blog.br\/wp-content\/uploads\/2025\/03\/logo-webstories-150x35.webp 150w\" sizes=\"(min-width: 1024px) 40vh, 88vw\" disable-inline-width=\"true\"><\/amp-img><\/div>\n<\/div>\n<\/div>\n<\/div>\n<\/div>\n<\/div>\n<\/div>\n<p><\/amp-story-grid-layer><amp-story-page-outlink layout=\"nodisplay\" theme=\"light\"><a href=\"https:\/\/carro.blog.br\/comparativo\/volkswagen-nivus-2025-ou-fiat-pulse-t200-hybrid-2025-comparativo-de-melhor-suv-para-uso-urbano.html?tipo=amp\" rel=\"\">Arraste Para Cima<\/a><\/amp-story-page-outlink><\/amp-story-page><amp-story-page id=\"4f2d5ece-e995-4103-ad68-2e06e8b8739f\"><amp-story-animation layout=\"nodisplay\" trigger=\"visibility\"><script type=\"application\/json\">[{\"selector\":\"#anim-0a1a9010-6011-466b-9eae-6f4b03cfe43a [data-leaf-element=\\\"true\\\"]\",\"keyframes\":{\"transform\":[\"translate(0%, 0%) scale(1.5)\",\"translate(0%, 0%) scale(1)\"]},\"delay\":0,\"duration\":100,\"easing\":\"cubic-bezier(.3,0,.55,1)\",\"fill\":\"forwards\"}]<\/script><\/amp-story-animation><amp-story-animation layout=\"nodisplay\" trigger=\"visibility\"><script type=\"application\/json\">[{\"selector\":\"#anim-6f37fa06-8689-4bfe-9603-c530f40597ee\",\"keyframes\":{\"transform\":[\"scale(1)\",\"scale(1.5)\",\"scale(0.95)\",\"scale(1)\"],\"offset\":[0,0.33,0.66,1]},\"delay\":0,\"duration\":1450,\"easing\":\"ease-in-out\",\"fill\":\"both\",\"iterations\":1}]<\/script><\/amp-story-animation><amp-story-animation layout=\"nodisplay\" trigger=\"visibility\"><script type=\"application\/json\">[{\"selector\":\"#anim-35a16712-b02e-4466-ae19-a12b159e5b86\",\"keyframes\":{\"opacity\":[0,1]},\"delay\":0,\"duration\":600,\"easing\":\"cubic-bezier(0.2, 0.6, 0.0, 1)\",\"fill\":\"both\"}]<\/script><\/amp-story-animation><amp-story-animation layout=\"nodisplay\" trigger=\"visibility\"><script type=\"application\/json\">[{\"selector\":\"#anim-2c177e73-e401-4c11-820e-97b58e1542ec\",\"keyframes\":{\"transform\":[\"translate3d(-115.2381%, 0px, 0)\",\"translate3d(0px, 0px, 0)\"]},\"delay\":0,\"duration\":600,\"easing\":\"cubic-bezier(0.2, 0.6, 0.0, 1)\",\"fill\":\"both\"}]<\/script><\/amp-story-animation><amp-story-animation layout=\"nodisplay\" trigger=\"visibility\"><script type=\"application\/json\">[{\"selector\":\"#anim-8ed8868e-fe1e-4352-8737-858ccd3e5cd1\",\"keyframes\":{\"opacity\":[0,1]},\"delay\":0,\"duration\":600,\"easing\":\"cubic-bezier(0.2, 0.6, 0.0, 1)\",\"fill\":\"both\"}]<\/script><\/amp-story-animation><amp-story-animation layout=\"nodisplay\" trigger=\"visibility\"><script type=\"application\/json\">[{\"selector\":\"#anim-f99be2fc-99b6-4362-83fb-22820a57673e\",\"keyframes\":{\"transform\":[\"translate3d(0px, -141.84702%, 0)\",\"translate3d(0px, 0px, 0)\"]},\"delay\":0,\"duration\":600,\"easing\":\"cubic-bezier(0.2, 0.6, 0.0, 1)\",\"fill\":\"both\"}]<\/script><\/amp-story-animation><amp-story-grid-layer template=\"vertical\" aspect-ratio=\"412:618\" class=\"grid-layer\"><\/p>\n<div class=\"page-fullbleed-area\" style=\"background-color:#fff\">\n<div class=\"page-safe-area\">\n<div style=\"position:absolute;pointer-events:none;left:0;top:-9.25926%;width:100%;height:118.51852%;opacity:1\">\n<div id=\"anim-0a1a9010-6011-466b-9eae-6f4b03cfe43a\" class=\"animation-wrapper\" style=\"width:100%;height:100%;display:block;position:absolute;top:0;left:0\">\n<div style=\"pointer-events:initial;width:100%;height:100%;display:block;position:absolute;top:0;left:0;z-index:0\" class=\"mask\" id=\"el-5931dd37-ff93-445a-bc29-003830df6e03\">\n<div style=\"position:absolute;width:316.04939%;height:100%;left:-108.02469%;top:0%\" data-leaf-element=\"true\"><amp-video layout=\"fill\" autoplay=\"autoplay\" poster=\"https:\/\/cdn.coverr.co\/videos\/coverr-road-that-goes-through-the-fields-8172\/thumbnail?width=1920\" artwork=\"https:\/\/cdn.coverr.co\/videos\/coverr-road-that-goes-through-the-fields-8172\/thumbnail?width=1920\" title=\"Aerial shot of a road that goes through the fields. \" alt=\"Aerial shot of a road that goes through the fields. \" loop=\"loop\" noaudio=\"noaudio\" id=\"el-5931dd37-ff93-445a-bc29-003830df6e03-media\"><source type=\"video\/mp4\" src=\"https:\/\/cdn.coverr.co\/videos\/coverr-road-that-goes-through-the-fields-8172\/1080p.mp4\"\/><\/amp-video><\/div>\n<div class=\"element-overlay-area\" style=\"background-image:radial-gradient(ellipse 67% 67%, rgba(0,0,0,0) 0%, rgba(0,0,0,0.7) 100%)\"><\/div>\n<\/div>\n<\/div>\n<\/div>\n<div class=\"page-background-overlay-area\" style=\"background-image:radial-gradient(ellipse 67% 67%, rgba(0,0,0,0) 0%, rgba(0,0,0,0.7) 100%)\"><\/div>\n<\/div>\n<\/div>\n<p><\/amp-story-grid-layer><amp-story-grid-layer template=\"vertical\" aspect-ratio=\"412:618\" class=\"grid-layer\"><\/p>\n<div class=\"page-fullbleed-area\">\n<div class=\"page-safe-area\">\n<div style=\"position:absolute;pointer-events:none;left:-7.76699%;top:-13.91586%;width:116.26214%;height:127.83172%;opacity:0.5\">\n<div id=\"anim-6f37fa06-8689-4bfe-9603-c530f40597ee\" class=\"animation-wrapper\" style=\"width:100%;height:100%;display:block;position:absolute;top:0;left:0;--initial-opacity:1;--initial-transform:scale(1)\">\n<div style=\"pointer-events:initial;width:100%;height:100%;display:block;position:absolute;top:0;left:0;z-index:0\" class=\"mask\" id=\"el-d16ca6aa-0b63-4928-9598-a1280fcb2039\">\n<div style=\"position:absolute;width:254.60942%;height:100%;left:-77.30471%;top:0%\" data-leaf-element=\"true\"><amp-img layout=\"fill\" src=\"https:\/\/carro.blog.br\/comparativo\/wp-content\/uploads\/2025\/12\/alan-correa-2025-12-03-as-16.55.11.webp\" alt=\"alan-correa- 2025-12-03 a\u0300s 16.55.11\" srcSet=\"https:\/\/carro.blog.br\/comparativo\/wp-content\/uploads\/2025\/12\/alan-correa-2025-12-03-as-16.55.11.webp 1834w,https:\/\/carro.blog.br\/comparativo\/wp-content\/uploads\/2025\/12\/alan-correa-2025-12-03-as-16.55.11-1800x1166.webp 1800w,https:\/\/carro.blog.br\/comparativo\/wp-content\/uploads\/2025\/12\/alan-correa-2025-12-03-as-16.55.11-1536x995.webp 1536w,https:\/\/carro.blog.br\/comparativo\/wp-content\/uploads\/2025\/12\/alan-correa-2025-12-03-as-16.55.11-900x583.webp 900w,https:\/\/carro.blog.br\/comparativo\/wp-content\/uploads\/2025\/12\/alan-correa-2025-12-03-as-16.55.11-768x497.webp 768w,https:\/\/carro.blog.br\/comparativo\/wp-content\/uploads\/2025\/12\/alan-correa-2025-12-03-as-16.55.11-400x259.webp 400w,https:\/\/carro.blog.br\/comparativo\/wp-content\/uploads\/2025\/12\/alan-correa-2025-12-03-as-16.55.11-150x97.webp 150w\" sizes=\"(min-width: 1024px) 52vh, 116vw\" disable-inline-width=\"true\"><\/amp-img><\/div>\n<\/div>\n<\/div>\n<\/div>\n<div style=\"position:absolute;pointer-events:none;left:11.65049%;top:30.74434%;width:76.45631%;height:33.00971%;opacity:1\">\n<div id=\"anim-35a16712-b02e-4466-ae19-a12b159e5b86\" class=\"animation-wrapper\" style=\"width:100%;height:100%;display:block;position:absolute;top:0;left:0;--initial-opacity:0;--initial-transform:none\">\n<div id=\"anim-2c177e73-e401-4c11-820e-97b58e1542ec\" class=\"animation-wrapper\" style=\"width:100%;height:100%;display:block;position:absolute;top:0;left:0;--initial-opacity:1;--initial-transform:translate3d(-115.2381%, 0px, 0)\">\n<div style=\"pointer-events:initial;width:100%;height:100%;display:block;position:absolute;top:0;left:0;z-index:0;border-radius:0% 0% 0% 0% \/ 0% 0% 0% 0%\" id=\"el-79d796f2-712d-4c30-89ed-701788193499\">\n<p class=\"fill text-wrapper\" style=\"white-space:pre-line;overflow-wrap:break-word;word-break:break-word;margin:0;font-family:&quot;Merriweather&quot;,serif;font-size:0.323625em;line-height:calc(1.3em + 0.39999999999999997em);text-align:left;padding:0;color:#000000;background-color:#fff;background:none\"><span style=\"display:block;position:relative;left:0;top:0;margin:-0.136507936507937% 0;-webkit-box-decoration-break:clone;box-decoration-break:clone\"><span style=\"background-color:#fff;-webkit-box-decoration-break:clone;box-decoration-break:clone;position:relative;padding:1.2698412698412698% 2.5396825396825395%;text-align:left;border-radius:0px 0px 0px 0px;color:transparent\"><span style=\"font-weight: 700\">Efici\u00eancia geral: Pulse T200 Hybrid usa sistema h\u00edbrido leve para reduzir consumo, enquanto o Nivus mant\u00e9m m\u00e9dias equilibradas com motor 1.0 turbo convencional.<\/span><\/span><\/span><\/p>\n<p class=\"fill text-wrapper\" style=\"white-space:pre-line;overflow-wrap:break-word;word-break:break-word;margin:0;font-family:&quot;Merriweather&quot;,serif;font-size:0.323625em;line-height:calc(1.3em + 0.39999999999999997em);text-align:left;padding:0;color:#000000;background-color:#fff;background:none;position:absolute;top:0;left:0;right:0\" aria-hidden=\"true\"><span style=\"display:block;position:relative;left:0;top:0;margin:-0.136507936507937% 0;-webkit-box-decoration-break:clone;box-decoration-break:clone\"><span style=\"background-color:#fff;-webkit-box-decoration-break:clone;box-decoration-break:clone;position:relative;padding:1.2698412698412698% 2.5396825396825395%;text-align:left;border-radius:0px 0px 0px 0px;background:none\"><span style=\"font-weight: 700; color: #2d5897\">Efici\u00eancia geral: Pulse T200 Hybrid usa sistema h\u00edbrido leve para reduzir consumo, enquanto o Nivus mant\u00e9m m\u00e9dias equilibradas com motor 1.0 turbo convencional.<\/span><\/span><\/span><\/p>\n<\/div>\n<\/div>\n<\/div>\n<\/div>\n<div style=\"position:absolute;pointer-events:none;left:5.82524%;top:-4.04531%;width:88.1068%;height:12.45955%;opacity:1\">\n<div id=\"anim-8ed8868e-fe1e-4352-8737-858ccd3e5cd1\" class=\"animation-wrapper\" style=\"width:100%;height:100%;display:block;position:absolute;top:0;left:0;--initial-opacity:0;--initial-transform:none\">\n<div id=\"anim-f99be2fc-99b6-4362-83fb-22820a57673e\" class=\"animation-wrapper\" style=\"width:100%;height:100%;display:block;position:absolute;top:0;left:0;--initial-opacity:1;--initial-transform:translate3d(0px, -141.84702%, 0)\">\n<div style=\"pointer-events:initial;width:100%;height:100%;display:block;position:absolute;top:0;left:0;z-index:0\" class=\"mask\" id=\"el-77ec3ccd-ff91-4c80-9b3f-d473b48a8c84\">\n<div style=\"position:absolute;width:100%;height:109.99998%;left:0%;top:-4.99999%\" data-leaf-element=\"true\"><amp-img layout=\"fill\" src=\"https:\/\/carro.blog.br\/wp-content\/uploads\/2025\/03\/logo-webstories-png.webp\" alt=\"logo-webstories\" srcSet=\"https:\/\/carro.blog.br\/wp-content\/uploads\/2025\/03\/logo-webstories-png.webp 1500w,https:\/\/carro.blog.br\/wp-content\/uploads\/2025\/03\/logo-webstories-900x210.webp 900w,https:\/\/carro.blog.br\/wp-content\/uploads\/2025\/03\/logo-webstories-768x179.webp 768w,https:\/\/carro.blog.br\/wp-content\/uploads\/2025\/03\/logo-webstories-150x35.webp 150w\" sizes=\"(min-width: 1024px) 40vh, 88vw\" disable-inline-width=\"true\"><\/amp-img><\/div>\n<\/div>\n<\/div>\n<\/div>\n<\/div>\n<\/div>\n<\/div>\n<p><\/amp-story-grid-layer><amp-story-page-outlink layout=\"nodisplay\" theme=\"light\"><a href=\"https:\/\/carro.blog.br\/comparativo\/volkswagen-nivus-2025-ou-fiat-pulse-t200-hybrid-2025-comparativo-de-melhor-suv-para-uso-urbano.html?tipo=amp\" rel=\"\">Arraste Para Cima<\/a><\/amp-story-page-outlink><\/amp-story-page><amp-story-page id=\"82a62d78-4bb7-44d2-9179-6dac3519c913\"><amp-story-animation layout=\"nodisplay\" trigger=\"visibility\"><script type=\"application\/json\">[{\"selector\":\"#anim-aa781fa3-8ebe-46f4-83ba-a96143b69995 [data-leaf-element=\\\"true\\\"]\",\"keyframes\":{\"transform\":[\"translate(0%, 0%) scale(1.5)\",\"translate(0%, 0%) scale(1)\"]},\"delay\":0,\"duration\":100,\"easing\":\"cubic-bezier(.3,0,.55,1)\",\"fill\":\"forwards\"}]<\/script><\/amp-story-animation><amp-story-animation layout=\"nodisplay\" trigger=\"visibility\"><script type=\"application\/json\">[{\"selector\":\"#anim-40797304-65cb-4e32-9c8a-f74a2dff105a\",\"keyframes\":{\"transform\":[\"scale(1)\",\"scale(1.5)\",\"scale(0.95)\",\"scale(1)\"],\"offset\":[0,0.33,0.66,1]},\"delay\":0,\"duration\":1450,\"easing\":\"ease-in-out\",\"fill\":\"both\",\"iterations\":1}]<\/script><\/amp-story-animation><amp-story-animation layout=\"nodisplay\" trigger=\"visibility\"><script type=\"application\/json\">[{\"selector\":\"#anim-1f51da5b-e993-4442-9ec5-a728ae495679\",\"keyframes\":{\"opacity\":[0,1]},\"delay\":0,\"duration\":600,\"easing\":\"cubic-bezier(0.2, 0.6, 0.0, 1)\",\"fill\":\"both\"}]<\/script><\/amp-story-animation><amp-story-animation layout=\"nodisplay\" trigger=\"visibility\"><script type=\"application\/json\">[{\"selector\":\"#anim-a1d13db8-68b2-473e-bb93-841921f4fb21\",\"keyframes\":{\"transform\":[\"translate3d(-115.2381%, 0px, 0)\",\"translate3d(0px, 0px, 0)\"]},\"delay\":0,\"duration\":600,\"easing\":\"cubic-bezier(0.2, 0.6, 0.0, 1)\",\"fill\":\"both\"}]<\/script><\/amp-story-animation><amp-story-animation layout=\"nodisplay\" trigger=\"visibility\"><script type=\"application\/json\">[{\"selector\":\"#anim-6a2f3818-fdc6-4913-b290-08cc3364adb0\",\"keyframes\":{\"opacity\":[0,1]},\"delay\":0,\"duration\":600,\"easing\":\"cubic-bezier(0.2, 0.6, 0.0, 1)\",\"fill\":\"both\"}]<\/script><\/amp-story-animation><amp-story-animation layout=\"nodisplay\" trigger=\"visibility\"><script type=\"application\/json\">[{\"selector\":\"#anim-9f6a79e0-501b-49ae-af80-1a2df837d9de\",\"keyframes\":{\"transform\":[\"translate3d(0px, -141.84702%, 0)\",\"translate3d(0px, 0px, 0)\"]},\"delay\":0,\"duration\":600,\"easing\":\"cubic-bezier(0.2, 0.6, 0.0, 1)\",\"fill\":\"both\"}]<\/script><\/amp-story-animation><amp-story-grid-layer template=\"vertical\" aspect-ratio=\"412:618\" class=\"grid-layer\"><\/p>\n<div class=\"page-fullbleed-area\" style=\"background-color:#fff\">\n<div class=\"page-safe-area\">\n<div style=\"position:absolute;pointer-events:none;left:0;top:-9.25926%;width:100%;height:118.51852%;opacity:1\">\n<div id=\"anim-aa781fa3-8ebe-46f4-83ba-a96143b69995\" class=\"animation-wrapper\" style=\"width:100%;height:100%;display:block;position:absolute;top:0;left:0\">\n<div style=\"pointer-events:initial;width:100%;height:100%;display:block;position:absolute;top:0;left:0;z-index:0\" class=\"mask\" id=\"el-937c893f-08a4-4282-9b7e-9d24eefccf20\">\n<div style=\"position:absolute;width:316.04939%;height:100%;left:-108.02469%;top:0%\" data-leaf-element=\"true\"><amp-video layout=\"fill\" autoplay=\"autoplay\" poster=\"https:\/\/cdn.coverr.co\/videos\/coverr-road-that-goes-through-the-fields-8172\/thumbnail?width=1920\" artwork=\"https:\/\/cdn.coverr.co\/videos\/coverr-road-that-goes-through-the-fields-8172\/thumbnail?width=1920\" title=\"Aerial shot of a road that goes through the fields. \" alt=\"Aerial shot of a road that goes through the fields. \" loop=\"loop\" noaudio=\"noaudio\" id=\"el-937c893f-08a4-4282-9b7e-9d24eefccf20-media\"><source type=\"video\/mp4\" src=\"https:\/\/cdn.coverr.co\/videos\/coverr-road-that-goes-through-the-fields-8172\/1080p.mp4\"\/><\/amp-video><\/div>\n<div class=\"element-overlay-area\" style=\"background-image:radial-gradient(ellipse 67% 67%, rgba(0,0,0,0) 0%, rgba(0,0,0,0.7) 100%)\"><\/div>\n<\/div>\n<\/div>\n<\/div>\n<div class=\"page-background-overlay-area\" style=\"background-image:radial-gradient(ellipse 67% 67%, rgba(0,0,0,0) 0%, rgba(0,0,0,0.7) 100%)\"><\/div>\n<\/div>\n<\/div>\n<p><\/amp-story-grid-layer><amp-story-grid-layer template=\"vertical\" aspect-ratio=\"412:618\" class=\"grid-layer\"><\/p>\n<div class=\"page-fullbleed-area\">\n<div class=\"page-safe-area\">\n<div style=\"position:absolute;pointer-events:none;left:-7.76699%;top:-13.91586%;width:116.26214%;height:127.83172%;opacity:0.5\">\n<div id=\"anim-40797304-65cb-4e32-9c8a-f74a2dff105a\" class=\"animation-wrapper\" style=\"width:100%;height:100%;display:block;position:absolute;top:0;left:0;--initial-opacity:1;--initial-transform:scale(1)\">\n<div style=\"pointer-events:initial;width:100%;height:100%;display:block;position:absolute;top:0;left:0;z-index:0\" class=\"mask\" id=\"el-1acee85d-6ab7-4927-8acc-d061ebb2d163\">\n<div style=\"position:absolute;width:254.60942%;height:100%;left:-77.30471%;top:0%\" data-leaf-element=\"true\"><amp-img layout=\"fill\" src=\"https:\/\/carro.blog.br\/comparativo\/wp-content\/uploads\/2025\/12\/alan-correa-2025-12-03-as-16.55.11.webp\" alt=\"alan-correa- 2025-12-03 a\u0300s 16.55.11\" srcSet=\"https:\/\/carro.blog.br\/comparativo\/wp-content\/uploads\/2025\/12\/alan-correa-2025-12-03-as-16.55.11.webp 1834w,https:\/\/carro.blog.br\/comparativo\/wp-content\/uploads\/2025\/12\/alan-correa-2025-12-03-as-16.55.11-1800x1166.webp 1800w,https:\/\/carro.blog.br\/comparativo\/wp-content\/uploads\/2025\/12\/alan-correa-2025-12-03-as-16.55.11-1536x995.webp 1536w,https:\/\/carro.blog.br\/comparativo\/wp-content\/uploads\/2025\/12\/alan-correa-2025-12-03-as-16.55.11-900x583.webp 900w,https:\/\/carro.blog.br\/comparativo\/wp-content\/uploads\/2025\/12\/alan-correa-2025-12-03-as-16.55.11-768x497.webp 768w,https:\/\/carro.blog.br\/comparativo\/wp-content\/uploads\/2025\/12\/alan-correa-2025-12-03-as-16.55.11-400x259.webp 400w,https:\/\/carro.blog.br\/comparativo\/wp-content\/uploads\/2025\/12\/alan-correa-2025-12-03-as-16.55.11-150x97.webp 150w\" sizes=\"(min-width: 1024px) 52vh, 116vw\" disable-inline-width=\"true\"><\/amp-img><\/div>\n<\/div>\n<\/div>\n<\/div>\n<div style=\"position:absolute;pointer-events:none;left:11.65049%;top:30.74434%;width:76.45631%;height:33.00971%;opacity:1\">\n<div id=\"anim-1f51da5b-e993-4442-9ec5-a728ae495679\" class=\"animation-wrapper\" style=\"width:100%;height:100%;display:block;position:absolute;top:0;left:0;--initial-opacity:0;--initial-transform:none\">\n<div id=\"anim-a1d13db8-68b2-473e-bb93-841921f4fb21\" class=\"animation-wrapper\" style=\"width:100%;height:100%;display:block;position:absolute;top:0;left:0;--initial-opacity:1;--initial-transform:translate3d(-115.2381%, 0px, 0)\">\n<div style=\"pointer-events:initial;width:100%;height:100%;display:block;position:absolute;top:0;left:0;z-index:0;border-radius:0% 0% 0% 0% \/ 0% 0% 0% 0%\" id=\"el-822ddd76-6f6a-4679-8696-2b6cd5d4c6f9\">\n<p class=\"fill text-wrapper\" style=\"white-space:pre-line;overflow-wrap:break-word;word-break:break-word;margin:0;font-family:&quot;Merriweather&quot;,serif;font-size:0.323625em;line-height:calc(1.3em + 0.39999999999999997em);text-align:left;padding:0;color:#000000;background-color:#fff;background:none\"><span style=\"display:block;position:relative;left:0;top:0;margin:-0.136507936507937% 0;-webkit-box-decoration-break:clone;box-decoration-break:clone\"><span style=\"background-color:#fff;-webkit-box-decoration-break:clone;box-decoration-break:clone;position:relative;padding:1.2698412698412698% 2.5396825396825395%;text-align:left;border-radius:0px 0px 0px 0px;color:transparent\"><span style=\"font-weight: 700\">Acelera\u00e7\u00e3o: Pulse T200 Hybrid acelera em 9,4 s no etanol e 9,7 s na gasolina, enquanto o Nivus Highline fica entre 10,0 e 10,5 s no 0 a 100 km\/h.<\/span><\/span><\/span><\/p>\n<p class=\"fill text-wrapper\" style=\"white-space:pre-line;overflow-wrap:break-word;word-break:break-word;margin:0;font-family:&quot;Merriweather&quot;,serif;font-size:0.323625em;line-height:calc(1.3em + 0.39999999999999997em);text-align:left;padding:0;color:#000000;background-color:#fff;background:none;position:absolute;top:0;left:0;right:0\" aria-hidden=\"true\"><span style=\"display:block;position:relative;left:0;top:0;margin:-0.136507936507937% 0;-webkit-box-decoration-break:clone;box-decoration-break:clone\"><span style=\"background-color:#fff;-webkit-box-decoration-break:clone;box-decoration-break:clone;position:relative;padding:1.2698412698412698% 2.5396825396825395%;text-align:left;border-radius:0px 0px 0px 0px;background:none\"><span style=\"font-weight: 700; color: #2d5897\">Acelera\u00e7\u00e3o: Pulse T200 Hybrid acelera em 9,4 s no etanol e 9,7 s na gasolina, enquanto o Nivus Highline fica entre 10,0 e 10,5 s no 0 a 100 km\/h.<\/span><\/span><\/span><\/p>\n<\/div>\n<\/div>\n<\/div>\n<\/div>\n<div style=\"position:absolute;pointer-events:none;left:5.82524%;top:-4.04531%;width:88.1068%;height:12.45955%;opacity:1\">\n<div id=\"anim-6a2f3818-fdc6-4913-b290-08cc3364adb0\" class=\"animation-wrapper\" style=\"width:100%;height:100%;display:block;position:absolute;top:0;left:0;--initial-opacity:0;--initial-transform:none\">\n<div id=\"anim-9f6a79e0-501b-49ae-af80-1a2df837d9de\" class=\"animation-wrapper\" style=\"width:100%;height:100%;display:block;position:absolute;top:0;left:0;--initial-opacity:1;--initial-transform:translate3d(0px, -141.84702%, 0)\">\n<div style=\"pointer-events:initial;width:100%;height:100%;display:block;position:absolute;top:0;left:0;z-index:0\" class=\"mask\" id=\"el-03b3b2e9-4247-4223-a9e1-7ecaa66bbc61\">\n<div style=\"position:absolute;width:100%;height:109.99998%;left:0%;top:-4.99999%\" data-leaf-element=\"true\"><amp-img layout=\"fill\" src=\"https:\/\/carro.blog.br\/wp-content\/uploads\/2025\/03\/logo-webstories-png.webp\" alt=\"logo-webstories\" srcSet=\"https:\/\/carro.blog.br\/wp-content\/uploads\/2025\/03\/logo-webstories-png.webp 1500w,https:\/\/carro.blog.br\/wp-content\/uploads\/2025\/03\/logo-webstories-900x210.webp 900w,https:\/\/carro.blog.br\/wp-content\/uploads\/2025\/03\/logo-webstories-768x179.webp 768w,https:\/\/carro.blog.br\/wp-content\/uploads\/2025\/03\/logo-webstories-150x35.webp 150w\" sizes=\"(min-width: 1024px) 40vh, 88vw\" disable-inline-width=\"true\"><\/amp-img><\/div>\n<\/div>\n<\/div>\n<\/div>\n<\/div>\n<\/div>\n<\/div>\n<p><\/amp-story-grid-layer><amp-story-page-outlink layout=\"nodisplay\" theme=\"light\"><a href=\"https:\/\/carro.blog.br\/comparativo\/volkswagen-nivus-2025-ou-fiat-pulse-t200-hybrid-2025-comparativo-de-melhor-suv-para-uso-urbano.html?tipo=amp\" rel=\"\">Arraste Para Cima<\/a><\/amp-story-page-outlink><\/amp-story-page><amp-story-page id=\"eeed9d78-d8ec-4f2c-a0ef-96c6f48416da\"><amp-story-animation layout=\"nodisplay\" trigger=\"visibility\"><script type=\"application\/json\">[{\"selector\":\"#anim-ab5d365a-6c30-453f-b711-f33e1e888646 [data-leaf-element=\\\"true\\\"]\",\"keyframes\":{\"transform\":[\"translate(0%, 0%) scale(1.5)\",\"translate(0%, 0%) scale(1)\"]},\"delay\":0,\"duration\":100,\"easing\":\"cubic-bezier(.3,0,.55,1)\",\"fill\":\"forwards\"}]<\/script><\/amp-story-animation><amp-story-animation layout=\"nodisplay\" trigger=\"visibility\"><script type=\"application\/json\">[{\"selector\":\"#anim-bc2df27a-6292-44aa-a0fe-b191abb1f889\",\"keyframes\":{\"transform\":[\"scale(1)\",\"scale(1.5)\",\"scale(0.95)\",\"scale(1)\"],\"offset\":[0,0.33,0.66,1]},\"delay\":0,\"duration\":1450,\"easing\":\"ease-in-out\",\"fill\":\"both\",\"iterations\":1}]<\/script><\/amp-story-animation><amp-story-animation layout=\"nodisplay\" trigger=\"visibility\"><script type=\"application\/json\">[{\"selector\":\"#anim-9279c41d-9ad7-4c7a-9b83-aa61f08280a7\",\"keyframes\":{\"opacity\":[0,1]},\"delay\":0,\"duration\":600,\"easing\":\"cubic-bezier(0.2, 0.6, 0.0, 1)\",\"fill\":\"both\"}]<\/script><\/amp-story-animation><amp-story-animation layout=\"nodisplay\" trigger=\"visibility\"><script type=\"application\/json\">[{\"selector\":\"#anim-7661815b-f6ce-4d66-b3fa-9ebd6941b088\",\"keyframes\":{\"transform\":[\"translate3d(-115.2381%, 0px, 0)\",\"translate3d(0px, 0px, 0)\"]},\"delay\":0,\"duration\":600,\"easing\":\"cubic-bezier(0.2, 0.6, 0.0, 1)\",\"fill\":\"both\"}]<\/script><\/amp-story-animation><amp-story-animation layout=\"nodisplay\" trigger=\"visibility\"><script type=\"application\/json\">[{\"selector\":\"#anim-e0d1eb54-2f20-4b60-9d46-45b82a43feb7\",\"keyframes\":{\"opacity\":[0,1]},\"delay\":0,\"duration\":600,\"easing\":\"cubic-bezier(0.2, 0.6, 0.0, 1)\",\"fill\":\"both\"}]<\/script><\/amp-story-animation><amp-story-animation layout=\"nodisplay\" trigger=\"visibility\"><script type=\"application\/json\">[{\"selector\":\"#anim-4b40f0ae-4126-4374-87da-dd859fcb2b68\",\"keyframes\":{\"transform\":[\"translate3d(0px, -141.84702%, 0)\",\"translate3d(0px, 0px, 0)\"]},\"delay\":0,\"duration\":600,\"easing\":\"cubic-bezier(0.2, 0.6, 0.0, 1)\",\"fill\":\"both\"}]<\/script><\/amp-story-animation><amp-story-grid-layer template=\"vertical\" aspect-ratio=\"412:618\" class=\"grid-layer\"><\/p>\n<div class=\"page-fullbleed-area\" style=\"background-color:#fff\">\n<div class=\"page-safe-area\">\n<div style=\"position:absolute;pointer-events:none;left:0;top:-9.25926%;width:100%;height:118.51852%;opacity:1\">\n<div id=\"anim-ab5d365a-6c30-453f-b711-f33e1e888646\" class=\"animation-wrapper\" style=\"width:100%;height:100%;display:block;position:absolute;top:0;left:0\">\n<div style=\"pointer-events:initial;width:100%;height:100%;display:block;position:absolute;top:0;left:0;z-index:0\" class=\"mask\" id=\"el-e3d5458c-84bb-4409-8238-20e76438e928\">\n<div style=\"position:absolute;width:316.04939%;height:100%;left:-108.02469%;top:0%\" data-leaf-element=\"true\"><amp-video layout=\"fill\" autoplay=\"autoplay\" poster=\"https:\/\/cdn.coverr.co\/videos\/coverr-road-that-goes-through-the-fields-8172\/thumbnail?width=1920\" artwork=\"https:\/\/cdn.coverr.co\/videos\/coverr-road-that-goes-through-the-fields-8172\/thumbnail?width=1920\" title=\"Aerial shot of a road that goes through the fields. \" alt=\"Aerial shot of a road that goes through the fields. \" loop=\"loop\" noaudio=\"noaudio\" id=\"el-e3d5458c-84bb-4409-8238-20e76438e928-media\"><source type=\"video\/mp4\" src=\"https:\/\/cdn.coverr.co\/videos\/coverr-road-that-goes-through-the-fields-8172\/1080p.mp4\"\/><\/amp-video><\/div>\n<div class=\"element-overlay-area\" style=\"background-image:radial-gradient(ellipse 67% 67%, rgba(0,0,0,0) 0%, rgba(0,0,0,0.7) 100%)\"><\/div>\n<\/div>\n<\/div>\n<\/div>\n<div class=\"page-background-overlay-area\" style=\"background-image:radial-gradient(ellipse 67% 67%, rgba(0,0,0,0) 0%, rgba(0,0,0,0.7) 100%)\"><\/div>\n<\/div>\n<\/div>\n<p><\/amp-story-grid-layer><amp-story-grid-layer template=\"vertical\" aspect-ratio=\"412:618\" class=\"grid-layer\"><\/p>\n<div class=\"page-fullbleed-area\">\n<div class=\"page-safe-area\">\n<div style=\"position:absolute;pointer-events:none;left:-7.76699%;top:-13.91586%;width:116.26214%;height:127.83172%;opacity:0.5\">\n<div id=\"anim-bc2df27a-6292-44aa-a0fe-b191abb1f889\" class=\"animation-wrapper\" style=\"width:100%;height:100%;display:block;position:absolute;top:0;left:0;--initial-opacity:1;--initial-transform:scale(1)\">\n<div style=\"pointer-events:initial;width:100%;height:100%;display:block;position:absolute;top:0;left:0;z-index:0\" class=\"mask\" id=\"el-37bd88a8-dc5a-4856-aa9c-c3419e048faa\">\n<div style=\"position:absolute;width:254.60942%;height:100%;left:-77.30471%;top:0%\" data-leaf-element=\"true\"><amp-img layout=\"fill\" src=\"https:\/\/carro.blog.br\/comparativo\/wp-content\/uploads\/2025\/12\/alan-correa-2025-12-03-as-16.55.11.webp\" alt=\"alan-correa- 2025-12-03 a\u0300s 16.55.11\" srcSet=\"https:\/\/carro.blog.br\/comparativo\/wp-content\/uploads\/2025\/12\/alan-correa-2025-12-03-as-16.55.11.webp 1834w,https:\/\/carro.blog.br\/comparativo\/wp-content\/uploads\/2025\/12\/alan-correa-2025-12-03-as-16.55.11-1800x1166.webp 1800w,https:\/\/carro.blog.br\/comparativo\/wp-content\/uploads\/2025\/12\/alan-correa-2025-12-03-as-16.55.11-1536x995.webp 1536w,https:\/\/carro.blog.br\/comparativo\/wp-content\/uploads\/2025\/12\/alan-correa-2025-12-03-as-16.55.11-900x583.webp 900w,https:\/\/carro.blog.br\/comparativo\/wp-content\/uploads\/2025\/12\/alan-correa-2025-12-03-as-16.55.11-768x497.webp 768w,https:\/\/carro.blog.br\/comparativo\/wp-content\/uploads\/2025\/12\/alan-correa-2025-12-03-as-16.55.11-400x259.webp 400w,https:\/\/carro.blog.br\/comparativo\/wp-content\/uploads\/2025\/12\/alan-correa-2025-12-03-as-16.55.11-150x97.webp 150w\" sizes=\"(min-width: 1024px) 52vh, 116vw\" disable-inline-width=\"true\"><\/amp-img><\/div>\n<\/div>\n<\/div>\n<\/div>\n<div style=\"position:absolute;pointer-events:none;left:11.65049%;top:30.74434%;width:76.45631%;height:33.00971%;opacity:1\">\n<div id=\"anim-9279c41d-9ad7-4c7a-9b83-aa61f08280a7\" class=\"animation-wrapper\" style=\"width:100%;height:100%;display:block;position:absolute;top:0;left:0;--initial-opacity:0;--initial-transform:none\">\n<div id=\"anim-7661815b-f6ce-4d66-b3fa-9ebd6941b088\" class=\"animation-wrapper\" style=\"width:100%;height:100%;display:block;position:absolute;top:0;left:0;--initial-opacity:1;--initial-transform:translate3d(-115.2381%, 0px, 0)\">\n<div style=\"pointer-events:initial;width:100%;height:100%;display:block;position:absolute;top:0;left:0;z-index:0;border-radius:0% 0% 0% 0% \/ 0% 0% 0% 0%\" id=\"el-b5aa6d1c-7da6-4abf-9042-1b483beef8e5\">\n<p class=\"fill text-wrapper\" style=\"white-space:pre-line;overflow-wrap:break-word;word-break:break-word;margin:0;font-family:&quot;Merriweather&quot;,serif;font-size:0.323625em;line-height:calc(1.3em + 0.39999999999999997em);text-align:left;padding:0;color:#000000;background-color:#fff;background:none\"><span style=\"display:block;position:relative;left:0;top:0;margin:-0.136507936507937% 0;-webkit-box-decoration-break:clone;box-decoration-break:clone\"><span style=\"background-color:#fff;-webkit-box-decoration-break:clone;box-decoration-break:clone;position:relative;padding:1.2698412698412698% 2.5396825396825395%;text-align:left;border-radius:0px 0px 0px 0px;color:transparent\"><span style=\"font-weight: 700\">Pre\u00e7o: Pulse T200 Hybrid parte de R$ 148 mil, enquanto o Nivus Highline 2025 cobra R$ 168 mil entregando pacote mais completo e interior superior.<\/span><\/span><\/span><\/p>\n<p class=\"fill text-wrapper\" style=\"white-space:pre-line;overflow-wrap:break-word;word-break:break-word;margin:0;font-family:&quot;Merriweather&quot;,serif;font-size:0.323625em;line-height:calc(1.3em + 0.39999999999999997em);text-align:left;padding:0;color:#000000;background-color:#fff;background:none;position:absolute;top:0;left:0;right:0\" aria-hidden=\"true\"><span style=\"display:block;position:relative;left:0;top:0;margin:-0.136507936507937% 0;-webkit-box-decoration-break:clone;box-decoration-break:clone\"><span style=\"background-color:#fff;-webkit-box-decoration-break:clone;box-decoration-break:clone;position:relative;padding:1.2698412698412698% 2.5396825396825395%;text-align:left;border-radius:0px 0px 0px 0px;background:none\"><span style=\"font-weight: 700; color: #2d5897\">Pre\u00e7o: Pulse T200 Hybrid parte de R$ 148 mil, enquanto o Nivus Highline 2025 cobra R$ 168 mil entregando pacote mais completo e interior superior.<\/span><\/span><\/span><\/p>\n<\/div>\n<\/div>\n<\/div>\n<\/div>\n<div style=\"position:absolute;pointer-events:none;left:5.82524%;top:-4.04531%;width:88.1068%;height:12.45955%;opacity:1\">\n<div id=\"anim-e0d1eb54-2f20-4b60-9d46-45b82a43feb7\" class=\"animation-wrapper\" style=\"width:100%;height:100%;display:block;position:absolute;top:0;left:0;--initial-opacity:0;--initial-transform:none\">\n<div id=\"anim-4b40f0ae-4126-4374-87da-dd859fcb2b68\" class=\"animation-wrapper\" style=\"width:100%;height:100%;display:block;position:absolute;top:0;left:0;--initial-opacity:1;--initial-transform:translate3d(0px, -141.84702%, 0)\">\n<div style=\"pointer-events:initial;width:100%;height:100%;display:block;position:absolute;top:0;left:0;z-index:0\" class=\"mask\" id=\"el-6683ab38-71d1-43bf-8c3d-684f9c8517a7\">\n<div style=\"position:absolute;width:100%;height:109.99998%;left:0%;top:-4.99999%\" data-leaf-element=\"true\"><amp-img layout=\"fill\" src=\"https:\/\/carro.blog.br\/wp-content\/uploads\/2025\/03\/logo-webstories-png.webp\" alt=\"logo-webstories\" srcSet=\"https:\/\/carro.blog.br\/wp-content\/uploads\/2025\/03\/logo-webstories-png.webp 1500w,https:\/\/carro.blog.br\/wp-content\/uploads\/2025\/03\/logo-webstories-900x210.webp 900w,https:\/\/carro.blog.br\/wp-content\/uploads\/2025\/03\/logo-webstories-768x179.webp 768w,https:\/\/carro.blog.br\/wp-content\/uploads\/2025\/03\/logo-webstories-150x35.webp 150w\" sizes=\"(min-width: 1024px) 40vh, 88vw\" disable-inline-width=\"true\"><\/amp-img><\/div>\n<\/div>\n<\/div>\n<\/div>\n<\/div>\n<\/div>\n<\/div>\n<p><\/amp-story-grid-layer><amp-story-page-outlink layout=\"nodisplay\" theme=\"light\"><a href=\"https:\/\/carro.blog.br\/comparativo\/volkswagen-nivus-2025-ou-fiat-pulse-t200-hybrid-2025-comparativo-de-melhor-suv-para-uso-urbano.html?tipo=amp\" rel=\"\">Arraste Para Cima<\/a><\/amp-story-page-outlink><\/amp-story-page><amp-story-page id=\"a1e557c3-8c61-437c-87dd-8d3987a3a23a\"><amp-story-animation layout=\"nodisplay\" trigger=\"visibility\"><script type=\"application\/json\">[{\"selector\":\"#anim-71793015-0046-4b79-bb97-3845fa7d51cb [data-leaf-element=\\\"true\\\"]\",\"keyframes\":{\"transform\":[\"translate(0%, 0%) scale(1.5)\",\"translate(0%, 0%) scale(1)\"]},\"delay\":0,\"duration\":100,\"easing\":\"cubic-bezier(.3,0,.55,1)\",\"fill\":\"forwards\"}]<\/script><\/amp-story-animation><amp-story-animation layout=\"nodisplay\" trigger=\"visibility\"><script type=\"application\/json\">[{\"selector\":\"#anim-d5570eee-8f33-41f5-8ec3-dbef6c291420\",\"keyframes\":{\"transform\":[\"scale(1)\",\"scale(1.5)\",\"scale(0.95)\",\"scale(1)\"],\"offset\":[0,0.33,0.66,1]},\"delay\":0,\"duration\":1450,\"easing\":\"ease-in-out\",\"fill\":\"both\",\"iterations\":1}]<\/script><\/amp-story-animation><amp-story-animation layout=\"nodisplay\" trigger=\"visibility\"><script type=\"application\/json\">[{\"selector\":\"#anim-91eb57ba-82e2-4091-9dec-6896e5d28509\",\"keyframes\":{\"opacity\":[0,1]},\"delay\":0,\"duration\":600,\"easing\":\"cubic-bezier(0.2, 0.6, 0.0, 1)\",\"fill\":\"both\"}]<\/script><\/amp-story-animation><amp-story-animation layout=\"nodisplay\" trigger=\"visibility\"><script type=\"application\/json\">[{\"selector\":\"#anim-8645a2a9-ea2d-4b0f-9601-333634faa8d0\",\"keyframes\":{\"transform\":[\"translate3d(-115.2381%, 0px, 0)\",\"translate3d(0px, 0px, 0)\"]},\"delay\":0,\"duration\":600,\"easing\":\"cubic-bezier(0.2, 0.6, 0.0, 1)\",\"fill\":\"both\"}]<\/script><\/amp-story-animation><amp-story-animation layout=\"nodisplay\" trigger=\"visibility\"><script type=\"application\/json\">[{\"selector\":\"#anim-57df9aa6-09ee-4b6c-acf3-c7f63b76b3b3\",\"keyframes\":{\"opacity\":[0,1]},\"delay\":0,\"duration\":600,\"easing\":\"cubic-bezier(0.2, 0.6, 0.0, 1)\",\"fill\":\"both\"}]<\/script><\/amp-story-animation><amp-story-animation layout=\"nodisplay\" trigger=\"visibility\"><script type=\"application\/json\">[{\"selector\":\"#anim-60c75cca-18e9-419e-b9d2-55127718562c\",\"keyframes\":{\"transform\":[\"translate3d(0px, -141.84702%, 0)\",\"translate3d(0px, 0px, 0)\"]},\"delay\":0,\"duration\":600,\"easing\":\"cubic-bezier(0.2, 0.6, 0.0, 1)\",\"fill\":\"both\"}]<\/script><\/amp-story-animation><amp-story-grid-layer template=\"vertical\" aspect-ratio=\"412:618\" class=\"grid-layer\"><\/p>\n<div class=\"page-fullbleed-area\" style=\"background-color:#fff\">\n<div class=\"page-safe-area\">\n<div style=\"position:absolute;pointer-events:none;left:0;top:-9.25926%;width:100%;height:118.51852%;opacity:1\">\n<div id=\"anim-71793015-0046-4b79-bb97-3845fa7d51cb\" class=\"animation-wrapper\" style=\"width:100%;height:100%;display:block;position:absolute;top:0;left:0\">\n<div style=\"pointer-events:initial;width:100%;height:100%;display:block;position:absolute;top:0;left:0;z-index:0\" class=\"mask\" id=\"el-83b551d4-bd64-4ca9-a001-227f05612a98\">\n<div style=\"position:absolute;width:316.04939%;height:100%;left:-108.02469%;top:0%\" data-leaf-element=\"true\"><amp-video layout=\"fill\" autoplay=\"autoplay\" poster=\"https:\/\/cdn.coverr.co\/videos\/coverr-road-that-goes-through-the-fields-8172\/thumbnail?width=1920\" artwork=\"https:\/\/cdn.coverr.co\/videos\/coverr-road-that-goes-through-the-fields-8172\/thumbnail?width=1920\" title=\"Aerial shot of a road that goes through the fields. \" alt=\"Aerial shot of a road that goes through the fields. \" loop=\"loop\" noaudio=\"noaudio\" id=\"el-83b551d4-bd64-4ca9-a001-227f05612a98-media\"><source type=\"video\/mp4\" src=\"https:\/\/cdn.coverr.co\/videos\/coverr-road-that-goes-through-the-fields-8172\/1080p.mp4\"\/><\/amp-video><\/div>\n<div class=\"element-overlay-area\" style=\"background-image:radial-gradient(ellipse 67% 67%, rgba(0,0,0,0) 0%, rgba(0,0,0,0.7) 100%)\"><\/div>\n<\/div>\n<\/div>\n<\/div>\n<div class=\"page-background-overlay-area\" style=\"background-image:radial-gradient(ellipse 67% 67%, rgba(0,0,0,0) 0%, rgba(0,0,0,0.7) 100%)\"><\/div>\n<\/div>\n<\/div>\n<p><\/amp-story-grid-layer><amp-story-grid-layer template=\"vertical\" aspect-ratio=\"412:618\" class=\"grid-layer\"><\/p>\n<div class=\"page-fullbleed-area\">\n<div class=\"page-safe-area\">\n<div style=\"position:absolute;pointer-events:none;left:-7.76699%;top:-13.91586%;width:116.26214%;height:127.83172%;opacity:0.5\">\n<div id=\"anim-d5570eee-8f33-41f5-8ec3-dbef6c291420\" class=\"animation-wrapper\" style=\"width:100%;height:100%;display:block;position:absolute;top:0;left:0;--initial-opacity:1;--initial-transform:scale(1)\">\n<div style=\"pointer-events:initial;width:100%;height:100%;display:block;position:absolute;top:0;left:0;z-index:0\" class=\"mask\" id=\"el-044a8722-a532-4e48-93da-2eaafc68b42c\">\n<div style=\"position:absolute;width:254.60942%;height:100%;left:-77.30471%;top:0%\" data-leaf-element=\"true\"><amp-img layout=\"fill\" src=\"https:\/\/carro.blog.br\/comparativo\/wp-content\/uploads\/2025\/12\/alan-correa-2025-12-03-as-16.55.11.webp\" alt=\"alan-correa- 2025-12-03 a\u0300s 16.55.11\" srcSet=\"https:\/\/carro.blog.br\/comparativo\/wp-content\/uploads\/2025\/12\/alan-correa-2025-12-03-as-16.55.11.webp 1834w,https:\/\/carro.blog.br\/comparativo\/wp-content\/uploads\/2025\/12\/alan-correa-2025-12-03-as-16.55.11-1800x1166.webp 1800w,https:\/\/carro.blog.br\/comparativo\/wp-content\/uploads\/2025\/12\/alan-correa-2025-12-03-as-16.55.11-1536x995.webp 1536w,https:\/\/carro.blog.br\/comparativo\/wp-content\/uploads\/2025\/12\/alan-correa-2025-12-03-as-16.55.11-900x583.webp 900w,https:\/\/carro.blog.br\/comparativo\/wp-content\/uploads\/2025\/12\/alan-correa-2025-12-03-as-16.55.11-768x497.webp 768w,https:\/\/carro.blog.br\/comparativo\/wp-content\/uploads\/2025\/12\/alan-correa-2025-12-03-as-16.55.11-400x259.webp 400w,https:\/\/carro.blog.br\/comparativo\/wp-content\/uploads\/2025\/12\/alan-correa-2025-12-03-as-16.55.11-150x97.webp 150w\" sizes=\"(min-width: 1024px) 52vh, 116vw\" disable-inline-width=\"true\"><\/amp-img><\/div>\n<\/div>\n<\/div>\n<\/div>\n<div style=\"position:absolute;pointer-events:none;left:11.65049%;top:30.74434%;width:76.45631%;height:33.00971%;opacity:1\">\n<div id=\"anim-91eb57ba-82e2-4091-9dec-6896e5d28509\" class=\"animation-wrapper\" style=\"width:100%;height:100%;display:block;position:absolute;top:0;left:0;--initial-opacity:0;--initial-transform:none\">\n<div id=\"anim-8645a2a9-ea2d-4b0f-9601-333634faa8d0\" class=\"animation-wrapper\" style=\"width:100%;height:100%;display:block;position:absolute;top:0;left:0;--initial-opacity:1;--initial-transform:translate3d(-115.2381%, 0px, 0)\">\n<div style=\"pointer-events:initial;width:100%;height:100%;display:block;position:absolute;top:0;left:0;z-index:0;border-radius:0% 0% 0% 0% \/ 0% 0% 0% 0%\" id=\"el-837d8553-ae15-45f1-894d-66d0edc3b475\">\n<p class=\"fill text-wrapper\" style=\"white-space:pre-line;overflow-wrap:break-word;word-break:break-word;margin:0;font-family:&quot;Merriweather&quot;,serif;font-size:0.323625em;line-height:calc(1.3em + 0.39999999999999997em);text-align:left;padding:0;color:#000000;background-color:#fff;background:none\"><span style=\"display:block;position:relative;left:0;top:0;margin:-0.136507936507937% 0;-webkit-box-decoration-break:clone;box-decoration-break:clone\"><span style=\"background-color:#fff;-webkit-box-decoration-break:clone;box-decoration-break:clone;position:relative;padding:1.2698412698412698% 2.5396825396825395%;text-align:left;border-radius:0px 0px 0px 0px;color:transparent\"><span style=\"font-weight: 700\">Desempenho em estrada: Nivus Highline registra 14,8 km\/l gasolina e 10,3 km\/l etanol, enquanto o Pulse faz 14,4 km\/l gasolina e 10,2 km\/l etanol.<\/span><\/span><\/span><\/p>\n<p class=\"fill text-wrapper\" style=\"white-space:pre-line;overflow-wrap:break-word;word-break:break-word;margin:0;font-family:&quot;Merriweather&quot;,serif;font-size:0.323625em;line-height:calc(1.3em + 0.39999999999999997em);text-align:left;padding:0;color:#000000;background-color:#fff;background:none;position:absolute;top:0;left:0;right:0\" aria-hidden=\"true\"><span style=\"display:block;position:relative;left:0;top:0;margin:-0.136507936507937% 0;-webkit-box-decoration-break:clone;box-decoration-break:clone\"><span style=\"background-color:#fff;-webkit-box-decoration-break:clone;box-decoration-break:clone;position:relative;padding:1.2698412698412698% 2.5396825396825395%;text-align:left;border-radius:0px 0px 0px 0px;background:none\"><span style=\"font-weight: 700; color: #2d5897\">Desempenho em estrada: Nivus Highline registra 14,8 km\/l gasolina e 10,3 km\/l etanol, enquanto o Pulse faz 14,4 km\/l gasolina e 10,2 km\/l etanol.<\/span><\/span><\/span><\/p>\n<\/div>\n<\/div>\n<\/div>\n<\/div>\n<div style=\"position:absolute;pointer-events:none;left:5.82524%;top:-4.04531%;width:88.1068%;height:12.45955%;opacity:1\">\n<div id=\"anim-57df9aa6-09ee-4b6c-acf3-c7f63b76b3b3\" class=\"animation-wrapper\" style=\"width:100%;height:100%;display:block;position:absolute;top:0;left:0;--initial-opacity:0;--initial-transform:none\">\n<div id=\"anim-60c75cca-18e9-419e-b9d2-55127718562c\" class=\"animation-wrapper\" style=\"width:100%;height:100%;display:block;position:absolute;top:0;left:0;--initial-opacity:1;--initial-transform:translate3d(0px, -141.84702%, 0)\">\n<div style=\"pointer-events:initial;width:100%;height:100%;display:block;position:absolute;top:0;left:0;z-index:0\" class=\"mask\" id=\"el-e2653948-1280-41ae-b2f2-e784dfe11bbf\">\n<div style=\"position:absolute;width:100%;height:109.99998%;left:0%;top:-4.99999%\" data-leaf-element=\"true\"><amp-img layout=\"fill\" src=\"https:\/\/carro.blog.br\/wp-content\/uploads\/2025\/03\/logo-webstories-png.webp\" alt=\"logo-webstories\" srcSet=\"https:\/\/carro.blog.br\/wp-content\/uploads\/2025\/03\/logo-webstories-png.webp 1500w,https:\/\/carro.blog.br\/wp-content\/uploads\/2025\/03\/logo-webstories-900x210.webp 900w,https:\/\/carro.blog.br\/wp-content\/uploads\/2025\/03\/logo-webstories-768x179.webp 768w,https:\/\/carro.blog.br\/wp-content\/uploads\/2025\/03\/logo-webstories-150x35.webp 150w\" sizes=\"(min-width: 1024px) 40vh, 88vw\" disable-inline-width=\"true\"><\/amp-img><\/div>\n<\/div>\n<\/div>\n<\/div>\n<\/div>\n<\/div>\n<\/div>\n<p><\/amp-story-grid-layer><amp-story-page-outlink layout=\"nodisplay\" theme=\"light\"><a href=\"https:\/\/carro.blog.br\/comparativo\/volkswagen-nivus-2025-ou-fiat-pulse-t200-hybrid-2025-comparativo-de-melhor-suv-para-uso-urbano.html?tipo=amp\" rel=\"\">Arraste Para Cima<\/a><\/amp-story-page-outlink><\/amp-story-page><amp-story-page id=\"79eb11b2-b0f2-4a22-a5e2-1f53442d216b\"><amp-story-animation layout=\"nodisplay\" trigger=\"visibility\"><script type=\"application\/json\">[{\"selector\":\"#anim-68331282-cf33-4e95-9c46-3fda35bfc5d0 [data-leaf-element=\\\"true\\\"]\",\"keyframes\":{\"transform\":[\"translate(0%, 0%) scale(1.5)\",\"translate(0%, 0%) scale(1)\"]},\"delay\":0,\"duration\":100,\"easing\":\"cubic-bezier(.3,0,.55,1)\",\"fill\":\"forwards\"}]<\/script><\/amp-story-animation><amp-story-animation layout=\"nodisplay\" trigger=\"visibility\"><script type=\"application\/json\">[{\"selector\":\"#anim-e2667dbc-b031-401f-a91d-63f5fd7f7c4d\",\"keyframes\":{\"transform\":[\"scale(1)\",\"scale(1.5)\",\"scale(0.95)\",\"scale(1)\"],\"offset\":[0,0.33,0.66,1]},\"delay\":0,\"duration\":1450,\"easing\":\"ease-in-out\",\"fill\":\"both\",\"iterations\":1}]<\/script><\/amp-story-animation><amp-story-animation layout=\"nodisplay\" trigger=\"visibility\"><script type=\"application\/json\">[{\"selector\":\"#anim-0596940e-fcab-44ed-8d96-2b7336cdd393\",\"keyframes\":{\"opacity\":[0,1]},\"delay\":0,\"duration\":600,\"easing\":\"cubic-bezier(0.2, 0.6, 0.0, 1)\",\"fill\":\"both\"}]<\/script><\/amp-story-animation><amp-story-animation layout=\"nodisplay\" trigger=\"visibility\"><script type=\"application\/json\">[{\"selector\":\"#anim-9e964f12-9fc9-40dd-8a39-c96421bd2a98\",\"keyframes\":{\"transform\":[\"translate3d(-115.2381%, 0px, 0)\",\"translate3d(0px, 0px, 0)\"]},\"delay\":0,\"duration\":600,\"easing\":\"cubic-bezier(0.2, 0.6, 0.0, 1)\",\"fill\":\"both\"}]<\/script><\/amp-story-animation><amp-story-animation layout=\"nodisplay\" trigger=\"visibility\"><script type=\"application\/json\">[{\"selector\":\"#anim-bc7db004-6b4f-479f-8cd8-bc436dfded26\",\"keyframes\":{\"opacity\":[0,1]},\"delay\":0,\"duration\":600,\"easing\":\"cubic-bezier(0.2, 0.6, 0.0, 1)\",\"fill\":\"both\"}]<\/script><\/amp-story-animation><amp-story-animation layout=\"nodisplay\" trigger=\"visibility\"><script type=\"application\/json\">[{\"selector\":\"#anim-3fa28727-a3d1-4ee1-994b-14344bb09b23\",\"keyframes\":{\"transform\":[\"translate3d(0px, -141.84702%, 0)\",\"translate3d(0px, 0px, 0)\"]},\"delay\":0,\"duration\":600,\"easing\":\"cubic-bezier(0.2, 0.6, 0.0, 1)\",\"fill\":\"both\"}]<\/script><\/amp-story-animation><amp-story-grid-layer template=\"vertical\" aspect-ratio=\"412:618\" class=\"grid-layer\"><\/p>\n<div class=\"page-fullbleed-area\" style=\"background-color:#fff\">\n<div class=\"page-safe-area\">\n<div style=\"position:absolute;pointer-events:none;left:0;top:-9.25926%;width:100%;height:118.51852%;opacity:1\">\n<div id=\"anim-68331282-cf33-4e95-9c46-3fda35bfc5d0\" class=\"animation-wrapper\" style=\"width:100%;height:100%;display:block;position:absolute;top:0;left:0\">\n<div style=\"pointer-events:initial;width:100%;height:100%;display:block;position:absolute;top:0;left:0;z-index:0\" class=\"mask\" id=\"el-9dc7b226-760b-4428-a12a-eb8abee13536\">\n<div style=\"position:absolute;width:316.04939%;height:100%;left:-108.02469%;top:0%\" data-leaf-element=\"true\"><amp-video layout=\"fill\" autoplay=\"autoplay\" poster=\"https:\/\/cdn.coverr.co\/videos\/coverr-road-that-goes-through-the-fields-8172\/thumbnail?width=1920\" artwork=\"https:\/\/cdn.coverr.co\/videos\/coverr-road-that-goes-through-the-fields-8172\/thumbnail?width=1920\" title=\"Aerial shot of a road that goes through the fields. \" alt=\"Aerial shot of a road that goes through the fields. \" loop=\"loop\" noaudio=\"noaudio\" id=\"el-9dc7b226-760b-4428-a12a-eb8abee13536-media\"><source type=\"video\/mp4\" src=\"https:\/\/cdn.coverr.co\/videos\/coverr-road-that-goes-through-the-fields-8172\/1080p.mp4\"\/><\/amp-video><\/div>\n<div class=\"element-overlay-area\" style=\"background-image:radial-gradient(ellipse 67% 67%, rgba(0,0,0,0) 0%, rgba(0,0,0,0.7) 100%)\"><\/div>\n<\/div>\n<\/div>\n<\/div>\n<div class=\"page-background-overlay-area\" style=\"background-image:radial-gradient(ellipse 67% 67%, rgba(0,0,0,0) 0%, rgba(0,0,0,0.7) 100%)\"><\/div>\n<\/div>\n<\/div>\n<p><\/amp-story-grid-layer><amp-story-grid-layer template=\"vertical\" aspect-ratio=\"412:618\" class=\"grid-layer\"><\/p>\n<div class=\"page-fullbleed-area\">\n<div class=\"page-safe-area\">\n<div style=\"position:absolute;pointer-events:none;left:-7.76699%;top:-13.91586%;width:116.26214%;height:127.83172%;opacity:0.5\">\n<div id=\"anim-e2667dbc-b031-401f-a91d-63f5fd7f7c4d\" class=\"animation-wrapper\" style=\"width:100%;height:100%;display:block;position:absolute;top:0;left:0;--initial-opacity:1;--initial-transform:scale(1)\">\n<div style=\"pointer-events:initial;width:100%;height:100%;display:block;position:absolute;top:0;left:0;z-index:0\" class=\"mask\" id=\"el-ef2c0740-aab6-4b1d-9b3b-acdf798c2864\">\n<div style=\"position:absolute;width:254.60942%;height:100%;left:-77.30471%;top:0%\" data-leaf-element=\"true\"><amp-img layout=\"fill\" src=\"https:\/\/carro.blog.br\/comparativo\/wp-content\/uploads\/2025\/12\/alan-correa-2025-12-03-as-16.55.11.webp\" alt=\"alan-correa- 2025-12-03 a\u0300s 16.55.11\" srcSet=\"https:\/\/carro.blog.br\/comparativo\/wp-content\/uploads\/2025\/12\/alan-correa-2025-12-03-as-16.55.11.webp 1834w,https:\/\/carro.blog.br\/comparativo\/wp-content\/uploads\/2025\/12\/alan-correa-2025-12-03-as-16.55.11-1800x1166.webp 1800w,https:\/\/carro.blog.br\/comparativo\/wp-content\/uploads\/2025\/12\/alan-correa-2025-12-03-as-16.55.11-1536x995.webp 1536w,https:\/\/carro.blog.br\/comparativo\/wp-content\/uploads\/2025\/12\/alan-correa-2025-12-03-as-16.55.11-900x583.webp 900w,https:\/\/carro.blog.br\/comparativo\/wp-content\/uploads\/2025\/12\/alan-correa-2025-12-03-as-16.55.11-768x497.webp 768w,https:\/\/carro.blog.br\/comparativo\/wp-content\/uploads\/2025\/12\/alan-correa-2025-12-03-as-16.55.11-400x259.webp 400w,https:\/\/carro.blog.br\/comparativo\/wp-content\/uploads\/2025\/12\/alan-correa-2025-12-03-as-16.55.11-150x97.webp 150w\" sizes=\"(min-width: 1024px) 52vh, 116vw\" disable-inline-width=\"true\"><\/amp-img><\/div>\n<\/div>\n<\/div>\n<\/div>\n<div style=\"position:absolute;pointer-events:none;left:11.65049%;top:30.74434%;width:76.45631%;height:33.00971%;opacity:1\">\n<div id=\"anim-0596940e-fcab-44ed-8d96-2b7336cdd393\" class=\"animation-wrapper\" style=\"width:100%;height:100%;display:block;position:absolute;top:0;left:0;--initial-opacity:0;--initial-transform:none\">\n<div id=\"anim-9e964f12-9fc9-40dd-8a39-c96421bd2a98\" class=\"animation-wrapper\" style=\"width:100%;height:100%;display:block;position:absolute;top:0;left:0;--initial-opacity:1;--initial-transform:translate3d(-115.2381%, 0px, 0)\">\n<div style=\"pointer-events:initial;width:100%;height:100%;display:block;position:absolute;top:0;left:0;z-index:0;border-radius:0% 0% 0% 0% \/ 0% 0% 0% 0%\" id=\"el-c8ccc8b7-ab0d-4bb5-897e-d46cd6323e15\">\n<p class=\"fill text-wrapper\" style=\"white-space:pre-line;overflow-wrap:break-word;word-break:break-word;margin:0;font-family:&quot;Merriweather&quot;,serif;font-size:0.323625em;line-height:calc(1.3em + 0.39999999999999997em);text-align:left;padding:0;color:#000000;background-color:#fff;background:none\"><span style=\"display:block;position:relative;left:0;top:0;margin:-0.136507936507937% 0;-webkit-box-decoration-break:clone;box-decoration-break:clone\"><span style=\"background-color:#fff;-webkit-box-decoration-break:clone;box-decoration-break:clone;position:relative;padding:1.2698412698412698% 2.5396825396825395%;text-align:left;border-radius:0px 0px 0px 0px;color:transparent\"><span style=\"font-weight: 700\">Dimens\u00f5es: Nivus oferece 415 litros de porta malas e tanque de 49 l, enquanto o Pulse traz 370 litros e tanque de 45 l, com carroceria mais alta e pr\u00e1tica.<\/span><\/span><\/span><\/p>\n<p class=\"fill text-wrapper\" style=\"white-space:pre-line;overflow-wrap:break-word;word-break:break-word;margin:0;font-family:&quot;Merriweather&quot;,serif;font-size:0.323625em;line-height:calc(1.3em + 0.39999999999999997em);text-align:left;padding:0;color:#000000;background-color:#fff;background:none;position:absolute;top:0;left:0;right:0\" aria-hidden=\"true\"><span style=\"display:block;position:relative;left:0;top:0;margin:-0.136507936507937% 0;-webkit-box-decoration-break:clone;box-decoration-break:clone\"><span style=\"background-color:#fff;-webkit-box-decoration-break:clone;box-decoration-break:clone;position:relative;padding:1.2698412698412698% 2.5396825396825395%;text-align:left;border-radius:0px 0px 0px 0px;background:none\"><span style=\"font-weight: 700; color: #2d5897\">Dimens\u00f5es: Nivus oferece 415 litros de porta malas e tanque de 49 l, enquanto o Pulse traz 370 litros e tanque de 45 l, com carroceria mais alta e pr\u00e1tica.<\/span><\/span><\/span><\/p>\n<\/div>\n<\/div>\n<\/div>\n<\/div>\n<div style=\"position:absolute;pointer-events:none;left:5.82524%;top:-4.04531%;width:88.1068%;height:12.45955%;opacity:1\">\n<div id=\"anim-bc7db004-6b4f-479f-8cd8-bc436dfded26\" class=\"animation-wrapper\" style=\"width:100%;height:100%;display:block;position:absolute;top:0;left:0;--initial-opacity:0;--initial-transform:none\">\n<div id=\"anim-3fa28727-a3d1-4ee1-994b-14344bb09b23\" class=\"animation-wrapper\" style=\"width:100%;height:100%;display:block;position:absolute;top:0;left:0;--initial-opacity:1;--initial-transform:translate3d(0px, -141.84702%, 0)\">\n<div style=\"pointer-events:initial;width:100%;height:100%;display:block;position:absolute;top:0;left:0;z-index:0\" class=\"mask\" id=\"el-589f141d-532f-4e76-9c4a-22416c670f5a\">\n<div style=\"position:absolute;width:100%;height:109.99998%;left:0%;top:-4.99999%\" data-leaf-element=\"true\"><amp-img layout=\"fill\" src=\"https:\/\/carro.blog.br\/wp-content\/uploads\/2025\/03\/logo-webstories-png.webp\" alt=\"logo-webstories\" srcSet=\"https:\/\/carro.blog.br\/wp-content\/uploads\/2025\/03\/logo-webstories-png.webp 1500w,https:\/\/carro.blog.br\/wp-content\/uploads\/2025\/03\/logo-webstories-900x210.webp 900w,https:\/\/carro.blog.br\/wp-content\/uploads\/2025\/03\/logo-webstories-768x179.webp 768w,https:\/\/carro.blog.br\/wp-content\/uploads\/2025\/03\/logo-webstories-150x35.webp 150w\" sizes=\"(min-width: 1024px) 40vh, 88vw\" disable-inline-width=\"true\"><\/amp-img><\/div>\n<\/div>\n<\/div>\n<\/div>\n<\/div>\n<\/div>\n<\/div>\n<p><\/amp-story-grid-layer><amp-story-page-outlink layout=\"nodisplay\" theme=\"light\"><a href=\"https:\/\/carro.blog.br\/comparativo\/volkswagen-nivus-2025-ou-fiat-pulse-t200-hybrid-2025-comparativo-de-melhor-suv-para-uso-urbano.html?tipo=amp\" rel=\"\">Arraste Para Cima<\/a><\/amp-story-page-outlink><\/amp-story-page><amp-story-page id=\"b4a439a8-6338-44a5-91a9-66eb8b7d6771\"><amp-story-animation layout=\"nodisplay\" trigger=\"visibility\"><script type=\"application\/json\">[{\"selector\":\"#anim-5765e8c7-e6d5-47ce-b15a-d688035c7f7f [data-leaf-element=\\\"true\\\"]\",\"keyframes\":{\"transform\":[\"translate(0%, 0%) scale(1.5)\",\"translate(0%, 0%) scale(1)\"]},\"delay\":0,\"duration\":100,\"easing\":\"cubic-bezier(.3,0,.55,1)\",\"fill\":\"forwards\"}]<\/script><\/amp-story-animation><amp-story-animation layout=\"nodisplay\" trigger=\"visibility\"><script type=\"application\/json\">[{\"selector\":\"#anim-e1b2dfa2-c9f1-4d1e-903e-194fa2f1c8bd\",\"keyframes\":{\"transform\":[\"scale(1)\",\"scale(1.5)\",\"scale(0.95)\",\"scale(1)\"],\"offset\":[0,0.33,0.66,1]},\"delay\":0,\"duration\":1450,\"easing\":\"ease-in-out\",\"fill\":\"both\",\"iterations\":1}]<\/script><\/amp-story-animation><amp-story-animation layout=\"nodisplay\" trigger=\"visibility\"><script type=\"application\/json\">[{\"selector\":\"#anim-b760ec17-75ec-44fd-8c2f-2bd67d93232d\",\"keyframes\":{\"opacity\":[0,1]},\"delay\":0,\"duration\":600,\"easing\":\"cubic-bezier(0.2, 0.6, 0.0, 1)\",\"fill\":\"both\"}]<\/script><\/amp-story-animation><amp-story-animation layout=\"nodisplay\" trigger=\"visibility\"><script type=\"application\/json\">[{\"selector\":\"#anim-1bfd36a9-9447-4a7d-80c6-e1bb8eec7747\",\"keyframes\":{\"transform\":[\"translate3d(-115.2381%, 0px, 0)\",\"translate3d(0px, 0px, 0)\"]},\"delay\":0,\"duration\":600,\"easing\":\"cubic-bezier(0.2, 0.6, 0.0, 1)\",\"fill\":\"both\"}]<\/script><\/amp-story-animation><amp-story-animation layout=\"nodisplay\" trigger=\"visibility\"><script type=\"application\/json\">[{\"selector\":\"#anim-7b22b86c-4649-46ac-91b3-dc8db34637be\",\"keyframes\":{\"opacity\":[0,1]},\"delay\":0,\"duration\":600,\"easing\":\"cubic-bezier(0.2, 0.6, 0.0, 1)\",\"fill\":\"both\"}]<\/script><\/amp-story-animation><amp-story-animation layout=\"nodisplay\" trigger=\"visibility\"><script type=\"application\/json\">[{\"selector\":\"#anim-4b5efd97-d684-44fa-8499-ba0d1915446a\",\"keyframes\":{\"transform\":[\"translate3d(0px, -141.84702%, 0)\",\"translate3d(0px, 0px, 0)\"]},\"delay\":0,\"duration\":600,\"easing\":\"cubic-bezier(0.2, 0.6, 0.0, 1)\",\"fill\":\"both\"}]<\/script><\/amp-story-animation><amp-story-grid-layer template=\"vertical\" aspect-ratio=\"412:618\" class=\"grid-layer\"><\/p>\n<div class=\"page-fullbleed-area\" style=\"background-color:#fff\">\n<div class=\"page-safe-area\">\n<div style=\"position:absolute;pointer-events:none;left:0;top:-9.25926%;width:100%;height:118.51852%;opacity:1\">\n<div id=\"anim-5765e8c7-e6d5-47ce-b15a-d688035c7f7f\" class=\"animation-wrapper\" style=\"width:100%;height:100%;display:block;position:absolute;top:0;left:0\">\n<div style=\"pointer-events:initial;width:100%;height:100%;display:block;position:absolute;top:0;left:0;z-index:0\" class=\"mask\" id=\"el-d56efe08-8fab-41cd-bc53-e963716a1c68\">\n<div style=\"position:absolute;width:316.04939%;height:100%;left:-108.02469%;top:0%\" data-leaf-element=\"true\"><amp-video layout=\"fill\" autoplay=\"autoplay\" poster=\"https:\/\/cdn.coverr.co\/videos\/coverr-road-that-goes-through-the-fields-8172\/thumbnail?width=1920\" artwork=\"https:\/\/cdn.coverr.co\/videos\/coverr-road-that-goes-through-the-fields-8172\/thumbnail?width=1920\" title=\"Aerial shot of a road that goes through the fields. \" alt=\"Aerial shot of a road that goes through the fields. \" loop=\"loop\" noaudio=\"noaudio\" id=\"el-d56efe08-8fab-41cd-bc53-e963716a1c68-media\"><source type=\"video\/mp4\" src=\"https:\/\/cdn.coverr.co\/videos\/coverr-road-that-goes-through-the-fields-8172\/1080p.mp4\"\/><\/amp-video><\/div>\n<div class=\"element-overlay-area\" style=\"background-image:radial-gradient(ellipse 67% 67%, rgba(0,0,0,0) 0%, rgba(0,0,0,0.7) 100%)\"><\/div>\n<\/div>\n<\/div>\n<\/div>\n<div class=\"page-background-overlay-area\" style=\"background-image:radial-gradient(ellipse 67% 67%, rgba(0,0,0,0) 0%, rgba(0,0,0,0.7) 100%)\"><\/div>\n<\/div>\n<\/div>\n<p><\/amp-story-grid-layer><amp-story-grid-layer template=\"vertical\" aspect-ratio=\"412:618\" class=\"grid-layer\"><\/p>\n<div class=\"page-fullbleed-area\">\n<div class=\"page-safe-area\">\n<div style=\"position:absolute;pointer-events:none;left:-7.76699%;top:-13.91586%;width:116.26214%;height:127.83172%;opacity:0.5\">\n<div id=\"anim-e1b2dfa2-c9f1-4d1e-903e-194fa2f1c8bd\" class=\"animation-wrapper\" style=\"width:100%;height:100%;display:block;position:absolute;top:0;left:0;--initial-opacity:1;--initial-transform:scale(1)\">\n<div style=\"pointer-events:initial;width:100%;height:100%;display:block;position:absolute;top:0;left:0;z-index:0\" class=\"mask\" id=\"el-d8b624dc-f459-4969-bbd1-fbc7df029b8e\">\n<div style=\"position:absolute;width:254.60942%;height:100%;left:-77.30471%;top:0%\" data-leaf-element=\"true\"><amp-img layout=\"fill\" src=\"https:\/\/carro.blog.br\/comparativo\/wp-content\/uploads\/2025\/12\/alan-correa-2025-12-03-as-16.55.11.webp\" alt=\"alan-correa- 2025-12-03 a\u0300s 16.55.11\" srcSet=\"https:\/\/carro.blog.br\/comparativo\/wp-content\/uploads\/2025\/12\/alan-correa-2025-12-03-as-16.55.11.webp 1834w,https:\/\/carro.blog.br\/comparativo\/wp-content\/uploads\/2025\/12\/alan-correa-2025-12-03-as-16.55.11-1800x1166.webp 1800w,https:\/\/carro.blog.br\/comparativo\/wp-content\/uploads\/2025\/12\/alan-correa-2025-12-03-as-16.55.11-1536x995.webp 1536w,https:\/\/carro.blog.br\/comparativo\/wp-content\/uploads\/2025\/12\/alan-correa-2025-12-03-as-16.55.11-900x583.webp 900w,https:\/\/carro.blog.br\/comparativo\/wp-content\/uploads\/2025\/12\/alan-correa-2025-12-03-as-16.55.11-768x497.webp 768w,https:\/\/carro.blog.br\/comparativo\/wp-content\/uploads\/2025\/12\/alan-correa-2025-12-03-as-16.55.11-400x259.webp 400w,https:\/\/carro.blog.br\/comparativo\/wp-content\/uploads\/2025\/12\/alan-correa-2025-12-03-as-16.55.11-150x97.webp 150w\" sizes=\"(min-width: 1024px) 52vh, 116vw\" disable-inline-width=\"true\"><\/amp-img><\/div>\n<\/div>\n<\/div>\n<\/div>\n<div style=\"position:absolute;pointer-events:none;left:11.65049%;top:30.74434%;width:76.45631%;height:38.34951%;opacity:1\">\n<div id=\"anim-b760ec17-75ec-44fd-8c2f-2bd67d93232d\" class=\"animation-wrapper\" style=\"width:100%;height:100%;display:block;position:absolute;top:0;left:0;--initial-opacity:0;--initial-transform:none\">\n<div id=\"anim-1bfd36a9-9447-4a7d-80c6-e1bb8eec7747\" class=\"animation-wrapper\" style=\"width:100%;height:100%;display:block;position:absolute;top:0;left:0;--initial-opacity:1;--initial-transform:translate3d(-115.2381%, 0px, 0)\">\n<div style=\"pointer-events:initial;width:100%;height:100%;display:block;position:absolute;top:0;left:0;z-index:0;border-radius:0% 0% 0% 0% \/ 0% 0% 0% 0%\" id=\"el-6b3b000e-e556-4211-97f8-e7b3023f9edb\">\n<p class=\"fill text-wrapper\" style=\"white-space:pre-line;overflow-wrap:break-word;word-break:break-word;margin:0;font-family:&quot;Merriweather&quot;,serif;font-size:0.323625em;line-height:calc(1.3em + 0.39999999999999997em);text-align:left;padding:0;color:#000000;background-color:#fff;background:none\"><span style=\"display:block;position:relative;left:0;top:0;margin:-0.136507936507937% 0;-webkit-box-decoration-break:clone;box-decoration-break:clone\"><span style=\"background-color:#fff;-webkit-box-decoration-break:clone;box-decoration-break:clone;position:relative;padding:1.2698412698412698% 2.5396825396825395%;text-align:left;border-radius:0px 0px 0px 0px;color:transparent\"><span style=\"font-weight: 700\">Tecnologia: Nivus oferece central mais refinada e assistentes avan\u00e7ados, enquanto o Pulse traz controles essenciais e opera\u00e7\u00e3o simples com foco urbano.<\/span><\/span><\/span><\/p>\n<p class=\"fill text-wrapper\" style=\"white-space:pre-line;overflow-wrap:break-word;word-break:break-word;margin:0;font-family:&quot;Merriweather&quot;,serif;font-size:0.323625em;line-height:calc(1.3em + 0.39999999999999997em);text-align:left;padding:0;color:#000000;background-color:#fff;background:none;position:absolute;top:0;left:0;right:0\" aria-hidden=\"true\"><span style=\"display:block;position:relative;left:0;top:0;margin:-0.136507936507937% 0;-webkit-box-decoration-break:clone;box-decoration-break:clone\"><span style=\"background-color:#fff;-webkit-box-decoration-break:clone;box-decoration-break:clone;position:relative;padding:1.2698412698412698% 2.5396825396825395%;text-align:left;border-radius:0px 0px 0px 0px;background:none\"><span style=\"font-weight: 700; color: #2d5897\">Tecnologia: Nivus oferece central mais refinada e assistentes avan\u00e7ados, enquanto o Pulse traz controles essenciais e opera\u00e7\u00e3o simples com foco urbano.<\/span><\/span><\/span><\/p>\n<\/div>\n<\/div>\n<\/div>\n<\/div>\n<div style=\"position:absolute;pointer-events:none;left:5.82524%;top:-4.04531%;width:88.1068%;height:12.45955%;opacity:1\">\n<div id=\"anim-7b22b86c-4649-46ac-91b3-dc8db34637be\" class=\"animation-wrapper\" style=\"width:100%;height:100%;display:block;position:absolute;top:0;left:0;--initial-opacity:0;--initial-transform:none\">\n<div id=\"anim-4b5efd97-d684-44fa-8499-ba0d1915446a\" class=\"animation-wrapper\" style=\"width:100%;height:100%;display:block;position:absolute;top:0;left:0;--initial-opacity:1;--initial-transform:translate3d(0px, -141.84702%, 0)\">\n<div style=\"pointer-events:initial;width:100%;height:100%;display:block;position:absolute;top:0;left:0;z-index:0\" class=\"mask\" id=\"el-0bc6fd6f-b263-48aa-ada4-f0d168c5db60\">\n<div style=\"position:absolute;width:100%;height:109.99998%;left:0%;top:-4.99999%\" data-leaf-element=\"true\"><amp-img layout=\"fill\" src=\"https:\/\/carro.blog.br\/wp-content\/uploads\/2025\/03\/logo-webstories-png.webp\" alt=\"logo-webstories\" srcSet=\"https:\/\/carro.blog.br\/wp-content\/uploads\/2025\/03\/logo-webstories-png.webp 1500w,https:\/\/carro.blog.br\/wp-content\/uploads\/2025\/03\/logo-webstories-900x210.webp 900w,https:\/\/carro.blog.br\/wp-content\/uploads\/2025\/03\/logo-webstories-768x179.webp 768w,https:\/\/carro.blog.br\/wp-content\/uploads\/2025\/03\/logo-webstories-150x35.webp 150w\" sizes=\"(min-width: 1024px) 40vh, 88vw\" disable-inline-width=\"true\"><\/amp-img><\/div>\n<\/div>\n<\/div>\n<\/div>\n<\/div>\n<\/div>\n<\/div>\n<p><\/amp-story-grid-layer><amp-story-page-outlink layout=\"nodisplay\" theme=\"light\"><a href=\"https:\/\/carro.blog.br\/comparativo\/volkswagen-nivus-2025-ou-fiat-pulse-t200-hybrid-2025-comparativo-de-melhor-suv-para-uso-urbano.html?tipo=amp\" rel=\"\">Arraste Para Cima<\/a><\/amp-story-page-outlink><\/amp-story-page><amp-story-page id=\"66023ae4-824d-4639-8910-f7d0996b4163\"><amp-story-animation layout=\"nodisplay\" trigger=\"visibility\"><script type=\"application\/json\">[{\"selector\":\"#anim-c61c4870-57d8-4789-866e-723d74dbeb11 [data-leaf-element=\\\"true\\\"]\",\"keyframes\":{\"transform\":[\"translate(0%, 0%) scale(1.5)\",\"translate(0%, 0%) scale(1)\"]},\"delay\":0,\"duration\":100,\"easing\":\"cubic-bezier(.3,0,.55,1)\",\"fill\":\"forwards\"}]<\/script><\/amp-story-animation><amp-story-animation layout=\"nodisplay\" trigger=\"visibility\"><script type=\"application\/json\">[{\"selector\":\"#anim-88b5aea8-b4b1-4f93-a36e-8822589bf1c9\",\"keyframes\":{\"transform\":[\"scale(1)\",\"scale(1.5)\",\"scale(0.95)\",\"scale(1)\"],\"offset\":[0,0.33,0.66,1]},\"delay\":0,\"duration\":1450,\"easing\":\"ease-in-out\",\"fill\":\"both\",\"iterations\":1}]<\/script><\/amp-story-animation><amp-story-animation layout=\"nodisplay\" trigger=\"visibility\"><script type=\"application\/json\">[{\"selector\":\"#anim-e4b0899c-8161-4496-bf6c-2df174ec446e\",\"keyframes\":{\"opacity\":[0,1]},\"delay\":0,\"duration\":600,\"easing\":\"cubic-bezier(0.2, 0.6, 0.0, 1)\",\"fill\":\"both\"}]<\/script><\/amp-story-animation><amp-story-animation layout=\"nodisplay\" trigger=\"visibility\"><script type=\"application\/json\">[{\"selector\":\"#anim-3c7f671e-7a7e-4bc9-9188-58e6f4e91ddc\",\"keyframes\":{\"transform\":[\"translate3d(-115.2381%, 0px, 0)\",\"translate3d(0px, 0px, 0)\"]},\"delay\":0,\"duration\":600,\"easing\":\"cubic-bezier(0.2, 0.6, 0.0, 1)\",\"fill\":\"both\"}]<\/script><\/amp-story-animation><amp-story-animation layout=\"nodisplay\" trigger=\"visibility\"><script type=\"application\/json\">[{\"selector\":\"#anim-06c49da5-6b9c-4b13-97eb-fc1e50d3586d\",\"keyframes\":{\"opacity\":[0,1]},\"delay\":0,\"duration\":600,\"easing\":\"cubic-bezier(0.2, 0.6, 0.0, 1)\",\"fill\":\"both\"}]<\/script><\/amp-story-animation><amp-story-animation layout=\"nodisplay\" trigger=\"visibility\"><script type=\"application\/json\">[{\"selector\":\"#anim-dc159073-8cf9-4262-a5a0-dc961150469b\",\"keyframes\":{\"transform\":[\"translate3d(0px, -141.84702%, 0)\",\"translate3d(0px, 0px, 0)\"]},\"delay\":0,\"duration\":600,\"easing\":\"cubic-bezier(0.2, 0.6, 0.0, 1)\",\"fill\":\"both\"}]<\/script><\/amp-story-animation><amp-story-grid-layer template=\"vertical\" aspect-ratio=\"412:618\" class=\"grid-layer\"><\/p>\n<div class=\"page-fullbleed-area\" style=\"background-color:#fff\">\n<div class=\"page-safe-area\">\n<div style=\"position:absolute;pointer-events:none;left:0;top:-9.25926%;width:100%;height:118.51852%;opacity:1\">\n<div id=\"anim-c61c4870-57d8-4789-866e-723d74dbeb11\" class=\"animation-wrapper\" style=\"width:100%;height:100%;display:block;position:absolute;top:0;left:0\">\n<div style=\"pointer-events:initial;width:100%;height:100%;display:block;position:absolute;top:0;left:0;z-index:0\" class=\"mask\" id=\"el-bf54ad7f-8d0c-4582-aba6-3d98ab41e8bd\">\n<div style=\"position:absolute;width:316.04939%;height:100%;left:-108.02469%;top:0%\" data-leaf-element=\"true\"><amp-video layout=\"fill\" autoplay=\"autoplay\" poster=\"https:\/\/cdn.coverr.co\/videos\/coverr-road-that-goes-through-the-fields-8172\/thumbnail?width=1920\" artwork=\"https:\/\/cdn.coverr.co\/videos\/coverr-road-that-goes-through-the-fields-8172\/thumbnail?width=1920\" title=\"Aerial shot of a road that goes through the fields. \" alt=\"Aerial shot of a road that goes through the fields. \" loop=\"loop\" noaudio=\"noaudio\" id=\"el-bf54ad7f-8d0c-4582-aba6-3d98ab41e8bd-media\"><source type=\"video\/mp4\" src=\"https:\/\/cdn.coverr.co\/videos\/coverr-road-that-goes-through-the-fields-8172\/1080p.mp4\"\/><\/amp-video><\/div>\n<div class=\"element-overlay-area\" style=\"background-image:radial-gradient(ellipse 67% 67%, rgba(0,0,0,0) 0%, rgba(0,0,0,0.7) 100%)\"><\/div>\n<\/div>\n<\/div>\n<\/div>\n<div class=\"page-background-overlay-area\" style=\"background-image:radial-gradient(ellipse 67% 67%, rgba(0,0,0,0) 0%, rgba(0,0,0,0.7) 100%)\"><\/div>\n<\/div>\n<\/div>\n<p><\/amp-story-grid-layer><amp-story-grid-layer template=\"vertical\" aspect-ratio=\"412:618\" class=\"grid-layer\"><\/p>\n<div class=\"page-fullbleed-area\">\n<div class=\"page-safe-area\">\n<div style=\"position:absolute;pointer-events:none;left:-7.76699%;top:-13.91586%;width:116.26214%;height:127.83172%;opacity:0.5\">\n<div id=\"anim-88b5aea8-b4b1-4f93-a36e-8822589bf1c9\" class=\"animation-wrapper\" style=\"width:100%;height:100%;display:block;position:absolute;top:0;left:0;--initial-opacity:1;--initial-transform:scale(1)\">\n<div style=\"pointer-events:initial;width:100%;height:100%;display:block;position:absolute;top:0;left:0;z-index:0\" class=\"mask\" id=\"el-b5dbf596-5205-4b79-81c0-3d9bf22cc44e\">\n<div style=\"position:absolute;width:254.60942%;height:100%;left:-77.30471%;top:0%\" data-leaf-element=\"true\"><amp-img layout=\"fill\" src=\"https:\/\/carro.blog.br\/comparativo\/wp-content\/uploads\/2025\/12\/alan-correa-2025-12-03-as-16.55.11.webp\" alt=\"alan-correa- 2025-12-03 a\u0300s 16.55.11\" srcSet=\"https:\/\/carro.blog.br\/comparativo\/wp-content\/uploads\/2025\/12\/alan-correa-2025-12-03-as-16.55.11.webp 1834w,https:\/\/carro.blog.br\/comparativo\/wp-content\/uploads\/2025\/12\/alan-correa-2025-12-03-as-16.55.11-1800x1166.webp 1800w,https:\/\/carro.blog.br\/comparativo\/wp-content\/uploads\/2025\/12\/alan-correa-2025-12-03-as-16.55.11-1536x995.webp 1536w,https:\/\/carro.blog.br\/comparativo\/wp-content\/uploads\/2025\/12\/alan-correa-2025-12-03-as-16.55.11-900x583.webp 900w,https:\/\/carro.blog.br\/comparativo\/wp-content\/uploads\/2025\/12\/alan-correa-2025-12-03-as-16.55.11-768x497.webp 768w,https:\/\/carro.blog.br\/comparativo\/wp-content\/uploads\/2025\/12\/alan-correa-2025-12-03-as-16.55.11-400x259.webp 400w,https:\/\/carro.blog.br\/comparativo\/wp-content\/uploads\/2025\/12\/alan-correa-2025-12-03-as-16.55.11-150x97.webp 150w\" sizes=\"(min-width: 1024px) 52vh, 116vw\" disable-inline-width=\"true\"><\/amp-img><\/div>\n<\/div>\n<\/div>\n<\/div>\n<div style=\"position:absolute;pointer-events:none;left:11.65049%;top:30.74434%;width:76.45631%;height:27.34628%;opacity:1\">\n<div id=\"anim-e4b0899c-8161-4496-bf6c-2df174ec446e\" class=\"animation-wrapper\" style=\"width:100%;height:100%;display:block;position:absolute;top:0;left:0;--initial-opacity:0;--initial-transform:none\">\n<div id=\"anim-3c7f671e-7a7e-4bc9-9188-58e6f4e91ddc\" class=\"animation-wrapper\" style=\"width:100%;height:100%;display:block;position:absolute;top:0;left:0;--initial-opacity:1;--initial-transform:translate3d(-115.2381%, 0px, 0)\">\n<div style=\"pointer-events:initial;width:100%;height:100%;display:block;position:absolute;top:0;left:0;z-index:0;border-radius:0% 0% 0% 0% \/ 0% 0% 0% 0%\" id=\"el-52653573-2c75-4325-8452-c7310a3c7b48\">\n<p class=\"fill text-wrapper\" style=\"white-space:pre-line;overflow-wrap:break-word;word-break:break-word;margin:0;font-family:&quot;Merriweather&quot;,serif;font-size:0.323625em;line-height:calc(1.3em + 0.39999999999999997em);text-align:left;padding:0;color:#000000;background-color:#fff;background:none\"><span style=\"display:block;position:relative;left:0;top:0;margin:-0.136507936507937% 0;-webkit-box-decoration-break:clone;box-decoration-break:clone\"><span style=\"background-color:#fff;-webkit-box-decoration-break:clone;box-decoration-break:clone;position:relative;padding:1.2698412698412698% 2.5396825396825395%;text-align:left;border-radius:0px 0px 0px 0px;color:transparent\"><span style=\"font-weight: 700\">Autonomia: Nivus alcan\u00e7a at\u00e9 725 km com gasolina gra\u00e7as ao tanque maior, enquanto o Pulse chega a cerca de 603 km no mesmo combust\u00edvel.<\/span><\/span><\/span><\/p>\n<p class=\"fill text-wrapper\" style=\"white-space:pre-line;overflow-wrap:break-word;word-break:break-word;margin:0;font-family:&quot;Merriweather&quot;,serif;font-size:0.323625em;line-height:calc(1.3em + 0.39999999999999997em);text-align:left;padding:0;color:#000000;background-color:#fff;background:none;position:absolute;top:0;left:0;right:0\" aria-hidden=\"true\"><span style=\"display:block;position:relative;left:0;top:0;margin:-0.136507936507937% 0;-webkit-box-decoration-break:clone;box-decoration-break:clone\"><span style=\"background-color:#fff;-webkit-box-decoration-break:clone;box-decoration-break:clone;position:relative;padding:1.2698412698412698% 2.5396825396825395%;text-align:left;border-radius:0px 0px 0px 0px;background:none\"><span style=\"font-weight: 700; color: #2d5897\">Autonomia: Nivus alcan\u00e7a at\u00e9 725 km com gasolina gra\u00e7as ao tanque maior, enquanto o Pulse chega a cerca de 603 km no mesmo combust\u00edvel.<\/span><\/span><\/span><\/p>\n<\/div>\n<\/div>\n<\/div>\n<\/div>\n<div style=\"position:absolute;pointer-events:none;left:5.82524%;top:-4.04531%;width:88.1068%;height:12.45955%;opacity:1\">\n<div id=\"anim-06c49da5-6b9c-4b13-97eb-fc1e50d3586d\" class=\"animation-wrapper\" style=\"width:100%;height:100%;display:block;position:absolute;top:0;left:0;--initial-opacity:0;--initial-transform:none\">\n<div id=\"anim-dc159073-8cf9-4262-a5a0-dc961150469b\" class=\"animation-wrapper\" style=\"width:100%;height:100%;display:block;position:absolute;top:0;left:0;--initial-opacity:1;--initial-transform:translate3d(0px, -141.84702%, 0)\">\n<div style=\"pointer-events:initial;width:100%;height:100%;display:block;position:absolute;top:0;left:0;z-index:0\" class=\"mask\" id=\"el-4380b27b-ac56-4435-8a3b-575c150577bb\">\n<div style=\"position:absolute;width:100%;height:109.99998%;left:0%;top:-4.99999%\" data-leaf-element=\"true\"><amp-img layout=\"fill\" src=\"https:\/\/carro.blog.br\/wp-content\/uploads\/2025\/03\/logo-webstories-png.webp\" alt=\"logo-webstories\" srcSet=\"https:\/\/carro.blog.br\/wp-content\/uploads\/2025\/03\/logo-webstories-png.webp 1500w,https:\/\/carro.blog.br\/wp-content\/uploads\/2025\/03\/logo-webstories-900x210.webp 900w,https:\/\/carro.blog.br\/wp-content\/uploads\/2025\/03\/logo-webstories-768x179.webp 768w,https:\/\/carro.blog.br\/wp-content\/uploads\/2025\/03\/logo-webstories-150x35.webp 150w\" sizes=\"(min-width: 1024px) 40vh, 88vw\" disable-inline-width=\"true\"><\/amp-img><\/div>\n<\/div>\n<\/div>\n<\/div>\n<\/div>\n<\/div>\n<\/div>\n<p><\/amp-story-grid-layer><amp-story-page-outlink layout=\"nodisplay\" theme=\"light\"><a href=\"https:\/\/carro.blog.br\/comparativo\/volkswagen-nivus-2025-ou-fiat-pulse-t200-hybrid-2025-comparativo-de-melhor-suv-para-uso-urbano.html?tipo=amp\" rel=\"\">Arraste Para Cima<\/a><\/amp-story-page-outlink><\/amp-story-page><\/amp-story><\/body><\/html><\/p>\n","protected":false},"excerpt":{"rendered":"<p>Nivus Highline e Pulse T200 Hybrid disputam a aten\u00e7\u00e3o de quem vive o tr\u00e2nsito urbano, colocando frente a frente efici\u00eancia h\u00edbrida, conforto real e escolhas que revelam o estilo de cada motorista.<\/p>\n","protected":false},"author":1,"featured_media":165,"template":"","meta":{"web_stories_publisher_logo":147,"web_stories_poster":[],"web_stories_products":[],"footnotes":""},"web_story_category":[],"web_story_tag":[],"class_list":["post-164","web-story","type-web-story","status-publish","has-post-thumbnail","hentry"],"story_data":{"version":47,"pages":[{"elements":[{"opacity":100,"flip":{"vertical":false,"horizontal":false},"rotationAngle":0,"lockAspectRatio":true,"backgroundColor":{"color":{"r":196,"g":196,"b":196}},"x":1,"y":1,"width":1,"height":1,"mask":{"type":"rectangle"},"isBackground":true,"isDefaultBackground":true,"type":"shape","id":"79f5f6a9-5b79-4272-90bc-8ee18686ae2b"},{"opacity":100,"flip":{"vertical":false,"horizontal":false},"rotationAngle":0,"lockAspectRatio":true,"backgroundTextMode":"NONE","font":{"family":"Merriweather"},"fontSize":30,"backgroundColor":{"color":{"r":45,"g":88,"b":151}},"lineHeight":1.3000000000000000444089209850062616169452667236328125,"textAlign":"left","padding":{"locked":true,"hasHiddenPadding":false,"horizontal":0,"vertical":0},"content":"<span style=\"font-weight: 700; color: #4285f4\">Qual \u00e9 melhor,&nbsp;<\/span>\n<span style=\"font-weight: 700; color: #4285f4\">Fiat Pulse ou Nivus?<\/span>","x":48,"y":385,"width":316,"height":77,"basedOn":"96988eb0-6289-4894-8c84-19ccdf8569a7","id":"214cbe4d-56e6-4603-b34a-94361598dfa7","type":"text"},{"opacity":100,"flip":{"vertical":false,"horizontal":false},"rotationAngle":0,"lockAspectRatio":false,"scale":100,"focalX":50,"focalY":50,"resource":{"type":"image","mimeType":"image\/jpeg","width":1300,"height":813,"sizes":{"medium":{"file":"Volkswagen-Nivus-Highline-2025-x-Fiat-Pulse-T200-Hybrid-2025-300x188.webp","width":300,"height":188,"filesize":8876,"sources":{"image\/webp":{"file":"Volkswagen-Nivus-Highline-2025-x-Fiat-Pulse-T200-Hybrid-2025-300x188.webp","filesize":8876,"sourceUrl":"https:\/\/carro.blog.br\/comparativo\/wp-content\/uploads\/2025\/12\/Volkswagen-Nivus-Highline-2025-x-Fiat-Pulse-T200-Hybrid-2025-300x188.webp"}},"mimeType":"image\/webp","sourceUrl":"https:\/\/carro.blog.br\/comparativo\/wp-content\/uploads\/2025\/12\/Volkswagen-Nivus-Highline-2025-x-Fiat-Pulse-T200-Hybrid-2025-300x188.webp"},"large":{"file":"Volkswagen-Nivus-Highline-2025-x-Fiat-Pulse-T200-Hybrid-2025-1024x640.webp","width":1024,"height":640,"filesize":40704,"sources":{"image\/webp":{"file":"Volkswagen-Nivus-Highline-2025-x-Fiat-Pulse-T200-Hybrid-2025-1024x640.webp","filesize":40704,"sourceUrl":"https:\/\/carro.blog.br\/comparativo\/wp-content\/uploads\/2025\/12\/Volkswagen-Nivus-Highline-2025-x-Fiat-Pulse-T200-Hybrid-2025-1024x640.webp"}},"mimeType":"image\/webp","sourceUrl":"https:\/\/carro.blog.br\/comparativo\/wp-content\/uploads\/2025\/12\/Volkswagen-Nivus-Highline-2025-x-Fiat-Pulse-T200-Hybrid-2025-1024x640.webp"},"thumbnail":{"file":"Volkswagen-Nivus-Highline-2025-x-Fiat-Pulse-T200-Hybrid-2025-150x150.webp","width":150,"height":150,"filesize":4304,"sources":{"image\/webp":{"file":"Volkswagen-Nivus-Highline-2025-x-Fiat-Pulse-T200-Hybrid-2025-150x150.webp","filesize":4304,"sourceUrl":"https:\/\/carro.blog.br\/comparativo\/wp-content\/uploads\/2025\/12\/Volkswagen-Nivus-Highline-2025-x-Fiat-Pulse-T200-Hybrid-2025-150x150.webp"}},"mimeType":"image\/webp","sourceUrl":"https:\/\/carro.blog.br\/comparativo\/wp-content\/uploads\/2025\/12\/Volkswagen-Nivus-Highline-2025-x-Fiat-Pulse-T200-Hybrid-2025-150x150.webp"},"medium_large":{"file":"Volkswagen-Nivus-Highline-2025-x-Fiat-Pulse-T200-Hybrid-2025-768x480.webp","width":768,"height":480,"filesize":29086,"sources":{"image\/webp":{"file":"Volkswagen-Nivus-Highline-2025-x-Fiat-Pulse-T200-Hybrid-2025-768x480.webp","filesize":29086,"sourceUrl":"https:\/\/carro.blog.br\/comparativo\/wp-content\/uploads\/2025\/12\/Volkswagen-Nivus-Highline-2025-x-Fiat-Pulse-T200-Hybrid-2025-768x480.webp"}},"mimeType":"image\/webp","sourceUrl":"https:\/\/carro.blog.br\/comparativo\/wp-content\/uploads\/2025\/12\/Volkswagen-Nivus-Highline-2025-x-Fiat-Pulse-T200-Hybrid-2025-768x480.webp"},"web-stories-poster-portrait":{"file":"Volkswagen-Nivus-Highline-2025-x-Fiat-Pulse-T200-Hybrid-2025-640x813.webp","width":640,"height":813,"filesize":29786,"mimeType":"image\/webp","sourceUrl":"https:\/\/carro.blog.br\/comparativo\/wp-content\/uploads\/2025\/12\/Volkswagen-Nivus-Highline-2025-x-Fiat-Pulse-T200-Hybrid-2025-640x813.webp"},"web-stories-publisher-logo":{"file":"Volkswagen-Nivus-Highline-2025-x-Fiat-Pulse-T200-Hybrid-2025-96x96.webp","width":96,"height":96,"filesize":2160,"mimeType":"image\/webp","sourceUrl":"https:\/\/carro.blog.br\/comparativo\/wp-content\/uploads\/2025\/12\/Volkswagen-Nivus-Highline-2025-x-Fiat-Pulse-T200-Hybrid-2025-96x96.webp"},"web-stories-thumbnail":{"file":"Volkswagen-Nivus-Highline-2025-x-Fiat-Pulse-T200-Hybrid-2025-150x94.webp","width":150,"height":94,"filesize":3428,"mimeType":"image\/webp","sourceUrl":"https:\/\/carro.blog.br\/comparativo\/wp-content\/uploads\/2025\/12\/Volkswagen-Nivus-Highline-2025-x-Fiat-Pulse-T200-Hybrid-2025-150x94.webp"},"full":{"file":"Volkswagen-Nivus-Highline-2025-x-Fiat-Pulse-T200-Hybrid-2025.webp","width":1300,"height":813,"mimeType":"image\/jpeg","sourceUrl":"https:\/\/carro.blog.br\/comparativo\/wp-content\/uploads\/2025\/12\/Volkswagen-Nivus-Highline-2025-x-Fiat-Pulse-T200-Hybrid-2025.webp","sources":{"image\/webp":{"file":"Volkswagen-Nivus-Highline-2025-x-Fiat-Pulse-T200-Hybrid-2025.webp","filesize":59892,"sourceUrl":"https:\/\/carro.blog.br\/comparativo\/wp-content\/uploads\/2025\/12\/Volkswagen-Nivus-Highline-2025-x-Fiat-Pulse-T200-Hybrid-2025.webp"}}}},"isPlaceholder":false,"isExternal":false,"needsProxy":false,"baseColor":"#b27c52","blurHash":"UhKS|t%eayV[=|t6jbWB{cX3j?n,IARjayt7","creationDate":"2025-12-02T21:17:49","src":"https:\/\/carro.blog.br\/comparativo\/wp-content\/uploads\/2025\/12\/Volkswagen-Nivus-Highline-2025-x-Fiat-Pulse-T200-Hybrid-2025.webp","id":142,"alt":"A compara\u00e7\u00e3o entre Nivus Highline 2025 e Pulse T200 Hybrid 2025 destaca contrastes de desempenho, economia e tecnologia, indicando qual SUV oferece equil\u00edbrio superior para uso di\u00e1rio.","local":false,"provider":"local"},"controls":false,"loop":true,"autoPlay":true,"volume":1,"tracks":[],"x":7,"y":10,"width":405,"height":275,"mask":{"type":"rectangle","showInLibrary":true,"name":"Rectangle","path":"M 0,0 1,0 1,1 0,1 0,0 Z","ratio":1,"supportsBorder":true},"id":"6cf16410-7d20-4a78-a653-6b8c3646e76a","basedOn":"b65b9621-504e-4187-adcf-7c8476322506","borderRadius":{"topLeft":10,"topRight":0,"bottomRight":0,"bottomLeft":10,"locked":false},"alt":"Carro.Blog.Br","border":{"left":1,"right":1,"top":1,"bottom":1,"lockedWidth":true,"color":{"color":{"r":0,"g":0,"b":0}}},"type":"image"},{"opacity":100,"flip":{"vertical":false,"horizontal":false},"rotationAngle":0,"lockAspectRatio":false,"backgroundColor":{"color":{"r":255,"g":255,"b":255}},"width":137,"height":27,"x":-80,"y":292,"mask":{"type":"rectangle"},"id":"964d583e-012b-4721-8712-f16c96cf04b5","groupId":null,"type":"shape"},{"opacity":100,"flip":{"vertical":false,"horizontal":false},"rotationAngle":0,"lockAspectRatio":true,"backgroundTextMode":"HIGHLIGHT","font":{"family":"Merriweather"},"fontSize":15,"backgroundColor":{"color":{"r":255,"g":255,"b":255}},"lineHeight":1,"textAlign":"left","padding":{"locked":true,"hasHiddenPadding":true,"horizontal":8,"vertical":4},"content":"<span style=\"font-weight: 700; color: #2d5897\">Por Carro.Blog.Br \/ {nomedoautor}<\/span>","marginOffset":5.578125,"x":40,"y":292,"width":316,"height":27,"basedOn":"714857eb-6e7f-45bc-b781-1661045b2b61","id":"d3ee1304-03b8-4d09-9e9c-0fd7632f723c","borderRadius":{"topLeft":10,"topRight":10,"bottomRight":10,"bottomLeft":10,"locked":true},"groupId":null,"type":"text"},{"opacity":100,"flip":{"vertical":false,"horizontal":false},"rotationAngle":0,"lockAspectRatio":true,"backgroundTextMode":"NONE","font":{"family":"Merriweather"},"fontSize":18,"backgroundColor":{"color":{"r":45,"g":88,"b":151}},"lineHeight":1.3000000000000000444089209850062616169452667236328125,"textAlign":"left","padding":{"locked":true,"hasHiddenPadding":false,"horizontal":0,"vertical":0},"content":"<span style=\"font-weight: 700; color: #2d5897\">VW Nivus ou Fiat Pulse Hybrid: comparativo de melhor SUV para uso urbano.<\/span>","x":48,"y":474,"width":308,"height":69,"basedOn":"96988eb0-6289-4894-8c84-19ccdf8569a7","id":"426b66e8-e262-434d-b73a-001ae81a58f8","type":"text"},{"opacity":100,"flip":{"vertical":false,"horizontal":false},"rotationAngle":0,"lockAspectRatio":true,"backgroundTextMode":"NONE","font":{"family":"Merriweather"},"fontSize":20,"backgroundColor":{"color":{"r":0,"g":0,"b":0}},"lineHeight":1.5,"textAlign":"left","padding":{"locked":true,"hasHiddenPadding":false,"horizontal":0,"vertical":0},"content":"<span style=\"font-weight: 700; color: #2d5897\">{datadehoje}<\/span>","x":48,"y":334,"width":315,"height":25,"basedOn":"02fa0e27-95ee-4d9c-b2ff-92afda5f2b9f","id":"a42364ea-ffde-4d34-83e4-8bcd7d9ea99f","borderRadius":{"topLeft":0,"topRight":0,"bottomRight":0,"bottomLeft":0,"locked":true},"type":"text"},{"opacity":100,"flip":{"vertical":false,"horizontal":false},"rotationAngle":0,"lockAspectRatio":false,"scale":100,"focalX":50,"focalY":50,"resource":{"type":"image","mimeType":"image\/png","width":1500,"height":350,"sizes":{"medium":{"file":"logo-webstories-350x82.webp","width":350,"height":82,"filesize":3220,"sources":{"image\/webp":{"file":"logo-webstories-350x82.webp","filesize":3220,"sourceUrl":"https:\/\/carro.blog.br\/wp-content\/uploads\/2025\/03\/logo-webstories-350x82.webp"}},"mimeType":"image\/webp","sourceUrl":"https:\/\/carro.blog.br\/wp-content\/uploads\/2025\/03\/logo-webstories-350x82.webp"},"thumbnail":{"file":"logo-webstories-900x210.webp","width":900,"height":210,"filesize":9158,"sources":{"image\/webp":{"file":"logo-webstories-900x210.webp","filesize":9158,"sourceUrl":"https:\/\/carro.blog.br\/wp-content\/uploads\/2025\/03\/logo-webstories-900x210.webp"}},"mimeType":"image\/webp","sourceUrl":"https:\/\/carro.blog.br\/wp-content\/uploads\/2025\/03\/logo-webstories-900x210.webp"},"medium_large":{"file":"logo-webstories-768x179.webp","width":768,"height":179,"filesize":7634,"sources":{"image\/webp":{"file":"logo-webstories-768x179.webp","filesize":7634,"sourceUrl":"https:\/\/carro.blog.br\/wp-content\/uploads\/2025\/03\/logo-webstories-768x179.webp"}},"mimeType":"image\/webp","sourceUrl":"https:\/\/carro.blog.br\/wp-content\/uploads\/2025\/03\/logo-webstories-768x179.webp"},"web-stories-poster-portrait":{"file":"logo-webstories-640x350.webp","width":640,"height":350,"filesize":7132,"mimeType":"image\/webp","sourceUrl":"https:\/\/carro.blog.br\/wp-content\/uploads\/2025\/03\/logo-webstories-640x350.webp"},"web-stories-publisher-logo":{"file":"logo-webstories-96x96.webp","width":96,"height":96,"filesize":1230,"mimeType":"image\/webp","sourceUrl":"https:\/\/carro.blog.br\/wp-content\/uploads\/2025\/03\/logo-webstories-96x96.webp"},"web-stories-thumbnail":{"file":"logo-webstories-150x35.webp","width":150,"height":35,"filesize":1360,"mimeType":"image\/webp","sourceUrl":"https:\/\/carro.blog.br\/wp-content\/uploads\/2025\/03\/logo-webstories-150x35.webp"},"full":{"file":"logo-webstories-png.webp","width":1500,"height":350,"mimeType":"image\/png","sourceUrl":"https:\/\/carro.blog.br\/wp-content\/uploads\/2025\/03\/logo-webstories-png.webp","sources":{"image\/webp":{"file":"logo-webstories-png.webp","filesize":17298,"sourceUrl":"https:\/\/carro.blog.br\/wp-content\/uploads\/2025\/03\/logo-webstories-png.webp"}}}},"isPlaceholder":false,"isExternal":false,"needsProxy":false,"baseColor":"#567299","blurHash":"UDAw9+}*m%tRs.oej[WX005ZpKM{NHR+ays,","creationDate":"2025-03-09T18:04:13","src":"https:\/\/carro.blog.br\/wp-content\/uploads\/2025\/03\/logo-webstories-png.webp","id":86727,"alt":"logo-webstories","local":false},"x":24,"y":-25,"width":363,"height":77,"mask":{"type":"rectangle","showInLibrary":true,"name":"Ret\u00e2ngulo","path":"M 0,0 1,0 1,1 0,1 0,0 Z","ratio":1,"supportsBorder":true},"id":"5ee04797-00de-4059-9f79-4b1fb9674ea0","type":"image"}],"backgroundColor":{"color":{"r":255,"g":255,"b":255}},"id":"a59d0706-c734-43f7-91ff-d038b15fffef","animations":[],"pageAttachment":{"url":"https:\/\/carro.blog.br\/comparativo\/volkswagen-nivus-2025-ou-fiat-pulse-t200-hybrid-2025-comparativo-de-melhor-suv-para-uso-urbano.html?tipo=amp","icon":"","needsProxy":false,"theme":"dark","ctaText":"Arraste Para Cima"}},{"elements":[{"opacity":100,"flip":{"vertical":false,"horizontal":false},"rotationAngle":0,"lockAspectRatio":true,"backgroundColor":{"color":{"r":196,"g":196,"b":196}},"x":48,"y":0,"width":330,"height":185,"mask":{"type":"rectangle"},"isBackground":true,"id":"2e91951f-28f2-4f2f-a23f-f99479a92588","type":"video","scale":100,"focalX":50,"focalY":50,"resource":{"type":"video","mimeType":"video\/mp4","width":3840,"height":2160,"sizes":{"full":{"file":"media\/coverr:lOBFIJnPmy","sourceUrl":"https:\/\/cdn.coverr.co\/videos\/coverr-road-that-goes-through-the-fields-8172\/1080p.mp4","mimeType":"video\/mp4","width":3840,"height":2160},"preview":{"file":"media\/coverr:lOBFIJnPmy","sourceUrl":"https:\/\/cdn.coverr.co\/videos\/coverr-road-that-goes-through-the-fields-8172\/360p.mp4","mimeType":"video\/mp4","width":640,"height":360}},"isPlaceholder":false,"isExternal":true,"needsProxy":false,"id":"media\/coverr:lOBFIJnPmy","creationDate":"2020-12-23T13:42:27.000000806Z","src":"https:\/\/cdn.coverr.co\/videos\/coverr-road-that-goes-through-the-fields-8172\/1080p.mp4","alt":"Aerial shot of a road that goes through the fields. ","poster":"https:\/\/cdn.coverr.co\/videos\/coverr-road-that-goes-through-the-fields-8172\/thumbnail?width=1920","posterId":"media\/coverr:lOBFIJnPmy","isOptimized":true,"length":10,"lengthFormatted":"0:10","isMuted":true},"overlay":{"type":"radial","size":{"w":0.67000000000000003996802888650563545525074005126953125,"h":0.67000000000000003996802888650563545525074005126953125},"stops":[{"color":{"r":0,"g":0,"b":0,"a":0},"position":0},{"color":{"r":0,"g":0,"b":0,"a":1},"position":1}],"alpha":0.6999999999999999555910790149937383830547332763671875},"loop":true},{"opacity":50,"flip":{"vertical":false,"horizontal":false},"rotationAngle":0,"lockAspectRatio":false,"scale":100,"focalX":50,"focalY":50,"resource":{"type":"image","mimeType":"image\/jpeg","width":1834,"height":1188,"sizes":{"medium":{"file":"alan-correa-2025-12-03-as-16.55.11-400x259.webp","width":400,"height":259,"filesize":12668,"sources":{"image\/webp":{"file":"alan-correa-2025-12-03-as-16.55.11-400x259.webp","filesize":12668,"sourceUrl":"https:\/\/carro.blog.br\/comparativo\/wp-content\/uploads\/2025\/12\/alan-correa-2025-12-03-as-16.55.11-400x259.webp"}},"mimeType":"image\/webp","sourceUrl":"https:\/\/carro.blog.br\/comparativo\/wp-content\/uploads\/2025\/12\/alan-correa-2025-12-03-as-16.55.11-400x259.webp"},"large":{"file":"alan-correa-2025-12-03-as-16.55.11-1800x1166.webp","width":1800,"height":1166,"filesize":67736,"sources":{"image\/webp":{"file":"alan-correa-2025-12-03-as-16.55.11-1800x1166.webp","filesize":67736,"sourceUrl":"https:\/\/carro.blog.br\/comparativo\/wp-content\/uploads\/2025\/12\/alan-correa-2025-12-03-as-16.55.11-1800x1166.webp"}},"mimeType":"image\/webp","sourceUrl":"https:\/\/carro.blog.br\/comparativo\/wp-content\/uploads\/2025\/12\/alan-correa-2025-12-03-as-16.55.11-1800x1166.webp"},"thumbnail":{"file":"alan-correa-2025-12-03-as-16.55.11-900x583.webp","width":900,"height":583,"filesize":32840,"sources":{"image\/webp":{"file":"alan-correa-2025-12-03-as-16.55.11-900x583.webp","filesize":32840,"sourceUrl":"https:\/\/carro.blog.br\/comparativo\/wp-content\/uploads\/2025\/12\/alan-correa-2025-12-03-as-16.55.11-900x583.webp"}},"mimeType":"image\/webp","sourceUrl":"https:\/\/carro.blog.br\/comparativo\/wp-content\/uploads\/2025\/12\/alan-correa-2025-12-03-as-16.55.11-900x583.webp"},"medium_large":{"file":"alan-correa-2025-12-03-as-16.55.11-768x497.webp","width":768,"height":497,"filesize":27590,"sources":{"image\/webp":{"file":"alan-correa-2025-12-03-as-16.55.11-768x497.webp","filesize":27590,"sourceUrl":"https:\/\/carro.blog.br\/comparativo\/wp-content\/uploads\/2025\/12\/alan-correa-2025-12-03-as-16.55.11-768x497.webp"}},"mimeType":"image\/webp","sourceUrl":"https:\/\/carro.blog.br\/comparativo\/wp-content\/uploads\/2025\/12\/alan-correa-2025-12-03-as-16.55.11-768x497.webp"},"1536x1536":{"file":"alan-correa-2025-12-03-as-16.55.11-1536x995.webp","width":1536,"height":995,"filesize":59402,"mimeType":"image\/webp","sourceUrl":"https:\/\/carro.blog.br\/comparativo\/wp-content\/uploads\/2025\/12\/alan-correa-2025-12-03-as-16.55.11-1536x995.webp"},"web-stories-poster-portrait":{"file":"alan-correa-2025-12-03-as-16.55.11-640x853.webp","width":640,"height":853,"filesize":24424,"mimeType":"image\/webp","sourceUrl":"https:\/\/carro.blog.br\/comparativo\/wp-content\/uploads\/2025\/12\/alan-correa-2025-12-03-as-16.55.11-640x853.webp"},"web-stories-publisher-logo":{"file":"alan-correa-2025-12-03-as-16.55.11-96x96.webp","width":96,"height":96,"filesize":1800,"mimeType":"image\/webp","sourceUrl":"https:\/\/carro.blog.br\/comparativo\/wp-content\/uploads\/2025\/12\/alan-correa-2025-12-03-as-16.55.11-96x96.webp"},"web-stories-thumbnail":{"file":"alan-correa-2025-12-03-as-16.55.11-150x97.webp","width":150,"height":97,"filesize":3080,"mimeType":"image\/webp","sourceUrl":"https:\/\/carro.blog.br\/comparativo\/wp-content\/uploads\/2025\/12\/alan-correa-2025-12-03-as-16.55.11-150x97.webp"},"full":{"file":"alan-correa-2025-12-03-as-16.55.11.webp","width":1834,"height":1188,"mimeType":"image\/jpeg","sourceUrl":"https:\/\/carro.blog.br\/comparativo\/wp-content\/uploads\/2025\/12\/alan-correa-2025-12-03-as-16.55.11.webp","sources":{"image\/webp":{"file":"alan-correa-2025-12-03-as-16.55.11.webp","filesize":75190,"sourceUrl":"https:\/\/carro.blog.br\/comparativo\/wp-content\/uploads\/2025\/12\/alan-correa-2025-12-03-as-16.55.11.webp"}}}},"isPlaceholder":false,"isExternal":false,"needsProxy":false,"baseColor":null,"blurHash":"U~LpQZ~LV@Ibt3ayRnkCahahaxocayf7j[fR","creationDate":"2025-12-03T19:55:47","src":"https:\/\/carro.blog.br\/comparativo\/wp-content\/uploads\/2025\/12\/alan-correa-2025-12-03-as-16.55.11.webp","id":170,"alt":"alan-correa- 2025-12-03 a\u0300s 16.55.11","local":false,"provider":"local"},"type":"image","x":-32,"y":-86,"width":479,"height":790,"mask":{"type":"rectangle","showInLibrary":true,"name":"Ret\u00e2ngulo","path":"M 0,0 1,0 1,1 0,1 0,0 Z","ratio":1,"supportsBorder":true},"id":"de39cb98-d9aa-465b-8b8e-abe971b504f7","isLocked":false},{"opacity":100,"flip":{"vertical":false,"horizontal":false},"rotationAngle":0,"lockAspectRatio":true,"backgroundTextMode":"HIGHLIGHT","font":{"family":"Merriweather"},"fontSize":20,"backgroundColor":{"color":{"r":255,"g":255,"b":255}},"lineHeight":1.3000000000000000444089209850062616169452667236328125,"textAlign":"left","padding":{"locked":true,"hasHiddenPadding":true,"horizontal":8,"vertical":4},"content":"<span style=\"font-weight: 700; color: #2d5897\">Nivus Highline e Pulse T200 Hybrid disputam a aten\u00e7\u00e3o de quem vive o tr\u00e2nsito urbano, colocando frente a frente efici\u00eancia h\u00edbrida, conforto real e escolhas que revelam o estilo de cada motorista.<\/span>","x":48,"y":190,"width":315,"height":237,"basedOn":"02fa0e27-95ee-4d9c-b2ff-92afda5f2b9f","id":"2da27024-599e-410d-8401-536a8c8f611d","borderRadius":{"topLeft":0,"topRight":0,"bottomRight":0,"bottomLeft":0,"locked":true},"type":"text"},{"opacity":100,"flip":{"vertical":false,"horizontal":false},"rotationAngle":0,"lockAspectRatio":false,"scale":100,"focalX":50,"focalY":50,"resource":{"type":"image","mimeType":"image\/png","width":1500,"height":350,"sizes":{"medium":{"file":"logo-webstories-350x82.webp","width":350,"height":82,"filesize":3220,"sources":{"image\/webp":{"file":"logo-webstories-350x82.webp","filesize":3220,"sourceUrl":"https:\/\/carro.blog.br\/wp-content\/uploads\/2025\/03\/logo-webstories-350x82.webp"}},"mimeType":"image\/webp","sourceUrl":"https:\/\/carro.blog.br\/wp-content\/uploads\/2025\/03\/logo-webstories-350x82.webp"},"thumbnail":{"file":"logo-webstories-900x210.webp","width":900,"height":210,"filesize":9158,"sources":{"image\/webp":{"file":"logo-webstories-900x210.webp","filesize":9158,"sourceUrl":"https:\/\/carro.blog.br\/wp-content\/uploads\/2025\/03\/logo-webstories-900x210.webp"}},"mimeType":"image\/webp","sourceUrl":"https:\/\/carro.blog.br\/wp-content\/uploads\/2025\/03\/logo-webstories-900x210.webp"},"medium_large":{"file":"logo-webstories-768x179.webp","width":768,"height":179,"filesize":7634,"sources":{"image\/webp":{"file":"logo-webstories-768x179.webp","filesize":7634,"sourceUrl":"https:\/\/carro.blog.br\/wp-content\/uploads\/2025\/03\/logo-webstories-768x179.webp"}},"mimeType":"image\/webp","sourceUrl":"https:\/\/carro.blog.br\/wp-content\/uploads\/2025\/03\/logo-webstories-768x179.webp"},"web-stories-poster-portrait":{"file":"logo-webstories-640x350.webp","width":640,"height":350,"filesize":7132,"mimeType":"image\/webp","sourceUrl":"https:\/\/carro.blog.br\/wp-content\/uploads\/2025\/03\/logo-webstories-640x350.webp"},"web-stories-publisher-logo":{"file":"logo-webstories-96x96.webp","width":96,"height":96,"filesize":1230,"mimeType":"image\/webp","sourceUrl":"https:\/\/carro.blog.br\/wp-content\/uploads\/2025\/03\/logo-webstories-96x96.webp"},"web-stories-thumbnail":{"file":"logo-webstories-150x35.webp","width":150,"height":35,"filesize":1360,"mimeType":"image\/webp","sourceUrl":"https:\/\/carro.blog.br\/wp-content\/uploads\/2025\/03\/logo-webstories-150x35.webp"},"full":{"file":"logo-webstories-png.webp","width":1500,"height":350,"mimeType":"image\/png","sourceUrl":"https:\/\/carro.blog.br\/wp-content\/uploads\/2025\/03\/logo-webstories-png.webp","sources":{"image\/webp":{"file":"logo-webstories-png.webp","filesize":17298,"sourceUrl":"https:\/\/carro.blog.br\/wp-content\/uploads\/2025\/03\/logo-webstories-png.webp"}}}},"isPlaceholder":false,"isExternal":false,"needsProxy":false,"baseColor":"#567299","blurHash":"UDAw9+}*m%tRs.oej[WX005ZpKM{NHR+ays,","creationDate":"2025-03-09T18:04:13","src":"https:\/\/carro.blog.br\/wp-content\/uploads\/2025\/03\/logo-webstories-png.webp","id":86727,"alt":"logo-webstories","local":false},"x":24,"y":-25,"width":363,"height":77,"mask":{"type":"rectangle","showInLibrary":true,"name":"Ret\u00e2ngulo","path":"M 0,0 1,0 1,1 0,1 0,0 Z","ratio":1,"supportsBorder":true},"id":"9a3498ae-09da-41a7-a9b5-eff56f4d8760","type":"image"}],"backgroundColor":{"color":{"r":255,"g":255,"b":255}},"animations":[{"id":"2ec5fbe5-1a2f-457f-a7d5-b71051539957","type":"effect-fly-in","flyInDir":"leftToRight","duration":600,"delay":0,"targets":["2da27024-599e-410d-8401-536a8c8f611d"]},{"id":"f44ea88a-b1e6-4eb6-9fbb-877149cf2ee3","type":"effect-fly-in","flyInDir":"topToBottom","duration":600,"delay":0,"targets":["9a3498ae-09da-41a7-a9b5-eff56f4d8760"]},{"id":"4b2ef9a7-d0cc-4ae7-bbbb-5ad67e2f4ba0","type":"effect-background-zoom","zoomDirection":"scaleOut","duration":100,"delay":0,"targets":["2e91951f-28f2-4f2f-a23f-f99479a92588"]},{"id":"fae34852-d55f-4838-9560-019492acc039","type":"effect-pulse","scale":0.5,"iterations":1,"duration":1450,"delay":0,"targets":["de39cb98-d9aa-465b-8b8e-abe971b504f7"]}],"id":"98251274-9c92-40ff-88cb-b6cbc37e1f17","pageAttachment":{"url":"https:\/\/carro.blog.br\/comparativo\/volkswagen-nivus-2025-ou-fiat-pulse-t200-hybrid-2025-comparativo-de-melhor-suv-para-uso-urbano.html?tipo=amp","icon":"","needsProxy":false,"theme":"light","ctaText":"Arraste Para Cima"},"defaultBackgroundElement":{"opacity":100,"flip":{"vertical":false,"horizontal":false},"rotationAngle":0,"lockAspectRatio":true,"backgroundColor":{"color":{"r":196,"g":196,"b":196}},"x":1,"y":1,"width":1,"height":1,"mask":{"type":"rectangle"},"isBackground":true,"isDefaultBackground":true,"id":"4fdbe143-0fc4-42fe-adcb-6e080723c583","type":"shape"}},{"elements":[{"opacity":100,"flip":{"vertical":false,"horizontal":false},"rotationAngle":0,"lockAspectRatio":true,"scale":100,"focalX":50,"focalY":50,"resource":{"type":"video","mimeType":"video\/mp4","width":3840,"height":2160,"sizes":{"full":{"file":"media\/coverr:lOBFIJnPmy","sourceUrl":"https:\/\/cdn.coverr.co\/videos\/coverr-road-that-goes-through-the-fields-8172\/1080p.mp4","mimeType":"video\/mp4","width":3840,"height":2160},"preview":{"file":"media\/coverr:lOBFIJnPmy","sourceUrl":"https:\/\/cdn.coverr.co\/videos\/coverr-road-that-goes-through-the-fields-8172\/360p.mp4","mimeType":"video\/mp4","width":640,"height":360}},"isPlaceholder":false,"isExternal":true,"needsProxy":false,"id":"media\/coverr:lOBFIJnPmy","creationDate":"2020-12-23T13:42:27.000000806Z","src":"https:\/\/cdn.coverr.co\/videos\/coverr-road-that-goes-through-the-fields-8172\/1080p.mp4","alt":"Aerial shot of a road that goes through the fields. ","poster":"https:\/\/cdn.coverr.co\/videos\/coverr-road-that-goes-through-the-fields-8172\/thumbnail?width=1920","posterId":"media\/coverr:lOBFIJnPmy","isOptimized":true,"length":10,"lengthFormatted":"0:10","isMuted":true},"controls":false,"loop":true,"autoPlay":true,"volume":1,"tracks":[],"backgroundColor":{"color":{"r":196,"g":196,"b":196}},"x":48,"y":0,"width":330,"height":185,"mask":{"type":"rectangle"},"isBackground":true,"id":"e6d3e0fe-3972-4435-9fdb-90fcf253cd32","overlay":{"type":"radial","size":{"w":0.67000000000000003996802888650563545525074005126953125,"h":0.67000000000000003996802888650563545525074005126953125},"stops":[{"color":{"r":0,"g":0,"b":0,"a":0},"position":0},{"color":{"r":0,"g":0,"b":0,"a":1},"position":1}],"alpha":0.6999999999999999555910790149937383830547332763671875},"type":"video"},{"opacity":50,"flip":{"vertical":false,"horizontal":false},"rotationAngle":0,"lockAspectRatio":false,"scale":100,"focalX":50,"focalY":50,"resource":{"type":"image","mimeType":"image\/jpeg","width":1834,"height":1188,"sizes":{"medium":{"file":"alan-correa-2025-12-03-as-16.55.11-400x259.webp","width":400,"height":259,"filesize":12668,"sources":{"image\/webp":{"file":"alan-correa-2025-12-03-as-16.55.11-400x259.webp","filesize":12668,"sourceUrl":"https:\/\/carro.blog.br\/comparativo\/wp-content\/uploads\/2025\/12\/alan-correa-2025-12-03-as-16.55.11-400x259.webp"}},"mimeType":"image\/webp","sourceUrl":"https:\/\/carro.blog.br\/comparativo\/wp-content\/uploads\/2025\/12\/alan-correa-2025-12-03-as-16.55.11-400x259.webp"},"large":{"file":"alan-correa-2025-12-03-as-16.55.11-1800x1166.webp","width":1800,"height":1166,"filesize":67736,"sources":{"image\/webp":{"file":"alan-correa-2025-12-03-as-16.55.11-1800x1166.webp","filesize":67736,"sourceUrl":"https:\/\/carro.blog.br\/comparativo\/wp-content\/uploads\/2025\/12\/alan-correa-2025-12-03-as-16.55.11-1800x1166.webp"}},"mimeType":"image\/webp","sourceUrl":"https:\/\/carro.blog.br\/comparativo\/wp-content\/uploads\/2025\/12\/alan-correa-2025-12-03-as-16.55.11-1800x1166.webp"},"thumbnail":{"file":"alan-correa-2025-12-03-as-16.55.11-900x583.webp","width":900,"height":583,"filesize":32840,"sources":{"image\/webp":{"file":"alan-correa-2025-12-03-as-16.55.11-900x583.webp","filesize":32840,"sourceUrl":"https:\/\/carro.blog.br\/comparativo\/wp-content\/uploads\/2025\/12\/alan-correa-2025-12-03-as-16.55.11-900x583.webp"}},"mimeType":"image\/webp","sourceUrl":"https:\/\/carro.blog.br\/comparativo\/wp-content\/uploads\/2025\/12\/alan-correa-2025-12-03-as-16.55.11-900x583.webp"},"medium_large":{"file":"alan-correa-2025-12-03-as-16.55.11-768x497.webp","width":768,"height":497,"filesize":27590,"sources":{"image\/webp":{"file":"alan-correa-2025-12-03-as-16.55.11-768x497.webp","filesize":27590,"sourceUrl":"https:\/\/carro.blog.br\/comparativo\/wp-content\/uploads\/2025\/12\/alan-correa-2025-12-03-as-16.55.11-768x497.webp"}},"mimeType":"image\/webp","sourceUrl":"https:\/\/carro.blog.br\/comparativo\/wp-content\/uploads\/2025\/12\/alan-correa-2025-12-03-as-16.55.11-768x497.webp"},"1536x1536":{"file":"alan-correa-2025-12-03-as-16.55.11-1536x995.webp","width":1536,"height":995,"filesize":59402,"mimeType":"image\/webp","sourceUrl":"https:\/\/carro.blog.br\/comparativo\/wp-content\/uploads\/2025\/12\/alan-correa-2025-12-03-as-16.55.11-1536x995.webp"},"web-stories-poster-portrait":{"file":"alan-correa-2025-12-03-as-16.55.11-640x853.webp","width":640,"height":853,"filesize":24424,"mimeType":"image\/webp","sourceUrl":"https:\/\/carro.blog.br\/comparativo\/wp-content\/uploads\/2025\/12\/alan-correa-2025-12-03-as-16.55.11-640x853.webp"},"web-stories-publisher-logo":{"file":"alan-correa-2025-12-03-as-16.55.11-96x96.webp","width":96,"height":96,"filesize":1800,"mimeType":"image\/webp","sourceUrl":"https:\/\/carro.blog.br\/comparativo\/wp-content\/uploads\/2025\/12\/alan-correa-2025-12-03-as-16.55.11-96x96.webp"},"web-stories-thumbnail":{"file":"alan-correa-2025-12-03-as-16.55.11-150x97.webp","width":150,"height":97,"filesize":3080,"mimeType":"image\/webp","sourceUrl":"https:\/\/carro.blog.br\/comparativo\/wp-content\/uploads\/2025\/12\/alan-correa-2025-12-03-as-16.55.11-150x97.webp"},"full":{"file":"alan-correa-2025-12-03-as-16.55.11.webp","width":1834,"height":1188,"mimeType":"image\/jpeg","sourceUrl":"https:\/\/carro.blog.br\/comparativo\/wp-content\/uploads\/2025\/12\/alan-correa-2025-12-03-as-16.55.11.webp","sources":{"image\/webp":{"file":"alan-correa-2025-12-03-as-16.55.11.webp","filesize":75190,"sourceUrl":"https:\/\/carro.blog.br\/comparativo\/wp-content\/uploads\/2025\/12\/alan-correa-2025-12-03-as-16.55.11.webp"}}}},"isPlaceholder":false,"isExternal":false,"needsProxy":false,"baseColor":null,"blurHash":"U~LpQZ~LV@Ibt3ayRnkCahahaxocayf7j[fR","creationDate":"2025-12-03T19:55:47","src":"https:\/\/carro.blog.br\/comparativo\/wp-content\/uploads\/2025\/12\/alan-correa-2025-12-03-as-16.55.11.webp","id":170,"alt":"alan-correa- 2025-12-03 a\u0300s 16.55.11","local":false,"provider":"local"},"x":-32,"y":-86,"width":479,"height":790,"mask":{"type":"rectangle","showInLibrary":true,"name":"Ret\u00e2ngulo","path":"M 0,0 1,0 1,1 0,1 0,0 Z","ratio":1,"supportsBorder":true},"id":"342d66ce-6232-4066-9be4-6f45ce80d1d4","isLocked":false,"type":"image"},{"opacity":100,"flip":{"vertical":false,"horizontal":false},"rotationAngle":0,"lockAspectRatio":true,"backgroundTextMode":"HIGHLIGHT","font":{"family":"Merriweather"},"fontSize":20,"backgroundColor":{"color":{"r":255,"g":255,"b":255}},"lineHeight":1.3000000000000000444089209850062616169452667236328125,"textAlign":"left","padding":{"locked":true,"hasHiddenPadding":true,"horizontal":8,"vertical":4},"content":"<span style=\"font-weight: 700; color: #2d5897\">Consumo urbano: Pulse T200 Hybrid 2025 faz 13,4 km\/l gasolina, 9,3 km\/l etanol, enquanto o Nivus Highline 2025 marca 12,4 km\/l gasolina e 8,6 km\/l etanol.<\/span>","x":48,"y":190,"width":315,"height":204,"basedOn":"02fa0e27-95ee-4d9c-b2ff-92afda5f2b9f","id":"e350737c-c090-43ab-9add-386c590e3069","borderRadius":{"topLeft":0,"topRight":0,"bottomRight":0,"bottomLeft":0,"locked":true},"type":"text"},{"opacity":100,"flip":{"vertical":false,"horizontal":false},"rotationAngle":0,"lockAspectRatio":false,"scale":100,"focalX":50,"focalY":50,"resource":{"type":"image","mimeType":"image\/png","width":1500,"height":350,"sizes":{"medium":{"file":"logo-webstories-350x82.webp","width":350,"height":82,"filesize":3220,"sources":{"image\/webp":{"file":"logo-webstories-350x82.webp","filesize":3220,"sourceUrl":"https:\/\/carro.blog.br\/wp-content\/uploads\/2025\/03\/logo-webstories-350x82.webp"}},"mimeType":"image\/webp","sourceUrl":"https:\/\/carro.blog.br\/wp-content\/uploads\/2025\/03\/logo-webstories-350x82.webp"},"thumbnail":{"file":"logo-webstories-900x210.webp","width":900,"height":210,"filesize":9158,"sources":{"image\/webp":{"file":"logo-webstories-900x210.webp","filesize":9158,"sourceUrl":"https:\/\/carro.blog.br\/wp-content\/uploads\/2025\/03\/logo-webstories-900x210.webp"}},"mimeType":"image\/webp","sourceUrl":"https:\/\/carro.blog.br\/wp-content\/uploads\/2025\/03\/logo-webstories-900x210.webp"},"medium_large":{"file":"logo-webstories-768x179.webp","width":768,"height":179,"filesize":7634,"sources":{"image\/webp":{"file":"logo-webstories-768x179.webp","filesize":7634,"sourceUrl":"https:\/\/carro.blog.br\/wp-content\/uploads\/2025\/03\/logo-webstories-768x179.webp"}},"mimeType":"image\/webp","sourceUrl":"https:\/\/carro.blog.br\/wp-content\/uploads\/2025\/03\/logo-webstories-768x179.webp"},"web-stories-poster-portrait":{"file":"logo-webstories-640x350.webp","width":640,"height":350,"filesize":7132,"mimeType":"image\/webp","sourceUrl":"https:\/\/carro.blog.br\/wp-content\/uploads\/2025\/03\/logo-webstories-640x350.webp"},"web-stories-publisher-logo":{"file":"logo-webstories-96x96.webp","width":96,"height":96,"filesize":1230,"mimeType":"image\/webp","sourceUrl":"https:\/\/carro.blog.br\/wp-content\/uploads\/2025\/03\/logo-webstories-96x96.webp"},"web-stories-thumbnail":{"file":"logo-webstories-150x35.webp","width":150,"height":35,"filesize":1360,"mimeType":"image\/webp","sourceUrl":"https:\/\/carro.blog.br\/wp-content\/uploads\/2025\/03\/logo-webstories-150x35.webp"},"full":{"file":"logo-webstories-png.webp","width":1500,"height":350,"mimeType":"image\/png","sourceUrl":"https:\/\/carro.blog.br\/wp-content\/uploads\/2025\/03\/logo-webstories-png.webp","sources":{"image\/webp":{"file":"logo-webstories-png.webp","filesize":17298,"sourceUrl":"https:\/\/carro.blog.br\/wp-content\/uploads\/2025\/03\/logo-webstories-png.webp"}}}},"isPlaceholder":false,"isExternal":false,"needsProxy":false,"baseColor":"#567299","blurHash":"UDAw9+}*m%tRs.oej[WX005ZpKM{NHR+ays,","creationDate":"2025-03-09T18:04:13","src":"https:\/\/carro.blog.br\/wp-content\/uploads\/2025\/03\/logo-webstories-png.webp","id":86727,"alt":"logo-webstories","local":false},"x":24,"y":-25,"width":363,"height":77,"mask":{"type":"rectangle","showInLibrary":true,"name":"Ret\u00e2ngulo","path":"M 0,0 1,0 1,1 0,1 0,0 Z","ratio":1,"supportsBorder":true},"id":"9110b3b5-1191-4c61-96c7-046aa6bc7648","type":"image"}],"backgroundColor":{"color":{"r":255,"g":255,"b":255}},"animations":[{"id":"25d0854f-34b7-4fa5-8e37-4eb86c7c3701","type":"effect-background-zoom","zoomDirection":"scaleOut","duration":100,"delay":0,"targets":["e6d3e0fe-3972-4435-9fdb-90fcf253cd32"]},{"id":"0e046b3e-364c-49b4-9dca-b8e60170b679","type":"effect-pulse","scale":0.5,"iterations":1,"duration":1450,"delay":0,"targets":["342d66ce-6232-4066-9be4-6f45ce80d1d4"]},{"id":"ceb9b414-dc82-4bd1-8c02-7f0eb69300f5","type":"effect-fly-in","flyInDir":"leftToRight","duration":600,"delay":0,"targets":["e350737c-c090-43ab-9add-386c590e3069"]},{"id":"3716e82b-903d-40bc-a079-39a61bd5f1c9","type":"effect-fly-in","flyInDir":"topToBottom","duration":600,"delay":0,"targets":["9110b3b5-1191-4c61-96c7-046aa6bc7648"]}],"id":"40bf6c2a-3caf-4db5-98d4-6ada5cecf3c6","pageAttachment":{"url":"https:\/\/carro.blog.br\/comparativo\/volkswagen-nivus-2025-ou-fiat-pulse-t200-hybrid-2025-comparativo-de-melhor-suv-para-uso-urbano.html?tipo=amp","icon":"","needsProxy":false,"theme":"light","ctaText":"Arraste Para Cima"},"defaultBackgroundElement":{"opacity":100,"flip":{"vertical":false,"horizontal":false},"rotationAngle":0,"lockAspectRatio":true,"backgroundColor":{"color":{"r":196,"g":196,"b":196}},"x":1,"y":1,"width":1,"height":1,"mask":{"type":"rectangle"},"isBackground":true,"isDefaultBackground":true,"id":"4fdbe143-0fc4-42fe-adcb-6e080723c583","type":"shape"}},{"elements":[{"opacity":100,"flip":{"vertical":false,"horizontal":false},"rotationAngle":0,"lockAspectRatio":true,"scale":100,"focalX":50,"focalY":50,"resource":{"type":"video","mimeType":"video\/mp4","width":3840,"height":2160,"sizes":{"full":{"file":"media\/coverr:lOBFIJnPmy","sourceUrl":"https:\/\/cdn.coverr.co\/videos\/coverr-road-that-goes-through-the-fields-8172\/1080p.mp4","mimeType":"video\/mp4","width":3840,"height":2160},"preview":{"file":"media\/coverr:lOBFIJnPmy","sourceUrl":"https:\/\/cdn.coverr.co\/videos\/coverr-road-that-goes-through-the-fields-8172\/360p.mp4","mimeType":"video\/mp4","width":640,"height":360}},"isPlaceholder":false,"isExternal":true,"needsProxy":false,"id":"media\/coverr:lOBFIJnPmy","creationDate":"2020-12-23T13:42:27.000000806Z","src":"https:\/\/cdn.coverr.co\/videos\/coverr-road-that-goes-through-the-fields-8172\/1080p.mp4","alt":"Aerial shot of a road that goes through the fields. ","poster":"https:\/\/cdn.coverr.co\/videos\/coverr-road-that-goes-through-the-fields-8172\/thumbnail?width=1920","posterId":"media\/coverr:lOBFIJnPmy","isOptimized":true,"length":10,"lengthFormatted":"0:10","isMuted":true},"controls":false,"loop":true,"autoPlay":true,"volume":1,"tracks":[],"backgroundColor":{"color":{"r":196,"g":196,"b":196}},"x":48,"y":0,"width":330,"height":185,"mask":{"type":"rectangle"},"isBackground":true,"id":"5931dd37-ff93-445a-bc29-003830df6e03","overlay":{"type":"radial","size":{"w":0.67000000000000003996802888650563545525074005126953125,"h":0.67000000000000003996802888650563545525074005126953125},"stops":[{"color":{"r":0,"g":0,"b":0,"a":0},"position":0},{"color":{"r":0,"g":0,"b":0,"a":1},"position":1}],"alpha":0.6999999999999999555910790149937383830547332763671875},"type":"video"},{"opacity":50,"flip":{"vertical":false,"horizontal":false},"rotationAngle":0,"lockAspectRatio":false,"scale":100,"focalX":50,"focalY":50,"resource":{"type":"image","mimeType":"image\/jpeg","width":1834,"height":1188,"sizes":{"medium":{"file":"alan-correa-2025-12-03-as-16.55.11-400x259.webp","width":400,"height":259,"filesize":12668,"sources":{"image\/webp":{"file":"alan-correa-2025-12-03-as-16.55.11-400x259.webp","filesize":12668,"sourceUrl":"https:\/\/carro.blog.br\/comparativo\/wp-content\/uploads\/2025\/12\/alan-correa-2025-12-03-as-16.55.11-400x259.webp"}},"mimeType":"image\/webp","sourceUrl":"https:\/\/carro.blog.br\/comparativo\/wp-content\/uploads\/2025\/12\/alan-correa-2025-12-03-as-16.55.11-400x259.webp"},"large":{"file":"alan-correa-2025-12-03-as-16.55.11-1800x1166.webp","width":1800,"height":1166,"filesize":67736,"sources":{"image\/webp":{"file":"alan-correa-2025-12-03-as-16.55.11-1800x1166.webp","filesize":67736,"sourceUrl":"https:\/\/carro.blog.br\/comparativo\/wp-content\/uploads\/2025\/12\/alan-correa-2025-12-03-as-16.55.11-1800x1166.webp"}},"mimeType":"image\/webp","sourceUrl":"https:\/\/carro.blog.br\/comparativo\/wp-content\/uploads\/2025\/12\/alan-correa-2025-12-03-as-16.55.11-1800x1166.webp"},"thumbnail":{"file":"alan-correa-2025-12-03-as-16.55.11-900x583.webp","width":900,"height":583,"filesize":32840,"sources":{"image\/webp":{"file":"alan-correa-2025-12-03-as-16.55.11-900x583.webp","filesize":32840,"sourceUrl":"https:\/\/carro.blog.br\/comparativo\/wp-content\/uploads\/2025\/12\/alan-correa-2025-12-03-as-16.55.11-900x583.webp"}},"mimeType":"image\/webp","sourceUrl":"https:\/\/carro.blog.br\/comparativo\/wp-content\/uploads\/2025\/12\/alan-correa-2025-12-03-as-16.55.11-900x583.webp"},"medium_large":{"file":"alan-correa-2025-12-03-as-16.55.11-768x497.webp","width":768,"height":497,"filesize":27590,"sources":{"image\/webp":{"file":"alan-correa-2025-12-03-as-16.55.11-768x497.webp","filesize":27590,"sourceUrl":"https:\/\/carro.blog.br\/comparativo\/wp-content\/uploads\/2025\/12\/alan-correa-2025-12-03-as-16.55.11-768x497.webp"}},"mimeType":"image\/webp","sourceUrl":"https:\/\/carro.blog.br\/comparativo\/wp-content\/uploads\/2025\/12\/alan-correa-2025-12-03-as-16.55.11-768x497.webp"},"1536x1536":{"file":"alan-correa-2025-12-03-as-16.55.11-1536x995.webp","width":1536,"height":995,"filesize":59402,"mimeType":"image\/webp","sourceUrl":"https:\/\/carro.blog.br\/comparativo\/wp-content\/uploads\/2025\/12\/alan-correa-2025-12-03-as-16.55.11-1536x995.webp"},"web-stories-poster-portrait":{"file":"alan-correa-2025-12-03-as-16.55.11-640x853.webp","width":640,"height":853,"filesize":24424,"mimeType":"image\/webp","sourceUrl":"https:\/\/carro.blog.br\/comparativo\/wp-content\/uploads\/2025\/12\/alan-correa-2025-12-03-as-16.55.11-640x853.webp"},"web-stories-publisher-logo":{"file":"alan-correa-2025-12-03-as-16.55.11-96x96.webp","width":96,"height":96,"filesize":1800,"mimeType":"image\/webp","sourceUrl":"https:\/\/carro.blog.br\/comparativo\/wp-content\/uploads\/2025\/12\/alan-correa-2025-12-03-as-16.55.11-96x96.webp"},"web-stories-thumbnail":{"file":"alan-correa-2025-12-03-as-16.55.11-150x97.webp","width":150,"height":97,"filesize":3080,"mimeType":"image\/webp","sourceUrl":"https:\/\/carro.blog.br\/comparativo\/wp-content\/uploads\/2025\/12\/alan-correa-2025-12-03-as-16.55.11-150x97.webp"},"full":{"file":"alan-correa-2025-12-03-as-16.55.11.webp","width":1834,"height":1188,"mimeType":"image\/jpeg","sourceUrl":"https:\/\/carro.blog.br\/comparativo\/wp-content\/uploads\/2025\/12\/alan-correa-2025-12-03-as-16.55.11.webp","sources":{"image\/webp":{"file":"alan-correa-2025-12-03-as-16.55.11.webp","filesize":75190,"sourceUrl":"https:\/\/carro.blog.br\/comparativo\/wp-content\/uploads\/2025\/12\/alan-correa-2025-12-03-as-16.55.11.webp"}}}},"isPlaceholder":false,"isExternal":false,"needsProxy":false,"baseColor":null,"blurHash":"U~LpQZ~LV@Ibt3ayRnkCahahaxocayf7j[fR","creationDate":"2025-12-03T19:55:47","src":"https:\/\/carro.blog.br\/comparativo\/wp-content\/uploads\/2025\/12\/alan-correa-2025-12-03-as-16.55.11.webp","id":170,"alt":"alan-correa- 2025-12-03 a\u0300s 16.55.11","local":false,"provider":"local"},"x":-32,"y":-86,"width":479,"height":790,"mask":{"type":"rectangle","showInLibrary":true,"name":"Ret\u00e2ngulo","path":"M 0,0 1,0 1,1 0,1 0,0 Z","ratio":1,"supportsBorder":true},"id":"d16ca6aa-0b63-4928-9598-a1280fcb2039","isLocked":false,"type":"image"},{"opacity":100,"flip":{"vertical":false,"horizontal":false},"rotationAngle":0,"lockAspectRatio":true,"backgroundTextMode":"HIGHLIGHT","font":{"family":"Merriweather"},"fontSize":20,"backgroundColor":{"color":{"r":255,"g":255,"b":255}},"lineHeight":1.3000000000000000444089209850062616169452667236328125,"textAlign":"left","padding":{"locked":true,"hasHiddenPadding":true,"horizontal":8,"vertical":4},"content":"<span style=\"font-weight: 700; color: #2d5897\">Efici\u00eancia geral: Pulse T200 Hybrid usa sistema h\u00edbrido leve para reduzir consumo, enquanto o Nivus mant\u00e9m m\u00e9dias equilibradas com motor 1.0 turbo convencional.<\/span>","x":48,"y":190,"width":315,"height":204,"basedOn":"02fa0e27-95ee-4d9c-b2ff-92afda5f2b9f","id":"79d796f2-712d-4c30-89ed-701788193499","borderRadius":{"topLeft":0,"topRight":0,"bottomRight":0,"bottomLeft":0,"locked":true},"type":"text"},{"opacity":100,"flip":{"vertical":false,"horizontal":false},"rotationAngle":0,"lockAspectRatio":false,"scale":100,"focalX":50,"focalY":50,"resource":{"type":"image","mimeType":"image\/png","width":1500,"height":350,"sizes":{"medium":{"file":"logo-webstories-350x82.webp","width":350,"height":82,"filesize":3220,"sources":{"image\/webp":{"file":"logo-webstories-350x82.webp","filesize":3220,"sourceUrl":"https:\/\/carro.blog.br\/wp-content\/uploads\/2025\/03\/logo-webstories-350x82.webp"}},"mimeType":"image\/webp","sourceUrl":"https:\/\/carro.blog.br\/wp-content\/uploads\/2025\/03\/logo-webstories-350x82.webp"},"thumbnail":{"file":"logo-webstories-900x210.webp","width":900,"height":210,"filesize":9158,"sources":{"image\/webp":{"file":"logo-webstories-900x210.webp","filesize":9158,"sourceUrl":"https:\/\/carro.blog.br\/wp-content\/uploads\/2025\/03\/logo-webstories-900x210.webp"}},"mimeType":"image\/webp","sourceUrl":"https:\/\/carro.blog.br\/wp-content\/uploads\/2025\/03\/logo-webstories-900x210.webp"},"medium_large":{"file":"logo-webstories-768x179.webp","width":768,"height":179,"filesize":7634,"sources":{"image\/webp":{"file":"logo-webstories-768x179.webp","filesize":7634,"sourceUrl":"https:\/\/carro.blog.br\/wp-content\/uploads\/2025\/03\/logo-webstories-768x179.webp"}},"mimeType":"image\/webp","sourceUrl":"https:\/\/carro.blog.br\/wp-content\/uploads\/2025\/03\/logo-webstories-768x179.webp"},"web-stories-poster-portrait":{"file":"logo-webstories-640x350.webp","width":640,"height":350,"filesize":7132,"mimeType":"image\/webp","sourceUrl":"https:\/\/carro.blog.br\/wp-content\/uploads\/2025\/03\/logo-webstories-640x350.webp"},"web-stories-publisher-logo":{"file":"logo-webstories-96x96.webp","width":96,"height":96,"filesize":1230,"mimeType":"image\/webp","sourceUrl":"https:\/\/carro.blog.br\/wp-content\/uploads\/2025\/03\/logo-webstories-96x96.webp"},"web-stories-thumbnail":{"file":"logo-webstories-150x35.webp","width":150,"height":35,"filesize":1360,"mimeType":"image\/webp","sourceUrl":"https:\/\/carro.blog.br\/wp-content\/uploads\/2025\/03\/logo-webstories-150x35.webp"},"full":{"file":"logo-webstories-png.webp","width":1500,"height":350,"mimeType":"image\/png","sourceUrl":"https:\/\/carro.blog.br\/wp-content\/uploads\/2025\/03\/logo-webstories-png.webp","sources":{"image\/webp":{"file":"logo-webstories-png.webp","filesize":17298,"sourceUrl":"https:\/\/carro.blog.br\/wp-content\/uploads\/2025\/03\/logo-webstories-png.webp"}}}},"isPlaceholder":false,"isExternal":false,"needsProxy":false,"baseColor":"#567299","blurHash":"UDAw9+}*m%tRs.oej[WX005ZpKM{NHR+ays,","creationDate":"2025-03-09T18:04:13","src":"https:\/\/carro.blog.br\/wp-content\/uploads\/2025\/03\/logo-webstories-png.webp","id":86727,"alt":"logo-webstories","local":false},"x":24,"y":-25,"width":363,"height":77,"mask":{"type":"rectangle","showInLibrary":true,"name":"Ret\u00e2ngulo","path":"M 0,0 1,0 1,1 0,1 0,0 Z","ratio":1,"supportsBorder":true},"id":"77ec3ccd-ff91-4c80-9b3f-d473b48a8c84","type":"image"}],"backgroundColor":{"color":{"r":255,"g":255,"b":255}},"animations":[{"id":"623f7055-7228-4d6a-b89e-b639f30fc13c","type":"effect-background-zoom","zoomDirection":"scaleOut","duration":100,"delay":0,"targets":["5931dd37-ff93-445a-bc29-003830df6e03"]},{"id":"ac338729-e15a-438c-8f66-e9f415fa0f30","type":"effect-pulse","scale":0.5,"iterations":1,"duration":1450,"delay":0,"targets":["d16ca6aa-0b63-4928-9598-a1280fcb2039"]},{"id":"0b0deca6-fc98-4124-bcba-a109e2f8791b","type":"effect-fly-in","flyInDir":"leftToRight","duration":600,"delay":0,"targets":["79d796f2-712d-4c30-89ed-701788193499"]},{"id":"a27263a7-10a8-41e4-b47d-ae180696b38e","type":"effect-fly-in","flyInDir":"topToBottom","duration":600,"delay":0,"targets":["77ec3ccd-ff91-4c80-9b3f-d473b48a8c84"]}],"id":"4f2d5ece-e995-4103-ad68-2e06e8b8739f","pageAttachment":{"url":"https:\/\/carro.blog.br\/comparativo\/volkswagen-nivus-2025-ou-fiat-pulse-t200-hybrid-2025-comparativo-de-melhor-suv-para-uso-urbano.html?tipo=amp","icon":"","needsProxy":false,"theme":"light","ctaText":"Arraste Para Cima"},"defaultBackgroundElement":{"opacity":100,"flip":{"vertical":false,"horizontal":false},"rotationAngle":0,"lockAspectRatio":true,"backgroundColor":{"color":{"r":196,"g":196,"b":196}},"x":1,"y":1,"width":1,"height":1,"mask":{"type":"rectangle"},"isBackground":true,"isDefaultBackground":true,"id":"4fdbe143-0fc4-42fe-adcb-6e080723c583","type":"shape"}},{"elements":[{"opacity":100,"flip":{"vertical":false,"horizontal":false},"rotationAngle":0,"lockAspectRatio":true,"scale":100,"focalX":50,"focalY":50,"resource":{"type":"video","mimeType":"video\/mp4","width":3840,"height":2160,"sizes":{"full":{"file":"media\/coverr:lOBFIJnPmy","sourceUrl":"https:\/\/cdn.coverr.co\/videos\/coverr-road-that-goes-through-the-fields-8172\/1080p.mp4","mimeType":"video\/mp4","width":3840,"height":2160},"preview":{"file":"media\/coverr:lOBFIJnPmy","sourceUrl":"https:\/\/cdn.coverr.co\/videos\/coverr-road-that-goes-through-the-fields-8172\/360p.mp4","mimeType":"video\/mp4","width":640,"height":360}},"isPlaceholder":false,"isExternal":true,"needsProxy":false,"id":"media\/coverr:lOBFIJnPmy","creationDate":"2020-12-23T13:42:27.000000806Z","src":"https:\/\/cdn.coverr.co\/videos\/coverr-road-that-goes-through-the-fields-8172\/1080p.mp4","alt":"Aerial shot of a road that goes through the fields. ","poster":"https:\/\/cdn.coverr.co\/videos\/coverr-road-that-goes-through-the-fields-8172\/thumbnail?width=1920","posterId":"media\/coverr:lOBFIJnPmy","isOptimized":true,"length":10,"lengthFormatted":"0:10","isMuted":true},"controls":false,"loop":true,"autoPlay":true,"volume":1,"tracks":[],"backgroundColor":{"color":{"r":196,"g":196,"b":196}},"x":48,"y":0,"width":330,"height":185,"mask":{"type":"rectangle"},"isBackground":true,"id":"937c893f-08a4-4282-9b7e-9d24eefccf20","overlay":{"type":"radial","size":{"w":0.67000000000000003996802888650563545525074005126953125,"h":0.67000000000000003996802888650563545525074005126953125},"stops":[{"color":{"r":0,"g":0,"b":0,"a":0},"position":0},{"color":{"r":0,"g":0,"b":0,"a":1},"position":1}],"alpha":0.6999999999999999555910790149937383830547332763671875},"type":"video"},{"opacity":50,"flip":{"vertical":false,"horizontal":false},"rotationAngle":0,"lockAspectRatio":false,"scale":100,"focalX":50,"focalY":50,"resource":{"type":"image","mimeType":"image\/jpeg","width":1834,"height":1188,"sizes":{"medium":{"file":"alan-correa-2025-12-03-as-16.55.11-400x259.webp","width":400,"height":259,"filesize":12668,"sources":{"image\/webp":{"file":"alan-correa-2025-12-03-as-16.55.11-400x259.webp","filesize":12668,"sourceUrl":"https:\/\/carro.blog.br\/comparativo\/wp-content\/uploads\/2025\/12\/alan-correa-2025-12-03-as-16.55.11-400x259.webp"}},"mimeType":"image\/webp","sourceUrl":"https:\/\/carro.blog.br\/comparativo\/wp-content\/uploads\/2025\/12\/alan-correa-2025-12-03-as-16.55.11-400x259.webp"},"large":{"file":"alan-correa-2025-12-03-as-16.55.11-1800x1166.webp","width":1800,"height":1166,"filesize":67736,"sources":{"image\/webp":{"file":"alan-correa-2025-12-03-as-16.55.11-1800x1166.webp","filesize":67736,"sourceUrl":"https:\/\/carro.blog.br\/comparativo\/wp-content\/uploads\/2025\/12\/alan-correa-2025-12-03-as-16.55.11-1800x1166.webp"}},"mimeType":"image\/webp","sourceUrl":"https:\/\/carro.blog.br\/comparativo\/wp-content\/uploads\/2025\/12\/alan-correa-2025-12-03-as-16.55.11-1800x1166.webp"},"thumbnail":{"file":"alan-correa-2025-12-03-as-16.55.11-900x583.webp","width":900,"height":583,"filesize":32840,"sources":{"image\/webp":{"file":"alan-correa-2025-12-03-as-16.55.11-900x583.webp","filesize":32840,"sourceUrl":"https:\/\/carro.blog.br\/comparativo\/wp-content\/uploads\/2025\/12\/alan-correa-2025-12-03-as-16.55.11-900x583.webp"}},"mimeType":"image\/webp","sourceUrl":"https:\/\/carro.blog.br\/comparativo\/wp-content\/uploads\/2025\/12\/alan-correa-2025-12-03-as-16.55.11-900x583.webp"},"medium_large":{"file":"alan-correa-2025-12-03-as-16.55.11-768x497.webp","width":768,"height":497,"filesize":27590,"sources":{"image\/webp":{"file":"alan-correa-2025-12-03-as-16.55.11-768x497.webp","filesize":27590,"sourceUrl":"https:\/\/carro.blog.br\/comparativo\/wp-content\/uploads\/2025\/12\/alan-correa-2025-12-03-as-16.55.11-768x497.webp"}},"mimeType":"image\/webp","sourceUrl":"https:\/\/carro.blog.br\/comparativo\/wp-content\/uploads\/2025\/12\/alan-correa-2025-12-03-as-16.55.11-768x497.webp"},"1536x1536":{"file":"alan-correa-2025-12-03-as-16.55.11-1536x995.webp","width":1536,"height":995,"filesize":59402,"mimeType":"image\/webp","sourceUrl":"https:\/\/carro.blog.br\/comparativo\/wp-content\/uploads\/2025\/12\/alan-correa-2025-12-03-as-16.55.11-1536x995.webp"},"web-stories-poster-portrait":{"file":"alan-correa-2025-12-03-as-16.55.11-640x853.webp","width":640,"height":853,"filesize":24424,"mimeType":"image\/webp","sourceUrl":"https:\/\/carro.blog.br\/comparativo\/wp-content\/uploads\/2025\/12\/alan-correa-2025-12-03-as-16.55.11-640x853.webp"},"web-stories-publisher-logo":{"file":"alan-correa-2025-12-03-as-16.55.11-96x96.webp","width":96,"height":96,"filesize":1800,"mimeType":"image\/webp","sourceUrl":"https:\/\/carro.blog.br\/comparativo\/wp-content\/uploads\/2025\/12\/alan-correa-2025-12-03-as-16.55.11-96x96.webp"},"web-stories-thumbnail":{"file":"alan-correa-2025-12-03-as-16.55.11-150x97.webp","width":150,"height":97,"filesize":3080,"mimeType":"image\/webp","sourceUrl":"https:\/\/carro.blog.br\/comparativo\/wp-content\/uploads\/2025\/12\/alan-correa-2025-12-03-as-16.55.11-150x97.webp"},"full":{"file":"alan-correa-2025-12-03-as-16.55.11.webp","width":1834,"height":1188,"mimeType":"image\/jpeg","sourceUrl":"https:\/\/carro.blog.br\/comparativo\/wp-content\/uploads\/2025\/12\/alan-correa-2025-12-03-as-16.55.11.webp","sources":{"image\/webp":{"file":"alan-correa-2025-12-03-as-16.55.11.webp","filesize":75190,"sourceUrl":"https:\/\/carro.blog.br\/comparativo\/wp-content\/uploads\/2025\/12\/alan-correa-2025-12-03-as-16.55.11.webp"}}}},"isPlaceholder":false,"isExternal":false,"needsProxy":false,"baseColor":null,"blurHash":"U~LpQZ~LV@Ibt3ayRnkCahahaxocayf7j[fR","creationDate":"2025-12-03T19:55:47","src":"https:\/\/carro.blog.br\/comparativo\/wp-content\/uploads\/2025\/12\/alan-correa-2025-12-03-as-16.55.11.webp","id":170,"alt":"alan-correa- 2025-12-03 a\u0300s 16.55.11","local":false,"provider":"local"},"x":-32,"y":-86,"width":479,"height":790,"mask":{"type":"rectangle","showInLibrary":true,"name":"Ret\u00e2ngulo","path":"M 0,0 1,0 1,1 0,1 0,0 Z","ratio":1,"supportsBorder":true},"id":"1acee85d-6ab7-4927-8acc-d061ebb2d163","isLocked":false,"type":"image"},{"opacity":100,"flip":{"vertical":false,"horizontal":false},"rotationAngle":0,"lockAspectRatio":true,"backgroundTextMode":"HIGHLIGHT","font":{"family":"Merriweather"},"fontSize":20,"backgroundColor":{"color":{"r":255,"g":255,"b":255}},"lineHeight":1.3000000000000000444089209850062616169452667236328125,"textAlign":"left","padding":{"locked":true,"hasHiddenPadding":true,"horizontal":8,"vertical":4},"content":"<span style=\"font-weight: 700; color: #2d5897\">Acelera\u00e7\u00e3o: Pulse T200 Hybrid acelera em 9,4 s no etanol e 9,7 s na gasolina, enquanto o Nivus Highline fica entre 10,0 e 10,5 s no 0 a 100 km\/h.<\/span>","x":48,"y":190,"width":315,"height":204,"basedOn":"02fa0e27-95ee-4d9c-b2ff-92afda5f2b9f","id":"822ddd76-6f6a-4679-8696-2b6cd5d4c6f9","borderRadius":{"topLeft":0,"topRight":0,"bottomRight":0,"bottomLeft":0,"locked":true},"type":"text"},{"opacity":100,"flip":{"vertical":false,"horizontal":false},"rotationAngle":0,"lockAspectRatio":false,"scale":100,"focalX":50,"focalY":50,"resource":{"type":"image","mimeType":"image\/png","width":1500,"height":350,"sizes":{"medium":{"file":"logo-webstories-350x82.webp","width":350,"height":82,"filesize":3220,"sources":{"image\/webp":{"file":"logo-webstories-350x82.webp","filesize":3220,"sourceUrl":"https:\/\/carro.blog.br\/wp-content\/uploads\/2025\/03\/logo-webstories-350x82.webp"}},"mimeType":"image\/webp","sourceUrl":"https:\/\/carro.blog.br\/wp-content\/uploads\/2025\/03\/logo-webstories-350x82.webp"},"thumbnail":{"file":"logo-webstories-900x210.webp","width":900,"height":210,"filesize":9158,"sources":{"image\/webp":{"file":"logo-webstories-900x210.webp","filesize":9158,"sourceUrl":"https:\/\/carro.blog.br\/wp-content\/uploads\/2025\/03\/logo-webstories-900x210.webp"}},"mimeType":"image\/webp","sourceUrl":"https:\/\/carro.blog.br\/wp-content\/uploads\/2025\/03\/logo-webstories-900x210.webp"},"medium_large":{"file":"logo-webstories-768x179.webp","width":768,"height":179,"filesize":7634,"sources":{"image\/webp":{"file":"logo-webstories-768x179.webp","filesize":7634,"sourceUrl":"https:\/\/carro.blog.br\/wp-content\/uploads\/2025\/03\/logo-webstories-768x179.webp"}},"mimeType":"image\/webp","sourceUrl":"https:\/\/carro.blog.br\/wp-content\/uploads\/2025\/03\/logo-webstories-768x179.webp"},"web-stories-poster-portrait":{"file":"logo-webstories-640x350.webp","width":640,"height":350,"filesize":7132,"mimeType":"image\/webp","sourceUrl":"https:\/\/carro.blog.br\/wp-content\/uploads\/2025\/03\/logo-webstories-640x350.webp"},"web-stories-publisher-logo":{"file":"logo-webstories-96x96.webp","width":96,"height":96,"filesize":1230,"mimeType":"image\/webp","sourceUrl":"https:\/\/carro.blog.br\/wp-content\/uploads\/2025\/03\/logo-webstories-96x96.webp"},"web-stories-thumbnail":{"file":"logo-webstories-150x35.webp","width":150,"height":35,"filesize":1360,"mimeType":"image\/webp","sourceUrl":"https:\/\/carro.blog.br\/wp-content\/uploads\/2025\/03\/logo-webstories-150x35.webp"},"full":{"file":"logo-webstories-png.webp","width":1500,"height":350,"mimeType":"image\/png","sourceUrl":"https:\/\/carro.blog.br\/wp-content\/uploads\/2025\/03\/logo-webstories-png.webp","sources":{"image\/webp":{"file":"logo-webstories-png.webp","filesize":17298,"sourceUrl":"https:\/\/carro.blog.br\/wp-content\/uploads\/2025\/03\/logo-webstories-png.webp"}}}},"isPlaceholder":false,"isExternal":false,"needsProxy":false,"baseColor":"#567299","blurHash":"UDAw9+}*m%tRs.oej[WX005ZpKM{NHR+ays,","creationDate":"2025-03-09T18:04:13","src":"https:\/\/carro.blog.br\/wp-content\/uploads\/2025\/03\/logo-webstories-png.webp","id":86727,"alt":"logo-webstories","local":false},"x":24,"y":-25,"width":363,"height":77,"mask":{"type":"rectangle","showInLibrary":true,"name":"Ret\u00e2ngulo","path":"M 0,0 1,0 1,1 0,1 0,0 Z","ratio":1,"supportsBorder":true},"id":"03b3b2e9-4247-4223-a9e1-7ecaa66bbc61","type":"image"}],"backgroundColor":{"color":{"r":255,"g":255,"b":255}},"animations":[{"id":"9a504720-e049-419e-a322-579a2b4a8b8a","type":"effect-background-zoom","zoomDirection":"scaleOut","duration":100,"delay":0,"targets":["937c893f-08a4-4282-9b7e-9d24eefccf20"]},{"id":"380b530e-247c-4873-a48f-7986fdd0350e","type":"effect-pulse","scale":0.5,"iterations":1,"duration":1450,"delay":0,"targets":["1acee85d-6ab7-4927-8acc-d061ebb2d163"]},{"id":"72b61206-5957-4953-b4ce-4fc90c3c9b27","type":"effect-fly-in","flyInDir":"leftToRight","duration":600,"delay":0,"targets":["822ddd76-6f6a-4679-8696-2b6cd5d4c6f9"]},{"id":"aa87ada4-72b5-4194-ae80-d795dc95abd2","type":"effect-fly-in","flyInDir":"topToBottom","duration":600,"delay":0,"targets":["03b3b2e9-4247-4223-a9e1-7ecaa66bbc61"]}],"id":"82a62d78-4bb7-44d2-9179-6dac3519c913","pageAttachment":{"url":"https:\/\/carro.blog.br\/comparativo\/volkswagen-nivus-2025-ou-fiat-pulse-t200-hybrid-2025-comparativo-de-melhor-suv-para-uso-urbano.html?tipo=amp","icon":"","needsProxy":false,"theme":"light","ctaText":"Arraste Para Cima"},"defaultBackgroundElement":{"opacity":100,"flip":{"vertical":false,"horizontal":false},"rotationAngle":0,"lockAspectRatio":true,"backgroundColor":{"color":{"r":196,"g":196,"b":196}},"x":1,"y":1,"width":1,"height":1,"mask":{"type":"rectangle"},"isBackground":true,"isDefaultBackground":true,"id":"4fdbe143-0fc4-42fe-adcb-6e080723c583","type":"shape"}},{"elements":[{"opacity":100,"flip":{"vertical":false,"horizontal":false},"rotationAngle":0,"lockAspectRatio":true,"scale":100,"focalX":50,"focalY":50,"resource":{"type":"video","mimeType":"video\/mp4","width":3840,"height":2160,"sizes":{"full":{"file":"media\/coverr:lOBFIJnPmy","sourceUrl":"https:\/\/cdn.coverr.co\/videos\/coverr-road-that-goes-through-the-fields-8172\/1080p.mp4","mimeType":"video\/mp4","width":3840,"height":2160},"preview":{"file":"media\/coverr:lOBFIJnPmy","sourceUrl":"https:\/\/cdn.coverr.co\/videos\/coverr-road-that-goes-through-the-fields-8172\/360p.mp4","mimeType":"video\/mp4","width":640,"height":360}},"isPlaceholder":false,"isExternal":true,"needsProxy":false,"id":"media\/coverr:lOBFIJnPmy","creationDate":"2020-12-23T13:42:27.000000806Z","src":"https:\/\/cdn.coverr.co\/videos\/coverr-road-that-goes-through-the-fields-8172\/1080p.mp4","alt":"Aerial shot of a road that goes through the fields. ","poster":"https:\/\/cdn.coverr.co\/videos\/coverr-road-that-goes-through-the-fields-8172\/thumbnail?width=1920","posterId":"media\/coverr:lOBFIJnPmy","isOptimized":true,"length":10,"lengthFormatted":"0:10","isMuted":true},"controls":false,"loop":true,"autoPlay":true,"volume":1,"tracks":[],"backgroundColor":{"color":{"r":196,"g":196,"b":196}},"x":48,"y":0,"width":330,"height":185,"mask":{"type":"rectangle"},"isBackground":true,"id":"e3d5458c-84bb-4409-8238-20e76438e928","overlay":{"type":"radial","size":{"w":0.67000000000000003996802888650563545525074005126953125,"h":0.67000000000000003996802888650563545525074005126953125},"stops":[{"color":{"r":0,"g":0,"b":0,"a":0},"position":0},{"color":{"r":0,"g":0,"b":0,"a":1},"position":1}],"alpha":0.6999999999999999555910790149937383830547332763671875},"type":"video"},{"opacity":50,"flip":{"vertical":false,"horizontal":false},"rotationAngle":0,"lockAspectRatio":false,"scale":100,"focalX":50,"focalY":50,"resource":{"type":"image","mimeType":"image\/jpeg","width":1834,"height":1188,"sizes":{"medium":{"file":"alan-correa-2025-12-03-as-16.55.11-400x259.webp","width":400,"height":259,"filesize":12668,"sources":{"image\/webp":{"file":"alan-correa-2025-12-03-as-16.55.11-400x259.webp","filesize":12668,"sourceUrl":"https:\/\/carro.blog.br\/comparativo\/wp-content\/uploads\/2025\/12\/alan-correa-2025-12-03-as-16.55.11-400x259.webp"}},"mimeType":"image\/webp","sourceUrl":"https:\/\/carro.blog.br\/comparativo\/wp-content\/uploads\/2025\/12\/alan-correa-2025-12-03-as-16.55.11-400x259.webp"},"large":{"file":"alan-correa-2025-12-03-as-16.55.11-1800x1166.webp","width":1800,"height":1166,"filesize":67736,"sources":{"image\/webp":{"file":"alan-correa-2025-12-03-as-16.55.11-1800x1166.webp","filesize":67736,"sourceUrl":"https:\/\/carro.blog.br\/comparativo\/wp-content\/uploads\/2025\/12\/alan-correa-2025-12-03-as-16.55.11-1800x1166.webp"}},"mimeType":"image\/webp","sourceUrl":"https:\/\/carro.blog.br\/comparativo\/wp-content\/uploads\/2025\/12\/alan-correa-2025-12-03-as-16.55.11-1800x1166.webp"},"thumbnail":{"file":"alan-correa-2025-12-03-as-16.55.11-900x583.webp","width":900,"height":583,"filesize":32840,"sources":{"image\/webp":{"file":"alan-correa-2025-12-03-as-16.55.11-900x583.webp","filesize":32840,"sourceUrl":"https:\/\/carro.blog.br\/comparativo\/wp-content\/uploads\/2025\/12\/alan-correa-2025-12-03-as-16.55.11-900x583.webp"}},"mimeType":"image\/webp","sourceUrl":"https:\/\/carro.blog.br\/comparativo\/wp-content\/uploads\/2025\/12\/alan-correa-2025-12-03-as-16.55.11-900x583.webp"},"medium_large":{"file":"alan-correa-2025-12-03-as-16.55.11-768x497.webp","width":768,"height":497,"filesize":27590,"sources":{"image\/webp":{"file":"alan-correa-2025-12-03-as-16.55.11-768x497.webp","filesize":27590,"sourceUrl":"https:\/\/carro.blog.br\/comparativo\/wp-content\/uploads\/2025\/12\/alan-correa-2025-12-03-as-16.55.11-768x497.webp"}},"mimeType":"image\/webp","sourceUrl":"https:\/\/carro.blog.br\/comparativo\/wp-content\/uploads\/2025\/12\/alan-correa-2025-12-03-as-16.55.11-768x497.webp"},"1536x1536":{"file":"alan-correa-2025-12-03-as-16.55.11-1536x995.webp","width":1536,"height":995,"filesize":59402,"mimeType":"image\/webp","sourceUrl":"https:\/\/carro.blog.br\/comparativo\/wp-content\/uploads\/2025\/12\/alan-correa-2025-12-03-as-16.55.11-1536x995.webp"},"web-stories-poster-portrait":{"file":"alan-correa-2025-12-03-as-16.55.11-640x853.webp","width":640,"height":853,"filesize":24424,"mimeType":"image\/webp","sourceUrl":"https:\/\/carro.blog.br\/comparativo\/wp-content\/uploads\/2025\/12\/alan-correa-2025-12-03-as-16.55.11-640x853.webp"},"web-stories-publisher-logo":{"file":"alan-correa-2025-12-03-as-16.55.11-96x96.webp","width":96,"height":96,"filesize":1800,"mimeType":"image\/webp","sourceUrl":"https:\/\/carro.blog.br\/comparativo\/wp-content\/uploads\/2025\/12\/alan-correa-2025-12-03-as-16.55.11-96x96.webp"},"web-stories-thumbnail":{"file":"alan-correa-2025-12-03-as-16.55.11-150x97.webp","width":150,"height":97,"filesize":3080,"mimeType":"image\/webp","sourceUrl":"https:\/\/carro.blog.br\/comparativo\/wp-content\/uploads\/2025\/12\/alan-correa-2025-12-03-as-16.55.11-150x97.webp"},"full":{"file":"alan-correa-2025-12-03-as-16.55.11.webp","width":1834,"height":1188,"mimeType":"image\/jpeg","sourceUrl":"https:\/\/carro.blog.br\/comparativo\/wp-content\/uploads\/2025\/12\/alan-correa-2025-12-03-as-16.55.11.webp","sources":{"image\/webp":{"file":"alan-correa-2025-12-03-as-16.55.11.webp","filesize":75190,"sourceUrl":"https:\/\/carro.blog.br\/comparativo\/wp-content\/uploads\/2025\/12\/alan-correa-2025-12-03-as-16.55.11.webp"}}}},"isPlaceholder":false,"isExternal":false,"needsProxy":false,"baseColor":null,"blurHash":"U~LpQZ~LV@Ibt3ayRnkCahahaxocayf7j[fR","creationDate":"2025-12-03T19:55:47","src":"https:\/\/carro.blog.br\/comparativo\/wp-content\/uploads\/2025\/12\/alan-correa-2025-12-03-as-16.55.11.webp","id":170,"alt":"alan-correa- 2025-12-03 a\u0300s 16.55.11","local":false,"provider":"local"},"x":-32,"y":-86,"width":479,"height":790,"mask":{"type":"rectangle","showInLibrary":true,"name":"Ret\u00e2ngulo","path":"M 0,0 1,0 1,1 0,1 0,0 Z","ratio":1,"supportsBorder":true},"id":"37bd88a8-dc5a-4856-aa9c-c3419e048faa","isLocked":false,"type":"image"},{"opacity":100,"flip":{"vertical":false,"horizontal":false},"rotationAngle":0,"lockAspectRatio":true,"backgroundTextMode":"HIGHLIGHT","font":{"family":"Merriweather"},"fontSize":20,"backgroundColor":{"color":{"r":255,"g":255,"b":255}},"lineHeight":1.3000000000000000444089209850062616169452667236328125,"textAlign":"left","padding":{"locked":true,"hasHiddenPadding":true,"horizontal":8,"vertical":4},"content":"<span style=\"font-weight: 700; color: #2d5897\">Pre\u00e7o: Pulse T200 Hybrid parte de R$ 148 mil, enquanto o Nivus Highline 2025 cobra R$ 168 mil entregando pacote mais completo e interior superior.<\/span>","x":48,"y":190,"width":315,"height":204,"basedOn":"02fa0e27-95ee-4d9c-b2ff-92afda5f2b9f","id":"b5aa6d1c-7da6-4abf-9042-1b483beef8e5","borderRadius":{"topLeft":0,"topRight":0,"bottomRight":0,"bottomLeft":0,"locked":true},"type":"text"},{"opacity":100,"flip":{"vertical":false,"horizontal":false},"rotationAngle":0,"lockAspectRatio":false,"scale":100,"focalX":50,"focalY":50,"resource":{"type":"image","mimeType":"image\/png","width":1500,"height":350,"sizes":{"medium":{"file":"logo-webstories-350x82.webp","width":350,"height":82,"filesize":3220,"sources":{"image\/webp":{"file":"logo-webstories-350x82.webp","filesize":3220,"sourceUrl":"https:\/\/carro.blog.br\/wp-content\/uploads\/2025\/03\/logo-webstories-350x82.webp"}},"mimeType":"image\/webp","sourceUrl":"https:\/\/carro.blog.br\/wp-content\/uploads\/2025\/03\/logo-webstories-350x82.webp"},"thumbnail":{"file":"logo-webstories-900x210.webp","width":900,"height":210,"filesize":9158,"sources":{"image\/webp":{"file":"logo-webstories-900x210.webp","filesize":9158,"sourceUrl":"https:\/\/carro.blog.br\/wp-content\/uploads\/2025\/03\/logo-webstories-900x210.webp"}},"mimeType":"image\/webp","sourceUrl":"https:\/\/carro.blog.br\/wp-content\/uploads\/2025\/03\/logo-webstories-900x210.webp"},"medium_large":{"file":"logo-webstories-768x179.webp","width":768,"height":179,"filesize":7634,"sources":{"image\/webp":{"file":"logo-webstories-768x179.webp","filesize":7634,"sourceUrl":"https:\/\/carro.blog.br\/wp-content\/uploads\/2025\/03\/logo-webstories-768x179.webp"}},"mimeType":"image\/webp","sourceUrl":"https:\/\/carro.blog.br\/wp-content\/uploads\/2025\/03\/logo-webstories-768x179.webp"},"web-stories-poster-portrait":{"file":"logo-webstories-640x350.webp","width":640,"height":350,"filesize":7132,"mimeType":"image\/webp","sourceUrl":"https:\/\/carro.blog.br\/wp-content\/uploads\/2025\/03\/logo-webstories-640x350.webp"},"web-stories-publisher-logo":{"file":"logo-webstories-96x96.webp","width":96,"height":96,"filesize":1230,"mimeType":"image\/webp","sourceUrl":"https:\/\/carro.blog.br\/wp-content\/uploads\/2025\/03\/logo-webstories-96x96.webp"},"web-stories-thumbnail":{"file":"logo-webstories-150x35.webp","width":150,"height":35,"filesize":1360,"mimeType":"image\/webp","sourceUrl":"https:\/\/carro.blog.br\/wp-content\/uploads\/2025\/03\/logo-webstories-150x35.webp"},"full":{"file":"logo-webstories-png.webp","width":1500,"height":350,"mimeType":"image\/png","sourceUrl":"https:\/\/carro.blog.br\/wp-content\/uploads\/2025\/03\/logo-webstories-png.webp","sources":{"image\/webp":{"file":"logo-webstories-png.webp","filesize":17298,"sourceUrl":"https:\/\/carro.blog.br\/wp-content\/uploads\/2025\/03\/logo-webstories-png.webp"}}}},"isPlaceholder":false,"isExternal":false,"needsProxy":false,"baseColor":"#567299","blurHash":"UDAw9+}*m%tRs.oej[WX005ZpKM{NHR+ays,","creationDate":"2025-03-09T18:04:13","src":"https:\/\/carro.blog.br\/wp-content\/uploads\/2025\/03\/logo-webstories-png.webp","id":86727,"alt":"logo-webstories","local":false},"x":24,"y":-25,"width":363,"height":77,"mask":{"type":"rectangle","showInLibrary":true,"name":"Ret\u00e2ngulo","path":"M 0,0 1,0 1,1 0,1 0,0 Z","ratio":1,"supportsBorder":true},"id":"6683ab38-71d1-43bf-8c3d-684f9c8517a7","type":"image"}],"backgroundColor":{"color":{"r":255,"g":255,"b":255}},"animations":[{"id":"7626516f-82af-4f8c-8bff-34045c104c1c","type":"effect-background-zoom","zoomDirection":"scaleOut","duration":100,"delay":0,"targets":["e3d5458c-84bb-4409-8238-20e76438e928"]},{"id":"111420f2-873b-4201-9d96-0aaf91f79919","type":"effect-pulse","scale":0.5,"iterations":1,"duration":1450,"delay":0,"targets":["37bd88a8-dc5a-4856-aa9c-c3419e048faa"]},{"id":"74c24a49-d6ed-47e5-a47a-f8cb7526c3f9","type":"effect-fly-in","flyInDir":"leftToRight","duration":600,"delay":0,"targets":["b5aa6d1c-7da6-4abf-9042-1b483beef8e5"]},{"id":"f1f5d368-3950-4caf-b363-29a426d7fdaf","type":"effect-fly-in","flyInDir":"topToBottom","duration":600,"delay":0,"targets":["6683ab38-71d1-43bf-8c3d-684f9c8517a7"]}],"id":"eeed9d78-d8ec-4f2c-a0ef-96c6f48416da","pageAttachment":{"url":"https:\/\/carro.blog.br\/comparativo\/volkswagen-nivus-2025-ou-fiat-pulse-t200-hybrid-2025-comparativo-de-melhor-suv-para-uso-urbano.html?tipo=amp","icon":"","needsProxy":false,"theme":"light","ctaText":"Arraste Para Cima"},"defaultBackgroundElement":{"opacity":100,"flip":{"vertical":false,"horizontal":false},"rotationAngle":0,"lockAspectRatio":true,"backgroundColor":{"color":{"r":196,"g":196,"b":196}},"x":1,"y":1,"width":1,"height":1,"mask":{"type":"rectangle"},"isBackground":true,"isDefaultBackground":true,"id":"4fdbe143-0fc4-42fe-adcb-6e080723c583","type":"shape"}},{"elements":[{"opacity":100,"flip":{"vertical":false,"horizontal":false},"rotationAngle":0,"lockAspectRatio":true,"scale":100,"focalX":50,"focalY":50,"resource":{"type":"video","mimeType":"video\/mp4","width":3840,"height":2160,"sizes":{"full":{"file":"media\/coverr:lOBFIJnPmy","sourceUrl":"https:\/\/cdn.coverr.co\/videos\/coverr-road-that-goes-through-the-fields-8172\/1080p.mp4","mimeType":"video\/mp4","width":3840,"height":2160},"preview":{"file":"media\/coverr:lOBFIJnPmy","sourceUrl":"https:\/\/cdn.coverr.co\/videos\/coverr-road-that-goes-through-the-fields-8172\/360p.mp4","mimeType":"video\/mp4","width":640,"height":360}},"isPlaceholder":false,"isExternal":true,"needsProxy":false,"id":"media\/coverr:lOBFIJnPmy","creationDate":"2020-12-23T13:42:27.000000806Z","src":"https:\/\/cdn.coverr.co\/videos\/coverr-road-that-goes-through-the-fields-8172\/1080p.mp4","alt":"Aerial shot of a road that goes through the fields. ","poster":"https:\/\/cdn.coverr.co\/videos\/coverr-road-that-goes-through-the-fields-8172\/thumbnail?width=1920","posterId":"media\/coverr:lOBFIJnPmy","isOptimized":true,"length":10,"lengthFormatted":"0:10","isMuted":true},"controls":false,"loop":true,"autoPlay":true,"volume":1,"tracks":[],"backgroundColor":{"color":{"r":196,"g":196,"b":196}},"x":48,"y":0,"width":330,"height":185,"mask":{"type":"rectangle"},"isBackground":true,"id":"83b551d4-bd64-4ca9-a001-227f05612a98","overlay":{"type":"radial","size":{"w":0.67000000000000003996802888650563545525074005126953125,"h":0.67000000000000003996802888650563545525074005126953125},"stops":[{"color":{"r":0,"g":0,"b":0,"a":0},"position":0},{"color":{"r":0,"g":0,"b":0,"a":1},"position":1}],"alpha":0.6999999999999999555910790149937383830547332763671875},"type":"video"},{"opacity":50,"flip":{"vertical":false,"horizontal":false},"rotationAngle":0,"lockAspectRatio":false,"scale":100,"focalX":50,"focalY":50,"resource":{"type":"image","mimeType":"image\/jpeg","width":1834,"height":1188,"sizes":{"medium":{"file":"alan-correa-2025-12-03-as-16.55.11-400x259.webp","width":400,"height":259,"filesize":12668,"sources":{"image\/webp":{"file":"alan-correa-2025-12-03-as-16.55.11-400x259.webp","filesize":12668,"sourceUrl":"https:\/\/carro.blog.br\/comparativo\/wp-content\/uploads\/2025\/12\/alan-correa-2025-12-03-as-16.55.11-400x259.webp"}},"mimeType":"image\/webp","sourceUrl":"https:\/\/carro.blog.br\/comparativo\/wp-content\/uploads\/2025\/12\/alan-correa-2025-12-03-as-16.55.11-400x259.webp"},"large":{"file":"alan-correa-2025-12-03-as-16.55.11-1800x1166.webp","width":1800,"height":1166,"filesize":67736,"sources":{"image\/webp":{"file":"alan-correa-2025-12-03-as-16.55.11-1800x1166.webp","filesize":67736,"sourceUrl":"https:\/\/carro.blog.br\/comparativo\/wp-content\/uploads\/2025\/12\/alan-correa-2025-12-03-as-16.55.11-1800x1166.webp"}},"mimeType":"image\/webp","sourceUrl":"https:\/\/carro.blog.br\/comparativo\/wp-content\/uploads\/2025\/12\/alan-correa-2025-12-03-as-16.55.11-1800x1166.webp"},"thumbnail":{"file":"alan-correa-2025-12-03-as-16.55.11-900x583.webp","width":900,"height":583,"filesize":32840,"sources":{"image\/webp":{"file":"alan-correa-2025-12-03-as-16.55.11-900x583.webp","filesize":32840,"sourceUrl":"https:\/\/carro.blog.br\/comparativo\/wp-content\/uploads\/2025\/12\/alan-correa-2025-12-03-as-16.55.11-900x583.webp"}},"mimeType":"image\/webp","sourceUrl":"https:\/\/carro.blog.br\/comparativo\/wp-content\/uploads\/2025\/12\/alan-correa-2025-12-03-as-16.55.11-900x583.webp"},"medium_large":{"file":"alan-correa-2025-12-03-as-16.55.11-768x497.webp","width":768,"height":497,"filesize":27590,"sources":{"image\/webp":{"file":"alan-correa-2025-12-03-as-16.55.11-768x497.webp","filesize":27590,"sourceUrl":"https:\/\/carro.blog.br\/comparativo\/wp-content\/uploads\/2025\/12\/alan-correa-2025-12-03-as-16.55.11-768x497.webp"}},"mimeType":"image\/webp","sourceUrl":"https:\/\/carro.blog.br\/comparativo\/wp-content\/uploads\/2025\/12\/alan-correa-2025-12-03-as-16.55.11-768x497.webp"},"1536x1536":{"file":"alan-correa-2025-12-03-as-16.55.11-1536x995.webp","width":1536,"height":995,"filesize":59402,"mimeType":"image\/webp","sourceUrl":"https:\/\/carro.blog.br\/comparativo\/wp-content\/uploads\/2025\/12\/alan-correa-2025-12-03-as-16.55.11-1536x995.webp"},"web-stories-poster-portrait":{"file":"alan-correa-2025-12-03-as-16.55.11-640x853.webp","width":640,"height":853,"filesize":24424,"mimeType":"image\/webp","sourceUrl":"https:\/\/carro.blog.br\/comparativo\/wp-content\/uploads\/2025\/12\/alan-correa-2025-12-03-as-16.55.11-640x853.webp"},"web-stories-publisher-logo":{"file":"alan-correa-2025-12-03-as-16.55.11-96x96.webp","width":96,"height":96,"filesize":1800,"mimeType":"image\/webp","sourceUrl":"https:\/\/carro.blog.br\/comparativo\/wp-content\/uploads\/2025\/12\/alan-correa-2025-12-03-as-16.55.11-96x96.webp"},"web-stories-thumbnail":{"file":"alan-correa-2025-12-03-as-16.55.11-150x97.webp","width":150,"height":97,"filesize":3080,"mimeType":"image\/webp","sourceUrl":"https:\/\/carro.blog.br\/comparativo\/wp-content\/uploads\/2025\/12\/alan-correa-2025-12-03-as-16.55.11-150x97.webp"},"full":{"file":"alan-correa-2025-12-03-as-16.55.11.webp","width":1834,"height":1188,"mimeType":"image\/jpeg","sourceUrl":"https:\/\/carro.blog.br\/comparativo\/wp-content\/uploads\/2025\/12\/alan-correa-2025-12-03-as-16.55.11.webp","sources":{"image\/webp":{"file":"alan-correa-2025-12-03-as-16.55.11.webp","filesize":75190,"sourceUrl":"https:\/\/carro.blog.br\/comparativo\/wp-content\/uploads\/2025\/12\/alan-correa-2025-12-03-as-16.55.11.webp"}}}},"isPlaceholder":false,"isExternal":false,"needsProxy":false,"baseColor":null,"blurHash":"U~LpQZ~LV@Ibt3ayRnkCahahaxocayf7j[fR","creationDate":"2025-12-03T19:55:47","src":"https:\/\/carro.blog.br\/comparativo\/wp-content\/uploads\/2025\/12\/alan-correa-2025-12-03-as-16.55.11.webp","id":170,"alt":"alan-correa- 2025-12-03 a\u0300s 16.55.11","local":false,"provider":"local"},"x":-32,"y":-86,"width":479,"height":790,"mask":{"type":"rectangle","showInLibrary":true,"name":"Ret\u00e2ngulo","path":"M 0,0 1,0 1,1 0,1 0,0 Z","ratio":1,"supportsBorder":true},"id":"044a8722-a532-4e48-93da-2eaafc68b42c","isLocked":false,"type":"image"},{"opacity":100,"flip":{"vertical":false,"horizontal":false},"rotationAngle":0,"lockAspectRatio":true,"backgroundTextMode":"HIGHLIGHT","font":{"family":"Merriweather"},"fontSize":20,"backgroundColor":{"color":{"r":255,"g":255,"b":255}},"lineHeight":1.3000000000000000444089209850062616169452667236328125,"textAlign":"left","padding":{"locked":true,"hasHiddenPadding":true,"horizontal":8,"vertical":4},"content":"<span style=\"font-weight: 700; color: #2d5897\">Desempenho em estrada: Nivus Highline registra 14,8 km\/l gasolina e 10,3 km\/l etanol, enquanto o Pulse faz 14,4 km\/l gasolina e 10,2 km\/l etanol.<\/span>","x":48,"y":190,"width":315,"height":204,"basedOn":"02fa0e27-95ee-4d9c-b2ff-92afda5f2b9f","id":"837d8553-ae15-45f1-894d-66d0edc3b475","borderRadius":{"topLeft":0,"topRight":0,"bottomRight":0,"bottomLeft":0,"locked":true},"type":"text"},{"opacity":100,"flip":{"vertical":false,"horizontal":false},"rotationAngle":0,"lockAspectRatio":false,"scale":100,"focalX":50,"focalY":50,"resource":{"type":"image","mimeType":"image\/png","width":1500,"height":350,"sizes":{"medium":{"file":"logo-webstories-350x82.webp","width":350,"height":82,"filesize":3220,"sources":{"image\/webp":{"file":"logo-webstories-350x82.webp","filesize":3220,"sourceUrl":"https:\/\/carro.blog.br\/wp-content\/uploads\/2025\/03\/logo-webstories-350x82.webp"}},"mimeType":"image\/webp","sourceUrl":"https:\/\/carro.blog.br\/wp-content\/uploads\/2025\/03\/logo-webstories-350x82.webp"},"thumbnail":{"file":"logo-webstories-900x210.webp","width":900,"height":210,"filesize":9158,"sources":{"image\/webp":{"file":"logo-webstories-900x210.webp","filesize":9158,"sourceUrl":"https:\/\/carro.blog.br\/wp-content\/uploads\/2025\/03\/logo-webstories-900x210.webp"}},"mimeType":"image\/webp","sourceUrl":"https:\/\/carro.blog.br\/wp-content\/uploads\/2025\/03\/logo-webstories-900x210.webp"},"medium_large":{"file":"logo-webstories-768x179.webp","width":768,"height":179,"filesize":7634,"sources":{"image\/webp":{"file":"logo-webstories-768x179.webp","filesize":7634,"sourceUrl":"https:\/\/carro.blog.br\/wp-content\/uploads\/2025\/03\/logo-webstories-768x179.webp"}},"mimeType":"image\/webp","sourceUrl":"https:\/\/carro.blog.br\/wp-content\/uploads\/2025\/03\/logo-webstories-768x179.webp"},"web-stories-poster-portrait":{"file":"logo-webstories-640x350.webp","width":640,"height":350,"filesize":7132,"mimeType":"image\/webp","sourceUrl":"https:\/\/carro.blog.br\/wp-content\/uploads\/2025\/03\/logo-webstories-640x350.webp"},"web-stories-publisher-logo":{"file":"logo-webstories-96x96.webp","width":96,"height":96,"filesize":1230,"mimeType":"image\/webp","sourceUrl":"https:\/\/carro.blog.br\/wp-content\/uploads\/2025\/03\/logo-webstories-96x96.webp"},"web-stories-thumbnail":{"file":"logo-webstories-150x35.webp","width":150,"height":35,"filesize":1360,"mimeType":"image\/webp","sourceUrl":"https:\/\/carro.blog.br\/wp-content\/uploads\/2025\/03\/logo-webstories-150x35.webp"},"full":{"file":"logo-webstories-png.webp","width":1500,"height":350,"mimeType":"image\/png","sourceUrl":"https:\/\/carro.blog.br\/wp-content\/uploads\/2025\/03\/logo-webstories-png.webp","sources":{"image\/webp":{"file":"logo-webstories-png.webp","filesize":17298,"sourceUrl":"https:\/\/carro.blog.br\/wp-content\/uploads\/2025\/03\/logo-webstories-png.webp"}}}},"isPlaceholder":false,"isExternal":false,"needsProxy":false,"baseColor":"#567299","blurHash":"UDAw9+}*m%tRs.oej[WX005ZpKM{NHR+ays,","creationDate":"2025-03-09T18:04:13","src":"https:\/\/carro.blog.br\/wp-content\/uploads\/2025\/03\/logo-webstories-png.webp","id":86727,"alt":"logo-webstories","local":false},"x":24,"y":-25,"width":363,"height":77,"mask":{"type":"rectangle","showInLibrary":true,"name":"Ret\u00e2ngulo","path":"M 0,0 1,0 1,1 0,1 0,0 Z","ratio":1,"supportsBorder":true},"id":"e2653948-1280-41ae-b2f2-e784dfe11bbf","type":"image"}],"backgroundColor":{"color":{"r":255,"g":255,"b":255}},"animations":[{"id":"26ad4686-a567-4819-ba50-d9c93746d4f2","type":"effect-background-zoom","zoomDirection":"scaleOut","duration":100,"delay":0,"targets":["83b551d4-bd64-4ca9-a001-227f05612a98"]},{"id":"04ea9e72-2bd7-46c8-b567-662c2020c865","type":"effect-pulse","scale":0.5,"iterations":1,"duration":1450,"delay":0,"targets":["044a8722-a532-4e48-93da-2eaafc68b42c"]},{"id":"0c15ba91-bc07-4735-8fe1-6b7caf13a4a3","type":"effect-fly-in","flyInDir":"leftToRight","duration":600,"delay":0,"targets":["837d8553-ae15-45f1-894d-66d0edc3b475"]},{"id":"1af41035-1159-4a5a-b2a3-1ab106158c30","type":"effect-fly-in","flyInDir":"topToBottom","duration":600,"delay":0,"targets":["e2653948-1280-41ae-b2f2-e784dfe11bbf"]}],"id":"a1e557c3-8c61-437c-87dd-8d3987a3a23a","pageAttachment":{"url":"https:\/\/carro.blog.br\/comparativo\/volkswagen-nivus-2025-ou-fiat-pulse-t200-hybrid-2025-comparativo-de-melhor-suv-para-uso-urbano.html?tipo=amp","icon":"","needsProxy":false,"theme":"light","ctaText":"Arraste Para Cima"},"defaultBackgroundElement":{"opacity":100,"flip":{"vertical":false,"horizontal":false},"rotationAngle":0,"lockAspectRatio":true,"backgroundColor":{"color":{"r":196,"g":196,"b":196}},"x":1,"y":1,"width":1,"height":1,"mask":{"type":"rectangle"},"isBackground":true,"isDefaultBackground":true,"id":"4fdbe143-0fc4-42fe-adcb-6e080723c583","type":"shape"}},{"elements":[{"opacity":100,"flip":{"vertical":false,"horizontal":false},"rotationAngle":0,"lockAspectRatio":true,"scale":100,"focalX":50,"focalY":50,"resource":{"type":"video","mimeType":"video\/mp4","width":3840,"height":2160,"sizes":{"full":{"file":"media\/coverr:lOBFIJnPmy","sourceUrl":"https:\/\/cdn.coverr.co\/videos\/coverr-road-that-goes-through-the-fields-8172\/1080p.mp4","mimeType":"video\/mp4","width":3840,"height":2160},"preview":{"file":"media\/coverr:lOBFIJnPmy","sourceUrl":"https:\/\/cdn.coverr.co\/videos\/coverr-road-that-goes-through-the-fields-8172\/360p.mp4","mimeType":"video\/mp4","width":640,"height":360}},"isPlaceholder":false,"isExternal":true,"needsProxy":false,"id":"media\/coverr:lOBFIJnPmy","creationDate":"2020-12-23T13:42:27.000000806Z","src":"https:\/\/cdn.coverr.co\/videos\/coverr-road-that-goes-through-the-fields-8172\/1080p.mp4","alt":"Aerial shot of a road that goes through the fields. ","poster":"https:\/\/cdn.coverr.co\/videos\/coverr-road-that-goes-through-the-fields-8172\/thumbnail?width=1920","posterId":"media\/coverr:lOBFIJnPmy","isOptimized":true,"length":10,"lengthFormatted":"0:10","isMuted":true},"controls":false,"loop":true,"autoPlay":true,"volume":1,"tracks":[],"backgroundColor":{"color":{"r":196,"g":196,"b":196}},"x":48,"y":0,"width":330,"height":185,"mask":{"type":"rectangle"},"isBackground":true,"id":"9dc7b226-760b-4428-a12a-eb8abee13536","overlay":{"type":"radial","size":{"w":0.67000000000000003996802888650563545525074005126953125,"h":0.67000000000000003996802888650563545525074005126953125},"stops":[{"color":{"r":0,"g":0,"b":0,"a":0},"position":0},{"color":{"r":0,"g":0,"b":0,"a":1},"position":1}],"alpha":0.6999999999999999555910790149937383830547332763671875},"type":"video"},{"opacity":50,"flip":{"vertical":false,"horizontal":false},"rotationAngle":0,"lockAspectRatio":false,"scale":100,"focalX":50,"focalY":50,"resource":{"type":"image","mimeType":"image\/jpeg","width":1834,"height":1188,"sizes":{"medium":{"file":"alan-correa-2025-12-03-as-16.55.11-400x259.webp","width":400,"height":259,"filesize":12668,"sources":{"image\/webp":{"file":"alan-correa-2025-12-03-as-16.55.11-400x259.webp","filesize":12668,"sourceUrl":"https:\/\/carro.blog.br\/comparativo\/wp-content\/uploads\/2025\/12\/alan-correa-2025-12-03-as-16.55.11-400x259.webp"}},"mimeType":"image\/webp","sourceUrl":"https:\/\/carro.blog.br\/comparativo\/wp-content\/uploads\/2025\/12\/alan-correa-2025-12-03-as-16.55.11-400x259.webp"},"large":{"file":"alan-correa-2025-12-03-as-16.55.11-1800x1166.webp","width":1800,"height":1166,"filesize":67736,"sources":{"image\/webp":{"file":"alan-correa-2025-12-03-as-16.55.11-1800x1166.webp","filesize":67736,"sourceUrl":"https:\/\/carro.blog.br\/comparativo\/wp-content\/uploads\/2025\/12\/alan-correa-2025-12-03-as-16.55.11-1800x1166.webp"}},"mimeType":"image\/webp","sourceUrl":"https:\/\/carro.blog.br\/comparativo\/wp-content\/uploads\/2025\/12\/alan-correa-2025-12-03-as-16.55.11-1800x1166.webp"},"thumbnail":{"file":"alan-correa-2025-12-03-as-16.55.11-900x583.webp","width":900,"height":583,"filesize":32840,"sources":{"image\/webp":{"file":"alan-correa-2025-12-03-as-16.55.11-900x583.webp","filesize":32840,"sourceUrl":"https:\/\/carro.blog.br\/comparativo\/wp-content\/uploads\/2025\/12\/alan-correa-2025-12-03-as-16.55.11-900x583.webp"}},"mimeType":"image\/webp","sourceUrl":"https:\/\/carro.blog.br\/comparativo\/wp-content\/uploads\/2025\/12\/alan-correa-2025-12-03-as-16.55.11-900x583.webp"},"medium_large":{"file":"alan-correa-2025-12-03-as-16.55.11-768x497.webp","width":768,"height":497,"filesize":27590,"sources":{"image\/webp":{"file":"alan-correa-2025-12-03-as-16.55.11-768x497.webp","filesize":27590,"sourceUrl":"https:\/\/carro.blog.br\/comparativo\/wp-content\/uploads\/2025\/12\/alan-correa-2025-12-03-as-16.55.11-768x497.webp"}},"mimeType":"image\/webp","sourceUrl":"https:\/\/carro.blog.br\/comparativo\/wp-content\/uploads\/2025\/12\/alan-correa-2025-12-03-as-16.55.11-768x497.webp"},"1536x1536":{"file":"alan-correa-2025-12-03-as-16.55.11-1536x995.webp","width":1536,"height":995,"filesize":59402,"mimeType":"image\/webp","sourceUrl":"https:\/\/carro.blog.br\/comparativo\/wp-content\/uploads\/2025\/12\/alan-correa-2025-12-03-as-16.55.11-1536x995.webp"},"web-stories-poster-portrait":{"file":"alan-correa-2025-12-03-as-16.55.11-640x853.webp","width":640,"height":853,"filesize":24424,"mimeType":"image\/webp","sourceUrl":"https:\/\/carro.blog.br\/comparativo\/wp-content\/uploads\/2025\/12\/alan-correa-2025-12-03-as-16.55.11-640x853.webp"},"web-stories-publisher-logo":{"file":"alan-correa-2025-12-03-as-16.55.11-96x96.webp","width":96,"height":96,"filesize":1800,"mimeType":"image\/webp","sourceUrl":"https:\/\/carro.blog.br\/comparativo\/wp-content\/uploads\/2025\/12\/alan-correa-2025-12-03-as-16.55.11-96x96.webp"},"web-stories-thumbnail":{"file":"alan-correa-2025-12-03-as-16.55.11-150x97.webp","width":150,"height":97,"filesize":3080,"mimeType":"image\/webp","sourceUrl":"https:\/\/carro.blog.br\/comparativo\/wp-content\/uploads\/2025\/12\/alan-correa-2025-12-03-as-16.55.11-150x97.webp"},"full":{"file":"alan-correa-2025-12-03-as-16.55.11.webp","width":1834,"height":1188,"mimeType":"image\/jpeg","sourceUrl":"https:\/\/carro.blog.br\/comparativo\/wp-content\/uploads\/2025\/12\/alan-correa-2025-12-03-as-16.55.11.webp","sources":{"image\/webp":{"file":"alan-correa-2025-12-03-as-16.55.11.webp","filesize":75190,"sourceUrl":"https:\/\/carro.blog.br\/comparativo\/wp-content\/uploads\/2025\/12\/alan-correa-2025-12-03-as-16.55.11.webp"}}}},"isPlaceholder":false,"isExternal":false,"needsProxy":false,"baseColor":null,"blurHash":"U~LpQZ~LV@Ibt3ayRnkCahahaxocayf7j[fR","creationDate":"2025-12-03T19:55:47","src":"https:\/\/carro.blog.br\/comparativo\/wp-content\/uploads\/2025\/12\/alan-correa-2025-12-03-as-16.55.11.webp","id":170,"alt":"alan-correa- 2025-12-03 a\u0300s 16.55.11","local":false,"provider":"local"},"x":-32,"y":-86,"width":479,"height":790,"mask":{"type":"rectangle","showInLibrary":true,"name":"Ret\u00e2ngulo","path":"M 0,0 1,0 1,1 0,1 0,0 Z","ratio":1,"supportsBorder":true},"id":"ef2c0740-aab6-4b1d-9b3b-acdf798c2864","isLocked":false,"type":"image"},{"opacity":100,"flip":{"vertical":false,"horizontal":false},"rotationAngle":0,"lockAspectRatio":true,"backgroundTextMode":"HIGHLIGHT","font":{"family":"Merriweather"},"fontSize":20,"backgroundColor":{"color":{"r":255,"g":255,"b":255}},"lineHeight":1.3000000000000000444089209850062616169452667236328125,"textAlign":"left","padding":{"locked":true,"hasHiddenPadding":true,"horizontal":8,"vertical":4},"content":"<span style=\"font-weight: 700; color: #2d5897\">Dimens\u00f5es: Nivus oferece 415 litros de porta malas e tanque de 49 l, enquanto o Pulse traz 370 litros e tanque de 45 l, com carroceria mais alta e pr\u00e1tica.<\/span>","x":48,"y":190,"width":315,"height":204,"basedOn":"02fa0e27-95ee-4d9c-b2ff-92afda5f2b9f","id":"c8ccc8b7-ab0d-4bb5-897e-d46cd6323e15","borderRadius":{"topLeft":0,"topRight":0,"bottomRight":0,"bottomLeft":0,"locked":true},"type":"text"},{"opacity":100,"flip":{"vertical":false,"horizontal":false},"rotationAngle":0,"lockAspectRatio":false,"scale":100,"focalX":50,"focalY":50,"resource":{"type":"image","mimeType":"image\/png","width":1500,"height":350,"sizes":{"medium":{"file":"logo-webstories-350x82.webp","width":350,"height":82,"filesize":3220,"sources":{"image\/webp":{"file":"logo-webstories-350x82.webp","filesize":3220,"sourceUrl":"https:\/\/carro.blog.br\/wp-content\/uploads\/2025\/03\/logo-webstories-350x82.webp"}},"mimeType":"image\/webp","sourceUrl":"https:\/\/carro.blog.br\/wp-content\/uploads\/2025\/03\/logo-webstories-350x82.webp"},"thumbnail":{"file":"logo-webstories-900x210.webp","width":900,"height":210,"filesize":9158,"sources":{"image\/webp":{"file":"logo-webstories-900x210.webp","filesize":9158,"sourceUrl":"https:\/\/carro.blog.br\/wp-content\/uploads\/2025\/03\/logo-webstories-900x210.webp"}},"mimeType":"image\/webp","sourceUrl":"https:\/\/carro.blog.br\/wp-content\/uploads\/2025\/03\/logo-webstories-900x210.webp"},"medium_large":{"file":"logo-webstories-768x179.webp","width":768,"height":179,"filesize":7634,"sources":{"image\/webp":{"file":"logo-webstories-768x179.webp","filesize":7634,"sourceUrl":"https:\/\/carro.blog.br\/wp-content\/uploads\/2025\/03\/logo-webstories-768x179.webp"}},"mimeType":"image\/webp","sourceUrl":"https:\/\/carro.blog.br\/wp-content\/uploads\/2025\/03\/logo-webstories-768x179.webp"},"web-stories-poster-portrait":{"file":"logo-webstories-640x350.webp","width":640,"height":350,"filesize":7132,"mimeType":"image\/webp","sourceUrl":"https:\/\/carro.blog.br\/wp-content\/uploads\/2025\/03\/logo-webstories-640x350.webp"},"web-stories-publisher-logo":{"file":"logo-webstories-96x96.webp","width":96,"height":96,"filesize":1230,"mimeType":"image\/webp","sourceUrl":"https:\/\/carro.blog.br\/wp-content\/uploads\/2025\/03\/logo-webstories-96x96.webp"},"web-stories-thumbnail":{"file":"logo-webstories-150x35.webp","width":150,"height":35,"filesize":1360,"mimeType":"image\/webp","sourceUrl":"https:\/\/carro.blog.br\/wp-content\/uploads\/2025\/03\/logo-webstories-150x35.webp"},"full":{"file":"logo-webstories-png.webp","width":1500,"height":350,"mimeType":"image\/png","sourceUrl":"https:\/\/carro.blog.br\/wp-content\/uploads\/2025\/03\/logo-webstories-png.webp","sources":{"image\/webp":{"file":"logo-webstories-png.webp","filesize":17298,"sourceUrl":"https:\/\/carro.blog.br\/wp-content\/uploads\/2025\/03\/logo-webstories-png.webp"}}}},"isPlaceholder":false,"isExternal":false,"needsProxy":false,"baseColor":"#567299","blurHash":"UDAw9+}*m%tRs.oej[WX005ZpKM{NHR+ays,","creationDate":"2025-03-09T18:04:13","src":"https:\/\/carro.blog.br\/wp-content\/uploads\/2025\/03\/logo-webstories-png.webp","id":86727,"alt":"logo-webstories","local":false},"x":24,"y":-25,"width":363,"height":77,"mask":{"type":"rectangle","showInLibrary":true,"name":"Ret\u00e2ngulo","path":"M 0,0 1,0 1,1 0,1 0,0 Z","ratio":1,"supportsBorder":true},"id":"589f141d-532f-4e76-9c4a-22416c670f5a","type":"image"}],"backgroundColor":{"color":{"r":255,"g":255,"b":255}},"animations":[{"id":"08f9fafe-5abf-4b7b-a3fa-9ccc393a6185","type":"effect-background-zoom","zoomDirection":"scaleOut","duration":100,"delay":0,"targets":["9dc7b226-760b-4428-a12a-eb8abee13536"]},{"id":"1546d12a-42d6-40c8-bd5d-4b1dcc1de808","type":"effect-pulse","scale":0.5,"iterations":1,"duration":1450,"delay":0,"targets":["ef2c0740-aab6-4b1d-9b3b-acdf798c2864"]},{"id":"8c4ef70b-1173-4cc5-a57a-49e7f298eb35","type":"effect-fly-in","flyInDir":"leftToRight","duration":600,"delay":0,"targets":["c8ccc8b7-ab0d-4bb5-897e-d46cd6323e15"]},{"id":"34d5906e-fa60-4e36-b314-96a972e409d3","type":"effect-fly-in","flyInDir":"topToBottom","duration":600,"delay":0,"targets":["589f141d-532f-4e76-9c4a-22416c670f5a"]}],"id":"79eb11b2-b0f2-4a22-a5e2-1f53442d216b","pageAttachment":{"url":"https:\/\/carro.blog.br\/comparativo\/volkswagen-nivus-2025-ou-fiat-pulse-t200-hybrid-2025-comparativo-de-melhor-suv-para-uso-urbano.html?tipo=amp","icon":"","needsProxy":false,"theme":"light","ctaText":"Arraste Para Cima"},"defaultBackgroundElement":{"opacity":100,"flip":{"vertical":false,"horizontal":false},"rotationAngle":0,"lockAspectRatio":true,"backgroundColor":{"color":{"r":196,"g":196,"b":196}},"x":1,"y":1,"width":1,"height":1,"mask":{"type":"rectangle"},"isBackground":true,"isDefaultBackground":true,"id":"4fdbe143-0fc4-42fe-adcb-6e080723c583","type":"shape"}},{"elements":[{"opacity":100,"flip":{"vertical":false,"horizontal":false},"rotationAngle":0,"lockAspectRatio":true,"scale":100,"focalX":50,"focalY":50,"resource":{"type":"video","mimeType":"video\/mp4","width":3840,"height":2160,"sizes":{"full":{"file":"media\/coverr:lOBFIJnPmy","sourceUrl":"https:\/\/cdn.coverr.co\/videos\/coverr-road-that-goes-through-the-fields-8172\/1080p.mp4","mimeType":"video\/mp4","width":3840,"height":2160},"preview":{"file":"media\/coverr:lOBFIJnPmy","sourceUrl":"https:\/\/cdn.coverr.co\/videos\/coverr-road-that-goes-through-the-fields-8172\/360p.mp4","mimeType":"video\/mp4","width":640,"height":360}},"isPlaceholder":false,"isExternal":true,"needsProxy":false,"id":"media\/coverr:lOBFIJnPmy","creationDate":"2020-12-23T13:42:27.000000806Z","src":"https:\/\/cdn.coverr.co\/videos\/coverr-road-that-goes-through-the-fields-8172\/1080p.mp4","alt":"Aerial shot of a road that goes through the fields. ","poster":"https:\/\/cdn.coverr.co\/videos\/coverr-road-that-goes-through-the-fields-8172\/thumbnail?width=1920","posterId":"media\/coverr:lOBFIJnPmy","isOptimized":true,"length":10,"lengthFormatted":"0:10","isMuted":true},"controls":false,"loop":true,"autoPlay":true,"volume":1,"tracks":[],"backgroundColor":{"color":{"r":196,"g":196,"b":196}},"x":48,"y":0,"width":330,"height":185,"mask":{"type":"rectangle"},"isBackground":true,"id":"d56efe08-8fab-41cd-bc53-e963716a1c68","overlay":{"type":"radial","size":{"w":0.67000000000000003996802888650563545525074005126953125,"h":0.67000000000000003996802888650563545525074005126953125},"stops":[{"color":{"r":0,"g":0,"b":0,"a":0},"position":0},{"color":{"r":0,"g":0,"b":0,"a":1},"position":1}],"alpha":0.6999999999999999555910790149937383830547332763671875},"type":"video"},{"opacity":50,"flip":{"vertical":false,"horizontal":false},"rotationAngle":0,"lockAspectRatio":false,"scale":100,"focalX":50,"focalY":50,"resource":{"type":"image","mimeType":"image\/jpeg","width":1834,"height":1188,"sizes":{"medium":{"file":"alan-correa-2025-12-03-as-16.55.11-400x259.webp","width":400,"height":259,"filesize":12668,"sources":{"image\/webp":{"file":"alan-correa-2025-12-03-as-16.55.11-400x259.webp","filesize":12668,"sourceUrl":"https:\/\/carro.blog.br\/comparativo\/wp-content\/uploads\/2025\/12\/alan-correa-2025-12-03-as-16.55.11-400x259.webp"}},"mimeType":"image\/webp","sourceUrl":"https:\/\/carro.blog.br\/comparativo\/wp-content\/uploads\/2025\/12\/alan-correa-2025-12-03-as-16.55.11-400x259.webp"},"large":{"file":"alan-correa-2025-12-03-as-16.55.11-1800x1166.webp","width":1800,"height":1166,"filesize":67736,"sources":{"image\/webp":{"file":"alan-correa-2025-12-03-as-16.55.11-1800x1166.webp","filesize":67736,"sourceUrl":"https:\/\/carro.blog.br\/comparativo\/wp-content\/uploads\/2025\/12\/alan-correa-2025-12-03-as-16.55.11-1800x1166.webp"}},"mimeType":"image\/webp","sourceUrl":"https:\/\/carro.blog.br\/comparativo\/wp-content\/uploads\/2025\/12\/alan-correa-2025-12-03-as-16.55.11-1800x1166.webp"},"thumbnail":{"file":"alan-correa-2025-12-03-as-16.55.11-900x583.webp","width":900,"height":583,"filesize":32840,"sources":{"image\/webp":{"file":"alan-correa-2025-12-03-as-16.55.11-900x583.webp","filesize":32840,"sourceUrl":"https:\/\/carro.blog.br\/comparativo\/wp-content\/uploads\/2025\/12\/alan-correa-2025-12-03-as-16.55.11-900x583.webp"}},"mimeType":"image\/webp","sourceUrl":"https:\/\/carro.blog.br\/comparativo\/wp-content\/uploads\/2025\/12\/alan-correa-2025-12-03-as-16.55.11-900x583.webp"},"medium_large":{"file":"alan-correa-2025-12-03-as-16.55.11-768x497.webp","width":768,"height":497,"filesize":27590,"sources":{"image\/webp":{"file":"alan-correa-2025-12-03-as-16.55.11-768x497.webp","filesize":27590,"sourceUrl":"https:\/\/carro.blog.br\/comparativo\/wp-content\/uploads\/2025\/12\/alan-correa-2025-12-03-as-16.55.11-768x497.webp"}},"mimeType":"image\/webp","sourceUrl":"https:\/\/carro.blog.br\/comparativo\/wp-content\/uploads\/2025\/12\/alan-correa-2025-12-03-as-16.55.11-768x497.webp"},"1536x1536":{"file":"alan-correa-2025-12-03-as-16.55.11-1536x995.webp","width":1536,"height":995,"filesize":59402,"mimeType":"image\/webp","sourceUrl":"https:\/\/carro.blog.br\/comparativo\/wp-content\/uploads\/2025\/12\/alan-correa-2025-12-03-as-16.55.11-1536x995.webp"},"web-stories-poster-portrait":{"file":"alan-correa-2025-12-03-as-16.55.11-640x853.webp","width":640,"height":853,"filesize":24424,"mimeType":"image\/webp","sourceUrl":"https:\/\/carro.blog.br\/comparativo\/wp-content\/uploads\/2025\/12\/alan-correa-2025-12-03-as-16.55.11-640x853.webp"},"web-stories-publisher-logo":{"file":"alan-correa-2025-12-03-as-16.55.11-96x96.webp","width":96,"height":96,"filesize":1800,"mimeType":"image\/webp","sourceUrl":"https:\/\/carro.blog.br\/comparativo\/wp-content\/uploads\/2025\/12\/alan-correa-2025-12-03-as-16.55.11-96x96.webp"},"web-stories-thumbnail":{"file":"alan-correa-2025-12-03-as-16.55.11-150x97.webp","width":150,"height":97,"filesize":3080,"mimeType":"image\/webp","sourceUrl":"https:\/\/carro.blog.br\/comparativo\/wp-content\/uploads\/2025\/12\/alan-correa-2025-12-03-as-16.55.11-150x97.webp"},"full":{"file":"alan-correa-2025-12-03-as-16.55.11.webp","width":1834,"height":1188,"mimeType":"image\/jpeg","sourceUrl":"https:\/\/carro.blog.br\/comparativo\/wp-content\/uploads\/2025\/12\/alan-correa-2025-12-03-as-16.55.11.webp","sources":{"image\/webp":{"file":"alan-correa-2025-12-03-as-16.55.11.webp","filesize":75190,"sourceUrl":"https:\/\/carro.blog.br\/comparativo\/wp-content\/uploads\/2025\/12\/alan-correa-2025-12-03-as-16.55.11.webp"}}}},"isPlaceholder":false,"isExternal":false,"needsProxy":false,"baseColor":null,"blurHash":"U~LpQZ~LV@Ibt3ayRnkCahahaxocayf7j[fR","creationDate":"2025-12-03T19:55:47","src":"https:\/\/carro.blog.br\/comparativo\/wp-content\/uploads\/2025\/12\/alan-correa-2025-12-03-as-16.55.11.webp","id":170,"alt":"alan-correa- 2025-12-03 a\u0300s 16.55.11","local":false,"provider":"local"},"x":-32,"y":-86,"width":479,"height":790,"mask":{"type":"rectangle","showInLibrary":true,"name":"Ret\u00e2ngulo","path":"M 0,0 1,0 1,1 0,1 0,0 Z","ratio":1,"supportsBorder":true},"id":"d8b624dc-f459-4969-bbd1-fbc7df029b8e","isLocked":false,"type":"image"},{"opacity":100,"flip":{"vertical":false,"horizontal":false},"rotationAngle":0,"lockAspectRatio":true,"backgroundTextMode":"HIGHLIGHT","font":{"family":"Merriweather"},"fontSize":20,"backgroundColor":{"color":{"r":255,"g":255,"b":255}},"lineHeight":1.3000000000000000444089209850062616169452667236328125,"textAlign":"left","padding":{"locked":true,"hasHiddenPadding":true,"horizontal":8,"vertical":4},"content":"<span style=\"font-weight: 700; color: #2d5897\">Tecnologia: Nivus oferece central mais refinada e assistentes avan\u00e7ados, enquanto o Pulse traz controles essenciais e opera\u00e7\u00e3o simples com foco urbano.<\/span>","x":48,"y":190,"width":315,"height":237,"basedOn":"02fa0e27-95ee-4d9c-b2ff-92afda5f2b9f","id":"6b3b000e-e556-4211-97f8-e7b3023f9edb","borderRadius":{"topLeft":0,"topRight":0,"bottomRight":0,"bottomLeft":0,"locked":true},"type":"text"},{"opacity":100,"flip":{"vertical":false,"horizontal":false},"rotationAngle":0,"lockAspectRatio":false,"scale":100,"focalX":50,"focalY":50,"resource":{"type":"image","mimeType":"image\/png","width":1500,"height":350,"sizes":{"medium":{"file":"logo-webstories-350x82.webp","width":350,"height":82,"filesize":3220,"sources":{"image\/webp":{"file":"logo-webstories-350x82.webp","filesize":3220,"sourceUrl":"https:\/\/carro.blog.br\/wp-content\/uploads\/2025\/03\/logo-webstories-350x82.webp"}},"mimeType":"image\/webp","sourceUrl":"https:\/\/carro.blog.br\/wp-content\/uploads\/2025\/03\/logo-webstories-350x82.webp"},"thumbnail":{"file":"logo-webstories-900x210.webp","width":900,"height":210,"filesize":9158,"sources":{"image\/webp":{"file":"logo-webstories-900x210.webp","filesize":9158,"sourceUrl":"https:\/\/carro.blog.br\/wp-content\/uploads\/2025\/03\/logo-webstories-900x210.webp"}},"mimeType":"image\/webp","sourceUrl":"https:\/\/carro.blog.br\/wp-content\/uploads\/2025\/03\/logo-webstories-900x210.webp"},"medium_large":{"file":"logo-webstories-768x179.webp","width":768,"height":179,"filesize":7634,"sources":{"image\/webp":{"file":"logo-webstories-768x179.webp","filesize":7634,"sourceUrl":"https:\/\/carro.blog.br\/wp-content\/uploads\/2025\/03\/logo-webstories-768x179.webp"}},"mimeType":"image\/webp","sourceUrl":"https:\/\/carro.blog.br\/wp-content\/uploads\/2025\/03\/logo-webstories-768x179.webp"},"web-stories-poster-portrait":{"file":"logo-webstories-640x350.webp","width":640,"height":350,"filesize":7132,"mimeType":"image\/webp","sourceUrl":"https:\/\/carro.blog.br\/wp-content\/uploads\/2025\/03\/logo-webstories-640x350.webp"},"web-stories-publisher-logo":{"file":"logo-webstories-96x96.webp","width":96,"height":96,"filesize":1230,"mimeType":"image\/webp","sourceUrl":"https:\/\/carro.blog.br\/wp-content\/uploads\/2025\/03\/logo-webstories-96x96.webp"},"web-stories-thumbnail":{"file":"logo-webstories-150x35.webp","width":150,"height":35,"filesize":1360,"mimeType":"image\/webp","sourceUrl":"https:\/\/carro.blog.br\/wp-content\/uploads\/2025\/03\/logo-webstories-150x35.webp"},"full":{"file":"logo-webstories-png.webp","width":1500,"height":350,"mimeType":"image\/png","sourceUrl":"https:\/\/carro.blog.br\/wp-content\/uploads\/2025\/03\/logo-webstories-png.webp","sources":{"image\/webp":{"file":"logo-webstories-png.webp","filesize":17298,"sourceUrl":"https:\/\/carro.blog.br\/wp-content\/uploads\/2025\/03\/logo-webstories-png.webp"}}}},"isPlaceholder":false,"isExternal":false,"needsProxy":false,"baseColor":"#567299","blurHash":"UDAw9+}*m%tRs.oej[WX005ZpKM{NHR+ays,","creationDate":"2025-03-09T18:04:13","src":"https:\/\/carro.blog.br\/wp-content\/uploads\/2025\/03\/logo-webstories-png.webp","id":86727,"alt":"logo-webstories","local":false},"x":24,"y":-25,"width":363,"height":77,"mask":{"type":"rectangle","showInLibrary":true,"name":"Ret\u00e2ngulo","path":"M 0,0 1,0 1,1 0,1 0,0 Z","ratio":1,"supportsBorder":true},"id":"0bc6fd6f-b263-48aa-ada4-f0d168c5db60","type":"image"}],"backgroundColor":{"color":{"r":255,"g":255,"b":255}},"animations":[{"id":"488f17c3-9e15-4864-a6f9-9838376b089c","type":"effect-background-zoom","zoomDirection":"scaleOut","duration":100,"delay":0,"targets":["d56efe08-8fab-41cd-bc53-e963716a1c68"]},{"id":"780c0f23-abce-4a76-aeaf-31de22a7db95","type":"effect-pulse","scale":0.5,"iterations":1,"duration":1450,"delay":0,"targets":["d8b624dc-f459-4969-bbd1-fbc7df029b8e"]},{"id":"733bb721-e712-42af-ae53-399f046bc2ae","type":"effect-fly-in","flyInDir":"leftToRight","duration":600,"delay":0,"targets":["6b3b000e-e556-4211-97f8-e7b3023f9edb"]},{"id":"89b4b57b-a106-4dc0-b496-f8cee178e890","type":"effect-fly-in","flyInDir":"topToBottom","duration":600,"delay":0,"targets":["0bc6fd6f-b263-48aa-ada4-f0d168c5db60"]}],"id":"b4a439a8-6338-44a5-91a9-66eb8b7d6771","pageAttachment":{"url":"https:\/\/carro.blog.br\/comparativo\/volkswagen-nivus-2025-ou-fiat-pulse-t200-hybrid-2025-comparativo-de-melhor-suv-para-uso-urbano.html?tipo=amp","icon":"","needsProxy":false,"theme":"light","ctaText":"Arraste Para Cima"},"defaultBackgroundElement":{"opacity":100,"flip":{"vertical":false,"horizontal":false},"rotationAngle":0,"lockAspectRatio":true,"backgroundColor":{"color":{"r":196,"g":196,"b":196}},"x":1,"y":1,"width":1,"height":1,"mask":{"type":"rectangle"},"isBackground":true,"isDefaultBackground":true,"id":"4fdbe143-0fc4-42fe-adcb-6e080723c583","type":"shape"}},{"elements":[{"opacity":100,"flip":{"vertical":false,"horizontal":false},"rotationAngle":0,"lockAspectRatio":true,"scale":100,"focalX":50,"focalY":50,"resource":{"type":"video","mimeType":"video\/mp4","width":3840,"height":2160,"sizes":{"full":{"file":"media\/coverr:lOBFIJnPmy","sourceUrl":"https:\/\/cdn.coverr.co\/videos\/coverr-road-that-goes-through-the-fields-8172\/1080p.mp4","mimeType":"video\/mp4","width":3840,"height":2160},"preview":{"file":"media\/coverr:lOBFIJnPmy","sourceUrl":"https:\/\/cdn.coverr.co\/videos\/coverr-road-that-goes-through-the-fields-8172\/360p.mp4","mimeType":"video\/mp4","width":640,"height":360}},"isPlaceholder":false,"isExternal":true,"needsProxy":false,"id":"media\/coverr:lOBFIJnPmy","creationDate":"2020-12-23T13:42:27.000000806Z","src":"https:\/\/cdn.coverr.co\/videos\/coverr-road-that-goes-through-the-fields-8172\/1080p.mp4","alt":"Aerial shot of a road that goes through the fields. ","poster":"https:\/\/cdn.coverr.co\/videos\/coverr-road-that-goes-through-the-fields-8172\/thumbnail?width=1920","posterId":"media\/coverr:lOBFIJnPmy","isOptimized":true,"length":10,"lengthFormatted":"0:10","isMuted":true},"controls":false,"loop":true,"autoPlay":true,"volume":1,"tracks":[],"backgroundColor":{"color":{"r":196,"g":196,"b":196}},"x":48,"y":0,"width":330,"height":185,"mask":{"type":"rectangle"},"isBackground":true,"id":"bf54ad7f-8d0c-4582-aba6-3d98ab41e8bd","overlay":{"type":"radial","size":{"w":0.67000000000000003996802888650563545525074005126953125,"h":0.67000000000000003996802888650563545525074005126953125},"stops":[{"color":{"r":0,"g":0,"b":0,"a":0},"position":0},{"color":{"r":0,"g":0,"b":0,"a":1},"position":1}],"alpha":0.6999999999999999555910790149937383830547332763671875},"type":"video"},{"opacity":50,"flip":{"vertical":false,"horizontal":false},"rotationAngle":0,"lockAspectRatio":false,"scale":100,"focalX":50,"focalY":50,"resource":{"type":"image","mimeType":"image\/jpeg","width":1834,"height":1188,"sizes":{"medium":{"file":"alan-correa-2025-12-03-as-16.55.11-400x259.webp","width":400,"height":259,"filesize":12668,"sources":{"image\/webp":{"file":"alan-correa-2025-12-03-as-16.55.11-400x259.webp","filesize":12668,"sourceUrl":"https:\/\/carro.blog.br\/comparativo\/wp-content\/uploads\/2025\/12\/alan-correa-2025-12-03-as-16.55.11-400x259.webp"}},"mimeType":"image\/webp","sourceUrl":"https:\/\/carro.blog.br\/comparativo\/wp-content\/uploads\/2025\/12\/alan-correa-2025-12-03-as-16.55.11-400x259.webp"},"large":{"file":"alan-correa-2025-12-03-as-16.55.11-1800x1166.webp","width":1800,"height":1166,"filesize":67736,"sources":{"image\/webp":{"file":"alan-correa-2025-12-03-as-16.55.11-1800x1166.webp","filesize":67736,"sourceUrl":"https:\/\/carro.blog.br\/comparativo\/wp-content\/uploads\/2025\/12\/alan-correa-2025-12-03-as-16.55.11-1800x1166.webp"}},"mimeType":"image\/webp","sourceUrl":"https:\/\/carro.blog.br\/comparativo\/wp-content\/uploads\/2025\/12\/alan-correa-2025-12-03-as-16.55.11-1800x1166.webp"},"thumbnail":{"file":"alan-correa-2025-12-03-as-16.55.11-900x583.webp","width":900,"height":583,"filesize":32840,"sources":{"image\/webp":{"file":"alan-correa-2025-12-03-as-16.55.11-900x583.webp","filesize":32840,"sourceUrl":"https:\/\/carro.blog.br\/comparativo\/wp-content\/uploads\/2025\/12\/alan-correa-2025-12-03-as-16.55.11-900x583.webp"}},"mimeType":"image\/webp","sourceUrl":"https:\/\/carro.blog.br\/comparativo\/wp-content\/uploads\/2025\/12\/alan-correa-2025-12-03-as-16.55.11-900x583.webp"},"medium_large":{"file":"alan-correa-2025-12-03-as-16.55.11-768x497.webp","width":768,"height":497,"filesize":27590,"sources":{"image\/webp":{"file":"alan-correa-2025-12-03-as-16.55.11-768x497.webp","filesize":27590,"sourceUrl":"https:\/\/carro.blog.br\/comparativo\/wp-content\/uploads\/2025\/12\/alan-correa-2025-12-03-as-16.55.11-768x497.webp"}},"mimeType":"image\/webp","sourceUrl":"https:\/\/carro.blog.br\/comparativo\/wp-content\/uploads\/2025\/12\/alan-correa-2025-12-03-as-16.55.11-768x497.webp"},"1536x1536":{"file":"alan-correa-2025-12-03-as-16.55.11-1536x995.webp","width":1536,"height":995,"filesize":59402,"mimeType":"image\/webp","sourceUrl":"https:\/\/carro.blog.br\/comparativo\/wp-content\/uploads\/2025\/12\/alan-correa-2025-12-03-as-16.55.11-1536x995.webp"},"web-stories-poster-portrait":{"file":"alan-correa-2025-12-03-as-16.55.11-640x853.webp","width":640,"height":853,"filesize":24424,"mimeType":"image\/webp","sourceUrl":"https:\/\/carro.blog.br\/comparativo\/wp-content\/uploads\/2025\/12\/alan-correa-2025-12-03-as-16.55.11-640x853.webp"},"web-stories-publisher-logo":{"file":"alan-correa-2025-12-03-as-16.55.11-96x96.webp","width":96,"height":96,"filesize":1800,"mimeType":"image\/webp","sourceUrl":"https:\/\/carro.blog.br\/comparativo\/wp-content\/uploads\/2025\/12\/alan-correa-2025-12-03-as-16.55.11-96x96.webp"},"web-stories-thumbnail":{"file":"alan-correa-2025-12-03-as-16.55.11-150x97.webp","width":150,"height":97,"filesize":3080,"mimeType":"image\/webp","sourceUrl":"https:\/\/carro.blog.br\/comparativo\/wp-content\/uploads\/2025\/12\/alan-correa-2025-12-03-as-16.55.11-150x97.webp"},"full":{"file":"alan-correa-2025-12-03-as-16.55.11.webp","width":1834,"height":1188,"mimeType":"image\/jpeg","sourceUrl":"https:\/\/carro.blog.br\/comparativo\/wp-content\/uploads\/2025\/12\/alan-correa-2025-12-03-as-16.55.11.webp","sources":{"image\/webp":{"file":"alan-correa-2025-12-03-as-16.55.11.webp","filesize":75190,"sourceUrl":"https:\/\/carro.blog.br\/comparativo\/wp-content\/uploads\/2025\/12\/alan-correa-2025-12-03-as-16.55.11.webp"}}}},"isPlaceholder":false,"isExternal":false,"needsProxy":false,"baseColor":null,"blurHash":"U~LpQZ~LV@Ibt3ayRnkCahahaxocayf7j[fR","creationDate":"2025-12-03T19:55:47","src":"https:\/\/carro.blog.br\/comparativo\/wp-content\/uploads\/2025\/12\/alan-correa-2025-12-03-as-16.55.11.webp","id":170,"alt":"alan-correa- 2025-12-03 a\u0300s 16.55.11","local":false,"provider":"local"},"x":-32,"y":-86,"width":479,"height":790,"mask":{"type":"rectangle","showInLibrary":true,"name":"Ret\u00e2ngulo","path":"M 0,0 1,0 1,1 0,1 0,0 Z","ratio":1,"supportsBorder":true},"id":"b5dbf596-5205-4b79-81c0-3d9bf22cc44e","isLocked":false,"type":"image"},{"opacity":100,"flip":{"vertical":false,"horizontal":false},"rotationAngle":0,"lockAspectRatio":true,"backgroundTextMode":"HIGHLIGHT","font":{"family":"Merriweather"},"fontSize":20,"backgroundColor":{"color":{"r":255,"g":255,"b":255}},"lineHeight":1.3000000000000000444089209850062616169452667236328125,"textAlign":"left","padding":{"locked":true,"hasHiddenPadding":true,"horizontal":8,"vertical":4},"content":"<span style=\"font-weight: 700; color: #2d5897\">Autonomia: Nivus alcan\u00e7a at\u00e9 725 km com gasolina gra\u00e7as ao tanque maior, enquanto o Pulse chega a cerca de 603 km no mesmo combust\u00edvel.<\/span>","x":48,"y":190,"width":315,"height":169,"basedOn":"02fa0e27-95ee-4d9c-b2ff-92afda5f2b9f","id":"52653573-2c75-4325-8452-c7310a3c7b48","borderRadius":{"topLeft":0,"topRight":0,"bottomRight":0,"bottomLeft":0,"locked":true},"type":"text"},{"opacity":100,"flip":{"vertical":false,"horizontal":false},"rotationAngle":0,"lockAspectRatio":false,"scale":100,"focalX":50,"focalY":50,"resource":{"type":"image","mimeType":"image\/png","width":1500,"height":350,"sizes":{"medium":{"file":"logo-webstories-350x82.webp","width":350,"height":82,"filesize":3220,"sources":{"image\/webp":{"file":"logo-webstories-350x82.webp","filesize":3220,"sourceUrl":"https:\/\/carro.blog.br\/wp-content\/uploads\/2025\/03\/logo-webstories-350x82.webp"}},"mimeType":"image\/webp","sourceUrl":"https:\/\/carro.blog.br\/wp-content\/uploads\/2025\/03\/logo-webstories-350x82.webp"},"thumbnail":{"file":"logo-webstories-900x210.webp","width":900,"height":210,"filesize":9158,"sources":{"image\/webp":{"file":"logo-webstories-900x210.webp","filesize":9158,"sourceUrl":"https:\/\/carro.blog.br\/wp-content\/uploads\/2025\/03\/logo-webstories-900x210.webp"}},"mimeType":"image\/webp","sourceUrl":"https:\/\/carro.blog.br\/wp-content\/uploads\/2025\/03\/logo-webstories-900x210.webp"},"medium_large":{"file":"logo-webstories-768x179.webp","width":768,"height":179,"filesize":7634,"sources":{"image\/webp":{"file":"logo-webstories-768x179.webp","filesize":7634,"sourceUrl":"https:\/\/carro.blog.br\/wp-content\/uploads\/2025\/03\/logo-webstories-768x179.webp"}},"mimeType":"image\/webp","sourceUrl":"https:\/\/carro.blog.br\/wp-content\/uploads\/2025\/03\/logo-webstories-768x179.webp"},"web-stories-poster-portrait":{"file":"logo-webstories-640x350.webp","width":640,"height":350,"filesize":7132,"mimeType":"image\/webp","sourceUrl":"https:\/\/carro.blog.br\/wp-content\/uploads\/2025\/03\/logo-webstories-640x350.webp"},"web-stories-publisher-logo":{"file":"logo-webstories-96x96.webp","width":96,"height":96,"filesize":1230,"mimeType":"image\/webp","sourceUrl":"https:\/\/carro.blog.br\/wp-content\/uploads\/2025\/03\/logo-webstories-96x96.webp"},"web-stories-thumbnail":{"file":"logo-webstories-150x35.webp","width":150,"height":35,"filesize":1360,"mimeType":"image\/webp","sourceUrl":"https:\/\/carro.blog.br\/wp-content\/uploads\/2025\/03\/logo-webstories-150x35.webp"},"full":{"file":"logo-webstories-png.webp","width":1500,"height":350,"mimeType":"image\/png","sourceUrl":"https:\/\/carro.blog.br\/wp-content\/uploads\/2025\/03\/logo-webstories-png.webp","sources":{"image\/webp":{"file":"logo-webstories-png.webp","filesize":17298,"sourceUrl":"https:\/\/carro.blog.br\/wp-content\/uploads\/2025\/03\/logo-webstories-png.webp"}}}},"isPlaceholder":false,"isExternal":false,"needsProxy":false,"baseColor":"#567299","blurHash":"UDAw9+}*m%tRs.oej[WX005ZpKM{NHR+ays,","creationDate":"2025-03-09T18:04:13","src":"https:\/\/carro.blog.br\/wp-content\/uploads\/2025\/03\/logo-webstories-png.webp","id":86727,"alt":"logo-webstories","local":false},"x":24,"y":-25,"width":363,"height":77,"mask":{"type":"rectangle","showInLibrary":true,"name":"Ret\u00e2ngulo","path":"M 0,0 1,0 1,1 0,1 0,0 Z","ratio":1,"supportsBorder":true},"id":"4380b27b-ac56-4435-8a3b-575c150577bb","type":"image"}],"backgroundColor":{"color":{"r":255,"g":255,"b":255}},"animations":[{"id":"1e6967af-f357-4232-8c9f-1bf71ddd5aaf","type":"effect-background-zoom","zoomDirection":"scaleOut","duration":100,"delay":0,"targets":["bf54ad7f-8d0c-4582-aba6-3d98ab41e8bd"]},{"id":"a04dbb31-be82-43e8-ad2f-a1e60aacecd9","type":"effect-pulse","scale":0.5,"iterations":1,"duration":1450,"delay":0,"targets":["b5dbf596-5205-4b79-81c0-3d9bf22cc44e"]},{"id":"8a8bfec6-89e8-4e90-a3dd-be6ecdc2204e","type":"effect-fly-in","flyInDir":"leftToRight","duration":600,"delay":0,"targets":["52653573-2c75-4325-8452-c7310a3c7b48"]},{"id":"ea15899a-ff82-4c26-b7b2-9fa1e1b3bd61","type":"effect-fly-in","flyInDir":"topToBottom","duration":600,"delay":0,"targets":["4380b27b-ac56-4435-8a3b-575c150577bb"]}],"id":"66023ae4-824d-4639-8910-f7d0996b4163","pageAttachment":{"url":"https:\/\/carro.blog.br\/comparativo\/volkswagen-nivus-2025-ou-fiat-pulse-t200-hybrid-2025-comparativo-de-melhor-suv-para-uso-urbano.html?tipo=amp","icon":"","needsProxy":false,"theme":"light","ctaText":"Arraste Para Cima"},"defaultBackgroundElement":{"opacity":100,"flip":{"vertical":false,"horizontal":false},"rotationAngle":0,"lockAspectRatio":true,"backgroundColor":{"color":{"r":196,"g":196,"b":196}},"x":1,"y":1,"width":1,"height":1,"mask":{"type":"rectangle"},"isBackground":true,"isDefaultBackground":true,"id":"4fdbe143-0fc4-42fe-adcb-6e080723c583","type":"shape"}}],"fonts":{"Merriweather":{"family":"Merriweather","fallbacks":["serif"],"weights":[300,400,500,600,700,800,900],"styles":["regular","italic"],"variants":[[0,300],[0,400],[0,500],[0,600],[0,700],[0,800],[0,900],[1,300],[1,400],[1,500],[1,600],[1,700],[1,800],[1,900]],"service":"fonts.google.com","metrics":{"upm":2000,"asc":1968,"des":-546,"tAsc":1968,"tDes":-546,"tLGap":0,"wAsc":2476,"wDes":988,"xH":1111,"capH":1486,"yMin":-969,"yMax":2429,"hAsc":1968,"hDes":-546,"lGap":0}}},"autoAdvance":false,"defaultPageDuration":7,"currentStoryStyles":{"colors":[]}},"story_poster":{"id":165,"url":"https:\/\/carro.blog.br\/comparativo\/wp-content\/uploads\/2025\/12\/cropped-Volkswagen-Nivus-Highline-2025-x-Fiat-Pulse-T200-Hybrid-2025-1.webp","width":640,"height":853,"needsProxy":false},"_links":{"self":[{"href":"https:\/\/carro.blog.br\/comparativo\/wp-json\/web-stories\/v1\/web-story\/164","targetHints":{"allow":["GET"]}}],"collection":[{"href":"https:\/\/carro.blog.br\/comparativo\/wp-json\/web-stories\/v1\/web-story"}],"about":[{"href":"https:\/\/carro.blog.br\/comparativo\/wp-json\/wp\/v2\/types\/web-story"}],"author":[{"embeddable":true,"href":"https:\/\/carro.blog.br\/comparativo\/wp-json\/web-stories\/v1\/users\/1"}],"version-history":[{"count":8,"href":"https:\/\/carro.blog.br\/comparativo\/wp-json\/web-stories\/v1\/web-story\/164\/revisions"}],"predecessor-version":[{"id":185,"href":"https:\/\/carro.blog.br\/comparativo\/wp-json\/web-stories\/v1\/web-story\/164\/revisions\/185"}],"wp:featuredmedia":[{"embeddable":true,"href":"https:\/\/carro.blog.br\/comparativo\/wp-json\/web-stories\/v1\/media\/165"}],"wp:attachment":[{"href":"https:\/\/carro.blog.br\/comparativo\/wp-json\/web-stories\/v1\/media?parent=164"}],"wp:term":[{"taxonomy":"web_story_category","embeddable":true,"href":"https:\/\/carro.blog.br\/comparativo\/wp-json\/web-stories\/v1\/web_story_category?post=164"},{"taxonomy":"web_story_tag","embeddable":true,"href":"https:\/\/carro.blog.br\/comparativo\/wp-json\/web-stories\/v1\/web_story_tag?post=164"}],"wp:lock":[{"embeddable":true,"href":"https:\/\/carro.blog.br\/comparativo\/wp-json\/web-stories\/v1\/web-story\/164\/lock"}],"wp:publisherlogo":[{"embeddable":true,"href":"https:\/\/carro.blog.br\/comparativo\/wp-json\/web-stories\/v1\/media\/147"}],"curies":[{"name":"wp","href":"https:\/\/api.w.org\/{rel}","templated":true}]}}