{"id":238,"date":"2025-12-08T16:41:34","date_gmt":"2025-12-08T19:41:34","guid":{"rendered":"https:\/\/carro.blog.br\/comparativo\/?post_type=web-story&#038;p=238"},"modified":"2025-12-08T16:41:34","modified_gmt":"2025-12-08T19:41:34","slug":"nissan-kait-tem-potencia-para-desafiar-o-vw-tera-veja-comparativo","status":"publish","type":"web-story","link":"https:\/\/carro.blog.br\/comparativo\/web-stories\/nissan-kait-tem-potencia-para-desafiar-o-vw-tera-veja-comparativo","title":{"rendered":"Nissan Kait tem potencia para desafiar o VW Tera? Veja comparativo"},"content":{"rendered":"<p><html amp=\"\" lang=\"en\"><head><meta charSet=\"utf-8\"\/><meta name=\"viewport\" content=\"width=device-width,minimum-scale=1,initial-scale=1\"\/><script async=\"\" src=\"https:\/\/cdn.ampproject.org\/v0.js\"><\/script><script async=\"\" src=\"https:\/\/cdn.ampproject.org\/v0\/amp-story-1.0.js\" custom-element=\"amp-story\"><\/script><link href=\"https:\/\/fonts.googleapis.com\/css2?display=swap&amp;family=Merriweather%3Awght%40700\" rel=\"stylesheet\"\/>\n<style amp-boilerplate=\"\">body{-webkit-animation:-amp-start 8s steps(1,end) 0s 1 normal both;-moz-animation:-amp-start 8s steps(1,end) 0s 1 normal both;-ms-animation:-amp-start 8s steps(1,end) 0s 1 normal both;animation:-amp-start 8s steps(1,end) 0s 1 normal both}@-webkit-keyframes -amp-start{from{visibility:hidden}to{visibility:visible}}@-moz-keyframes -amp-start{from{visibility:hidden}to{visibility:visible}}@-ms-keyframes -amp-start{from{visibility:hidden}to{visibility:visible}}@-o-keyframes -amp-start{from{visibility:hidden}to{visibility:visible}}@keyframes -amp-start{from{visibility:hidden}to{visibility:visible}}<\/style>\n<p><noscript><\/p>\n<style amp-boilerplate=\"\">body{-webkit-animation:none;-moz-animation:none;-ms-animation:none;animation:none}<\/style>\n<p><\/noscript><\/p>\n<style amp-custom=\"\">\n              h1, h2, h3 { font-weight: normal; }<\/p>\n<p>              amp-story-page {\n                background-color: #131516;\n              }<\/p>\n<p>              amp-story-grid-layer {\n                overflow: visible;\n              }<\/p>\n<p>              @media (max-aspect-ratio: 9 \/ 16)  {\n                @media (min-aspect-ratio: 320 \/ 678) {\n                  amp-story-grid-layer.grid-layer {\n                    margin-top: calc((100% \/ 0.5625 - 100% \/ 0.6666666666666666) \/ 2);\n                  }\n                }\n              }<\/p>\n<p>              @media not all and (min-resolution:.001dpcm) {\n                @media {\n                  p.text-wrapper > span {\n                    font-size: calc(100% - 0.5px);\n                  }\n                }\n              }<\/p>\n<p>              .page-fullbleed-area,\n              .page-background-overlay-area {\n                position: absolute;\n                overflow: hidden;\n                width: 100%;\n                left: 0;\n                height: calc(1.1851851851851851 * 100%);\n                top: calc((1 - 1.1851851851851851) * 100% \/ 2);\n              }<\/p>\n<p>              .element-overlay-area {\n                position: absolute;\n                width: 100%;\n                height: 100%;\n                top: 0;\n                left: 0;\n              }<\/p>\n<p>              .page-safe-area {\n                overflow: visible;\n                position: absolute;\n                top: 0;\n                bottom: 0;\n                left: 0;\n                right: 0;\n                width: 100%;\n                height: calc(0.84375 * 100%);\n                margin: auto 0;\n              }<\/p>\n<p>              .mask {\n                position: absolute;\n                overflow: hidden;\n              }<\/p>\n<p>              .fill {\n                position: absolute;\n                top: 0;\n                left: 0;\n                right: 0;\n                bottom: 0;\n                margin: 0;\n              }<\/p>\n<p>              @media (prefers-reduced-motion: no-preference) {\n                .animation-wrapper {\n                  opacity: var(--initial-opacity);\n                  transform: var(--initial-transform);\n                }\n              }<\/p>\n<p>              amp-story-grid-layer.align-bottom {\n                align-content: end;\n                padding: 0;\n                \/*\n                  AMP CTA Layer will exactly occupy 74px regardless of any device.\n                  To space out captions 74px from the BOTTOM (AMP CTA Layer),\n                  74px from the TOP should also be spaced out and thus: 2 * 74px\n                  will be the desired max-height.\n                *\/\n                max-height: calc(100vh - (2 * 74px));\n              }<\/p>\n<p>              .captions-area {\n                padding: 0 32px 0;\n              }<\/p>\n<p>              amp-story-captions {\n                margin-bottom: 16px;\n                text-align: center;\n              }<\/p>\n<p>              amp-story-audio-sticker {\n                height: 100%;\n              }<\/p>\n<p>              .audio-sticker {\n                font-family: -apple-system, BlinkMacSystemFont, 'Segoe UI', Roboto, Oxygen-Sans, Ubuntu, Cantarell, 'Helvetica Neue', sans-serif;\n              }\n              <\/style>\n<p><meta name=\"web-stories-replace-head-start\"\/><title>Nissan Kait tem potencia para desafiar o VW Tera? Veja comparativo<\/title><link rel=\"canonical\" href=\"https:\/\/carro.blog.br\/comparativo\/?post_type=web-story&amp;p=238\"\/><meta name=\"web-stories-replace-head-end\"\/><\/head><body><amp-story standalone=\"\" publisher=\"Comparativo Carros | Carro.Blog.Br\" publisher-logo-src=\"https:\/\/carro.blog.br\/comparativo\/wp-content\/uploads\/2025\/12\/512.webp\" title=\"Nissan Kait tem potencia para desafiar o VW Tera? Veja comparativo\" poster-portrait-src=\"https:\/\/carro.blog.br\/comparativo\/wp-content\/uploads\/2025\/12\/cropped-Nissan-Kait-2026-x-Volkswagen-Tera-2026.webp\"><amp-story-page id=\"ec39b034-d85c-436c-a067-cbfe61116245\"><amp-story-grid-layer template=\"vertical\" aspect-ratio=\"412:618\" class=\"grid-layer\"><\/p>\n<div class=\"page-fullbleed-area\" style=\"background-color:#fff\">\n<div class=\"page-safe-area\">\n<div style=\"position:absolute;pointer-events:none;left:0;top:-9.25926%;width:100%;height:118.51852%;opacity:1\">\n<div style=\"pointer-events:initial;width:100%;height:100%;display:block;position:absolute;top:0;left:0;z-index:0\" class=\"mask\" id=\"el-2c2569d7-f256-4fb2-a821-ce9b2ba9c0bd\">\n<div class=\"fill\" style=\"will-change:transform\"><\/div>\n<\/div>\n<\/div>\n<\/div>\n<\/div>\n<p><\/amp-story-grid-layer><amp-story-grid-layer template=\"vertical\" aspect-ratio=\"412:618\" class=\"grid-layer\"><\/p>\n<div class=\"page-fullbleed-area\">\n<div class=\"page-safe-area\">\n<div style=\"position:absolute;pointer-events:none;left:11.65049%;top:62.29773%;width:76.69903%;height:24.91909%;opacity:1\">\n<div style=\"pointer-events:initial;width:100%;height:100%;display:block;position:absolute;top:0;left:0;z-index:0\" id=\"el-7396e8a5-0c4e-496c-af31-e79f093f4b69\">\n<h2 class=\"fill text-wrapper\" style=\"white-space:pre-line;overflow-wrap:break-word;word-break:break-word;margin:-0.20411392405063392% 0;font-family:&quot;Merriweather&quot;,serif;font-size:0.485437em;line-height:1.3;text-align:left;padding:0;color:#000000\"><span><span style=\"font-weight: 700; color: #590d22\">Nissan Kait<\/span><span style=\"font-weight: 700; color: #4285f4\"> tem potencia para desafiar o <\/span><span style=\"font-weight: 700; color: #e06e04\">VW Tera?<\/span><span style=\"font-weight: 700; color: #4285f4\"> Veja comparativo<\/span><\/span><\/h2>\n<\/div>\n<\/div>\n<div style=\"position:absolute;pointer-events:none;left:calc(1.69903% - 1px);top:calc(1.61812% - 1px);width:calc(98.30097% + 2px);height:calc(44.49838% + 2px);opacity:1\">\n<div style=\"top:0;left:0;right:0;bottom:0;width:100%;height:100%;position:absolute;border-width:1px 1px 1px 1px;border-color:rgba(0,0,0,1);border-style:solid;border-radius:2.4691358024691357% 0% 0% 2.4691358024691357% \/ 3.6363636363636362% 0% 0% 3.6363636363636362%;pointer-events:initial;display:block;z-index:0\" class=\"mask\" id=\"el-5c67030d-23da-4428-894c-a4c05bb114e2\">\n<div style=\"position:absolute;width:120.7133%;height:100%;left:-10.35665%;top:0%\" data-leaf-element=\"true\"><amp-img layout=\"fill\" src=\"https:\/\/carro.blog.br\/comparativo\/wp-content\/uploads\/2025\/12\/Nissan-Kait-2026-x-Volkswagen-Tera-2026.webp\" alt=\"Carro.Blog.Br\" srcSet=\"https:\/\/carro.blog.br\/comparativo\/wp-content\/uploads\/2025\/12\/Nissan-Kait-2026-x-Volkswagen-Tera-2026.webp 1920w,https:\/\/carro.blog.br\/comparativo\/wp-content\/uploads\/2025\/12\/Nissan-Kait-2026-x-Volkswagen-Tera-2026-1800x1013.webp 1800w,https:\/\/carro.blog.br\/comparativo\/wp-content\/uploads\/2025\/12\/Nissan-Kait-2026-x-Volkswagen-Tera-2026-1536x864.webp 1536w,https:\/\/carro.blog.br\/comparativo\/wp-content\/uploads\/2025\/12\/Nissan-Kait-2026-x-Volkswagen-Tera-2026-900x506.webp 900w,https:\/\/carro.blog.br\/comparativo\/wp-content\/uploads\/2025\/12\/Nissan-Kait-2026-x-Volkswagen-Tera-2026-768x432.webp 768w,https:\/\/carro.blog.br\/comparativo\/wp-content\/uploads\/2025\/12\/Nissan-Kait-2026-x-Volkswagen-Tera-2026-400x225.webp 400w,https:\/\/carro.blog.br\/comparativo\/wp-content\/uploads\/2025\/12\/Nissan-Kait-2026-x-Volkswagen-Tera-2026-150x84.webp 150w\" sizes=\"(min-width: 1024px) 44vh, 98vw\" disable-inline-width=\"true\"><\/amp-img><\/div>\n<\/div>\n<\/div>\n<div style=\"position:absolute;pointer-events:none;left:-19.41748%;top:47.24919%;width:33.25243%;height:4.36893%;opacity:1\">\n<div style=\"pointer-events:initial;width:100%;height:100%;display:block;position:absolute;top:0;left:0;z-index:0\" class=\"mask\" id=\"el-77d6e838-1807-41f9-ac3e-d9e7e5b84e8b\">\n<div class=\"fill\" style=\"background-color:#fff;will-change:transform\"><\/div>\n<\/div>\n<\/div>\n<div style=\"position:absolute;pointer-events:none;left:9.70874%;top:47.24919%;width:76.69903%;height:4.36893%;opacity:1\">\n<div style=\"pointer-events:initial;width:100%;height:100%;display:block;position:absolute;top:0;left:0;z-index:0;border-radius:3.1645569620253164% 3.1645569620253164% 3.1645569620253164% 3.1645569620253164% \/ 37.03703703703704% 37.03703703703704% 37.03703703703704% 37.03703703703704%\" id=\"el-1ce45a35-0b52-4f45-81eb-4d17f1c49af0\">\n<p class=\"fill text-wrapper\" style=\"white-space:pre-line;overflow-wrap:break-word;word-break:break-word;margin:0;font-family:&quot;Merriweather&quot;,serif;font-size:0.242718em;line-height:calc(1em + 0.5333349813363657em);text-align:left;padding:0;color:#000000;background-color:#fff;background:none\"><span style=\"display:block;position:relative;left:0;top:0;margin:0.6099683544303793% 0;-webkit-box-decoration-break:clone;box-decoration-break:clone\"><span style=\"background-color:#fff;-webkit-box-decoration-break:clone;box-decoration-break:clone;position:relative;padding:1.2658227848101267% 2.5316455696202533%;text-align:left;border-radius:10px 10px 10px 10px;color:transparent\"><span style=\"font-weight: 700\">Por Carro.Blog.Br \/ Alan Correa<\/span><\/span><\/span><\/p>\n<p class=\"fill text-wrapper\" style=\"white-space:pre-line;overflow-wrap:break-word;word-break:break-word;margin:0;font-family:&quot;Merriweather&quot;,serif;font-size:0.242718em;line-height:calc(1em + 0.5333349813363657em);text-align:left;padding:0;color:#000000;background-color:#fff;background:none;position:absolute;top:0;left:0;right:0\" aria-hidden=\"true\"><span style=\"display:block;position:relative;left:0;top:0;margin:0.6099683544303793% 0;-webkit-box-decoration-break:clone;box-decoration-break:clone\"><span style=\"background-color:#fff;-webkit-box-decoration-break:clone;box-decoration-break:clone;position:relative;padding:1.2658227848101267% 2.5316455696202533%;text-align:left;border-radius:10px 10px 10px 10px;background:none\"><span style=\"font-weight: 700; color: #2d5897\">Por Carro.Blog.Br \/ Alan Correa<\/span><\/span><\/span><\/p>\n<\/div>\n<\/div>\n<div style=\"position:absolute;pointer-events:none;left:11.65049%;top:54.04531%;width:76.45631%;height:4.04531%;opacity:1\">\n<div style=\"pointer-events:initial;width:100%;height:100%;display:block;position:absolute;top:0;left:0;z-index:0;border-radius:0% 0% 0% 0% \/ 0% 0% 0% 0%\" id=\"el-cf178f34-1be0-4967-b35d-922ffa3bf462\">\n<p class=\"fill text-wrapper\" style=\"white-space:pre-line;overflow-wrap:break-word;word-break:break-word;margin:-0.7714285714285719% 0;font-family:&quot;Merriweather&quot;,serif;font-size:0.323625em;line-height:1.5;text-align:left;padding:0;color:#000000\"><span><span style=\"font-weight: 700; color: #2d5897\">08\/12\/2025<\/span><\/span><\/p>\n<\/div>\n<\/div>\n<div style=\"position:absolute;pointer-events:none;left:5.82524%;top:-4.04531%;width:88.1068%;height:12.45955%;opacity:1\">\n<div style=\"pointer-events:initial;width:100%;height:100%;display:block;position:absolute;top:0;left:0;z-index:0\" class=\"mask\" id=\"el-0c45c01b-68f3-4e6a-a4ea-1a8926478308\">\n<div style=\"position:absolute;width:100%;height:109.99998%;left:0%;top:-4.99999%\" data-leaf-element=\"true\"><amp-img layout=\"fill\" src=\"https:\/\/carro.blog.br\/wp-content\/uploads\/2025\/03\/logo-webstories-png.webp\" alt=\"logo-webstories\" srcSet=\"https:\/\/carro.blog.br\/wp-content\/uploads\/2025\/03\/logo-webstories-png.webp 1500w,https:\/\/carro.blog.br\/wp-content\/uploads\/2025\/03\/logo-webstories-900x210.webp 900w,https:\/\/carro.blog.br\/wp-content\/uploads\/2025\/03\/logo-webstories-768x179.webp 768w,https:\/\/carro.blog.br\/wp-content\/uploads\/2025\/03\/logo-webstories-150x35.webp 150w\" sizes=\"(min-width: 1024px) 40vh, 88vw\" disable-inline-width=\"true\"><\/amp-img><\/div>\n<\/div>\n<\/div>\n<\/div>\n<\/div>\n<p><\/amp-story-grid-layer><amp-story-page-outlink layout=\"nodisplay\" theme=\"dark\"><a href=\"https:\/\/carro.blog.br\/comparativo\/volkswagen-tera-2026-ou-nissan-kait-2026-comparativo-revela-qual-suv-entrega-mais-por-menos.html?tipo=amp\" rel=\"\">Arraste Para Cima<\/a><\/amp-story-page-outlink><\/amp-story-page><amp-story-page id=\"a4835228-979a-4311-9e43-dd2dbd63ca86\"><amp-story-animation layout=\"nodisplay\" trigger=\"visibility\"><script type=\"application\/json\">[{\"selector\":\"#anim-e0df50a5-6bbe-4517-84be-81c754ef718a [data-leaf-element=\\\"true\\\"]\",\"keyframes\":{\"transform\":[\"translate(0%, 0%) scale(1.5)\",\"translate(0%, 0%) scale(1)\"]},\"delay\":0,\"duration\":100,\"easing\":\"cubic-bezier(.3,0,.55,1)\",\"fill\":\"forwards\"}]<\/script><\/amp-story-animation><amp-story-animation layout=\"nodisplay\" trigger=\"visibility\"><script type=\"application\/json\">[{\"selector\":\"#anim-9b3def38-36cb-45b7-8a50-7baac61256ce\",\"keyframes\":{\"opacity\":[0,1]},\"delay\":0,\"duration\":600,\"easing\":\"cubic-bezier(0.2, 0.6, 0.0, 1)\",\"fill\":\"both\"}]<\/script><\/amp-story-animation><amp-story-animation layout=\"nodisplay\" trigger=\"visibility\"><script type=\"application\/json\">[{\"selector\":\"#anim-dea2c565-3356-455a-8a57-c5e8795d0605\",\"keyframes\":{\"transform\":[\"translate3d(-115.2381%, 0px, 0)\",\"translate3d(0px, 0px, 0)\"]},\"delay\":0,\"duration\":600,\"easing\":\"cubic-bezier(0.2, 0.6, 0.0, 1)\",\"fill\":\"both\"}]<\/script><\/amp-story-animation><amp-story-animation layout=\"nodisplay\" trigger=\"visibility\"><script type=\"application\/json\">[{\"selector\":\"#anim-3ef6c686-0658-4bb5-a502-8b85cdfa4b34\",\"keyframes\":{\"opacity\":[0,1]},\"delay\":0,\"duration\":600,\"easing\":\"cubic-bezier(0.2, 0.6, 0.0, 1)\",\"fill\":\"both\"}]<\/script><\/amp-story-animation><amp-story-animation layout=\"nodisplay\" trigger=\"visibility\"><script type=\"application\/json\">[{\"selector\":\"#anim-db40298d-af41-4d24-a044-47c38218f654\",\"keyframes\":{\"transform\":[\"translate3d(0px, -141.84702%, 0)\",\"translate3d(0px, 0px, 0)\"]},\"delay\":0,\"duration\":600,\"easing\":\"cubic-bezier(0.2, 0.6, 0.0, 1)\",\"fill\":\"both\"}]<\/script><\/amp-story-animation><amp-story-grid-layer template=\"vertical\" aspect-ratio=\"412:618\" class=\"grid-layer\"><\/p>\n<div class=\"page-fullbleed-area\" style=\"background-color:#fff\">\n<div class=\"page-safe-area\">\n<div style=\"position:absolute;pointer-events:none;left:0;top:-9.25926%;width:100%;height:118.51852%;opacity:1\">\n<div id=\"anim-e0df50a5-6bbe-4517-84be-81c754ef718a\" class=\"animation-wrapper\" style=\"width:100%;height:100%;display:block;position:absolute;top:0;left:0\">\n<div style=\"pointer-events:initial;width:100%;height:100%;display:block;position:absolute;top:0;left:0;z-index:0\" class=\"mask\" id=\"el-ee09b1fa-d006-49e6-a2cf-dbaf46f165e5\">\n<div style=\"position:absolute;width:274.44819%;height:100%;left:-87.22409%;top:0%\" data-leaf-element=\"true\"><amp-img layout=\"fill\" src=\"https:\/\/carro.blog.br\/comparativo\/wp-content\/uploads\/2025\/12\/alan-correa-2025-12-03-as-16.55.11.webp\" alt=\"alan-correa- 2025-12-03 a\u0300s 16.55.11\" srcSet=\"https:\/\/carro.blog.br\/comparativo\/wp-content\/uploads\/2025\/12\/alan-correa-2025-12-03-as-16.55.11.webp 1834w,https:\/\/carro.blog.br\/comparativo\/wp-content\/uploads\/2025\/12\/alan-correa-2025-12-03-as-16.55.11-1800x1166.webp 1800w,https:\/\/carro.blog.br\/comparativo\/wp-content\/uploads\/2025\/12\/alan-correa-2025-12-03-as-16.55.11-1536x995.webp 1536w,https:\/\/carro.blog.br\/comparativo\/wp-content\/uploads\/2025\/12\/alan-correa-2025-12-03-as-16.55.11-900x583.webp 900w,https:\/\/carro.blog.br\/comparativo\/wp-content\/uploads\/2025\/12\/alan-correa-2025-12-03-as-16.55.11-768x497.webp 768w,https:\/\/carro.blog.br\/comparativo\/wp-content\/uploads\/2025\/12\/alan-correa-2025-12-03-as-16.55.11-400x259.webp 400w,https:\/\/carro.blog.br\/comparativo\/wp-content\/uploads\/2025\/12\/alan-correa-2025-12-03-as-16.55.11-150x97.webp 150w\" sizes=\"(min-width: 1024px) 49vh, 108vw\" disable-inline-width=\"true\"><\/amp-img><\/div>\n<div class=\"element-overlay-area\" style=\"background-image:radial-gradient(ellipse 67% 67%, rgba(0,0,0,0) 0%, rgba(0,0,0,0.7) 100%)\"><\/div>\n<\/div>\n<\/div>\n<\/div>\n<div class=\"page-background-overlay-area\" style=\"background-image:radial-gradient(ellipse 67% 67%, rgba(0,0,0,0) 0%, rgba(0,0,0,0.7) 100%)\"><\/div>\n<\/div>\n<\/div>\n<p><\/amp-story-grid-layer><amp-story-grid-layer template=\"vertical\" aspect-ratio=\"412:618\" class=\"grid-layer\"><\/p>\n<div class=\"page-fullbleed-area\">\n<div class=\"page-safe-area\">\n<div style=\"position:absolute;pointer-events:none;left:11.65049%;top:30.74434%;width:76.45631%;height:33.00971%;opacity:1\">\n<div id=\"anim-9b3def38-36cb-45b7-8a50-7baac61256ce\" class=\"animation-wrapper\" style=\"width:100%;height:100%;display:block;position:absolute;top:0;left:0;--initial-opacity:0;--initial-transform:none\">\n<div id=\"anim-dea2c565-3356-455a-8a57-c5e8795d0605\" class=\"animation-wrapper\" style=\"width:100%;height:100%;display:block;position:absolute;top:0;left:0;--initial-opacity:1;--initial-transform:translate3d(-115.2381%, 0px, 0)\">\n<div style=\"pointer-events:initial;width:100%;height:100%;display:block;position:absolute;top:0;left:0;z-index:0;border-radius:0% 0% 0% 0% \/ 0% 0% 0% 0%\" id=\"el-976fbec0-e337-4669-a452-21933dc4ee24\">\n<p class=\"fill text-wrapper\" style=\"white-space:pre-line;overflow-wrap:break-word;word-break:break-word;margin:0;font-family:&quot;Merriweather&quot;,serif;font-size:0.323625em;line-height:calc(1.3em + 0.39999999999999997em);text-align:left;padding:0;color:#000000;background-color:#fff;background:none\"><span style=\"display:block;position:relative;left:0;top:0;margin:-0.136507936507937% 0;-webkit-box-decoration-break:clone;box-decoration-break:clone\"><span style=\"background-color:#fff;-webkit-box-decoration-break:clone;box-decoration-break:clone;position:relative;padding:1.2698412698412698% 2.5396825396825395%;text-align:left;border-radius:0px 0px 0px 0px;color:transparent\"><span style=\"font-weight: 700\">Kait 2026 e Tera 2026 entram no mesmo ringue, mas cada um fala com um motorista diferente. Um usa espa\u00e7o como trunfo, o outro aposta tudo em efici\u00eancia.<\/span><\/span><\/span><\/p>\n<p class=\"fill text-wrapper\" style=\"white-space:pre-line;overflow-wrap:break-word;word-break:break-word;margin:0;font-family:&quot;Merriweather&quot;,serif;font-size:0.323625em;line-height:calc(1.3em + 0.39999999999999997em);text-align:left;padding:0;color:#000000;background-color:#fff;background:none;position:absolute;top:0;left:0;right:0\" aria-hidden=\"true\"><span style=\"display:block;position:relative;left:0;top:0;margin:-0.136507936507937% 0;-webkit-box-decoration-break:clone;box-decoration-break:clone\"><span style=\"background-color:#fff;-webkit-box-decoration-break:clone;box-decoration-break:clone;position:relative;padding:1.2698412698412698% 2.5396825396825395%;text-align:left;border-radius:0px 0px 0px 0px;background:none\"><span style=\"font-weight: 700; color: #2d5897\">Kait 2026 e Tera 2026 entram no mesmo ringue, mas cada um fala com um motorista diferente. Um usa espa\u00e7o como trunfo, o outro aposta tudo em efici\u00eancia.<\/span><\/span><\/span><\/p>\n<\/div>\n<\/div>\n<\/div>\n<\/div>\n<div style=\"position:absolute;pointer-events:none;left:5.82524%;top:-4.04531%;width:88.1068%;height:12.45955%;opacity:1\">\n<div id=\"anim-3ef6c686-0658-4bb5-a502-8b85cdfa4b34\" class=\"animation-wrapper\" style=\"width:100%;height:100%;display:block;position:absolute;top:0;left:0;--initial-opacity:0;--initial-transform:none\">\n<div id=\"anim-db40298d-af41-4d24-a044-47c38218f654\" class=\"animation-wrapper\" style=\"width:100%;height:100%;display:block;position:absolute;top:0;left:0;--initial-opacity:1;--initial-transform:translate3d(0px, -141.84702%, 0)\">\n<div style=\"pointer-events:initial;width:100%;height:100%;display:block;position:absolute;top:0;left:0;z-index:0\" class=\"mask\" id=\"el-97d8fa48-b224-4cba-a2ee-684970c10042\">\n<div style=\"position:absolute;width:100%;height:109.99998%;left:0%;top:-4.99999%\" data-leaf-element=\"true\"><amp-img layout=\"fill\" src=\"https:\/\/carro.blog.br\/wp-content\/uploads\/2025\/03\/logo-webstories-png.webp\" alt=\"logo-webstories\" srcSet=\"https:\/\/carro.blog.br\/wp-content\/uploads\/2025\/03\/logo-webstories-png.webp 1500w,https:\/\/carro.blog.br\/wp-content\/uploads\/2025\/03\/logo-webstories-900x210.webp 900w,https:\/\/carro.blog.br\/wp-content\/uploads\/2025\/03\/logo-webstories-768x179.webp 768w,https:\/\/carro.blog.br\/wp-content\/uploads\/2025\/03\/logo-webstories-150x35.webp 150w\" sizes=\"(min-width: 1024px) 40vh, 88vw\" disable-inline-width=\"true\"><\/amp-img><\/div>\n<\/div>\n<\/div>\n<\/div>\n<\/div>\n<\/div>\n<\/div>\n<p><\/amp-story-grid-layer><amp-story-page-outlink layout=\"nodisplay\" theme=\"light\"><a href=\"https:\/\/carro.blog.br\/comparativo\/volkswagen-tera-2026-ou-nissan-kait-2026-comparativo-revela-qual-suv-entrega-mais-por-menos.html?tipo=amp\" rel=\"\">Arraste Para Cima<\/a><\/amp-story-page-outlink><\/amp-story-page><amp-story-page id=\"6638c8e5-f7e4-48b9-8c8a-a9687250aaa7\"><amp-story-animation layout=\"nodisplay\" trigger=\"visibility\"><script type=\"application\/json\">[{\"selector\":\"#anim-e07f0971-983e-4100-a78c-5142f1ca4882 [data-leaf-element=\\\"true\\\"]\",\"keyframes\":{\"transform\":[\"translate(0%, 0%) scale(1.5)\",\"translate(0%, 0%) scale(1)\"]},\"delay\":0,\"duration\":100,\"easing\":\"cubic-bezier(.3,0,.55,1)\",\"fill\":\"forwards\"}]<\/script><\/amp-story-animation><amp-story-animation layout=\"nodisplay\" trigger=\"visibility\"><script type=\"application\/json\">[{\"selector\":\"#anim-56fc6873-8dbc-4664-8136-badb33618728\",\"keyframes\":{\"opacity\":[0,1]},\"delay\":0,\"duration\":600,\"easing\":\"cubic-bezier(0.2, 0.6, 0.0, 1)\",\"fill\":\"both\"}]<\/script><\/amp-story-animation><amp-story-animation layout=\"nodisplay\" trigger=\"visibility\"><script type=\"application\/json\">[{\"selector\":\"#anim-3f215048-1b32-4a58-b892-bd2208b8fea1\",\"keyframes\":{\"transform\":[\"translate3d(-115.2381%, 0px, 0)\",\"translate3d(0px, 0px, 0)\"]},\"delay\":0,\"duration\":600,\"easing\":\"cubic-bezier(0.2, 0.6, 0.0, 1)\",\"fill\":\"both\"}]<\/script><\/amp-story-animation><amp-story-animation layout=\"nodisplay\" trigger=\"visibility\"><script type=\"application\/json\">[{\"selector\":\"#anim-99c88ec3-0d87-4034-9e6b-4814d0e0cc04\",\"keyframes\":{\"opacity\":[0,1]},\"delay\":0,\"duration\":600,\"easing\":\"cubic-bezier(0.2, 0.6, 0.0, 1)\",\"fill\":\"both\"}]<\/script><\/amp-story-animation><amp-story-animation layout=\"nodisplay\" trigger=\"visibility\"><script type=\"application\/json\">[{\"selector\":\"#anim-08d69dc0-bbe8-490f-8465-d982e951b5c0\",\"keyframes\":{\"transform\":[\"translate3d(0px, -141.84702%, 0)\",\"translate3d(0px, 0px, 0)\"]},\"delay\":0,\"duration\":600,\"easing\":\"cubic-bezier(0.2, 0.6, 0.0, 1)\",\"fill\":\"both\"}]<\/script><\/amp-story-animation><amp-story-grid-layer template=\"vertical\" aspect-ratio=\"412:618\" class=\"grid-layer\"><\/p>\n<div class=\"page-fullbleed-area\" style=\"background-color:#fff\">\n<div class=\"page-safe-area\">\n<div style=\"position:absolute;pointer-events:none;left:0;top:-9.25926%;width:100%;height:118.51852%;opacity:1\">\n<div id=\"anim-e07f0971-983e-4100-a78c-5142f1ca4882\" class=\"animation-wrapper\" style=\"width:100%;height:100%;display:block;position:absolute;top:0;left:0\">\n<div style=\"pointer-events:initial;width:100%;height:100%;display:block;position:absolute;top:0;left:0;z-index:0\" class=\"mask\" id=\"el-f65526a2-331f-4951-b1d8-cdf6f639a69f\">\n<div style=\"position:absolute;width:274.44819%;height:100%;left:-87.22409%;top:0%\" data-leaf-element=\"true\"><amp-img layout=\"fill\" src=\"https:\/\/carro.blog.br\/comparativo\/wp-content\/uploads\/2025\/12\/alan-correa-2025-12-03-as-16.55.11.webp\" alt=\"alan-correa- 2025-12-03 a\u0300s 16.55.11\" srcSet=\"https:\/\/carro.blog.br\/comparativo\/wp-content\/uploads\/2025\/12\/alan-correa-2025-12-03-as-16.55.11.webp 1834w,https:\/\/carro.blog.br\/comparativo\/wp-content\/uploads\/2025\/12\/alan-correa-2025-12-03-as-16.55.11-1800x1166.webp 1800w,https:\/\/carro.blog.br\/comparativo\/wp-content\/uploads\/2025\/12\/alan-correa-2025-12-03-as-16.55.11-1536x995.webp 1536w,https:\/\/carro.blog.br\/comparativo\/wp-content\/uploads\/2025\/12\/alan-correa-2025-12-03-as-16.55.11-900x583.webp 900w,https:\/\/carro.blog.br\/comparativo\/wp-content\/uploads\/2025\/12\/alan-correa-2025-12-03-as-16.55.11-768x497.webp 768w,https:\/\/carro.blog.br\/comparativo\/wp-content\/uploads\/2025\/12\/alan-correa-2025-12-03-as-16.55.11-400x259.webp 400w,https:\/\/carro.blog.br\/comparativo\/wp-content\/uploads\/2025\/12\/alan-correa-2025-12-03-as-16.55.11-150x97.webp 150w\" sizes=\"(min-width: 1024px) 49vh, 108vw\" disable-inline-width=\"true\"><\/amp-img><\/div>\n<div class=\"element-overlay-area\" style=\"background-image:radial-gradient(ellipse 67% 67%, rgba(0,0,0,0) 0%, rgba(0,0,0,0.7) 100%)\"><\/div>\n<\/div>\n<\/div>\n<\/div>\n<div class=\"page-background-overlay-area\" style=\"background-image:radial-gradient(ellipse 67% 67%, rgba(0,0,0,0) 0%, rgba(0,0,0,0.7) 100%)\"><\/div>\n<\/div>\n<\/div>\n<p><\/amp-story-grid-layer><amp-story-grid-layer template=\"vertical\" aspect-ratio=\"412:618\" class=\"grid-layer\"><\/p>\n<div class=\"page-fullbleed-area\">\n<div class=\"page-safe-area\">\n<div style=\"position:absolute;pointer-events:none;left:11.65049%;top:30.74434%;width:76.45631%;height:33.00971%;opacity:1\">\n<div id=\"anim-56fc6873-8dbc-4664-8136-badb33618728\" class=\"animation-wrapper\" style=\"width:100%;height:100%;display:block;position:absolute;top:0;left:0;--initial-opacity:0;--initial-transform:none\">\n<div id=\"anim-3f215048-1b32-4a58-b892-bd2208b8fea1\" class=\"animation-wrapper\" style=\"width:100%;height:100%;display:block;position:absolute;top:0;left:0;--initial-opacity:1;--initial-transform:translate3d(-115.2381%, 0px, 0)\">\n<div style=\"pointer-events:initial;width:100%;height:100%;display:block;position:absolute;top:0;left:0;z-index:0;border-radius:0% 0% 0% 0% \/ 0% 0% 0% 0%\" id=\"el-d10e6d5d-9d3a-4845-a92a-7f5bb28a789b\">\n<p class=\"fill text-wrapper\" style=\"white-space:pre-line;overflow-wrap:break-word;word-break:break-word;margin:0;font-family:&quot;Merriweather&quot;,serif;font-size:0.323625em;line-height:calc(1.3em + 0.39999999999999997em);text-align:left;padding:0;color:#000000;background-color:#fff;background:none\"><span style=\"display:block;position:relative;left:0;top:0;margin:-0.136507936507937% 0;-webkit-box-decoration-break:clone;box-decoration-break:clone\"><span style=\"background-color:#fff;-webkit-box-decoration-break:clone;box-decoration-break:clone;position:relative;padding:1.2698412698412698% 2.5396825396825395%;text-align:left;border-radius:0px 0px 0px 0px;color:transparent\"><span style=\"font-weight: 700\">O Kait cresce na estrada com 4,30 m de comprimento, cabine larga e porta malas de 432 litros, entregando conforto imediato para fam\u00edlias e viagens longas.<\/span><\/span><\/span><\/p>\n<p class=\"fill text-wrapper\" style=\"white-space:pre-line;overflow-wrap:break-word;word-break:break-word;margin:0;font-family:&quot;Merriweather&quot;,serif;font-size:0.323625em;line-height:calc(1.3em + 0.39999999999999997em);text-align:left;padding:0;color:#000000;background-color:#fff;background:none;position:absolute;top:0;left:0;right:0\" aria-hidden=\"true\"><span style=\"display:block;position:relative;left:0;top:0;margin:-0.136507936507937% 0;-webkit-box-decoration-break:clone;box-decoration-break:clone\"><span style=\"background-color:#fff;-webkit-box-decoration-break:clone;box-decoration-break:clone;position:relative;padding:1.2698412698412698% 2.5396825396825395%;text-align:left;border-radius:0px 0px 0px 0px;background:none\"><span style=\"font-weight: 700; color: #2d5897\">O Kait cresce na estrada com 4,30 m de comprimento, cabine larga e porta malas de 432 litros, entregando conforto imediato para fam\u00edlias e viagens longas.<\/span><\/span><\/span><\/p>\n<\/div>\n<\/div>\n<\/div>\n<\/div>\n<div style=\"position:absolute;pointer-events:none;left:5.82524%;top:-4.04531%;width:88.1068%;height:12.45955%;opacity:1\">\n<div id=\"anim-99c88ec3-0d87-4034-9e6b-4814d0e0cc04\" class=\"animation-wrapper\" style=\"width:100%;height:100%;display:block;position:absolute;top:0;left:0;--initial-opacity:0;--initial-transform:none\">\n<div id=\"anim-08d69dc0-bbe8-490f-8465-d982e951b5c0\" class=\"animation-wrapper\" style=\"width:100%;height:100%;display:block;position:absolute;top:0;left:0;--initial-opacity:1;--initial-transform:translate3d(0px, -141.84702%, 0)\">\n<div style=\"pointer-events:initial;width:100%;height:100%;display:block;position:absolute;top:0;left:0;z-index:0\" class=\"mask\" id=\"el-fab0bb5c-249d-42be-8ff5-823c8bfc230b\">\n<div style=\"position:absolute;width:100%;height:109.99998%;left:0%;top:-4.99999%\" data-leaf-element=\"true\"><amp-img layout=\"fill\" src=\"https:\/\/carro.blog.br\/wp-content\/uploads\/2025\/03\/logo-webstories-png.webp\" alt=\"logo-webstories\" srcSet=\"https:\/\/carro.blog.br\/wp-content\/uploads\/2025\/03\/logo-webstories-png.webp 1500w,https:\/\/carro.blog.br\/wp-content\/uploads\/2025\/03\/logo-webstories-900x210.webp 900w,https:\/\/carro.blog.br\/wp-content\/uploads\/2025\/03\/logo-webstories-768x179.webp 768w,https:\/\/carro.blog.br\/wp-content\/uploads\/2025\/03\/logo-webstories-150x35.webp 150w\" sizes=\"(min-width: 1024px) 40vh, 88vw\" disable-inline-width=\"true\"><\/amp-img><\/div>\n<\/div>\n<\/div>\n<\/div>\n<\/div>\n<\/div>\n<\/div>\n<p><\/amp-story-grid-layer><amp-story-page-outlink layout=\"nodisplay\" theme=\"light\"><a href=\"https:\/\/carro.blog.br\/comparativo\/volkswagen-tera-2026-ou-nissan-kait-2026-comparativo-revela-qual-suv-entrega-mais-por-menos.html?tipo=amp\" rel=\"\">Arraste Para Cima<\/a><\/amp-story-page-outlink><\/amp-story-page><amp-story-page id=\"14a29ab0-3795-4120-9f72-e46719c5243d\"><amp-story-animation layout=\"nodisplay\" trigger=\"visibility\"><script type=\"application\/json\">[{\"selector\":\"#anim-f99d3489-55ac-4bfa-950a-0f654a455128 [data-leaf-element=\\\"true\\\"]\",\"keyframes\":{\"transform\":[\"translate(0%, 0%) scale(1.5)\",\"translate(0%, 0%) scale(1)\"]},\"delay\":0,\"duration\":100,\"easing\":\"cubic-bezier(.3,0,.55,1)\",\"fill\":\"forwards\"}]<\/script><\/amp-story-animation><amp-story-animation layout=\"nodisplay\" trigger=\"visibility\"><script type=\"application\/json\">[{\"selector\":\"#anim-1be7f271-7ca1-4290-b860-644483d62b03\",\"keyframes\":{\"opacity\":[0,1]},\"delay\":0,\"duration\":600,\"easing\":\"cubic-bezier(0.2, 0.6, 0.0, 1)\",\"fill\":\"both\"}]<\/script><\/amp-story-animation><amp-story-animation layout=\"nodisplay\" trigger=\"visibility\"><script type=\"application\/json\">[{\"selector\":\"#anim-a28d37bd-03cd-493e-ae1c-fff9d064a222\",\"keyframes\":{\"transform\":[\"translate3d(-115.2381%, 0px, 0)\",\"translate3d(0px, 0px, 0)\"]},\"delay\":0,\"duration\":600,\"easing\":\"cubic-bezier(0.2, 0.6, 0.0, 1)\",\"fill\":\"both\"}]<\/script><\/amp-story-animation><amp-story-animation layout=\"nodisplay\" trigger=\"visibility\"><script type=\"application\/json\">[{\"selector\":\"#anim-a7adc2da-2701-4eca-869e-ceeb4c8136c7\",\"keyframes\":{\"opacity\":[0,1]},\"delay\":0,\"duration\":600,\"easing\":\"cubic-bezier(0.2, 0.6, 0.0, 1)\",\"fill\":\"both\"}]<\/script><\/amp-story-animation><amp-story-animation layout=\"nodisplay\" trigger=\"visibility\"><script type=\"application\/json\">[{\"selector\":\"#anim-c8a7378a-a0a3-42d9-bf4c-5addfb6822fb\",\"keyframes\":{\"transform\":[\"translate3d(0px, -141.84702%, 0)\",\"translate3d(0px, 0px, 0)\"]},\"delay\":0,\"duration\":600,\"easing\":\"cubic-bezier(0.2, 0.6, 0.0, 1)\",\"fill\":\"both\"}]<\/script><\/amp-story-animation><amp-story-grid-layer template=\"vertical\" aspect-ratio=\"412:618\" class=\"grid-layer\"><\/p>\n<div class=\"page-fullbleed-area\" style=\"background-color:#fff\">\n<div class=\"page-safe-area\">\n<div style=\"position:absolute;pointer-events:none;left:0;top:-9.25926%;width:100%;height:118.51852%;opacity:1\">\n<div id=\"anim-f99d3489-55ac-4bfa-950a-0f654a455128\" class=\"animation-wrapper\" style=\"width:100%;height:100%;display:block;position:absolute;top:0;left:0\">\n<div style=\"pointer-events:initial;width:100%;height:100%;display:block;position:absolute;top:0;left:0;z-index:0\" class=\"mask\" id=\"el-4159c001-591e-4aeb-bd92-614a8577f31f\">\n<div style=\"position:absolute;width:274.44819%;height:100%;left:-87.22409%;top:0%\" data-leaf-element=\"true\"><amp-img layout=\"fill\" src=\"https:\/\/carro.blog.br\/comparativo\/wp-content\/uploads\/2025\/12\/alan-correa-2025-12-03-as-16.55.11.webp\" alt=\"alan-correa- 2025-12-03 a\u0300s 16.55.11\" srcSet=\"https:\/\/carro.blog.br\/comparativo\/wp-content\/uploads\/2025\/12\/alan-correa-2025-12-03-as-16.55.11.webp 1834w,https:\/\/carro.blog.br\/comparativo\/wp-content\/uploads\/2025\/12\/alan-correa-2025-12-03-as-16.55.11-1800x1166.webp 1800w,https:\/\/carro.blog.br\/comparativo\/wp-content\/uploads\/2025\/12\/alan-correa-2025-12-03-as-16.55.11-1536x995.webp 1536w,https:\/\/carro.blog.br\/comparativo\/wp-content\/uploads\/2025\/12\/alan-correa-2025-12-03-as-16.55.11-900x583.webp 900w,https:\/\/carro.blog.br\/comparativo\/wp-content\/uploads\/2025\/12\/alan-correa-2025-12-03-as-16.55.11-768x497.webp 768w,https:\/\/carro.blog.br\/comparativo\/wp-content\/uploads\/2025\/12\/alan-correa-2025-12-03-as-16.55.11-400x259.webp 400w,https:\/\/carro.blog.br\/comparativo\/wp-content\/uploads\/2025\/12\/alan-correa-2025-12-03-as-16.55.11-150x97.webp 150w\" sizes=\"(min-width: 1024px) 49vh, 108vw\" disable-inline-width=\"true\"><\/amp-img><\/div>\n<div class=\"element-overlay-area\" style=\"background-image:radial-gradient(ellipse 67% 67%, rgba(0,0,0,0) 0%, rgba(0,0,0,0.7) 100%)\"><\/div>\n<\/div>\n<\/div>\n<\/div>\n<div class=\"page-background-overlay-area\" style=\"background-image:radial-gradient(ellipse 67% 67%, rgba(0,0,0,0) 0%, rgba(0,0,0,0.7) 100%)\"><\/div>\n<\/div>\n<\/div>\n<p><\/amp-story-grid-layer><amp-story-grid-layer template=\"vertical\" aspect-ratio=\"412:618\" class=\"grid-layer\"><\/p>\n<div class=\"page-fullbleed-area\">\n<div class=\"page-safe-area\">\n<div style=\"position:absolute;pointer-events:none;left:11.65049%;top:30.74434%;width:76.45631%;height:38.34951%;opacity:1\">\n<div id=\"anim-1be7f271-7ca1-4290-b860-644483d62b03\" class=\"animation-wrapper\" style=\"width:100%;height:100%;display:block;position:absolute;top:0;left:0;--initial-opacity:0;--initial-transform:none\">\n<div id=\"anim-a28d37bd-03cd-493e-ae1c-fff9d064a222\" class=\"animation-wrapper\" style=\"width:100%;height:100%;display:block;position:absolute;top:0;left:0;--initial-opacity:1;--initial-transform:translate3d(-115.2381%, 0px, 0)\">\n<div style=\"pointer-events:initial;width:100%;height:100%;display:block;position:absolute;top:0;left:0;z-index:0;border-radius:0% 0% 0% 0% \/ 0% 0% 0% 0%\" id=\"el-a4501d8c-95a8-4a67-bcae-e60fcdf58037\">\n<p class=\"fill text-wrapper\" style=\"white-space:pre-line;overflow-wrap:break-word;word-break:break-word;margin:0;font-family:&quot;Merriweather&quot;,serif;font-size:0.323625em;line-height:calc(1.3em + 0.39999999999999997em);text-align:left;padding:0;color:#000000;background-color:#fff;background:none\"><span style=\"display:block;position:relative;left:0;top:0;margin:-0.136507936507937% 0;-webkit-box-decoration-break:clone;box-decoration-break:clone\"><span style=\"background-color:#fff;-webkit-box-decoration-break:clone;box-decoration-break:clone;position:relative;padding:1.2698412698412698% 2.5396825396825395%;text-align:left;border-radius:0px 0px 0px 0px;color:transparent\"><span style=\"font-weight: 700\">O Tera corta o tr\u00e2nsito com leveza, 4,147 m de comprimento e motor 1.0 TSI de at\u00e9 116 cv e 16,8 kgfm, garantindo respostas r\u00e1pidas e melhor custo por quil\u00f4metro.<\/span><\/span><\/span><\/p>\n<p class=\"fill text-wrapper\" style=\"white-space:pre-line;overflow-wrap:break-word;word-break:break-word;margin:0;font-family:&quot;Merriweather&quot;,serif;font-size:0.323625em;line-height:calc(1.3em + 0.39999999999999997em);text-align:left;padding:0;color:#000000;background-color:#fff;background:none;position:absolute;top:0;left:0;right:0\" aria-hidden=\"true\"><span style=\"display:block;position:relative;left:0;top:0;margin:-0.136507936507937% 0;-webkit-box-decoration-break:clone;box-decoration-break:clone\"><span style=\"background-color:#fff;-webkit-box-decoration-break:clone;box-decoration-break:clone;position:relative;padding:1.2698412698412698% 2.5396825396825395%;text-align:left;border-radius:0px 0px 0px 0px;background:none\"><span style=\"font-weight: 700; color: #2d5897\">O Tera corta o tr\u00e2nsito com leveza, 4,147 m de comprimento e motor 1.0 TSI de at\u00e9 116 cv e 16,8 kgfm, garantindo respostas r\u00e1pidas e melhor custo por quil\u00f4metro.<\/span><\/span><\/span><\/p>\n<\/div>\n<\/div>\n<\/div>\n<\/div>\n<div style=\"position:absolute;pointer-events:none;left:5.82524%;top:-4.04531%;width:88.1068%;height:12.45955%;opacity:1\">\n<div id=\"anim-a7adc2da-2701-4eca-869e-ceeb4c8136c7\" class=\"animation-wrapper\" style=\"width:100%;height:100%;display:block;position:absolute;top:0;left:0;--initial-opacity:0;--initial-transform:none\">\n<div id=\"anim-c8a7378a-a0a3-42d9-bf4c-5addfb6822fb\" class=\"animation-wrapper\" style=\"width:100%;height:100%;display:block;position:absolute;top:0;left:0;--initial-opacity:1;--initial-transform:translate3d(0px, -141.84702%, 0)\">\n<div style=\"pointer-events:initial;width:100%;height:100%;display:block;position:absolute;top:0;left:0;z-index:0\" class=\"mask\" id=\"el-6a4f3fba-15fa-4503-9b20-803cb312a5a8\">\n<div style=\"position:absolute;width:100%;height:109.99998%;left:0%;top:-4.99999%\" data-leaf-element=\"true\"><amp-img layout=\"fill\" src=\"https:\/\/carro.blog.br\/wp-content\/uploads\/2025\/03\/logo-webstories-png.webp\" alt=\"logo-webstories\" srcSet=\"https:\/\/carro.blog.br\/wp-content\/uploads\/2025\/03\/logo-webstories-png.webp 1500w,https:\/\/carro.blog.br\/wp-content\/uploads\/2025\/03\/logo-webstories-900x210.webp 900w,https:\/\/carro.blog.br\/wp-content\/uploads\/2025\/03\/logo-webstories-768x179.webp 768w,https:\/\/carro.blog.br\/wp-content\/uploads\/2025\/03\/logo-webstories-150x35.webp 150w\" sizes=\"(min-width: 1024px) 40vh, 88vw\" disable-inline-width=\"true\"><\/amp-img><\/div>\n<\/div>\n<\/div>\n<\/div>\n<\/div>\n<\/div>\n<\/div>\n<p><\/amp-story-grid-layer><amp-story-page-outlink layout=\"nodisplay\" theme=\"light\"><a href=\"https:\/\/carro.blog.br\/comparativo\/volkswagen-tera-2026-ou-nissan-kait-2026-comparativo-revela-qual-suv-entrega-mais-por-menos.html?tipo=amp\" rel=\"\">Arraste Para Cima<\/a><\/amp-story-page-outlink><\/amp-story-page><amp-story-page id=\"a35ef85e-3a01-4705-832c-d7b70b2f5ee3\"><amp-story-animation layout=\"nodisplay\" trigger=\"visibility\"><script type=\"application\/json\">[{\"selector\":\"#anim-019387ba-e6d8-4d2a-994e-6b85692d6187 [data-leaf-element=\\\"true\\\"]\",\"keyframes\":{\"transform\":[\"translate(0%, 0%) scale(1.5)\",\"translate(0%, 0%) scale(1)\"]},\"delay\":0,\"duration\":100,\"easing\":\"cubic-bezier(.3,0,.55,1)\",\"fill\":\"forwards\"}]<\/script><\/amp-story-animation><amp-story-animation layout=\"nodisplay\" trigger=\"visibility\"><script type=\"application\/json\">[{\"selector\":\"#anim-309968e0-fd89-4539-9bd6-fcaa25da21fc\",\"keyframes\":{\"opacity\":[0,1]},\"delay\":0,\"duration\":600,\"easing\":\"cubic-bezier(0.2, 0.6, 0.0, 1)\",\"fill\":\"both\"}]<\/script><\/amp-story-animation><amp-story-animation layout=\"nodisplay\" trigger=\"visibility\"><script type=\"application\/json\">[{\"selector\":\"#anim-1f3fe50c-0812-4f36-9604-4df716858973\",\"keyframes\":{\"transform\":[\"translate3d(-115.2381%, 0px, 0)\",\"translate3d(0px, 0px, 0)\"]},\"delay\":0,\"duration\":600,\"easing\":\"cubic-bezier(0.2, 0.6, 0.0, 1)\",\"fill\":\"both\"}]<\/script><\/amp-story-animation><amp-story-animation layout=\"nodisplay\" trigger=\"visibility\"><script type=\"application\/json\">[{\"selector\":\"#anim-e233b10a-0ce9-46c2-8bfe-03d0a187145e\",\"keyframes\":{\"opacity\":[0,1]},\"delay\":0,\"duration\":600,\"easing\":\"cubic-bezier(0.2, 0.6, 0.0, 1)\",\"fill\":\"both\"}]<\/script><\/amp-story-animation><amp-story-animation layout=\"nodisplay\" trigger=\"visibility\"><script type=\"application\/json\">[{\"selector\":\"#anim-b250854b-032a-4cc1-8eaa-356146d433dc\",\"keyframes\":{\"transform\":[\"translate3d(0px, -141.84702%, 0)\",\"translate3d(0px, 0px, 0)\"]},\"delay\":0,\"duration\":600,\"easing\":\"cubic-bezier(0.2, 0.6, 0.0, 1)\",\"fill\":\"both\"}]<\/script><\/amp-story-animation><amp-story-grid-layer template=\"vertical\" aspect-ratio=\"412:618\" class=\"grid-layer\"><\/p>\n<div class=\"page-fullbleed-area\" style=\"background-color:#fff\">\n<div class=\"page-safe-area\">\n<div style=\"position:absolute;pointer-events:none;left:0;top:-9.25926%;width:100%;height:118.51852%;opacity:1\">\n<div id=\"anim-019387ba-e6d8-4d2a-994e-6b85692d6187\" class=\"animation-wrapper\" style=\"width:100%;height:100%;display:block;position:absolute;top:0;left:0\">\n<div style=\"pointer-events:initial;width:100%;height:100%;display:block;position:absolute;top:0;left:0;z-index:0\" class=\"mask\" id=\"el-c997599f-7aac-473f-877c-c2e2ba19cf9a\">\n<div style=\"position:absolute;width:274.44819%;height:100%;left:-87.22409%;top:0%\" data-leaf-element=\"true\"><amp-img layout=\"fill\" src=\"https:\/\/carro.blog.br\/comparativo\/wp-content\/uploads\/2025\/12\/alan-correa-2025-12-03-as-16.55.11.webp\" alt=\"alan-correa- 2025-12-03 a\u0300s 16.55.11\" srcSet=\"https:\/\/carro.blog.br\/comparativo\/wp-content\/uploads\/2025\/12\/alan-correa-2025-12-03-as-16.55.11.webp 1834w,https:\/\/carro.blog.br\/comparativo\/wp-content\/uploads\/2025\/12\/alan-correa-2025-12-03-as-16.55.11-1800x1166.webp 1800w,https:\/\/carro.blog.br\/comparativo\/wp-content\/uploads\/2025\/12\/alan-correa-2025-12-03-as-16.55.11-1536x995.webp 1536w,https:\/\/carro.blog.br\/comparativo\/wp-content\/uploads\/2025\/12\/alan-correa-2025-12-03-as-16.55.11-900x583.webp 900w,https:\/\/carro.blog.br\/comparativo\/wp-content\/uploads\/2025\/12\/alan-correa-2025-12-03-as-16.55.11-768x497.webp 768w,https:\/\/carro.blog.br\/comparativo\/wp-content\/uploads\/2025\/12\/alan-correa-2025-12-03-as-16.55.11-400x259.webp 400w,https:\/\/carro.blog.br\/comparativo\/wp-content\/uploads\/2025\/12\/alan-correa-2025-12-03-as-16.55.11-150x97.webp 150w\" sizes=\"(min-width: 1024px) 49vh, 108vw\" disable-inline-width=\"true\"><\/amp-img><\/div>\n<div class=\"element-overlay-area\" style=\"background-image:radial-gradient(ellipse 67% 67%, rgba(0,0,0,0) 0%, rgba(0,0,0,0.7) 100%)\"><\/div>\n<\/div>\n<\/div>\n<\/div>\n<div class=\"page-background-overlay-area\" style=\"background-image:radial-gradient(ellipse 67% 67%, rgba(0,0,0,0) 0%, rgba(0,0,0,0.7) 100%)\"><\/div>\n<\/div>\n<\/div>\n<p><\/amp-story-grid-layer><amp-story-grid-layer template=\"vertical\" aspect-ratio=\"412:618\" class=\"grid-layer\"><\/p>\n<div class=\"page-fullbleed-area\">\n<div class=\"page-safe-area\">\n<div style=\"position:absolute;pointer-events:none;left:11.65049%;top:30.74434%;width:76.45631%;height:38.34951%;opacity:1\">\n<div id=\"anim-309968e0-fd89-4539-9bd6-fcaa25da21fc\" class=\"animation-wrapper\" style=\"width:100%;height:100%;display:block;position:absolute;top:0;left:0;--initial-opacity:0;--initial-transform:none\">\n<div id=\"anim-1f3fe50c-0812-4f36-9604-4df716858973\" class=\"animation-wrapper\" style=\"width:100%;height:100%;display:block;position:absolute;top:0;left:0;--initial-opacity:1;--initial-transform:translate3d(-115.2381%, 0px, 0)\">\n<div style=\"pointer-events:initial;width:100%;height:100%;display:block;position:absolute;top:0;left:0;z-index:0;border-radius:0% 0% 0% 0% \/ 0% 0% 0% 0%\" id=\"el-3f52083d-427f-4d20-bf8e-584d68308623\">\n<p class=\"fill text-wrapper\" style=\"white-space:pre-line;overflow-wrap:break-word;word-break:break-word;margin:0;font-family:&quot;Merriweather&quot;,serif;font-size:0.323625em;line-height:calc(1.3em + 0.39999999999999997em);text-align:left;padding:0;color:#000000;background-color:#fff;background:none\"><span style=\"display:block;position:relative;left:0;top:0;margin:-0.136507936507937% 0;-webkit-box-decoration-break:clone;box-decoration-break:clone\"><span style=\"background-color:#fff;-webkit-box-decoration-break:clone;box-decoration-break:clone;position:relative;padding:1.2698412698412698% 2.5396825396825395%;text-align:left;border-radius:0px 0px 0px 0px;color:transparent\"><span style=\"font-weight: 700\">No interior, o Kait prioriza suavidade e espa\u00e7o com entre eixos de cerca de 2,62 m. O Tera responde com ergonomia correta e posi\u00e7\u00e3o de dirigir precisa no uso di\u00e1rio.<\/span><\/span><\/span><\/p>\n<p class=\"fill text-wrapper\" style=\"white-space:pre-line;overflow-wrap:break-word;word-break:break-word;margin:0;font-family:&quot;Merriweather&quot;,serif;font-size:0.323625em;line-height:calc(1.3em + 0.39999999999999997em);text-align:left;padding:0;color:#000000;background-color:#fff;background:none;position:absolute;top:0;left:0;right:0\" aria-hidden=\"true\"><span style=\"display:block;position:relative;left:0;top:0;margin:-0.136507936507937% 0;-webkit-box-decoration-break:clone;box-decoration-break:clone\"><span style=\"background-color:#fff;-webkit-box-decoration-break:clone;box-decoration-break:clone;position:relative;padding:1.2698412698412698% 2.5396825396825395%;text-align:left;border-radius:0px 0px 0px 0px;background:none\"><span style=\"font-weight: 700; color: #2d5897\">No interior, o Kait prioriza suavidade e espa\u00e7o com entre eixos de cerca de 2,62 m. O Tera responde com ergonomia correta e posi\u00e7\u00e3o de dirigir precisa no uso di\u00e1rio.<\/span><\/span><\/span><\/p>\n<\/div>\n<\/div>\n<\/div>\n<\/div>\n<div style=\"position:absolute;pointer-events:none;left:5.82524%;top:-4.04531%;width:88.1068%;height:12.45955%;opacity:1\">\n<div id=\"anim-e233b10a-0ce9-46c2-8bfe-03d0a187145e\" class=\"animation-wrapper\" style=\"width:100%;height:100%;display:block;position:absolute;top:0;left:0;--initial-opacity:0;--initial-transform:none\">\n<div id=\"anim-b250854b-032a-4cc1-8eaa-356146d433dc\" class=\"animation-wrapper\" style=\"width:100%;height:100%;display:block;position:absolute;top:0;left:0;--initial-opacity:1;--initial-transform:translate3d(0px, -141.84702%, 0)\">\n<div style=\"pointer-events:initial;width:100%;height:100%;display:block;position:absolute;top:0;left:0;z-index:0\" class=\"mask\" id=\"el-c75afa55-b011-4010-8cbe-34d2886885a3\">\n<div style=\"position:absolute;width:100%;height:109.99998%;left:0%;top:-4.99999%\" data-leaf-element=\"true\"><amp-img layout=\"fill\" src=\"https:\/\/carro.blog.br\/wp-content\/uploads\/2025\/03\/logo-webstories-png.webp\" alt=\"logo-webstories\" srcSet=\"https:\/\/carro.blog.br\/wp-content\/uploads\/2025\/03\/logo-webstories-png.webp 1500w,https:\/\/carro.blog.br\/wp-content\/uploads\/2025\/03\/logo-webstories-900x210.webp 900w,https:\/\/carro.blog.br\/wp-content\/uploads\/2025\/03\/logo-webstories-768x179.webp 768w,https:\/\/carro.blog.br\/wp-content\/uploads\/2025\/03\/logo-webstories-150x35.webp 150w\" sizes=\"(min-width: 1024px) 40vh, 88vw\" disable-inline-width=\"true\"><\/amp-img><\/div>\n<\/div>\n<\/div>\n<\/div>\n<\/div>\n<\/div>\n<\/div>\n<p><\/amp-story-grid-layer><amp-story-page-outlink layout=\"nodisplay\" theme=\"light\"><a href=\"https:\/\/carro.blog.br\/comparativo\/volkswagen-tera-2026-ou-nissan-kait-2026-comparativo-revela-qual-suv-entrega-mais-por-menos.html?tipo=amp\" rel=\"\">Arraste Para Cima<\/a><\/amp-story-page-outlink><\/amp-story-page><amp-story-page id=\"af795896-310e-4b2f-b335-fbe50fb75e4d\"><amp-story-animation layout=\"nodisplay\" trigger=\"visibility\"><script type=\"application\/json\">[{\"selector\":\"#anim-64978536-6b39-4dfc-b0df-c8e9db292400 [data-leaf-element=\\\"true\\\"]\",\"keyframes\":{\"transform\":[\"translate(0%, 0%) scale(1.5)\",\"translate(0%, 0%) scale(1)\"]},\"delay\":0,\"duration\":100,\"easing\":\"cubic-bezier(.3,0,.55,1)\",\"fill\":\"forwards\"}]<\/script><\/amp-story-animation><amp-story-animation layout=\"nodisplay\" trigger=\"visibility\"><script type=\"application\/json\">[{\"selector\":\"#anim-7f36c161-78a8-4792-9175-7b77b77fe770\",\"keyframes\":{\"opacity\":[0,1]},\"delay\":0,\"duration\":600,\"easing\":\"cubic-bezier(0.2, 0.6, 0.0, 1)\",\"fill\":\"both\"}]<\/script><\/amp-story-animation><amp-story-animation layout=\"nodisplay\" trigger=\"visibility\"><script type=\"application\/json\">[{\"selector\":\"#anim-13bb70d8-ad3a-47df-99e5-cebda1ff7414\",\"keyframes\":{\"transform\":[\"translate3d(-115.2381%, 0px, 0)\",\"translate3d(0px, 0px, 0)\"]},\"delay\":0,\"duration\":600,\"easing\":\"cubic-bezier(0.2, 0.6, 0.0, 1)\",\"fill\":\"both\"}]<\/script><\/amp-story-animation><amp-story-animation layout=\"nodisplay\" trigger=\"visibility\"><script type=\"application\/json\">[{\"selector\":\"#anim-d87d9f09-a416-4cee-b8ac-6f2aa6cf05e1\",\"keyframes\":{\"opacity\":[0,1]},\"delay\":0,\"duration\":600,\"easing\":\"cubic-bezier(0.2, 0.6, 0.0, 1)\",\"fill\":\"both\"}]<\/script><\/amp-story-animation><amp-story-animation layout=\"nodisplay\" trigger=\"visibility\"><script type=\"application\/json\">[{\"selector\":\"#anim-7b50b228-c859-4fd8-9595-61ba7914895e\",\"keyframes\":{\"transform\":[\"translate3d(0px, -141.84702%, 0)\",\"translate3d(0px, 0px, 0)\"]},\"delay\":0,\"duration\":600,\"easing\":\"cubic-bezier(0.2, 0.6, 0.0, 1)\",\"fill\":\"both\"}]<\/script><\/amp-story-animation><amp-story-grid-layer template=\"vertical\" aspect-ratio=\"412:618\" class=\"grid-layer\"><\/p>\n<div class=\"page-fullbleed-area\" style=\"background-color:#fff\">\n<div class=\"page-safe-area\">\n<div style=\"position:absolute;pointer-events:none;left:0;top:-9.25926%;width:100%;height:118.51852%;opacity:1\">\n<div id=\"anim-64978536-6b39-4dfc-b0df-c8e9db292400\" class=\"animation-wrapper\" style=\"width:100%;height:100%;display:block;position:absolute;top:0;left:0\">\n<div style=\"pointer-events:initial;width:100%;height:100%;display:block;position:absolute;top:0;left:0;z-index:0\" class=\"mask\" id=\"el-99959be9-5854-4617-85df-e97e6810182c\">\n<div style=\"position:absolute;width:274.44819%;height:100%;left:-87.22409%;top:0%\" data-leaf-element=\"true\"><amp-img layout=\"fill\" src=\"https:\/\/carro.blog.br\/comparativo\/wp-content\/uploads\/2025\/12\/alan-correa-2025-12-03-as-16.55.11.webp\" alt=\"alan-correa- 2025-12-03 a\u0300s 16.55.11\" srcSet=\"https:\/\/carro.blog.br\/comparativo\/wp-content\/uploads\/2025\/12\/alan-correa-2025-12-03-as-16.55.11.webp 1834w,https:\/\/carro.blog.br\/comparativo\/wp-content\/uploads\/2025\/12\/alan-correa-2025-12-03-as-16.55.11-1800x1166.webp 1800w,https:\/\/carro.blog.br\/comparativo\/wp-content\/uploads\/2025\/12\/alan-correa-2025-12-03-as-16.55.11-1536x995.webp 1536w,https:\/\/carro.blog.br\/comparativo\/wp-content\/uploads\/2025\/12\/alan-correa-2025-12-03-as-16.55.11-900x583.webp 900w,https:\/\/carro.blog.br\/comparativo\/wp-content\/uploads\/2025\/12\/alan-correa-2025-12-03-as-16.55.11-768x497.webp 768w,https:\/\/carro.blog.br\/comparativo\/wp-content\/uploads\/2025\/12\/alan-correa-2025-12-03-as-16.55.11-400x259.webp 400w,https:\/\/carro.blog.br\/comparativo\/wp-content\/uploads\/2025\/12\/alan-correa-2025-12-03-as-16.55.11-150x97.webp 150w\" sizes=\"(min-width: 1024px) 49vh, 108vw\" disable-inline-width=\"true\"><\/amp-img><\/div>\n<div class=\"element-overlay-area\" style=\"background-image:radial-gradient(ellipse 67% 67%, rgba(0,0,0,0) 0%, rgba(0,0,0,0.7) 100%)\"><\/div>\n<\/div>\n<\/div>\n<\/div>\n<div class=\"page-background-overlay-area\" style=\"background-image:radial-gradient(ellipse 67% 67%, rgba(0,0,0,0) 0%, rgba(0,0,0,0.7) 100%)\"><\/div>\n<\/div>\n<\/div>\n<p><\/amp-story-grid-layer><amp-story-grid-layer template=\"vertical\" aspect-ratio=\"412:618\" class=\"grid-layer\"><\/p>\n<div class=\"page-fullbleed-area\">\n<div class=\"page-safe-area\">\n<div style=\"position:absolute;pointer-events:none;left:11.65049%;top:30.74434%;width:76.45631%;height:38.34951%;opacity:1\">\n<div id=\"anim-7f36c161-78a8-4792-9175-7b77b77fe770\" class=\"animation-wrapper\" style=\"width:100%;height:100%;display:block;position:absolute;top:0;left:0;--initial-opacity:0;--initial-transform:none\">\n<div id=\"anim-13bb70d8-ad3a-47df-99e5-cebda1ff7414\" class=\"animation-wrapper\" style=\"width:100%;height:100%;display:block;position:absolute;top:0;left:0;--initial-opacity:1;--initial-transform:translate3d(-115.2381%, 0px, 0)\">\n<div style=\"pointer-events:initial;width:100%;height:100%;display:block;position:absolute;top:0;left:0;z-index:0;border-radius:0% 0% 0% 0% \/ 0% 0% 0% 0%\" id=\"el-0cfb09b3-6101-48ca-911f-cf265a23f582\">\n<p class=\"fill text-wrapper\" style=\"white-space:pre-line;overflow-wrap:break-word;word-break:break-word;margin:0;font-family:&quot;Merriweather&quot;,serif;font-size:0.323625em;line-height:calc(1.3em + 0.39999999999999997em);text-align:left;padding:0;color:#000000;background-color:#fff;background:none\"><span style=\"display:block;position:relative;left:0;top:0;margin:-0.136507936507937% 0;-webkit-box-decoration-break:clone;box-decoration-break:clone\"><span style=\"background-color:#fff;-webkit-box-decoration-break:clone;box-decoration-break:clone;position:relative;padding:1.2698412698412698% 2.5396825396825395%;text-align:left;border-radius:0px 0px 0px 0px;color:transparent\"><span style=\"font-weight: 700\">No consumo, o contraste fica ainda mais claro. O Kait registra at\u00e9 11,3 km l na cidade com gasolina, enquanto o Tera chega a cerca de 13,5 km l com equil\u00edbrio superior.<\/span><\/span><\/span><\/p>\n<p class=\"fill text-wrapper\" style=\"white-space:pre-line;overflow-wrap:break-word;word-break:break-word;margin:0;font-family:&quot;Merriweather&quot;,serif;font-size:0.323625em;line-height:calc(1.3em + 0.39999999999999997em);text-align:left;padding:0;color:#000000;background-color:#fff;background:none;position:absolute;top:0;left:0;right:0\" aria-hidden=\"true\"><span style=\"display:block;position:relative;left:0;top:0;margin:-0.136507936507937% 0;-webkit-box-decoration-break:clone;box-decoration-break:clone\"><span style=\"background-color:#fff;-webkit-box-decoration-break:clone;box-decoration-break:clone;position:relative;padding:1.2698412698412698% 2.5396825396825395%;text-align:left;border-radius:0px 0px 0px 0px;background:none\"><span style=\"font-weight: 700; color: #2d5897\">No consumo, o contraste fica ainda mais claro. O Kait registra at\u00e9 11,3 km l na cidade com gasolina, enquanto o Tera chega a cerca de 13,5 km l com equil\u00edbrio superior.<\/span><\/span><\/span><\/p>\n<\/div>\n<\/div>\n<\/div>\n<\/div>\n<div style=\"position:absolute;pointer-events:none;left:5.82524%;top:-4.04531%;width:88.1068%;height:12.45955%;opacity:1\">\n<div id=\"anim-d87d9f09-a416-4cee-b8ac-6f2aa6cf05e1\" class=\"animation-wrapper\" style=\"width:100%;height:100%;display:block;position:absolute;top:0;left:0;--initial-opacity:0;--initial-transform:none\">\n<div id=\"anim-7b50b228-c859-4fd8-9595-61ba7914895e\" class=\"animation-wrapper\" style=\"width:100%;height:100%;display:block;position:absolute;top:0;left:0;--initial-opacity:1;--initial-transform:translate3d(0px, -141.84702%, 0)\">\n<div style=\"pointer-events:initial;width:100%;height:100%;display:block;position:absolute;top:0;left:0;z-index:0\" class=\"mask\" id=\"el-50449775-d009-47f3-a00b-524b8393fe84\">\n<div style=\"position:absolute;width:100%;height:109.99998%;left:0%;top:-4.99999%\" data-leaf-element=\"true\"><amp-img layout=\"fill\" src=\"https:\/\/carro.blog.br\/wp-content\/uploads\/2025\/03\/logo-webstories-png.webp\" alt=\"logo-webstories\" srcSet=\"https:\/\/carro.blog.br\/wp-content\/uploads\/2025\/03\/logo-webstories-png.webp 1500w,https:\/\/carro.blog.br\/wp-content\/uploads\/2025\/03\/logo-webstories-900x210.webp 900w,https:\/\/carro.blog.br\/wp-content\/uploads\/2025\/03\/logo-webstories-768x179.webp 768w,https:\/\/carro.blog.br\/wp-content\/uploads\/2025\/03\/logo-webstories-150x35.webp 150w\" sizes=\"(min-width: 1024px) 40vh, 88vw\" disable-inline-width=\"true\"><\/amp-img><\/div>\n<\/div>\n<\/div>\n<\/div>\n<\/div>\n<\/div>\n<\/div>\n<p><\/amp-story-grid-layer><amp-story-page-outlink layout=\"nodisplay\" theme=\"light\"><a href=\"https:\/\/carro.blog.br\/comparativo\/volkswagen-tera-2026-ou-nissan-kait-2026-comparativo-revela-qual-suv-entrega-mais-por-menos.html?tipo=amp\" rel=\"\">Arraste Para Cima<\/a><\/amp-story-page-outlink><\/amp-story-page><amp-story-page id=\"9c7ac4d6-f2ec-4fa6-9bdd-ba32bc33dd70\"><amp-story-animation layout=\"nodisplay\" trigger=\"visibility\"><script type=\"application\/json\">[{\"selector\":\"#anim-7d752e82-c672-43f8-95f7-035ef397058b [data-leaf-element=\\\"true\\\"]\",\"keyframes\":{\"transform\":[\"translate(0%, 0%) scale(1.5)\",\"translate(0%, 0%) scale(1)\"]},\"delay\":0,\"duration\":100,\"easing\":\"cubic-bezier(.3,0,.55,1)\",\"fill\":\"forwards\"}]<\/script><\/amp-story-animation><amp-story-animation layout=\"nodisplay\" trigger=\"visibility\"><script type=\"application\/json\">[{\"selector\":\"#anim-15068007-7f5e-4339-a19c-a55f2c7c704c\",\"keyframes\":{\"opacity\":[0,1]},\"delay\":0,\"duration\":600,\"easing\":\"cubic-bezier(0.2, 0.6, 0.0, 1)\",\"fill\":\"both\"}]<\/script><\/amp-story-animation><amp-story-animation layout=\"nodisplay\" trigger=\"visibility\"><script type=\"application\/json\">[{\"selector\":\"#anim-c3eb24d9-29f6-4429-85f4-bcaa5d704e83\",\"keyframes\":{\"transform\":[\"translate3d(-115.2381%, 0px, 0)\",\"translate3d(0px, 0px, 0)\"]},\"delay\":0,\"duration\":600,\"easing\":\"cubic-bezier(0.2, 0.6, 0.0, 1)\",\"fill\":\"both\"}]<\/script><\/amp-story-animation><amp-story-animation layout=\"nodisplay\" trigger=\"visibility\"><script type=\"application\/json\">[{\"selector\":\"#anim-a29414f1-cedc-4e6f-bc22-b6717b0d12cd\",\"keyframes\":{\"opacity\":[0,1]},\"delay\":0,\"duration\":600,\"easing\":\"cubic-bezier(0.2, 0.6, 0.0, 1)\",\"fill\":\"both\"}]<\/script><\/amp-story-animation><amp-story-animation layout=\"nodisplay\" trigger=\"visibility\"><script type=\"application\/json\">[{\"selector\":\"#anim-b249a43d-1bd4-4341-8ff3-fa3d0d6d63df\",\"keyframes\":{\"transform\":[\"translate3d(0px, -141.84702%, 0)\",\"translate3d(0px, 0px, 0)\"]},\"delay\":0,\"duration\":600,\"easing\":\"cubic-bezier(0.2, 0.6, 0.0, 1)\",\"fill\":\"both\"}]<\/script><\/amp-story-animation><amp-story-grid-layer template=\"vertical\" aspect-ratio=\"412:618\" class=\"grid-layer\"><\/p>\n<div class=\"page-fullbleed-area\" style=\"background-color:#fff\">\n<div class=\"page-safe-area\">\n<div style=\"position:absolute;pointer-events:none;left:0;top:-9.25926%;width:100%;height:118.51852%;opacity:1\">\n<div id=\"anim-7d752e82-c672-43f8-95f7-035ef397058b\" class=\"animation-wrapper\" style=\"width:100%;height:100%;display:block;position:absolute;top:0;left:0\">\n<div style=\"pointer-events:initial;width:100%;height:100%;display:block;position:absolute;top:0;left:0;z-index:0\" class=\"mask\" id=\"el-8e947e1b-635b-45cd-a692-6c8f78706464\">\n<div style=\"position:absolute;width:274.44819%;height:100%;left:-87.22409%;top:0%\" data-leaf-element=\"true\"><amp-img layout=\"fill\" src=\"https:\/\/carro.blog.br\/comparativo\/wp-content\/uploads\/2025\/12\/alan-correa-2025-12-03-as-16.55.11.webp\" alt=\"alan-correa- 2025-12-03 a\u0300s 16.55.11\" srcSet=\"https:\/\/carro.blog.br\/comparativo\/wp-content\/uploads\/2025\/12\/alan-correa-2025-12-03-as-16.55.11.webp 1834w,https:\/\/carro.blog.br\/comparativo\/wp-content\/uploads\/2025\/12\/alan-correa-2025-12-03-as-16.55.11-1800x1166.webp 1800w,https:\/\/carro.blog.br\/comparativo\/wp-content\/uploads\/2025\/12\/alan-correa-2025-12-03-as-16.55.11-1536x995.webp 1536w,https:\/\/carro.blog.br\/comparativo\/wp-content\/uploads\/2025\/12\/alan-correa-2025-12-03-as-16.55.11-900x583.webp 900w,https:\/\/carro.blog.br\/comparativo\/wp-content\/uploads\/2025\/12\/alan-correa-2025-12-03-as-16.55.11-768x497.webp 768w,https:\/\/carro.blog.br\/comparativo\/wp-content\/uploads\/2025\/12\/alan-correa-2025-12-03-as-16.55.11-400x259.webp 400w,https:\/\/carro.blog.br\/comparativo\/wp-content\/uploads\/2025\/12\/alan-correa-2025-12-03-as-16.55.11-150x97.webp 150w\" sizes=\"(min-width: 1024px) 49vh, 108vw\" disable-inline-width=\"true\"><\/amp-img><\/div>\n<div class=\"element-overlay-area\" style=\"background-image:radial-gradient(ellipse 67% 67%, rgba(0,0,0,0) 0%, rgba(0,0,0,0.7) 100%)\"><\/div>\n<\/div>\n<\/div>\n<\/div>\n<div class=\"page-background-overlay-area\" style=\"background-image:radial-gradient(ellipse 67% 67%, rgba(0,0,0,0) 0%, rgba(0,0,0,0.7) 100%)\"><\/div>\n<\/div>\n<\/div>\n<p><\/amp-story-grid-layer><amp-story-grid-layer template=\"vertical\" aspect-ratio=\"412:618\" class=\"grid-layer\"><\/p>\n<div class=\"page-fullbleed-area\">\n<div class=\"page-safe-area\">\n<div style=\"position:absolute;pointer-events:none;left:11.65049%;top:30.74434%;width:76.45631%;height:33.00971%;opacity:1\">\n<div id=\"anim-15068007-7f5e-4339-a19c-a55f2c7c704c\" class=\"animation-wrapper\" style=\"width:100%;height:100%;display:block;position:absolute;top:0;left:0;--initial-opacity:0;--initial-transform:none\">\n<div id=\"anim-c3eb24d9-29f6-4429-85f4-bcaa5d704e83\" class=\"animation-wrapper\" style=\"width:100%;height:100%;display:block;position:absolute;top:0;left:0;--initial-opacity:1;--initial-transform:translate3d(-115.2381%, 0px, 0)\">\n<div style=\"pointer-events:initial;width:100%;height:100%;display:block;position:absolute;top:0;left:0;z-index:0;border-radius:0% 0% 0% 0% \/ 0% 0% 0% 0%\" id=\"el-a6afc07c-920a-4172-93bd-a53d76489a6e\">\n<p class=\"fill text-wrapper\" style=\"white-space:pre-line;overflow-wrap:break-word;word-break:break-word;margin:0;font-family:&quot;Merriweather&quot;,serif;font-size:0.323625em;line-height:calc(1.3em + 0.39999999999999997em);text-align:left;padding:0;color:#000000;background-color:#fff;background:none\"><span style=\"display:block;position:relative;left:0;top:0;margin:-0.136507936507937% 0;-webkit-box-decoration-break:clone;box-decoration-break:clone\"><span style=\"background-color:#fff;-webkit-box-decoration-break:clone;box-decoration-break:clone;position:relative;padding:1.2698412698412698% 2.5396825396825395%;text-align:left;border-radius:0px 0px 0px 0px;color:transparent\"><span style=\"font-weight: 700\">A escolha final depende do seu ritmo. O Kait encaixa quem quer conforto e volume interno, o Tera combina com quem roda muito e busca economia real por quil\u00f4metro.<\/span><\/span><\/span><\/p>\n<p class=\"fill text-wrapper\" style=\"white-space:pre-line;overflow-wrap:break-word;word-break:break-word;margin:0;font-family:&quot;Merriweather&quot;,serif;font-size:0.323625em;line-height:calc(1.3em + 0.39999999999999997em);text-align:left;padding:0;color:#000000;background-color:#fff;background:none;position:absolute;top:0;left:0;right:0\" aria-hidden=\"true\"><span style=\"display:block;position:relative;left:0;top:0;margin:-0.136507936507937% 0;-webkit-box-decoration-break:clone;box-decoration-break:clone\"><span style=\"background-color:#fff;-webkit-box-decoration-break:clone;box-decoration-break:clone;position:relative;padding:1.2698412698412698% 2.5396825396825395%;text-align:left;border-radius:0px 0px 0px 0px;background:none\"><span style=\"font-weight: 700; color: #2d5897\">A escolha final depende do seu ritmo. O Kait encaixa quem quer conforto e volume interno, o Tera combina com quem roda muito e busca economia real por quil\u00f4metro.<\/span><\/span><\/span><\/p>\n<\/div>\n<\/div>\n<\/div>\n<\/div>\n<div style=\"position:absolute;pointer-events:none;left:5.82524%;top:-4.04531%;width:88.1068%;height:12.45955%;opacity:1\">\n<div id=\"anim-a29414f1-cedc-4e6f-bc22-b6717b0d12cd\" class=\"animation-wrapper\" style=\"width:100%;height:100%;display:block;position:absolute;top:0;left:0;--initial-opacity:0;--initial-transform:none\">\n<div id=\"anim-b249a43d-1bd4-4341-8ff3-fa3d0d6d63df\" class=\"animation-wrapper\" style=\"width:100%;height:100%;display:block;position:absolute;top:0;left:0;--initial-opacity:1;--initial-transform:translate3d(0px, -141.84702%, 0)\">\n<div style=\"pointer-events:initial;width:100%;height:100%;display:block;position:absolute;top:0;left:0;z-index:0\" class=\"mask\" id=\"el-d5fc7c36-8777-4f85-a8f5-b495f1049f5a\">\n<div style=\"position:absolute;width:100%;height:109.99998%;left:0%;top:-4.99999%\" data-leaf-element=\"true\"><amp-img layout=\"fill\" src=\"https:\/\/carro.blog.br\/wp-content\/uploads\/2025\/03\/logo-webstories-png.webp\" alt=\"logo-webstories\" srcSet=\"https:\/\/carro.blog.br\/wp-content\/uploads\/2025\/03\/logo-webstories-png.webp 1500w,https:\/\/carro.blog.br\/wp-content\/uploads\/2025\/03\/logo-webstories-900x210.webp 900w,https:\/\/carro.blog.br\/wp-content\/uploads\/2025\/03\/logo-webstories-768x179.webp 768w,https:\/\/carro.blog.br\/wp-content\/uploads\/2025\/03\/logo-webstories-150x35.webp 150w\" sizes=\"(min-width: 1024px) 40vh, 88vw\" disable-inline-width=\"true\"><\/amp-img><\/div>\n<\/div>\n<\/div>\n<\/div>\n<\/div>\n<\/div>\n<\/div>\n<p><\/amp-story-grid-layer><amp-story-page-outlink layout=\"nodisplay\" theme=\"light\"><a href=\"https:\/\/carro.blog.br\/comparativo\/volkswagen-tera-2026-ou-nissan-kait-2026-comparativo-revela-qual-suv-entrega-mais-por-menos.html?tipo=amp\" rel=\"\">Arraste Para Cima<\/a><\/amp-story-page-outlink><\/amp-story-page><amp-story-page id=\"89f58a59-513f-469f-9183-4bee2400483b\"><amp-story-animation layout=\"nodisplay\" trigger=\"visibility\"><script type=\"application\/json\">[{\"selector\":\"#anim-19a333e8-af4a-4eee-a7fb-70650de5e42c [data-leaf-element=\\\"true\\\"]\",\"keyframes\":{\"transform\":[\"translate(0%, 0%) scale(1.5)\",\"translate(0%, 0%) scale(1)\"]},\"delay\":0,\"duration\":100,\"easing\":\"cubic-bezier(.3,0,.55,1)\",\"fill\":\"forwards\"}]<\/script><\/amp-story-animation><amp-story-animation layout=\"nodisplay\" trigger=\"visibility\"><script type=\"application\/json\">[{\"selector\":\"#anim-246d7976-0cca-473f-beb4-aadf0d6cefaa\",\"keyframes\":{\"opacity\":[0,1]},\"delay\":0,\"duration\":600,\"easing\":\"cubic-bezier(0.2, 0.6, 0.0, 1)\",\"fill\":\"both\"}]<\/script><\/amp-story-animation><amp-story-animation layout=\"nodisplay\" trigger=\"visibility\"><script type=\"application\/json\">[{\"selector\":\"#anim-3e1ca452-3fbb-4a95-a40b-4625e5c48096\",\"keyframes\":{\"transform\":[\"translate3d(-115.2381%, 0px, 0)\",\"translate3d(0px, 0px, 0)\"]},\"delay\":0,\"duration\":600,\"easing\":\"cubic-bezier(0.2, 0.6, 0.0, 1)\",\"fill\":\"both\"}]<\/script><\/amp-story-animation><amp-story-animation layout=\"nodisplay\" trigger=\"visibility\"><script type=\"application\/json\">[{\"selector\":\"#anim-1289025f-633f-4ffd-bd5f-513a684f333f\",\"keyframes\":{\"opacity\":[0,1]},\"delay\":0,\"duration\":600,\"easing\":\"cubic-bezier(0.2, 0.6, 0.0, 1)\",\"fill\":\"both\"}]<\/script><\/amp-story-animation><amp-story-animation layout=\"nodisplay\" trigger=\"visibility\"><script type=\"application\/json\">[{\"selector\":\"#anim-1bc236aa-e4d7-40e9-936e-ce1fe087d03e\",\"keyframes\":{\"transform\":[\"translate3d(0px, -141.84702%, 0)\",\"translate3d(0px, 0px, 0)\"]},\"delay\":0,\"duration\":600,\"easing\":\"cubic-bezier(0.2, 0.6, 0.0, 1)\",\"fill\":\"both\"}]<\/script><\/amp-story-animation><amp-story-grid-layer template=\"vertical\" aspect-ratio=\"412:618\" class=\"grid-layer\"><\/p>\n<div class=\"page-fullbleed-area\" style=\"background-color:#fff\">\n<div class=\"page-safe-area\">\n<div style=\"position:absolute;pointer-events:none;left:0;top:-9.25926%;width:100%;height:118.51852%;opacity:1\">\n<div id=\"anim-19a333e8-af4a-4eee-a7fb-70650de5e42c\" class=\"animation-wrapper\" style=\"width:100%;height:100%;display:block;position:absolute;top:0;left:0\">\n<div style=\"pointer-events:initial;width:100%;height:100%;display:block;position:absolute;top:0;left:0;z-index:0\" class=\"mask\" id=\"el-18760b77-6d2a-470f-9446-c45b28734046\">\n<div style=\"position:absolute;width:274.44819%;height:100%;left:-87.22409%;top:0%\" data-leaf-element=\"true\"><amp-img layout=\"fill\" src=\"https:\/\/carro.blog.br\/comparativo\/wp-content\/uploads\/2025\/12\/alan-correa-2025-12-03-as-16.55.11.webp\" alt=\"alan-correa- 2025-12-03 a\u0300s 16.55.11\" srcSet=\"https:\/\/carro.blog.br\/comparativo\/wp-content\/uploads\/2025\/12\/alan-correa-2025-12-03-as-16.55.11.webp 1834w,https:\/\/carro.blog.br\/comparativo\/wp-content\/uploads\/2025\/12\/alan-correa-2025-12-03-as-16.55.11-1800x1166.webp 1800w,https:\/\/carro.blog.br\/comparativo\/wp-content\/uploads\/2025\/12\/alan-correa-2025-12-03-as-16.55.11-1536x995.webp 1536w,https:\/\/carro.blog.br\/comparativo\/wp-content\/uploads\/2025\/12\/alan-correa-2025-12-03-as-16.55.11-900x583.webp 900w,https:\/\/carro.blog.br\/comparativo\/wp-content\/uploads\/2025\/12\/alan-correa-2025-12-03-as-16.55.11-768x497.webp 768w,https:\/\/carro.blog.br\/comparativo\/wp-content\/uploads\/2025\/12\/alan-correa-2025-12-03-as-16.55.11-400x259.webp 400w,https:\/\/carro.blog.br\/comparativo\/wp-content\/uploads\/2025\/12\/alan-correa-2025-12-03-as-16.55.11-150x97.webp 150w\" sizes=\"(min-width: 1024px) 49vh, 108vw\" disable-inline-width=\"true\"><\/amp-img><\/div>\n<div class=\"element-overlay-area\" style=\"background-image:radial-gradient(ellipse 67% 67%, rgba(0,0,0,0) 0%, rgba(0,0,0,0.7) 100%)\"><\/div>\n<\/div>\n<\/div>\n<\/div>\n<div class=\"page-background-overlay-area\" style=\"background-image:radial-gradient(ellipse 67% 67%, rgba(0,0,0,0) 0%, rgba(0,0,0,0.7) 100%)\"><\/div>\n<\/div>\n<\/div>\n<p><\/amp-story-grid-layer><amp-story-grid-layer template=\"vertical\" aspect-ratio=\"412:618\" class=\"grid-layer\"><\/p>\n<div class=\"page-fullbleed-area\">\n<div class=\"page-safe-area\">\n<div style=\"position:absolute;pointer-events:none;left:11.65049%;top:30.74434%;width:76.45631%;height:33.00971%;opacity:1\">\n<div id=\"anim-246d7976-0cca-473f-beb4-aadf0d6cefaa\" class=\"animation-wrapper\" style=\"width:100%;height:100%;display:block;position:absolute;top:0;left:0;--initial-opacity:0;--initial-transform:none\">\n<div id=\"anim-3e1ca452-3fbb-4a95-a40b-4625e5c48096\" class=\"animation-wrapper\" style=\"width:100%;height:100%;display:block;position:absolute;top:0;left:0;--initial-opacity:1;--initial-transform:translate3d(-115.2381%, 0px, 0)\">\n<div style=\"pointer-events:initial;width:100%;height:100%;display:block;position:absolute;top:0;left:0;z-index:0;border-radius:0% 0% 0% 0% \/ 0% 0% 0% 0%\" id=\"el-94e90efe-7f16-45d2-888c-cf8c180f4b94\">\n<p class=\"fill text-wrapper\" style=\"white-space:pre-line;overflow-wrap:break-word;word-break:break-word;margin:0;font-family:&quot;Merriweather&quot;,serif;font-size:0.323625em;line-height:calc(1.3em + 0.39999999999999997em);text-align:left;padding:0;color:#000000;background-color:#fff;background:none\"><span style=\"display:block;position:relative;left:0;top:0;margin:-0.136507936507937% 0;-webkit-box-decoration-break:clone;box-decoration-break:clone\"><span style=\"background-color:#fff;-webkit-box-decoration-break:clone;box-decoration-break:clone;position:relative;padding:1.2698412698412698% 2.5396825396825395%;text-align:left;border-radius:0px 0px 0px 0px;color:transparent\"><span style=\"font-weight: 700\">Pre\u00e7o aproximado acima de 150 mil no Kait e acima de 141 mil no Tera, valores que refor\u00e7am o foco em espa\u00e7o no Nissan e em efici\u00eancia no Volkswagen.<\/span><\/span><\/span><\/p>\n<p class=\"fill text-wrapper\" style=\"white-space:pre-line;overflow-wrap:break-word;word-break:break-word;margin:0;font-family:&quot;Merriweather&quot;,serif;font-size:0.323625em;line-height:calc(1.3em + 0.39999999999999997em);text-align:left;padding:0;color:#000000;background-color:#fff;background:none;position:absolute;top:0;left:0;right:0\" aria-hidden=\"true\"><span style=\"display:block;position:relative;left:0;top:0;margin:-0.136507936507937% 0;-webkit-box-decoration-break:clone;box-decoration-break:clone\"><span style=\"background-color:#fff;-webkit-box-decoration-break:clone;box-decoration-break:clone;position:relative;padding:1.2698412698412698% 2.5396825396825395%;text-align:left;border-radius:0px 0px 0px 0px;background:none\"><span style=\"font-weight: 700; color: #2d5897\">Pre\u00e7o aproximado acima de 150 mil no Kait e acima de 141 mil no Tera, valores que refor\u00e7am o foco em espa\u00e7o no Nissan e em efici\u00eancia no Volkswagen.<\/span><\/span><\/span><\/p>\n<\/div>\n<\/div>\n<\/div>\n<\/div>\n<div style=\"position:absolute;pointer-events:none;left:5.82524%;top:-4.04531%;width:88.1068%;height:12.45955%;opacity:1\">\n<div id=\"anim-1289025f-633f-4ffd-bd5f-513a684f333f\" class=\"animation-wrapper\" style=\"width:100%;height:100%;display:block;position:absolute;top:0;left:0;--initial-opacity:0;--initial-transform:none\">\n<div id=\"anim-1bc236aa-e4d7-40e9-936e-ce1fe087d03e\" class=\"animation-wrapper\" style=\"width:100%;height:100%;display:block;position:absolute;top:0;left:0;--initial-opacity:1;--initial-transform:translate3d(0px, -141.84702%, 0)\">\n<div style=\"pointer-events:initial;width:100%;height:100%;display:block;position:absolute;top:0;left:0;z-index:0\" class=\"mask\" id=\"el-718ad852-99ca-45f3-923f-fd8700eec99e\">\n<div style=\"position:absolute;width:100%;height:109.99998%;left:0%;top:-4.99999%\" data-leaf-element=\"true\"><amp-img layout=\"fill\" src=\"https:\/\/carro.blog.br\/wp-content\/uploads\/2025\/03\/logo-webstories-png.webp\" alt=\"logo-webstories\" srcSet=\"https:\/\/carro.blog.br\/wp-content\/uploads\/2025\/03\/logo-webstories-png.webp 1500w,https:\/\/carro.blog.br\/wp-content\/uploads\/2025\/03\/logo-webstories-900x210.webp 900w,https:\/\/carro.blog.br\/wp-content\/uploads\/2025\/03\/logo-webstories-768x179.webp 768w,https:\/\/carro.blog.br\/wp-content\/uploads\/2025\/03\/logo-webstories-150x35.webp 150w\" sizes=\"(min-width: 1024px) 40vh, 88vw\" disable-inline-width=\"true\"><\/amp-img><\/div>\n<\/div>\n<\/div>\n<\/div>\n<\/div>\n<\/div>\n<\/div>\n<p><\/amp-story-grid-layer><amp-story-page-outlink layout=\"nodisplay\" theme=\"light\"><a href=\"https:\/\/carro.blog.br\/comparativo\/volkswagen-tera-2026-ou-nissan-kait-2026-comparativo-revela-qual-suv-entrega-mais-por-menos.html?tipo=amp\" rel=\"\">Arraste Para Cima<\/a><\/amp-story-page-outlink><\/amp-story-page><\/amp-story><\/body><\/html><\/p>\n","protected":false},"excerpt":{"rendered":"<p>Kait 2026 e Tera 2026 entram no mesmo ringue, mas cada um fala com um motorista diferente. Um usa espa\u00e7o como trunfo, o outro aposta tudo em efici\u00eancia.<\/p>\n","protected":false},"author":1,"featured_media":239,"template":"","meta":{"web_stories_publisher_logo":147,"web_stories_poster":[],"web_stories_products":[],"footnotes":""},"web_story_category":[],"web_story_tag":[],"class_list":["post-238","web-story","type-web-story","status-publish","has-post-thumbnail","hentry"],"story_data":{"version":47,"pages":[{"elements":[{"opacity":100,"flip":{"vertical":false,"horizontal":false},"rotationAngle":0,"lockAspectRatio":true,"backgroundColor":{"color":{"r":196,"g":196,"b":196}},"x":1,"y":1,"width":1,"height":1,"mask":{"type":"rectangle"},"isBackground":true,"isDefaultBackground":true,"id":"2c2569d7-f256-4fb2-a821-ce9b2ba9c0bd","type":"shape"},{"opacity":100,"flip":{"vertical":false,"horizontal":false},"rotationAngle":0,"lockAspectRatio":true,"backgroundTextMode":"NONE","font":{"family":"Merriweather"},"fontSize":30,"backgroundColor":{"color":{"r":45,"g":88,"b":151}},"lineHeight":1.3000000000000000444089209850062616169452667236328125,"textAlign":"left","padding":{"locked":true,"hasHiddenPadding":false,"horizontal":0,"vertical":0},"content":"<span style=\"font-weight: 700; color: #590d22\">Nissan Kait<\/span><span style=\"font-weight: 700; color: #4285f4\"> tem potencia para desafiar o <\/span><span style=\"font-weight: 700; color: #e06e04\">VW Tera?<\/span><span style=\"font-weight: 700; color: #4285f4\"> Veja comparativo<\/span>","x":48,"y":385,"width":316,"height":154,"basedOn":"96988eb0-6289-4894-8c84-19ccdf8569a7","id":"7396e8a5-0c4e-496c-af31-e79f093f4b69","type":"text"},{"opacity":100,"flip":{"vertical":false,"horizontal":false},"rotationAngle":0,"lockAspectRatio":false,"scale":100,"focalX":50,"focalY":50,"resource":{"type":"image","mimeType":"image\/jpeg","width":1920,"height":1080,"sizes":{"medium":{"file":"Nissan-Kait-2026-x-Volkswagen-Tera-2026-400x225.webp","width":400,"height":225,"filesize":14670,"sources":{"image\/webp":{"file":"Nissan-Kait-2026-x-Volkswagen-Tera-2026-400x225.webp","filesize":14670,"sourceUrl":"https:\/\/carro.blog.br\/comparativo\/wp-content\/uploads\/2025\/12\/Nissan-Kait-2026-x-Volkswagen-Tera-2026-400x225.webp"}},"mimeType":"image\/webp","sourceUrl":"https:\/\/carro.blog.br\/comparativo\/wp-content\/uploads\/2025\/12\/Nissan-Kait-2026-x-Volkswagen-Tera-2026-400x225.webp"},"large":{"file":"Nissan-Kait-2026-x-Volkswagen-Tera-2026-1800x1013.webp","width":1800,"height":1013,"filesize":90332,"sources":{"image\/webp":{"file":"Nissan-Kait-2026-x-Volkswagen-Tera-2026-1800x1013.webp","filesize":90332,"sourceUrl":"https:\/\/carro.blog.br\/comparativo\/wp-content\/uploads\/2025\/12\/Nissan-Kait-2026-x-Volkswagen-Tera-2026-1800x1013.webp"}},"mimeType":"image\/webp","sourceUrl":"https:\/\/carro.blog.br\/comparativo\/wp-content\/uploads\/2025\/12\/Nissan-Kait-2026-x-Volkswagen-Tera-2026-1800x1013.webp"},"thumbnail":{"file":"Nissan-Kait-2026-x-Volkswagen-Tera-2026-900x506.webp","width":900,"height":506,"filesize":40632,"sources":{"image\/webp":{"file":"Nissan-Kait-2026-x-Volkswagen-Tera-2026-900x506.webp","filesize":40632,"sourceUrl":"https:\/\/carro.blog.br\/comparativo\/wp-content\/uploads\/2025\/12\/Nissan-Kait-2026-x-Volkswagen-Tera-2026-900x506.webp"}},"mimeType":"image\/webp","sourceUrl":"https:\/\/carro.blog.br\/comparativo\/wp-content\/uploads\/2025\/12\/Nissan-Kait-2026-x-Volkswagen-Tera-2026-900x506.webp"},"medium_large":{"file":"Nissan-Kait-2026-x-Volkswagen-Tera-2026-768x432.webp","width":768,"height":432,"filesize":33504,"sources":{"image\/webp":{"file":"Nissan-Kait-2026-x-Volkswagen-Tera-2026-768x432.webp","filesize":33504,"sourceUrl":"https:\/\/carro.blog.br\/comparativo\/wp-content\/uploads\/2025\/12\/Nissan-Kait-2026-x-Volkswagen-Tera-2026-768x432.webp"}},"mimeType":"image\/webp","sourceUrl":"https:\/\/carro.blog.br\/comparativo\/wp-content\/uploads\/2025\/12\/Nissan-Kait-2026-x-Volkswagen-Tera-2026-768x432.webp"},"1536x1536":{"file":"Nissan-Kait-2026-x-Volkswagen-Tera-2026-1536x864.webp","width":1536,"height":864,"filesize":74560,"mimeType":"image\/webp","sourceUrl":"https:\/\/carro.blog.br\/comparativo\/wp-content\/uploads\/2025\/12\/Nissan-Kait-2026-x-Volkswagen-Tera-2026-1536x864.webp"},"web-stories-poster-portrait":{"file":"Nissan-Kait-2026-x-Volkswagen-Tera-2026-640x853.webp","width":640,"height":853,"filesize":30480,"mimeType":"image\/webp","sourceUrl":"https:\/\/carro.blog.br\/comparativo\/wp-content\/uploads\/2025\/12\/Nissan-Kait-2026-x-Volkswagen-Tera-2026-640x853.webp"},"web-stories-publisher-logo":{"file":"Nissan-Kait-2026-x-Volkswagen-Tera-2026-96x96.webp","width":96,"height":96,"filesize":2480,"mimeType":"image\/webp","sourceUrl":"https:\/\/carro.blog.br\/comparativo\/wp-content\/uploads\/2025\/12\/Nissan-Kait-2026-x-Volkswagen-Tera-2026-96x96.webp"},"web-stories-thumbnail":{"file":"Nissan-Kait-2026-x-Volkswagen-Tera-2026-150x84.webp","width":150,"height":84,"filesize":3814,"mimeType":"image\/webp","sourceUrl":"https:\/\/carro.blog.br\/comparativo\/wp-content\/uploads\/2025\/12\/Nissan-Kait-2026-x-Volkswagen-Tera-2026-150x84.webp"},"full":{"file":"Nissan-Kait-2026-x-Volkswagen-Tera-2026.webp","width":1920,"height":1080,"mimeType":"image\/jpeg","sourceUrl":"https:\/\/carro.blog.br\/comparativo\/wp-content\/uploads\/2025\/12\/Nissan-Kait-2026-x-Volkswagen-Tera-2026.webp","sources":{"image\/webp":{"file":"Nissan-Kait-2026-x-Volkswagen-Tera-2026.webp","filesize":108430,"sourceUrl":"https:\/\/carro.blog.br\/comparativo\/wp-content\/uploads\/2025\/12\/Nissan-Kait-2026-x-Volkswagen-Tera-2026.webp"}}}},"isPlaceholder":false,"isExternal":false,"needsProxy":false,"baseColor":"#d78e43","blurHash":"UpK[xRX2JUjJ^5kBS4ah{xx@s-V[ELWV$hk9","creationDate":"2025-12-07T17:16:00","src":"https:\/\/carro.blog.br\/comparativo\/wp-content\/uploads\/2025\/12\/Nissan-Kait-2026-x-Volkswagen-Tera-2026.webp","id":232,"alt":"Kait 2026 oferece mais espa\u00e7o e comodidade, Tera 2026 entrega melhor consumo e agilidade, mudando o custo, a dirigibilidade e o tipo de motorista atendido em cada proposta.","local":false,"provider":"local"},"controls":false,"loop":true,"autoPlay":true,"volume":1,"tracks":[],"x":7,"y":10,"width":405,"height":275,"mask":{"type":"rectangle","showInLibrary":true,"name":"Rectangle","path":"M 0,0 1,0 1,1 0,1 0,0 Z","ratio":1,"supportsBorder":true},"id":"5c67030d-23da-4428-894c-a4c05bb114e2","basedOn":"b65b9621-504e-4187-adcf-7c8476322506","borderRadius":{"topLeft":10,"topRight":0,"bottomRight":0,"bottomLeft":10,"locked":false},"alt":"Carro.Blog.Br","border":{"left":1,"right":1,"top":1,"bottom":1,"lockedWidth":true,"color":{"color":{"r":0,"g":0,"b":0}}},"type":"image"},{"opacity":100,"flip":{"vertical":false,"horizontal":false},"rotationAngle":0,"lockAspectRatio":false,"backgroundColor":{"color":{"r":255,"g":255,"b":255}},"width":137,"height":27,"x":-80,"y":292,"mask":{"type":"rectangle"},"id":"77d6e838-1807-41f9-ac3e-d9e7e5b84e8b","groupId":null,"type":"shape"},{"opacity":100,"flip":{"vertical":false,"horizontal":false},"rotationAngle":0,"lockAspectRatio":true,"backgroundTextMode":"HIGHLIGHT","font":{"family":"Merriweather"},"fontSize":15,"backgroundColor":{"color":{"r":255,"g":255,"b":255}},"lineHeight":1,"textAlign":"left","padding":{"locked":true,"hasHiddenPadding":true,"horizontal":8,"vertical":4},"content":"<span style=\"font-weight: 700; color: #2d5897\">Por Carro.Blog.Br \/ {nomedoautor}<\/span>","marginOffset":5.578125,"x":40,"y":292,"width":316,"height":27,"basedOn":"714857eb-6e7f-45bc-b781-1661045b2b61","id":"1ce45a35-0b52-4f45-81eb-4d17f1c49af0","borderRadius":{"topLeft":10,"topRight":10,"bottomRight":10,"bottomLeft":10,"locked":true},"groupId":null,"type":"text"},{"opacity":100,"flip":{"vertical":false,"horizontal":false},"rotationAngle":0,"lockAspectRatio":true,"backgroundTextMode":"NONE","font":{"family":"Merriweather"},"fontSize":20,"backgroundColor":{"color":{"r":0,"g":0,"b":0}},"lineHeight":1.5,"textAlign":"left","padding":{"locked":true,"hasHiddenPadding":false,"horizontal":0,"vertical":0},"content":"<span style=\"font-weight: 700; color: #2d5897\">{datadehoje}<\/span>","x":48,"y":334,"width":315,"height":25,"basedOn":"02fa0e27-95ee-4d9c-b2ff-92afda5f2b9f","id":"cf178f34-1be0-4967-b35d-922ffa3bf462","borderRadius":{"topLeft":0,"topRight":0,"bottomRight":0,"bottomLeft":0,"locked":true},"type":"text"},{"opacity":100,"flip":{"vertical":false,"horizontal":false},"rotationAngle":0,"lockAspectRatio":false,"scale":100,"focalX":50,"focalY":50,"resource":{"type":"image","mimeType":"image\/png","width":1500,"height":350,"sizes":{"medium":{"file":"logo-webstories-350x82.webp","width":350,"height":82,"filesize":3220,"sources":{"image\/webp":{"file":"logo-webstories-350x82.webp","filesize":3220,"sourceUrl":"https:\/\/carro.blog.br\/wp-content\/uploads\/2025\/03\/logo-webstories-350x82.webp"}},"mimeType":"image\/webp","sourceUrl":"https:\/\/carro.blog.br\/wp-content\/uploads\/2025\/03\/logo-webstories-350x82.webp"},"thumbnail":{"file":"logo-webstories-900x210.webp","width":900,"height":210,"filesize":9158,"sources":{"image\/webp":{"file":"logo-webstories-900x210.webp","filesize":9158,"sourceUrl":"https:\/\/carro.blog.br\/wp-content\/uploads\/2025\/03\/logo-webstories-900x210.webp"}},"mimeType":"image\/webp","sourceUrl":"https:\/\/carro.blog.br\/wp-content\/uploads\/2025\/03\/logo-webstories-900x210.webp"},"medium_large":{"file":"logo-webstories-768x179.webp","width":768,"height":179,"filesize":7634,"sources":{"image\/webp":{"file":"logo-webstories-768x179.webp","filesize":7634,"sourceUrl":"https:\/\/carro.blog.br\/wp-content\/uploads\/2025\/03\/logo-webstories-768x179.webp"}},"mimeType":"image\/webp","sourceUrl":"https:\/\/carro.blog.br\/wp-content\/uploads\/2025\/03\/logo-webstories-768x179.webp"},"web-stories-poster-portrait":{"file":"logo-webstories-640x350.webp","width":640,"height":350,"filesize":7132,"mimeType":"image\/webp","sourceUrl":"https:\/\/carro.blog.br\/wp-content\/uploads\/2025\/03\/logo-webstories-640x350.webp"},"web-stories-publisher-logo":{"file":"logo-webstories-96x96.webp","width":96,"height":96,"filesize":1230,"mimeType":"image\/webp","sourceUrl":"https:\/\/carro.blog.br\/wp-content\/uploads\/2025\/03\/logo-webstories-96x96.webp"},"web-stories-thumbnail":{"file":"logo-webstories-150x35.webp","width":150,"height":35,"filesize":1360,"mimeType":"image\/webp","sourceUrl":"https:\/\/carro.blog.br\/wp-content\/uploads\/2025\/03\/logo-webstories-150x35.webp"},"full":{"file":"logo-webstories-png.webp","width":1500,"height":350,"mimeType":"image\/png","sourceUrl":"https:\/\/carro.blog.br\/wp-content\/uploads\/2025\/03\/logo-webstories-png.webp","sources":{"image\/webp":{"file":"logo-webstories-png.webp","filesize":17298,"sourceUrl":"https:\/\/carro.blog.br\/wp-content\/uploads\/2025\/03\/logo-webstories-png.webp"}}}},"isPlaceholder":false,"isExternal":false,"needsProxy":false,"baseColor":"#567299","blurHash":"UDAw9+}*m%tRs.oej[WX005ZpKM{NHR+ays,","creationDate":"2025-03-09T18:04:13","src":"https:\/\/carro.blog.br\/wp-content\/uploads\/2025\/03\/logo-webstories-png.webp","id":86727,"alt":"logo-webstories","local":false},"x":24,"y":-25,"width":363,"height":77,"mask":{"type":"rectangle","showInLibrary":true,"name":"Ret\u00e2ngulo","path":"M 0,0 1,0 1,1 0,1 0,0 Z","ratio":1,"supportsBorder":true},"id":"0c45c01b-68f3-4e6a-a4ea-1a8926478308","type":"image"}],"backgroundColor":{"color":{"r":255,"g":255,"b":255}},"animations":[],"id":"ec39b034-d85c-436c-a067-cbfe61116245","pageAttachment":{"url":"https:\/\/carro.blog.br\/comparativo\/volkswagen-tera-2026-ou-nissan-kait-2026-comparativo-revela-qual-suv-entrega-mais-por-menos.html?tipo=amp","icon":"","needsProxy":false,"theme":"dark","ctaText":"Arraste Para Cima"},"image":{"id":182,"height":1200,"width":800,"url":"https:\/\/carro.blog.br\/comparativo\/wp-content\/uploads\/2025\/12\/web-stories-page-template-181.webp","needsProxy":false,"isExternal":false}},{"elements":[{"opacity":100,"flip":{"vertical":false,"horizontal":false},"rotationAngle":0,"lockAspectRatio":true,"scale":100,"focalX":50,"focalY":50,"resource":{"type":"image","mimeType":"image\/jpeg","width":1834,"height":1188,"sizes":{"medium":{"file":"alan-correa-2025-12-03-as-16.55.11-400x259.webp","width":400,"height":259,"filesize":12668,"sources":{"image\/webp":{"file":"alan-correa-2025-12-03-as-16.55.11-400x259.webp","filesize":12668,"sourceUrl":"https:\/\/carro.blog.br\/comparativo\/wp-content\/uploads\/2025\/12\/alan-correa-2025-12-03-as-16.55.11-400x259.webp"}},"mimeType":"image\/webp","sourceUrl":"https:\/\/carro.blog.br\/comparativo\/wp-content\/uploads\/2025\/12\/alan-correa-2025-12-03-as-16.55.11-400x259.webp"},"large":{"file":"alan-correa-2025-12-03-as-16.55.11-1800x1166.webp","width":1800,"height":1166,"filesize":67736,"sources":{"image\/webp":{"file":"alan-correa-2025-12-03-as-16.55.11-1800x1166.webp","filesize":67736,"sourceUrl":"https:\/\/carro.blog.br\/comparativo\/wp-content\/uploads\/2025\/12\/alan-correa-2025-12-03-as-16.55.11-1800x1166.webp"}},"mimeType":"image\/webp","sourceUrl":"https:\/\/carro.blog.br\/comparativo\/wp-content\/uploads\/2025\/12\/alan-correa-2025-12-03-as-16.55.11-1800x1166.webp"},"thumbnail":{"file":"alan-correa-2025-12-03-as-16.55.11-900x583.webp","width":900,"height":583,"filesize":32840,"sources":{"image\/webp":{"file":"alan-correa-2025-12-03-as-16.55.11-900x583.webp","filesize":32840,"sourceUrl":"https:\/\/carro.blog.br\/comparativo\/wp-content\/uploads\/2025\/12\/alan-correa-2025-12-03-as-16.55.11-900x583.webp"}},"mimeType":"image\/webp","sourceUrl":"https:\/\/carro.blog.br\/comparativo\/wp-content\/uploads\/2025\/12\/alan-correa-2025-12-03-as-16.55.11-900x583.webp"},"medium_large":{"file":"alan-correa-2025-12-03-as-16.55.11-768x497.webp","width":768,"height":497,"filesize":27590,"sources":{"image\/webp":{"file":"alan-correa-2025-12-03-as-16.55.11-768x497.webp","filesize":27590,"sourceUrl":"https:\/\/carro.blog.br\/comparativo\/wp-content\/uploads\/2025\/12\/alan-correa-2025-12-03-as-16.55.11-768x497.webp"}},"mimeType":"image\/webp","sourceUrl":"https:\/\/carro.blog.br\/comparativo\/wp-content\/uploads\/2025\/12\/alan-correa-2025-12-03-as-16.55.11-768x497.webp"},"1536x1536":{"file":"alan-correa-2025-12-03-as-16.55.11-1536x995.webp","width":1536,"height":995,"filesize":59402,"mimeType":"image\/webp","sourceUrl":"https:\/\/carro.blog.br\/comparativo\/wp-content\/uploads\/2025\/12\/alan-correa-2025-12-03-as-16.55.11-1536x995.webp"},"web-stories-poster-portrait":{"file":"alan-correa-2025-12-03-as-16.55.11-640x853.webp","width":640,"height":853,"filesize":24424,"mimeType":"image\/webp","sourceUrl":"https:\/\/carro.blog.br\/comparativo\/wp-content\/uploads\/2025\/12\/alan-correa-2025-12-03-as-16.55.11-640x853.webp"},"web-stories-publisher-logo":{"file":"alan-correa-2025-12-03-as-16.55.11-96x96.webp","width":96,"height":96,"filesize":1800,"mimeType":"image\/webp","sourceUrl":"https:\/\/carro.blog.br\/comparativo\/wp-content\/uploads\/2025\/12\/alan-correa-2025-12-03-as-16.55.11-96x96.webp"},"web-stories-thumbnail":{"file":"alan-correa-2025-12-03-as-16.55.11-150x97.webp","width":150,"height":97,"filesize":3080,"mimeType":"image\/webp","sourceUrl":"https:\/\/carro.blog.br\/comparativo\/wp-content\/uploads\/2025\/12\/alan-correa-2025-12-03-as-16.55.11-150x97.webp"},"full":{"file":"alan-correa-2025-12-03-as-16.55.11.webp","width":1834,"height":1188,"mimeType":"image\/jpeg","sourceUrl":"https:\/\/carro.blog.br\/comparativo\/wp-content\/uploads\/2025\/12\/alan-correa-2025-12-03-as-16.55.11.webp","sources":{"image\/webp":{"file":"alan-correa-2025-12-03-as-16.55.11.webp","filesize":75190,"sourceUrl":"https:\/\/carro.blog.br\/comparativo\/wp-content\/uploads\/2025\/12\/alan-correa-2025-12-03-as-16.55.11.webp"}}}},"isPlaceholder":false,"isExternal":false,"needsProxy":false,"baseColor":null,"blurHash":"U~LpQZ~LV@Ibt3ayRnkCahahaxocayf7j[fR","creationDate":"2025-12-03T19:55:47","src":"https:\/\/carro.blog.br\/comparativo\/wp-content\/uploads\/2025\/12\/alan-correa-2025-12-03-as-16.55.11.webp","id":170,"alt":"alan-correa- 2025-12-03 a\u0300s 16.55.11","local":false,"provider":"local"},"controls":false,"loop":true,"autoPlay":true,"volume":1,"tracks":[],"backgroundColor":{"color":{"r":196,"g":196,"b":196}},"x":-32,"y":-86,"width":479,"height":790,"mask":{"type":"rectangle"},"isBackground":true,"id":"ee09b1fa-d006-49e6-a2cf-dbaf46f165e5","overlay":{"type":"radial","size":{"w":0.67000000000000003996802888650563545525074005126953125,"h":0.67000000000000003996802888650563545525074005126953125},"stops":[{"color":{"r":0,"g":0,"b":0,"a":0},"position":0},{"color":{"r":0,"g":0,"b":0,"a":1},"position":1}],"alpha":0.6999999999999999555910790149937383830547332763671875},"type":"image"},{"opacity":100,"flip":{"vertical":false,"horizontal":false},"rotationAngle":0,"lockAspectRatio":true,"backgroundTextMode":"HIGHLIGHT","font":{"family":"Merriweather"},"fontSize":20,"backgroundColor":{"color":{"r":255,"g":255,"b":255}},"lineHeight":1.3000000000000000444089209850062616169452667236328125,"textAlign":"left","padding":{"locked":true,"hasHiddenPadding":true,"horizontal":8,"vertical":4},"content":"<span style=\"font-weight: 700; color: #2d5897\">Kait 2026 e Tera 2026 entram no mesmo ringue, mas cada um fala com um motorista diferente. Um usa espa\u00e7o como trunfo, o outro aposta tudo em efici\u00eancia.<\/span>","x":48,"y":190,"width":315,"height":204,"basedOn":"02fa0e27-95ee-4d9c-b2ff-92afda5f2b9f","id":"976fbec0-e337-4669-a452-21933dc4ee24","borderRadius":{"topLeft":0,"topRight":0,"bottomRight":0,"bottomLeft":0,"locked":true},"type":"text"},{"opacity":100,"flip":{"vertical":false,"horizontal":false},"rotationAngle":0,"lockAspectRatio":false,"scale":100,"focalX":50,"focalY":50,"resource":{"type":"image","mimeType":"image\/png","width":1500,"height":350,"sizes":{"medium":{"file":"logo-webstories-350x82.webp","width":350,"height":82,"filesize":3220,"sources":{"image\/webp":{"file":"logo-webstories-350x82.webp","filesize":3220,"sourceUrl":"https:\/\/carro.blog.br\/wp-content\/uploads\/2025\/03\/logo-webstories-350x82.webp"}},"mimeType":"image\/webp","sourceUrl":"https:\/\/carro.blog.br\/wp-content\/uploads\/2025\/03\/logo-webstories-350x82.webp"},"thumbnail":{"file":"logo-webstories-900x210.webp","width":900,"height":210,"filesize":9158,"sources":{"image\/webp":{"file":"logo-webstories-900x210.webp","filesize":9158,"sourceUrl":"https:\/\/carro.blog.br\/wp-content\/uploads\/2025\/03\/logo-webstories-900x210.webp"}},"mimeType":"image\/webp","sourceUrl":"https:\/\/carro.blog.br\/wp-content\/uploads\/2025\/03\/logo-webstories-900x210.webp"},"medium_large":{"file":"logo-webstories-768x179.webp","width":768,"height":179,"filesize":7634,"sources":{"image\/webp":{"file":"logo-webstories-768x179.webp","filesize":7634,"sourceUrl":"https:\/\/carro.blog.br\/wp-content\/uploads\/2025\/03\/logo-webstories-768x179.webp"}},"mimeType":"image\/webp","sourceUrl":"https:\/\/carro.blog.br\/wp-content\/uploads\/2025\/03\/logo-webstories-768x179.webp"},"web-stories-poster-portrait":{"file":"logo-webstories-640x350.webp","width":640,"height":350,"filesize":7132,"mimeType":"image\/webp","sourceUrl":"https:\/\/carro.blog.br\/wp-content\/uploads\/2025\/03\/logo-webstories-640x350.webp"},"web-stories-publisher-logo":{"file":"logo-webstories-96x96.webp","width":96,"height":96,"filesize":1230,"mimeType":"image\/webp","sourceUrl":"https:\/\/carro.blog.br\/wp-content\/uploads\/2025\/03\/logo-webstories-96x96.webp"},"web-stories-thumbnail":{"file":"logo-webstories-150x35.webp","width":150,"height":35,"filesize":1360,"mimeType":"image\/webp","sourceUrl":"https:\/\/carro.blog.br\/wp-content\/uploads\/2025\/03\/logo-webstories-150x35.webp"},"full":{"file":"logo-webstories-png.webp","width":1500,"height":350,"mimeType":"image\/png","sourceUrl":"https:\/\/carro.blog.br\/wp-content\/uploads\/2025\/03\/logo-webstories-png.webp","sources":{"image\/webp":{"file":"logo-webstories-png.webp","filesize":17298,"sourceUrl":"https:\/\/carro.blog.br\/wp-content\/uploads\/2025\/03\/logo-webstories-png.webp"}}}},"isPlaceholder":false,"isExternal":false,"needsProxy":false,"baseColor":"#567299","blurHash":"UDAw9+}*m%tRs.oej[WX005ZpKM{NHR+ays,","creationDate":"2025-03-09T18:04:13","src":"https:\/\/carro.blog.br\/wp-content\/uploads\/2025\/03\/logo-webstories-png.webp","id":86727,"alt":"logo-webstories","local":false},"x":24,"y":-25,"width":363,"height":77,"mask":{"type":"rectangle","showInLibrary":true,"name":"Ret\u00e2ngulo","path":"M 0,0 1,0 1,1 0,1 0,0 Z","ratio":1,"supportsBorder":true},"id":"97d8fa48-b224-4cba-a2ee-684970c10042","type":"image"}],"backgroundColor":{"color":{"r":255,"g":255,"b":255}},"animations":[{"id":"a65d16df-767d-461f-8164-d7823938cda5","type":"effect-background-zoom","zoomDirection":"scaleOut","duration":100,"delay":0,"targets":["ee09b1fa-d006-49e6-a2cf-dbaf46f165e5"]},{"id":"df847bc3-ba3c-4db6-abb8-a576c3a1bdca","type":"effect-fly-in","flyInDir":"leftToRight","duration":600,"delay":0,"targets":["976fbec0-e337-4669-a452-21933dc4ee24"]},{"id":"79cd4055-5049-4985-aa5c-79ad0e18628c","type":"effect-fly-in","flyInDir":"topToBottom","duration":600,"delay":0,"targets":["97d8fa48-b224-4cba-a2ee-684970c10042"]}],"id":"a4835228-979a-4311-9e43-dd2dbd63ca86","pageAttachment":{"url":"https:\/\/carro.blog.br\/comparativo\/volkswagen-tera-2026-ou-nissan-kait-2026-comparativo-revela-qual-suv-entrega-mais-por-menos.html?tipo=amp","icon":"","needsProxy":false,"theme":"light","ctaText":"Arraste Para Cima"},"defaultBackgroundElement":{"opacity":100,"flip":{"vertical":false,"horizontal":false},"rotationAngle":0,"lockAspectRatio":true,"backgroundColor":{"color":{"r":196,"g":196,"b":196}},"x":1,"y":1,"width":1,"height":1,"mask":{"type":"rectangle"},"isBackground":true,"isDefaultBackground":true,"id":"4fdbe143-0fc4-42fe-adcb-6e080723c583","type":"shape"},"image":{"id":180,"height":1200,"width":800,"url":"https:\/\/carro.blog.br\/comparativo\/wp-content\/uploads\/2025\/12\/web-stories-page-template-179.webp","needsProxy":false,"isExternal":false}},{"elements":[{"opacity":100,"flip":{"vertical":false,"horizontal":false},"rotationAngle":0,"lockAspectRatio":true,"scale":100,"focalX":50,"focalY":50,"resource":{"type":"image","mimeType":"image\/jpeg","width":1834,"height":1188,"sizes":{"medium":{"file":"alan-correa-2025-12-03-as-16.55.11-400x259.webp","width":400,"height":259,"filesize":12668,"sources":{"image\/webp":{"file":"alan-correa-2025-12-03-as-16.55.11-400x259.webp","filesize":12668,"sourceUrl":"https:\/\/carro.blog.br\/comparativo\/wp-content\/uploads\/2025\/12\/alan-correa-2025-12-03-as-16.55.11-400x259.webp"}},"mimeType":"image\/webp","sourceUrl":"https:\/\/carro.blog.br\/comparativo\/wp-content\/uploads\/2025\/12\/alan-correa-2025-12-03-as-16.55.11-400x259.webp"},"large":{"file":"alan-correa-2025-12-03-as-16.55.11-1800x1166.webp","width":1800,"height":1166,"filesize":67736,"sources":{"image\/webp":{"file":"alan-correa-2025-12-03-as-16.55.11-1800x1166.webp","filesize":67736,"sourceUrl":"https:\/\/carro.blog.br\/comparativo\/wp-content\/uploads\/2025\/12\/alan-correa-2025-12-03-as-16.55.11-1800x1166.webp"}},"mimeType":"image\/webp","sourceUrl":"https:\/\/carro.blog.br\/comparativo\/wp-content\/uploads\/2025\/12\/alan-correa-2025-12-03-as-16.55.11-1800x1166.webp"},"thumbnail":{"file":"alan-correa-2025-12-03-as-16.55.11-900x583.webp","width":900,"height":583,"filesize":32840,"sources":{"image\/webp":{"file":"alan-correa-2025-12-03-as-16.55.11-900x583.webp","filesize":32840,"sourceUrl":"https:\/\/carro.blog.br\/comparativo\/wp-content\/uploads\/2025\/12\/alan-correa-2025-12-03-as-16.55.11-900x583.webp"}},"mimeType":"image\/webp","sourceUrl":"https:\/\/carro.blog.br\/comparativo\/wp-content\/uploads\/2025\/12\/alan-correa-2025-12-03-as-16.55.11-900x583.webp"},"medium_large":{"file":"alan-correa-2025-12-03-as-16.55.11-768x497.webp","width":768,"height":497,"filesize":27590,"sources":{"image\/webp":{"file":"alan-correa-2025-12-03-as-16.55.11-768x497.webp","filesize":27590,"sourceUrl":"https:\/\/carro.blog.br\/comparativo\/wp-content\/uploads\/2025\/12\/alan-correa-2025-12-03-as-16.55.11-768x497.webp"}},"mimeType":"image\/webp","sourceUrl":"https:\/\/carro.blog.br\/comparativo\/wp-content\/uploads\/2025\/12\/alan-correa-2025-12-03-as-16.55.11-768x497.webp"},"1536x1536":{"file":"alan-correa-2025-12-03-as-16.55.11-1536x995.webp","width":1536,"height":995,"filesize":59402,"mimeType":"image\/webp","sourceUrl":"https:\/\/carro.blog.br\/comparativo\/wp-content\/uploads\/2025\/12\/alan-correa-2025-12-03-as-16.55.11-1536x995.webp"},"web-stories-poster-portrait":{"file":"alan-correa-2025-12-03-as-16.55.11-640x853.webp","width":640,"height":853,"filesize":24424,"mimeType":"image\/webp","sourceUrl":"https:\/\/carro.blog.br\/comparativo\/wp-content\/uploads\/2025\/12\/alan-correa-2025-12-03-as-16.55.11-640x853.webp"},"web-stories-publisher-logo":{"file":"alan-correa-2025-12-03-as-16.55.11-96x96.webp","width":96,"height":96,"filesize":1800,"mimeType":"image\/webp","sourceUrl":"https:\/\/carro.blog.br\/comparativo\/wp-content\/uploads\/2025\/12\/alan-correa-2025-12-03-as-16.55.11-96x96.webp"},"web-stories-thumbnail":{"file":"alan-correa-2025-12-03-as-16.55.11-150x97.webp","width":150,"height":97,"filesize":3080,"mimeType":"image\/webp","sourceUrl":"https:\/\/carro.blog.br\/comparativo\/wp-content\/uploads\/2025\/12\/alan-correa-2025-12-03-as-16.55.11-150x97.webp"},"full":{"file":"alan-correa-2025-12-03-as-16.55.11.webp","width":1834,"height":1188,"mimeType":"image\/jpeg","sourceUrl":"https:\/\/carro.blog.br\/comparativo\/wp-content\/uploads\/2025\/12\/alan-correa-2025-12-03-as-16.55.11.webp","sources":{"image\/webp":{"file":"alan-correa-2025-12-03-as-16.55.11.webp","filesize":75190,"sourceUrl":"https:\/\/carro.blog.br\/comparativo\/wp-content\/uploads\/2025\/12\/alan-correa-2025-12-03-as-16.55.11.webp"}}}},"isPlaceholder":false,"isExternal":false,"needsProxy":false,"baseColor":null,"blurHash":"U~LpQZ~LV@Ibt3ayRnkCahahaxocayf7j[fR","creationDate":"2025-12-03T19:55:47","src":"https:\/\/carro.blog.br\/comparativo\/wp-content\/uploads\/2025\/12\/alan-correa-2025-12-03-as-16.55.11.webp","id":170,"alt":"alan-correa- 2025-12-03 a\u0300s 16.55.11","local":false,"provider":"local"},"controls":false,"loop":true,"autoPlay":true,"volume":1,"tracks":[],"backgroundColor":{"color":{"r":196,"g":196,"b":196}},"x":-32,"y":-86,"width":479,"height":790,"mask":{"type":"rectangle"},"isBackground":true,"id":"f65526a2-331f-4951-b1d8-cdf6f639a69f","overlay":{"type":"radial","size":{"w":0.67000000000000003996802888650563545525074005126953125,"h":0.67000000000000003996802888650563545525074005126953125},"stops":[{"color":{"r":0,"g":0,"b":0,"a":0},"position":0},{"color":{"r":0,"g":0,"b":0,"a":1},"position":1}],"alpha":0.6999999999999999555910790149937383830547332763671875},"type":"image"},{"opacity":100,"flip":{"vertical":false,"horizontal":false},"rotationAngle":0,"lockAspectRatio":true,"backgroundTextMode":"HIGHLIGHT","font":{"family":"Merriweather"},"fontSize":20,"backgroundColor":{"color":{"r":255,"g":255,"b":255}},"lineHeight":1.3000000000000000444089209850062616169452667236328125,"textAlign":"left","padding":{"locked":true,"hasHiddenPadding":true,"horizontal":8,"vertical":4},"content":"<span style=\"font-weight: 700; color: #2d5897\">O Kait cresce na estrada com 4,30 m de comprimento, cabine larga e porta malas de 432 litros, entregando conforto imediato para fam\u00edlias e viagens longas.<\/span>","x":48,"y":190,"width":315,"height":204,"basedOn":"02fa0e27-95ee-4d9c-b2ff-92afda5f2b9f","id":"d10e6d5d-9d3a-4845-a92a-7f5bb28a789b","borderRadius":{"topLeft":0,"topRight":0,"bottomRight":0,"bottomLeft":0,"locked":true},"type":"text"},{"opacity":100,"flip":{"vertical":false,"horizontal":false},"rotationAngle":0,"lockAspectRatio":false,"scale":100,"focalX":50,"focalY":50,"resource":{"type":"image","mimeType":"image\/png","width":1500,"height":350,"sizes":{"medium":{"file":"logo-webstories-350x82.webp","width":350,"height":82,"filesize":3220,"sources":{"image\/webp":{"file":"logo-webstories-350x82.webp","filesize":3220,"sourceUrl":"https:\/\/carro.blog.br\/wp-content\/uploads\/2025\/03\/logo-webstories-350x82.webp"}},"mimeType":"image\/webp","sourceUrl":"https:\/\/carro.blog.br\/wp-content\/uploads\/2025\/03\/logo-webstories-350x82.webp"},"thumbnail":{"file":"logo-webstories-900x210.webp","width":900,"height":210,"filesize":9158,"sources":{"image\/webp":{"file":"logo-webstories-900x210.webp","filesize":9158,"sourceUrl":"https:\/\/carro.blog.br\/wp-content\/uploads\/2025\/03\/logo-webstories-900x210.webp"}},"mimeType":"image\/webp","sourceUrl":"https:\/\/carro.blog.br\/wp-content\/uploads\/2025\/03\/logo-webstories-900x210.webp"},"medium_large":{"file":"logo-webstories-768x179.webp","width":768,"height":179,"filesize":7634,"sources":{"image\/webp":{"file":"logo-webstories-768x179.webp","filesize":7634,"sourceUrl":"https:\/\/carro.blog.br\/wp-content\/uploads\/2025\/03\/logo-webstories-768x179.webp"}},"mimeType":"image\/webp","sourceUrl":"https:\/\/carro.blog.br\/wp-content\/uploads\/2025\/03\/logo-webstories-768x179.webp"},"web-stories-poster-portrait":{"file":"logo-webstories-640x350.webp","width":640,"height":350,"filesize":7132,"mimeType":"image\/webp","sourceUrl":"https:\/\/carro.blog.br\/wp-content\/uploads\/2025\/03\/logo-webstories-640x350.webp"},"web-stories-publisher-logo":{"file":"logo-webstories-96x96.webp","width":96,"height":96,"filesize":1230,"mimeType":"image\/webp","sourceUrl":"https:\/\/carro.blog.br\/wp-content\/uploads\/2025\/03\/logo-webstories-96x96.webp"},"web-stories-thumbnail":{"file":"logo-webstories-150x35.webp","width":150,"height":35,"filesize":1360,"mimeType":"image\/webp","sourceUrl":"https:\/\/carro.blog.br\/wp-content\/uploads\/2025\/03\/logo-webstories-150x35.webp"},"full":{"file":"logo-webstories-png.webp","width":1500,"height":350,"mimeType":"image\/png","sourceUrl":"https:\/\/carro.blog.br\/wp-content\/uploads\/2025\/03\/logo-webstories-png.webp","sources":{"image\/webp":{"file":"logo-webstories-png.webp","filesize":17298,"sourceUrl":"https:\/\/carro.blog.br\/wp-content\/uploads\/2025\/03\/logo-webstories-png.webp"}}}},"isPlaceholder":false,"isExternal":false,"needsProxy":false,"baseColor":"#567299","blurHash":"UDAw9+}*m%tRs.oej[WX005ZpKM{NHR+ays,","creationDate":"2025-03-09T18:04:13","src":"https:\/\/carro.blog.br\/wp-content\/uploads\/2025\/03\/logo-webstories-png.webp","id":86727,"alt":"logo-webstories","local":false},"x":24,"y":-25,"width":363,"height":77,"mask":{"type":"rectangle","showInLibrary":true,"name":"Ret\u00e2ngulo","path":"M 0,0 1,0 1,1 0,1 0,0 Z","ratio":1,"supportsBorder":true},"id":"fab0bb5c-249d-42be-8ff5-823c8bfc230b","type":"image"}],"backgroundColor":{"color":{"r":255,"g":255,"b":255}},"animations":[{"id":"0a3a1d3a-6ce5-45aa-a102-18d22e8fad11","type":"effect-background-zoom","zoomDirection":"scaleOut","duration":100,"delay":0,"targets":["f65526a2-331f-4951-b1d8-cdf6f639a69f"]},{"id":"bb9ff216-8cda-4faf-8cdc-44d5af4a71b1","type":"effect-fly-in","flyInDir":"leftToRight","duration":600,"delay":0,"targets":["d10e6d5d-9d3a-4845-a92a-7f5bb28a789b"]},{"id":"f4c8b2fb-a46d-49b2-9d69-18176af795ee","type":"effect-fly-in","flyInDir":"topToBottom","duration":600,"delay":0,"targets":["fab0bb5c-249d-42be-8ff5-823c8bfc230b"]}],"id":"6638c8e5-f7e4-48b9-8c8a-a9687250aaa7","pageAttachment":{"url":"https:\/\/carro.blog.br\/comparativo\/volkswagen-tera-2026-ou-nissan-kait-2026-comparativo-revela-qual-suv-entrega-mais-por-menos.html?tipo=amp","icon":"","needsProxy":false,"theme":"light","ctaText":"Arraste Para Cima"},"defaultBackgroundElement":{"opacity":100,"flip":{"vertical":false,"horizontal":false},"rotationAngle":0,"lockAspectRatio":true,"backgroundColor":{"color":{"r":196,"g":196,"b":196}},"x":1,"y":1,"width":1,"height":1,"mask":{"type":"rectangle"},"isBackground":true,"isDefaultBackground":true,"id":"4fdbe143-0fc4-42fe-adcb-6e080723c583","type":"shape"},"image":{"id":180,"height":1200,"width":800,"url":"https:\/\/carro.blog.br\/comparativo\/wp-content\/uploads\/2025\/12\/web-stories-page-template-179.webp","needsProxy":false,"isExternal":false}},{"elements":[{"opacity":100,"flip":{"vertical":false,"horizontal":false},"rotationAngle":0,"lockAspectRatio":true,"scale":100,"focalX":50,"focalY":50,"resource":{"type":"image","mimeType":"image\/jpeg","width":1834,"height":1188,"sizes":{"medium":{"file":"alan-correa-2025-12-03-as-16.55.11-400x259.webp","width":400,"height":259,"filesize":12668,"sources":{"image\/webp":{"file":"alan-correa-2025-12-03-as-16.55.11-400x259.webp","filesize":12668,"sourceUrl":"https:\/\/carro.blog.br\/comparativo\/wp-content\/uploads\/2025\/12\/alan-correa-2025-12-03-as-16.55.11-400x259.webp"}},"mimeType":"image\/webp","sourceUrl":"https:\/\/carro.blog.br\/comparativo\/wp-content\/uploads\/2025\/12\/alan-correa-2025-12-03-as-16.55.11-400x259.webp"},"large":{"file":"alan-correa-2025-12-03-as-16.55.11-1800x1166.webp","width":1800,"height":1166,"filesize":67736,"sources":{"image\/webp":{"file":"alan-correa-2025-12-03-as-16.55.11-1800x1166.webp","filesize":67736,"sourceUrl":"https:\/\/carro.blog.br\/comparativo\/wp-content\/uploads\/2025\/12\/alan-correa-2025-12-03-as-16.55.11-1800x1166.webp"}},"mimeType":"image\/webp","sourceUrl":"https:\/\/carro.blog.br\/comparativo\/wp-content\/uploads\/2025\/12\/alan-correa-2025-12-03-as-16.55.11-1800x1166.webp"},"thumbnail":{"file":"alan-correa-2025-12-03-as-16.55.11-900x583.webp","width":900,"height":583,"filesize":32840,"sources":{"image\/webp":{"file":"alan-correa-2025-12-03-as-16.55.11-900x583.webp","filesize":32840,"sourceUrl":"https:\/\/carro.blog.br\/comparativo\/wp-content\/uploads\/2025\/12\/alan-correa-2025-12-03-as-16.55.11-900x583.webp"}},"mimeType":"image\/webp","sourceUrl":"https:\/\/carro.blog.br\/comparativo\/wp-content\/uploads\/2025\/12\/alan-correa-2025-12-03-as-16.55.11-900x583.webp"},"medium_large":{"file":"alan-correa-2025-12-03-as-16.55.11-768x497.webp","width":768,"height":497,"filesize":27590,"sources":{"image\/webp":{"file":"alan-correa-2025-12-03-as-16.55.11-768x497.webp","filesize":27590,"sourceUrl":"https:\/\/carro.blog.br\/comparativo\/wp-content\/uploads\/2025\/12\/alan-correa-2025-12-03-as-16.55.11-768x497.webp"}},"mimeType":"image\/webp","sourceUrl":"https:\/\/carro.blog.br\/comparativo\/wp-content\/uploads\/2025\/12\/alan-correa-2025-12-03-as-16.55.11-768x497.webp"},"1536x1536":{"file":"alan-correa-2025-12-03-as-16.55.11-1536x995.webp","width":1536,"height":995,"filesize":59402,"mimeType":"image\/webp","sourceUrl":"https:\/\/carro.blog.br\/comparativo\/wp-content\/uploads\/2025\/12\/alan-correa-2025-12-03-as-16.55.11-1536x995.webp"},"web-stories-poster-portrait":{"file":"alan-correa-2025-12-03-as-16.55.11-640x853.webp","width":640,"height":853,"filesize":24424,"mimeType":"image\/webp","sourceUrl":"https:\/\/carro.blog.br\/comparativo\/wp-content\/uploads\/2025\/12\/alan-correa-2025-12-03-as-16.55.11-640x853.webp"},"web-stories-publisher-logo":{"file":"alan-correa-2025-12-03-as-16.55.11-96x96.webp","width":96,"height":96,"filesize":1800,"mimeType":"image\/webp","sourceUrl":"https:\/\/carro.blog.br\/comparativo\/wp-content\/uploads\/2025\/12\/alan-correa-2025-12-03-as-16.55.11-96x96.webp"},"web-stories-thumbnail":{"file":"alan-correa-2025-12-03-as-16.55.11-150x97.webp","width":150,"height":97,"filesize":3080,"mimeType":"image\/webp","sourceUrl":"https:\/\/carro.blog.br\/comparativo\/wp-content\/uploads\/2025\/12\/alan-correa-2025-12-03-as-16.55.11-150x97.webp"},"full":{"file":"alan-correa-2025-12-03-as-16.55.11.webp","width":1834,"height":1188,"mimeType":"image\/jpeg","sourceUrl":"https:\/\/carro.blog.br\/comparativo\/wp-content\/uploads\/2025\/12\/alan-correa-2025-12-03-as-16.55.11.webp","sources":{"image\/webp":{"file":"alan-correa-2025-12-03-as-16.55.11.webp","filesize":75190,"sourceUrl":"https:\/\/carro.blog.br\/comparativo\/wp-content\/uploads\/2025\/12\/alan-correa-2025-12-03-as-16.55.11.webp"}}}},"isPlaceholder":false,"isExternal":false,"needsProxy":false,"baseColor":null,"blurHash":"U~LpQZ~LV@Ibt3ayRnkCahahaxocayf7j[fR","creationDate":"2025-12-03T19:55:47","src":"https:\/\/carro.blog.br\/comparativo\/wp-content\/uploads\/2025\/12\/alan-correa-2025-12-03-as-16.55.11.webp","id":170,"alt":"alan-correa- 2025-12-03 a\u0300s 16.55.11","local":false,"provider":"local"},"controls":false,"loop":true,"autoPlay":true,"volume":1,"tracks":[],"backgroundColor":{"color":{"r":196,"g":196,"b":196}},"x":-32,"y":-86,"width":479,"height":790,"mask":{"type":"rectangle"},"isBackground":true,"id":"4159c001-591e-4aeb-bd92-614a8577f31f","overlay":{"type":"radial","size":{"w":0.67000000000000003996802888650563545525074005126953125,"h":0.67000000000000003996802888650563545525074005126953125},"stops":[{"color":{"r":0,"g":0,"b":0,"a":0},"position":0},{"color":{"r":0,"g":0,"b":0,"a":1},"position":1}],"alpha":0.6999999999999999555910790149937383830547332763671875},"type":"image"},{"opacity":100,"flip":{"vertical":false,"horizontal":false},"rotationAngle":0,"lockAspectRatio":true,"backgroundTextMode":"HIGHLIGHT","font":{"family":"Merriweather"},"fontSize":20,"backgroundColor":{"color":{"r":255,"g":255,"b":255}},"lineHeight":1.3000000000000000444089209850062616169452667236328125,"textAlign":"left","padding":{"locked":true,"hasHiddenPadding":true,"horizontal":8,"vertical":4},"content":"<span style=\"font-weight: 700; color: #2d5897\">O Tera corta o tr\u00e2nsito com leveza, 4,147 m de comprimento e motor 1.0 TSI de at\u00e9 116 cv e 16,8 kgfm, garantindo respostas r\u00e1pidas e melhor custo por quil\u00f4metro.<\/span>","x":48,"y":190,"width":315,"height":237,"basedOn":"02fa0e27-95ee-4d9c-b2ff-92afda5f2b9f","id":"a4501d8c-95a8-4a67-bcae-e60fcdf58037","borderRadius":{"topLeft":0,"topRight":0,"bottomRight":0,"bottomLeft":0,"locked":true},"type":"text"},{"opacity":100,"flip":{"vertical":false,"horizontal":false},"rotationAngle":0,"lockAspectRatio":false,"scale":100,"focalX":50,"focalY":50,"resource":{"type":"image","mimeType":"image\/png","width":1500,"height":350,"sizes":{"medium":{"file":"logo-webstories-350x82.webp","width":350,"height":82,"filesize":3220,"sources":{"image\/webp":{"file":"logo-webstories-350x82.webp","filesize":3220,"sourceUrl":"https:\/\/carro.blog.br\/wp-content\/uploads\/2025\/03\/logo-webstories-350x82.webp"}},"mimeType":"image\/webp","sourceUrl":"https:\/\/carro.blog.br\/wp-content\/uploads\/2025\/03\/logo-webstories-350x82.webp"},"thumbnail":{"file":"logo-webstories-900x210.webp","width":900,"height":210,"filesize":9158,"sources":{"image\/webp":{"file":"logo-webstories-900x210.webp","filesize":9158,"sourceUrl":"https:\/\/carro.blog.br\/wp-content\/uploads\/2025\/03\/logo-webstories-900x210.webp"}},"mimeType":"image\/webp","sourceUrl":"https:\/\/carro.blog.br\/wp-content\/uploads\/2025\/03\/logo-webstories-900x210.webp"},"medium_large":{"file":"logo-webstories-768x179.webp","width":768,"height":179,"filesize":7634,"sources":{"image\/webp":{"file":"logo-webstories-768x179.webp","filesize":7634,"sourceUrl":"https:\/\/carro.blog.br\/wp-content\/uploads\/2025\/03\/logo-webstories-768x179.webp"}},"mimeType":"image\/webp","sourceUrl":"https:\/\/carro.blog.br\/wp-content\/uploads\/2025\/03\/logo-webstories-768x179.webp"},"web-stories-poster-portrait":{"file":"logo-webstories-640x350.webp","width":640,"height":350,"filesize":7132,"mimeType":"image\/webp","sourceUrl":"https:\/\/carro.blog.br\/wp-content\/uploads\/2025\/03\/logo-webstories-640x350.webp"},"web-stories-publisher-logo":{"file":"logo-webstories-96x96.webp","width":96,"height":96,"filesize":1230,"mimeType":"image\/webp","sourceUrl":"https:\/\/carro.blog.br\/wp-content\/uploads\/2025\/03\/logo-webstories-96x96.webp"},"web-stories-thumbnail":{"file":"logo-webstories-150x35.webp","width":150,"height":35,"filesize":1360,"mimeType":"image\/webp","sourceUrl":"https:\/\/carro.blog.br\/wp-content\/uploads\/2025\/03\/logo-webstories-150x35.webp"},"full":{"file":"logo-webstories-png.webp","width":1500,"height":350,"mimeType":"image\/png","sourceUrl":"https:\/\/carro.blog.br\/wp-content\/uploads\/2025\/03\/logo-webstories-png.webp","sources":{"image\/webp":{"file":"logo-webstories-png.webp","filesize":17298,"sourceUrl":"https:\/\/carro.blog.br\/wp-content\/uploads\/2025\/03\/logo-webstories-png.webp"}}}},"isPlaceholder":false,"isExternal":false,"needsProxy":false,"baseColor":"#567299","blurHash":"UDAw9+}*m%tRs.oej[WX005ZpKM{NHR+ays,","creationDate":"2025-03-09T18:04:13","src":"https:\/\/carro.blog.br\/wp-content\/uploads\/2025\/03\/logo-webstories-png.webp","id":86727,"alt":"logo-webstories","local":false},"x":24,"y":-25,"width":363,"height":77,"mask":{"type":"rectangle","showInLibrary":true,"name":"Ret\u00e2ngulo","path":"M 0,0 1,0 1,1 0,1 0,0 Z","ratio":1,"supportsBorder":true},"id":"6a4f3fba-15fa-4503-9b20-803cb312a5a8","type":"image"}],"backgroundColor":{"color":{"r":255,"g":255,"b":255}},"animations":[{"id":"1eaad3b8-6dee-47b3-ba78-e04b0be767f2","type":"effect-background-zoom","zoomDirection":"scaleOut","duration":100,"delay":0,"targets":["4159c001-591e-4aeb-bd92-614a8577f31f"]},{"id":"bdd2c139-c92a-4618-8eae-b68898a6b499","type":"effect-fly-in","flyInDir":"leftToRight","duration":600,"delay":0,"targets":["a4501d8c-95a8-4a67-bcae-e60fcdf58037"]},{"id":"4427b75a-fa29-4dfa-868a-c29a3e3b2157","type":"effect-fly-in","flyInDir":"topToBottom","duration":600,"delay":0,"targets":["6a4f3fba-15fa-4503-9b20-803cb312a5a8"]}],"id":"14a29ab0-3795-4120-9f72-e46719c5243d","pageAttachment":{"url":"https:\/\/carro.blog.br\/comparativo\/volkswagen-tera-2026-ou-nissan-kait-2026-comparativo-revela-qual-suv-entrega-mais-por-menos.html?tipo=amp","icon":"","needsProxy":false,"theme":"light","ctaText":"Arraste Para Cima"},"defaultBackgroundElement":{"opacity":100,"flip":{"vertical":false,"horizontal":false},"rotationAngle":0,"lockAspectRatio":true,"backgroundColor":{"color":{"r":196,"g":196,"b":196}},"x":1,"y":1,"width":1,"height":1,"mask":{"type":"rectangle"},"isBackground":true,"isDefaultBackground":true,"id":"4fdbe143-0fc4-42fe-adcb-6e080723c583","type":"shape"},"image":{"id":180,"height":1200,"width":800,"url":"https:\/\/carro.blog.br\/comparativo\/wp-content\/uploads\/2025\/12\/web-stories-page-template-179.webp","needsProxy":false,"isExternal":false}},{"elements":[{"opacity":100,"flip":{"vertical":false,"horizontal":false},"rotationAngle":0,"lockAspectRatio":true,"scale":100,"focalX":50,"focalY":50,"resource":{"type":"image","mimeType":"image\/jpeg","width":1834,"height":1188,"sizes":{"medium":{"file":"alan-correa-2025-12-03-as-16.55.11-400x259.webp","width":400,"height":259,"filesize":12668,"sources":{"image\/webp":{"file":"alan-correa-2025-12-03-as-16.55.11-400x259.webp","filesize":12668,"sourceUrl":"https:\/\/carro.blog.br\/comparativo\/wp-content\/uploads\/2025\/12\/alan-correa-2025-12-03-as-16.55.11-400x259.webp"}},"mimeType":"image\/webp","sourceUrl":"https:\/\/carro.blog.br\/comparativo\/wp-content\/uploads\/2025\/12\/alan-correa-2025-12-03-as-16.55.11-400x259.webp"},"large":{"file":"alan-correa-2025-12-03-as-16.55.11-1800x1166.webp","width":1800,"height":1166,"filesize":67736,"sources":{"image\/webp":{"file":"alan-correa-2025-12-03-as-16.55.11-1800x1166.webp","filesize":67736,"sourceUrl":"https:\/\/carro.blog.br\/comparativo\/wp-content\/uploads\/2025\/12\/alan-correa-2025-12-03-as-16.55.11-1800x1166.webp"}},"mimeType":"image\/webp","sourceUrl":"https:\/\/carro.blog.br\/comparativo\/wp-content\/uploads\/2025\/12\/alan-correa-2025-12-03-as-16.55.11-1800x1166.webp"},"thumbnail":{"file":"alan-correa-2025-12-03-as-16.55.11-900x583.webp","width":900,"height":583,"filesize":32840,"sources":{"image\/webp":{"file":"alan-correa-2025-12-03-as-16.55.11-900x583.webp","filesize":32840,"sourceUrl":"https:\/\/carro.blog.br\/comparativo\/wp-content\/uploads\/2025\/12\/alan-correa-2025-12-03-as-16.55.11-900x583.webp"}},"mimeType":"image\/webp","sourceUrl":"https:\/\/carro.blog.br\/comparativo\/wp-content\/uploads\/2025\/12\/alan-correa-2025-12-03-as-16.55.11-900x583.webp"},"medium_large":{"file":"alan-correa-2025-12-03-as-16.55.11-768x497.webp","width":768,"height":497,"filesize":27590,"sources":{"image\/webp":{"file":"alan-correa-2025-12-03-as-16.55.11-768x497.webp","filesize":27590,"sourceUrl":"https:\/\/carro.blog.br\/comparativo\/wp-content\/uploads\/2025\/12\/alan-correa-2025-12-03-as-16.55.11-768x497.webp"}},"mimeType":"image\/webp","sourceUrl":"https:\/\/carro.blog.br\/comparativo\/wp-content\/uploads\/2025\/12\/alan-correa-2025-12-03-as-16.55.11-768x497.webp"},"1536x1536":{"file":"alan-correa-2025-12-03-as-16.55.11-1536x995.webp","width":1536,"height":995,"filesize":59402,"mimeType":"image\/webp","sourceUrl":"https:\/\/carro.blog.br\/comparativo\/wp-content\/uploads\/2025\/12\/alan-correa-2025-12-03-as-16.55.11-1536x995.webp"},"web-stories-poster-portrait":{"file":"alan-correa-2025-12-03-as-16.55.11-640x853.webp","width":640,"height":853,"filesize":24424,"mimeType":"image\/webp","sourceUrl":"https:\/\/carro.blog.br\/comparativo\/wp-content\/uploads\/2025\/12\/alan-correa-2025-12-03-as-16.55.11-640x853.webp"},"web-stories-publisher-logo":{"file":"alan-correa-2025-12-03-as-16.55.11-96x96.webp","width":96,"height":96,"filesize":1800,"mimeType":"image\/webp","sourceUrl":"https:\/\/carro.blog.br\/comparativo\/wp-content\/uploads\/2025\/12\/alan-correa-2025-12-03-as-16.55.11-96x96.webp"},"web-stories-thumbnail":{"file":"alan-correa-2025-12-03-as-16.55.11-150x97.webp","width":150,"height":97,"filesize":3080,"mimeType":"image\/webp","sourceUrl":"https:\/\/carro.blog.br\/comparativo\/wp-content\/uploads\/2025\/12\/alan-correa-2025-12-03-as-16.55.11-150x97.webp"},"full":{"file":"alan-correa-2025-12-03-as-16.55.11.webp","width":1834,"height":1188,"mimeType":"image\/jpeg","sourceUrl":"https:\/\/carro.blog.br\/comparativo\/wp-content\/uploads\/2025\/12\/alan-correa-2025-12-03-as-16.55.11.webp","sources":{"image\/webp":{"file":"alan-correa-2025-12-03-as-16.55.11.webp","filesize":75190,"sourceUrl":"https:\/\/carro.blog.br\/comparativo\/wp-content\/uploads\/2025\/12\/alan-correa-2025-12-03-as-16.55.11.webp"}}}},"isPlaceholder":false,"isExternal":false,"needsProxy":false,"baseColor":null,"blurHash":"U~LpQZ~LV@Ibt3ayRnkCahahaxocayf7j[fR","creationDate":"2025-12-03T19:55:47","src":"https:\/\/carro.blog.br\/comparativo\/wp-content\/uploads\/2025\/12\/alan-correa-2025-12-03-as-16.55.11.webp","id":170,"alt":"alan-correa- 2025-12-03 a\u0300s 16.55.11","local":false,"provider":"local"},"controls":false,"loop":true,"autoPlay":true,"volume":1,"tracks":[],"backgroundColor":{"color":{"r":196,"g":196,"b":196}},"x":-32,"y":-86,"width":479,"height":790,"mask":{"type":"rectangle"},"isBackground":true,"id":"c997599f-7aac-473f-877c-c2e2ba19cf9a","overlay":{"type":"radial","size":{"w":0.67000000000000003996802888650563545525074005126953125,"h":0.67000000000000003996802888650563545525074005126953125},"stops":[{"color":{"r":0,"g":0,"b":0,"a":0},"position":0},{"color":{"r":0,"g":0,"b":0,"a":1},"position":1}],"alpha":0.6999999999999999555910790149937383830547332763671875},"type":"image"},{"opacity":100,"flip":{"vertical":false,"horizontal":false},"rotationAngle":0,"lockAspectRatio":true,"backgroundTextMode":"HIGHLIGHT","font":{"family":"Merriweather"},"fontSize":20,"backgroundColor":{"color":{"r":255,"g":255,"b":255}},"lineHeight":1.3000000000000000444089209850062616169452667236328125,"textAlign":"left","padding":{"locked":true,"hasHiddenPadding":true,"horizontal":8,"vertical":4},"content":"<span style=\"font-weight: 700; color: #2d5897\">No interior, o Kait prioriza suavidade e espa\u00e7o com entre eixos de cerca de 2,62 m. O Tera responde com ergonomia correta e posi\u00e7\u00e3o de dirigir precisa no uso di\u00e1rio.<\/span>","x":48,"y":190,"width":315,"height":237,"basedOn":"02fa0e27-95ee-4d9c-b2ff-92afda5f2b9f","id":"3f52083d-427f-4d20-bf8e-584d68308623","borderRadius":{"topLeft":0,"topRight":0,"bottomRight":0,"bottomLeft":0,"locked":true},"type":"text"},{"opacity":100,"flip":{"vertical":false,"horizontal":false},"rotationAngle":0,"lockAspectRatio":false,"scale":100,"focalX":50,"focalY":50,"resource":{"type":"image","mimeType":"image\/png","width":1500,"height":350,"sizes":{"medium":{"file":"logo-webstories-350x82.webp","width":350,"height":82,"filesize":3220,"sources":{"image\/webp":{"file":"logo-webstories-350x82.webp","filesize":3220,"sourceUrl":"https:\/\/carro.blog.br\/wp-content\/uploads\/2025\/03\/logo-webstories-350x82.webp"}},"mimeType":"image\/webp","sourceUrl":"https:\/\/carro.blog.br\/wp-content\/uploads\/2025\/03\/logo-webstories-350x82.webp"},"thumbnail":{"file":"logo-webstories-900x210.webp","width":900,"height":210,"filesize":9158,"sources":{"image\/webp":{"file":"logo-webstories-900x210.webp","filesize":9158,"sourceUrl":"https:\/\/carro.blog.br\/wp-content\/uploads\/2025\/03\/logo-webstories-900x210.webp"}},"mimeType":"image\/webp","sourceUrl":"https:\/\/carro.blog.br\/wp-content\/uploads\/2025\/03\/logo-webstories-900x210.webp"},"medium_large":{"file":"logo-webstories-768x179.webp","width":768,"height":179,"filesize":7634,"sources":{"image\/webp":{"file":"logo-webstories-768x179.webp","filesize":7634,"sourceUrl":"https:\/\/carro.blog.br\/wp-content\/uploads\/2025\/03\/logo-webstories-768x179.webp"}},"mimeType":"image\/webp","sourceUrl":"https:\/\/carro.blog.br\/wp-content\/uploads\/2025\/03\/logo-webstories-768x179.webp"},"web-stories-poster-portrait":{"file":"logo-webstories-640x350.webp","width":640,"height":350,"filesize":7132,"mimeType":"image\/webp","sourceUrl":"https:\/\/carro.blog.br\/wp-content\/uploads\/2025\/03\/logo-webstories-640x350.webp"},"web-stories-publisher-logo":{"file":"logo-webstories-96x96.webp","width":96,"height":96,"filesize":1230,"mimeType":"image\/webp","sourceUrl":"https:\/\/carro.blog.br\/wp-content\/uploads\/2025\/03\/logo-webstories-96x96.webp"},"web-stories-thumbnail":{"file":"logo-webstories-150x35.webp","width":150,"height":35,"filesize":1360,"mimeType":"image\/webp","sourceUrl":"https:\/\/carro.blog.br\/wp-content\/uploads\/2025\/03\/logo-webstories-150x35.webp"},"full":{"file":"logo-webstories-png.webp","width":1500,"height":350,"mimeType":"image\/png","sourceUrl":"https:\/\/carro.blog.br\/wp-content\/uploads\/2025\/03\/logo-webstories-png.webp","sources":{"image\/webp":{"file":"logo-webstories-png.webp","filesize":17298,"sourceUrl":"https:\/\/carro.blog.br\/wp-content\/uploads\/2025\/03\/logo-webstories-png.webp"}}}},"isPlaceholder":false,"isExternal":false,"needsProxy":false,"baseColor":"#567299","blurHash":"UDAw9+}*m%tRs.oej[WX005ZpKM{NHR+ays,","creationDate":"2025-03-09T18:04:13","src":"https:\/\/carro.blog.br\/wp-content\/uploads\/2025\/03\/logo-webstories-png.webp","id":86727,"alt":"logo-webstories","local":false},"x":24,"y":-25,"width":363,"height":77,"mask":{"type":"rectangle","showInLibrary":true,"name":"Ret\u00e2ngulo","path":"M 0,0 1,0 1,1 0,1 0,0 Z","ratio":1,"supportsBorder":true},"id":"c75afa55-b011-4010-8cbe-34d2886885a3","type":"image"}],"backgroundColor":{"color":{"r":255,"g":255,"b":255}},"animations":[{"id":"dbcf8da4-2fb7-4b3a-b50a-8c512319e5ac","type":"effect-background-zoom","zoomDirection":"scaleOut","duration":100,"delay":0,"targets":["c997599f-7aac-473f-877c-c2e2ba19cf9a"]},{"id":"f798c303-b54f-4372-8eee-370392b18cd9","type":"effect-fly-in","flyInDir":"leftToRight","duration":600,"delay":0,"targets":["3f52083d-427f-4d20-bf8e-584d68308623"]},{"id":"2077e73c-0b9a-4ee6-8a03-15caec477421","type":"effect-fly-in","flyInDir":"topToBottom","duration":600,"delay":0,"targets":["c75afa55-b011-4010-8cbe-34d2886885a3"]}],"id":"a35ef85e-3a01-4705-832c-d7b70b2f5ee3","pageAttachment":{"url":"https:\/\/carro.blog.br\/comparativo\/volkswagen-tera-2026-ou-nissan-kait-2026-comparativo-revela-qual-suv-entrega-mais-por-menos.html?tipo=amp","icon":"","needsProxy":false,"theme":"light","ctaText":"Arraste Para Cima"},"defaultBackgroundElement":{"opacity":100,"flip":{"vertical":false,"horizontal":false},"rotationAngle":0,"lockAspectRatio":true,"backgroundColor":{"color":{"r":196,"g":196,"b":196}},"x":1,"y":1,"width":1,"height":1,"mask":{"type":"rectangle"},"isBackground":true,"isDefaultBackground":true,"id":"4fdbe143-0fc4-42fe-adcb-6e080723c583","type":"shape"},"image":{"id":180,"height":1200,"width":800,"url":"https:\/\/carro.blog.br\/comparativo\/wp-content\/uploads\/2025\/12\/web-stories-page-template-179.webp","needsProxy":false,"isExternal":false}},{"elements":[{"opacity":100,"flip":{"vertical":false,"horizontal":false},"rotationAngle":0,"lockAspectRatio":true,"scale":100,"focalX":50,"focalY":50,"resource":{"type":"image","mimeType":"image\/jpeg","width":1834,"height":1188,"sizes":{"medium":{"file":"alan-correa-2025-12-03-as-16.55.11-400x259.webp","width":400,"height":259,"filesize":12668,"sources":{"image\/webp":{"file":"alan-correa-2025-12-03-as-16.55.11-400x259.webp","filesize":12668,"sourceUrl":"https:\/\/carro.blog.br\/comparativo\/wp-content\/uploads\/2025\/12\/alan-correa-2025-12-03-as-16.55.11-400x259.webp"}},"mimeType":"image\/webp","sourceUrl":"https:\/\/carro.blog.br\/comparativo\/wp-content\/uploads\/2025\/12\/alan-correa-2025-12-03-as-16.55.11-400x259.webp"},"large":{"file":"alan-correa-2025-12-03-as-16.55.11-1800x1166.webp","width":1800,"height":1166,"filesize":67736,"sources":{"image\/webp":{"file":"alan-correa-2025-12-03-as-16.55.11-1800x1166.webp","filesize":67736,"sourceUrl":"https:\/\/carro.blog.br\/comparativo\/wp-content\/uploads\/2025\/12\/alan-correa-2025-12-03-as-16.55.11-1800x1166.webp"}},"mimeType":"image\/webp","sourceUrl":"https:\/\/carro.blog.br\/comparativo\/wp-content\/uploads\/2025\/12\/alan-correa-2025-12-03-as-16.55.11-1800x1166.webp"},"thumbnail":{"file":"alan-correa-2025-12-03-as-16.55.11-900x583.webp","width":900,"height":583,"filesize":32840,"sources":{"image\/webp":{"file":"alan-correa-2025-12-03-as-16.55.11-900x583.webp","filesize":32840,"sourceUrl":"https:\/\/carro.blog.br\/comparativo\/wp-content\/uploads\/2025\/12\/alan-correa-2025-12-03-as-16.55.11-900x583.webp"}},"mimeType":"image\/webp","sourceUrl":"https:\/\/carro.blog.br\/comparativo\/wp-content\/uploads\/2025\/12\/alan-correa-2025-12-03-as-16.55.11-900x583.webp"},"medium_large":{"file":"alan-correa-2025-12-03-as-16.55.11-768x497.webp","width":768,"height":497,"filesize":27590,"sources":{"image\/webp":{"file":"alan-correa-2025-12-03-as-16.55.11-768x497.webp","filesize":27590,"sourceUrl":"https:\/\/carro.blog.br\/comparativo\/wp-content\/uploads\/2025\/12\/alan-correa-2025-12-03-as-16.55.11-768x497.webp"}},"mimeType":"image\/webp","sourceUrl":"https:\/\/carro.blog.br\/comparativo\/wp-content\/uploads\/2025\/12\/alan-correa-2025-12-03-as-16.55.11-768x497.webp"},"1536x1536":{"file":"alan-correa-2025-12-03-as-16.55.11-1536x995.webp","width":1536,"height":995,"filesize":59402,"mimeType":"image\/webp","sourceUrl":"https:\/\/carro.blog.br\/comparativo\/wp-content\/uploads\/2025\/12\/alan-correa-2025-12-03-as-16.55.11-1536x995.webp"},"web-stories-poster-portrait":{"file":"alan-correa-2025-12-03-as-16.55.11-640x853.webp","width":640,"height":853,"filesize":24424,"mimeType":"image\/webp","sourceUrl":"https:\/\/carro.blog.br\/comparativo\/wp-content\/uploads\/2025\/12\/alan-correa-2025-12-03-as-16.55.11-640x853.webp"},"web-stories-publisher-logo":{"file":"alan-correa-2025-12-03-as-16.55.11-96x96.webp","width":96,"height":96,"filesize":1800,"mimeType":"image\/webp","sourceUrl":"https:\/\/carro.blog.br\/comparativo\/wp-content\/uploads\/2025\/12\/alan-correa-2025-12-03-as-16.55.11-96x96.webp"},"web-stories-thumbnail":{"file":"alan-correa-2025-12-03-as-16.55.11-150x97.webp","width":150,"height":97,"filesize":3080,"mimeType":"image\/webp","sourceUrl":"https:\/\/carro.blog.br\/comparativo\/wp-content\/uploads\/2025\/12\/alan-correa-2025-12-03-as-16.55.11-150x97.webp"},"full":{"file":"alan-correa-2025-12-03-as-16.55.11.webp","width":1834,"height":1188,"mimeType":"image\/jpeg","sourceUrl":"https:\/\/carro.blog.br\/comparativo\/wp-content\/uploads\/2025\/12\/alan-correa-2025-12-03-as-16.55.11.webp","sources":{"image\/webp":{"file":"alan-correa-2025-12-03-as-16.55.11.webp","filesize":75190,"sourceUrl":"https:\/\/carro.blog.br\/comparativo\/wp-content\/uploads\/2025\/12\/alan-correa-2025-12-03-as-16.55.11.webp"}}}},"isPlaceholder":false,"isExternal":false,"needsProxy":false,"baseColor":null,"blurHash":"U~LpQZ~LV@Ibt3ayRnkCahahaxocayf7j[fR","creationDate":"2025-12-03T19:55:47","src":"https:\/\/carro.blog.br\/comparativo\/wp-content\/uploads\/2025\/12\/alan-correa-2025-12-03-as-16.55.11.webp","id":170,"alt":"alan-correa- 2025-12-03 a\u0300s 16.55.11","local":false,"provider":"local"},"controls":false,"loop":true,"autoPlay":true,"volume":1,"tracks":[],"backgroundColor":{"color":{"r":196,"g":196,"b":196}},"x":-32,"y":-86,"width":479,"height":790,"mask":{"type":"rectangle"},"isBackground":true,"id":"99959be9-5854-4617-85df-e97e6810182c","overlay":{"type":"radial","size":{"w":0.67000000000000003996802888650563545525074005126953125,"h":0.67000000000000003996802888650563545525074005126953125},"stops":[{"color":{"r":0,"g":0,"b":0,"a":0},"position":0},{"color":{"r":0,"g":0,"b":0,"a":1},"position":1}],"alpha":0.6999999999999999555910790149937383830547332763671875},"type":"image"},{"opacity":100,"flip":{"vertical":false,"horizontal":false},"rotationAngle":0,"lockAspectRatio":true,"backgroundTextMode":"HIGHLIGHT","font":{"family":"Merriweather"},"fontSize":20,"backgroundColor":{"color":{"r":255,"g":255,"b":255}},"lineHeight":1.3000000000000000444089209850062616169452667236328125,"textAlign":"left","padding":{"locked":true,"hasHiddenPadding":true,"horizontal":8,"vertical":4},"content":"<span style=\"font-weight: 700; color: #2d5897\">No consumo, o contraste fica ainda mais claro. O Kait registra at\u00e9 11,3 km l na cidade com gasolina, enquanto o Tera chega a cerca de 13,5 km l com equil\u00edbrio superior.<\/span>","x":48,"y":190,"width":315,"height":237,"basedOn":"02fa0e27-95ee-4d9c-b2ff-92afda5f2b9f","id":"0cfb09b3-6101-48ca-911f-cf265a23f582","borderRadius":{"topLeft":0,"topRight":0,"bottomRight":0,"bottomLeft":0,"locked":true},"type":"text"},{"opacity":100,"flip":{"vertical":false,"horizontal":false},"rotationAngle":0,"lockAspectRatio":false,"scale":100,"focalX":50,"focalY":50,"resource":{"type":"image","mimeType":"image\/png","width":1500,"height":350,"sizes":{"medium":{"file":"logo-webstories-350x82.webp","width":350,"height":82,"filesize":3220,"sources":{"image\/webp":{"file":"logo-webstories-350x82.webp","filesize":3220,"sourceUrl":"https:\/\/carro.blog.br\/wp-content\/uploads\/2025\/03\/logo-webstories-350x82.webp"}},"mimeType":"image\/webp","sourceUrl":"https:\/\/carro.blog.br\/wp-content\/uploads\/2025\/03\/logo-webstories-350x82.webp"},"thumbnail":{"file":"logo-webstories-900x210.webp","width":900,"height":210,"filesize":9158,"sources":{"image\/webp":{"file":"logo-webstories-900x210.webp","filesize":9158,"sourceUrl":"https:\/\/carro.blog.br\/wp-content\/uploads\/2025\/03\/logo-webstories-900x210.webp"}},"mimeType":"image\/webp","sourceUrl":"https:\/\/carro.blog.br\/wp-content\/uploads\/2025\/03\/logo-webstories-900x210.webp"},"medium_large":{"file":"logo-webstories-768x179.webp","width":768,"height":179,"filesize":7634,"sources":{"image\/webp":{"file":"logo-webstories-768x179.webp","filesize":7634,"sourceUrl":"https:\/\/carro.blog.br\/wp-content\/uploads\/2025\/03\/logo-webstories-768x179.webp"}},"mimeType":"image\/webp","sourceUrl":"https:\/\/carro.blog.br\/wp-content\/uploads\/2025\/03\/logo-webstories-768x179.webp"},"web-stories-poster-portrait":{"file":"logo-webstories-640x350.webp","width":640,"height":350,"filesize":7132,"mimeType":"image\/webp","sourceUrl":"https:\/\/carro.blog.br\/wp-content\/uploads\/2025\/03\/logo-webstories-640x350.webp"},"web-stories-publisher-logo":{"file":"logo-webstories-96x96.webp","width":96,"height":96,"filesize":1230,"mimeType":"image\/webp","sourceUrl":"https:\/\/carro.blog.br\/wp-content\/uploads\/2025\/03\/logo-webstories-96x96.webp"},"web-stories-thumbnail":{"file":"logo-webstories-150x35.webp","width":150,"height":35,"filesize":1360,"mimeType":"image\/webp","sourceUrl":"https:\/\/carro.blog.br\/wp-content\/uploads\/2025\/03\/logo-webstories-150x35.webp"},"full":{"file":"logo-webstories-png.webp","width":1500,"height":350,"mimeType":"image\/png","sourceUrl":"https:\/\/carro.blog.br\/wp-content\/uploads\/2025\/03\/logo-webstories-png.webp","sources":{"image\/webp":{"file":"logo-webstories-png.webp","filesize":17298,"sourceUrl":"https:\/\/carro.blog.br\/wp-content\/uploads\/2025\/03\/logo-webstories-png.webp"}}}},"isPlaceholder":false,"isExternal":false,"needsProxy":false,"baseColor":"#567299","blurHash":"UDAw9+}*m%tRs.oej[WX005ZpKM{NHR+ays,","creationDate":"2025-03-09T18:04:13","src":"https:\/\/carro.blog.br\/wp-content\/uploads\/2025\/03\/logo-webstories-png.webp","id":86727,"alt":"logo-webstories","local":false},"x":24,"y":-25,"width":363,"height":77,"mask":{"type":"rectangle","showInLibrary":true,"name":"Ret\u00e2ngulo","path":"M 0,0 1,0 1,1 0,1 0,0 Z","ratio":1,"supportsBorder":true},"id":"50449775-d009-47f3-a00b-524b8393fe84","type":"image"}],"backgroundColor":{"color":{"r":255,"g":255,"b":255}},"animations":[{"id":"2bf13473-4ed2-4a59-9e0c-c83ed9168e81","type":"effect-background-zoom","zoomDirection":"scaleOut","duration":100,"delay":0,"targets":["99959be9-5854-4617-85df-e97e6810182c"]},{"id":"472bd7d7-1406-4dfd-b2ea-158df0bbbe08","type":"effect-fly-in","flyInDir":"leftToRight","duration":600,"delay":0,"targets":["0cfb09b3-6101-48ca-911f-cf265a23f582"]},{"id":"cc4498fe-6c87-47ea-9dfd-c6d9d7c79514","type":"effect-fly-in","flyInDir":"topToBottom","duration":600,"delay":0,"targets":["50449775-d009-47f3-a00b-524b8393fe84"]}],"id":"af795896-310e-4b2f-b335-fbe50fb75e4d","pageAttachment":{"url":"https:\/\/carro.blog.br\/comparativo\/volkswagen-tera-2026-ou-nissan-kait-2026-comparativo-revela-qual-suv-entrega-mais-por-menos.html?tipo=amp","icon":"","needsProxy":false,"theme":"light","ctaText":"Arraste Para Cima"},"defaultBackgroundElement":{"opacity":100,"flip":{"vertical":false,"horizontal":false},"rotationAngle":0,"lockAspectRatio":true,"backgroundColor":{"color":{"r":196,"g":196,"b":196}},"x":1,"y":1,"width":1,"height":1,"mask":{"type":"rectangle"},"isBackground":true,"isDefaultBackground":true,"id":"4fdbe143-0fc4-42fe-adcb-6e080723c583","type":"shape"},"image":{"id":180,"height":1200,"width":800,"url":"https:\/\/carro.blog.br\/comparativo\/wp-content\/uploads\/2025\/12\/web-stories-page-template-179.webp","needsProxy":false,"isExternal":false}},{"elements":[{"opacity":100,"flip":{"vertical":false,"horizontal":false},"rotationAngle":0,"lockAspectRatio":true,"scale":100,"focalX":50,"focalY":50,"resource":{"type":"image","mimeType":"image\/jpeg","width":1834,"height":1188,"sizes":{"medium":{"file":"alan-correa-2025-12-03-as-16.55.11-400x259.webp","width":400,"height":259,"filesize":12668,"sources":{"image\/webp":{"file":"alan-correa-2025-12-03-as-16.55.11-400x259.webp","filesize":12668,"sourceUrl":"https:\/\/carro.blog.br\/comparativo\/wp-content\/uploads\/2025\/12\/alan-correa-2025-12-03-as-16.55.11-400x259.webp"}},"mimeType":"image\/webp","sourceUrl":"https:\/\/carro.blog.br\/comparativo\/wp-content\/uploads\/2025\/12\/alan-correa-2025-12-03-as-16.55.11-400x259.webp"},"large":{"file":"alan-correa-2025-12-03-as-16.55.11-1800x1166.webp","width":1800,"height":1166,"filesize":67736,"sources":{"image\/webp":{"file":"alan-correa-2025-12-03-as-16.55.11-1800x1166.webp","filesize":67736,"sourceUrl":"https:\/\/carro.blog.br\/comparativo\/wp-content\/uploads\/2025\/12\/alan-correa-2025-12-03-as-16.55.11-1800x1166.webp"}},"mimeType":"image\/webp","sourceUrl":"https:\/\/carro.blog.br\/comparativo\/wp-content\/uploads\/2025\/12\/alan-correa-2025-12-03-as-16.55.11-1800x1166.webp"},"thumbnail":{"file":"alan-correa-2025-12-03-as-16.55.11-900x583.webp","width":900,"height":583,"filesize":32840,"sources":{"image\/webp":{"file":"alan-correa-2025-12-03-as-16.55.11-900x583.webp","filesize":32840,"sourceUrl":"https:\/\/carro.blog.br\/comparativo\/wp-content\/uploads\/2025\/12\/alan-correa-2025-12-03-as-16.55.11-900x583.webp"}},"mimeType":"image\/webp","sourceUrl":"https:\/\/carro.blog.br\/comparativo\/wp-content\/uploads\/2025\/12\/alan-correa-2025-12-03-as-16.55.11-900x583.webp"},"medium_large":{"file":"alan-correa-2025-12-03-as-16.55.11-768x497.webp","width":768,"height":497,"filesize":27590,"sources":{"image\/webp":{"file":"alan-correa-2025-12-03-as-16.55.11-768x497.webp","filesize":27590,"sourceUrl":"https:\/\/carro.blog.br\/comparativo\/wp-content\/uploads\/2025\/12\/alan-correa-2025-12-03-as-16.55.11-768x497.webp"}},"mimeType":"image\/webp","sourceUrl":"https:\/\/carro.blog.br\/comparativo\/wp-content\/uploads\/2025\/12\/alan-correa-2025-12-03-as-16.55.11-768x497.webp"},"1536x1536":{"file":"alan-correa-2025-12-03-as-16.55.11-1536x995.webp","width":1536,"height":995,"filesize":59402,"mimeType":"image\/webp","sourceUrl":"https:\/\/carro.blog.br\/comparativo\/wp-content\/uploads\/2025\/12\/alan-correa-2025-12-03-as-16.55.11-1536x995.webp"},"web-stories-poster-portrait":{"file":"alan-correa-2025-12-03-as-16.55.11-640x853.webp","width":640,"height":853,"filesize":24424,"mimeType":"image\/webp","sourceUrl":"https:\/\/carro.blog.br\/comparativo\/wp-content\/uploads\/2025\/12\/alan-correa-2025-12-03-as-16.55.11-640x853.webp"},"web-stories-publisher-logo":{"file":"alan-correa-2025-12-03-as-16.55.11-96x96.webp","width":96,"height":96,"filesize":1800,"mimeType":"image\/webp","sourceUrl":"https:\/\/carro.blog.br\/comparativo\/wp-content\/uploads\/2025\/12\/alan-correa-2025-12-03-as-16.55.11-96x96.webp"},"web-stories-thumbnail":{"file":"alan-correa-2025-12-03-as-16.55.11-150x97.webp","width":150,"height":97,"filesize":3080,"mimeType":"image\/webp","sourceUrl":"https:\/\/carro.blog.br\/comparativo\/wp-content\/uploads\/2025\/12\/alan-correa-2025-12-03-as-16.55.11-150x97.webp"},"full":{"file":"alan-correa-2025-12-03-as-16.55.11.webp","width":1834,"height":1188,"mimeType":"image\/jpeg","sourceUrl":"https:\/\/carro.blog.br\/comparativo\/wp-content\/uploads\/2025\/12\/alan-correa-2025-12-03-as-16.55.11.webp","sources":{"image\/webp":{"file":"alan-correa-2025-12-03-as-16.55.11.webp","filesize":75190,"sourceUrl":"https:\/\/carro.blog.br\/comparativo\/wp-content\/uploads\/2025\/12\/alan-correa-2025-12-03-as-16.55.11.webp"}}}},"isPlaceholder":false,"isExternal":false,"needsProxy":false,"baseColor":null,"blurHash":"U~LpQZ~LV@Ibt3ayRnkCahahaxocayf7j[fR","creationDate":"2025-12-03T19:55:47","src":"https:\/\/carro.blog.br\/comparativo\/wp-content\/uploads\/2025\/12\/alan-correa-2025-12-03-as-16.55.11.webp","id":170,"alt":"alan-correa- 2025-12-03 a\u0300s 16.55.11","local":false,"provider":"local"},"controls":false,"loop":true,"autoPlay":true,"volume":1,"tracks":[],"backgroundColor":{"color":{"r":196,"g":196,"b":196}},"x":-32,"y":-86,"width":479,"height":790,"mask":{"type":"rectangle"},"isBackground":true,"id":"8e947e1b-635b-45cd-a692-6c8f78706464","overlay":{"type":"radial","size":{"w":0.67000000000000003996802888650563545525074005126953125,"h":0.67000000000000003996802888650563545525074005126953125},"stops":[{"color":{"r":0,"g":0,"b":0,"a":0},"position":0},{"color":{"r":0,"g":0,"b":0,"a":1},"position":1}],"alpha":0.6999999999999999555910790149937383830547332763671875},"type":"image"},{"opacity":100,"flip":{"vertical":false,"horizontal":false},"rotationAngle":0,"lockAspectRatio":true,"backgroundTextMode":"HIGHLIGHT","font":{"family":"Merriweather"},"fontSize":20,"backgroundColor":{"color":{"r":255,"g":255,"b":255}},"lineHeight":1.3000000000000000444089209850062616169452667236328125,"textAlign":"left","padding":{"locked":true,"hasHiddenPadding":true,"horizontal":8,"vertical":4},"content":"<span style=\"font-weight: 700; color: #2d5897\">A escolha final depende do seu ritmo. O Kait encaixa quem quer conforto e volume interno, o Tera combina com quem roda muito e busca economia real por quil\u00f4metro.<\/span>","x":48,"y":190,"width":315,"height":204,"basedOn":"02fa0e27-95ee-4d9c-b2ff-92afda5f2b9f","id":"a6afc07c-920a-4172-93bd-a53d76489a6e","borderRadius":{"topLeft":0,"topRight":0,"bottomRight":0,"bottomLeft":0,"locked":true},"type":"text"},{"opacity":100,"flip":{"vertical":false,"horizontal":false},"rotationAngle":0,"lockAspectRatio":false,"scale":100,"focalX":50,"focalY":50,"resource":{"type":"image","mimeType":"image\/png","width":1500,"height":350,"sizes":{"medium":{"file":"logo-webstories-350x82.webp","width":350,"height":82,"filesize":3220,"sources":{"image\/webp":{"file":"logo-webstories-350x82.webp","filesize":3220,"sourceUrl":"https:\/\/carro.blog.br\/wp-content\/uploads\/2025\/03\/logo-webstories-350x82.webp"}},"mimeType":"image\/webp","sourceUrl":"https:\/\/carro.blog.br\/wp-content\/uploads\/2025\/03\/logo-webstories-350x82.webp"},"thumbnail":{"file":"logo-webstories-900x210.webp","width":900,"height":210,"filesize":9158,"sources":{"image\/webp":{"file":"logo-webstories-900x210.webp","filesize":9158,"sourceUrl":"https:\/\/carro.blog.br\/wp-content\/uploads\/2025\/03\/logo-webstories-900x210.webp"}},"mimeType":"image\/webp","sourceUrl":"https:\/\/carro.blog.br\/wp-content\/uploads\/2025\/03\/logo-webstories-900x210.webp"},"medium_large":{"file":"logo-webstories-768x179.webp","width":768,"height":179,"filesize":7634,"sources":{"image\/webp":{"file":"logo-webstories-768x179.webp","filesize":7634,"sourceUrl":"https:\/\/carro.blog.br\/wp-content\/uploads\/2025\/03\/logo-webstories-768x179.webp"}},"mimeType":"image\/webp","sourceUrl":"https:\/\/carro.blog.br\/wp-content\/uploads\/2025\/03\/logo-webstories-768x179.webp"},"web-stories-poster-portrait":{"file":"logo-webstories-640x350.webp","width":640,"height":350,"filesize":7132,"mimeType":"image\/webp","sourceUrl":"https:\/\/carro.blog.br\/wp-content\/uploads\/2025\/03\/logo-webstories-640x350.webp"},"web-stories-publisher-logo":{"file":"logo-webstories-96x96.webp","width":96,"height":96,"filesize":1230,"mimeType":"image\/webp","sourceUrl":"https:\/\/carro.blog.br\/wp-content\/uploads\/2025\/03\/logo-webstories-96x96.webp"},"web-stories-thumbnail":{"file":"logo-webstories-150x35.webp","width":150,"height":35,"filesize":1360,"mimeType":"image\/webp","sourceUrl":"https:\/\/carro.blog.br\/wp-content\/uploads\/2025\/03\/logo-webstories-150x35.webp"},"full":{"file":"logo-webstories-png.webp","width":1500,"height":350,"mimeType":"image\/png","sourceUrl":"https:\/\/carro.blog.br\/wp-content\/uploads\/2025\/03\/logo-webstories-png.webp","sources":{"image\/webp":{"file":"logo-webstories-png.webp","filesize":17298,"sourceUrl":"https:\/\/carro.blog.br\/wp-content\/uploads\/2025\/03\/logo-webstories-png.webp"}}}},"isPlaceholder":false,"isExternal":false,"needsProxy":false,"baseColor":"#567299","blurHash":"UDAw9+}*m%tRs.oej[WX005ZpKM{NHR+ays,","creationDate":"2025-03-09T18:04:13","src":"https:\/\/carro.blog.br\/wp-content\/uploads\/2025\/03\/logo-webstories-png.webp","id":86727,"alt":"logo-webstories","local":false},"x":24,"y":-25,"width":363,"height":77,"mask":{"type":"rectangle","showInLibrary":true,"name":"Ret\u00e2ngulo","path":"M 0,0 1,0 1,1 0,1 0,0 Z","ratio":1,"supportsBorder":true},"id":"d5fc7c36-8777-4f85-a8f5-b495f1049f5a","type":"image"}],"backgroundColor":{"color":{"r":255,"g":255,"b":255}},"animations":[{"id":"023a8d99-52b7-4b68-8032-8f5baa5d6771","type":"effect-background-zoom","zoomDirection":"scaleOut","duration":100,"delay":0,"targets":["8e947e1b-635b-45cd-a692-6c8f78706464"]},{"id":"7eb0d935-b8fe-45f2-8ac6-2fcd7d8b6b3e","type":"effect-fly-in","flyInDir":"leftToRight","duration":600,"delay":0,"targets":["a6afc07c-920a-4172-93bd-a53d76489a6e"]},{"id":"dcde1796-9d21-4368-ac31-611eba7ba653","type":"effect-fly-in","flyInDir":"topToBottom","duration":600,"delay":0,"targets":["d5fc7c36-8777-4f85-a8f5-b495f1049f5a"]}],"id":"9c7ac4d6-f2ec-4fa6-9bdd-ba32bc33dd70","pageAttachment":{"url":"https:\/\/carro.blog.br\/comparativo\/volkswagen-tera-2026-ou-nissan-kait-2026-comparativo-revela-qual-suv-entrega-mais-por-menos.html?tipo=amp","icon":"","needsProxy":false,"theme":"light","ctaText":"Arraste Para Cima"},"defaultBackgroundElement":{"opacity":100,"flip":{"vertical":false,"horizontal":false},"rotationAngle":0,"lockAspectRatio":true,"backgroundColor":{"color":{"r":196,"g":196,"b":196}},"x":1,"y":1,"width":1,"height":1,"mask":{"type":"rectangle"},"isBackground":true,"isDefaultBackground":true,"id":"4fdbe143-0fc4-42fe-adcb-6e080723c583","type":"shape"},"image":{"id":180,"height":1200,"width":800,"url":"https:\/\/carro.blog.br\/comparativo\/wp-content\/uploads\/2025\/12\/web-stories-page-template-179.webp","needsProxy":false,"isExternal":false}},{"elements":[{"opacity":100,"flip":{"vertical":false,"horizontal":false},"rotationAngle":0,"lockAspectRatio":true,"scale":100,"focalX":50,"focalY":50,"resource":{"type":"image","mimeType":"image\/jpeg","width":1834,"height":1188,"sizes":{"medium":{"file":"alan-correa-2025-12-03-as-16.55.11-400x259.webp","width":400,"height":259,"filesize":12668,"sources":{"image\/webp":{"file":"alan-correa-2025-12-03-as-16.55.11-400x259.webp","filesize":12668,"sourceUrl":"https:\/\/carro.blog.br\/comparativo\/wp-content\/uploads\/2025\/12\/alan-correa-2025-12-03-as-16.55.11-400x259.webp"}},"mimeType":"image\/webp","sourceUrl":"https:\/\/carro.blog.br\/comparativo\/wp-content\/uploads\/2025\/12\/alan-correa-2025-12-03-as-16.55.11-400x259.webp"},"large":{"file":"alan-correa-2025-12-03-as-16.55.11-1800x1166.webp","width":1800,"height":1166,"filesize":67736,"sources":{"image\/webp":{"file":"alan-correa-2025-12-03-as-16.55.11-1800x1166.webp","filesize":67736,"sourceUrl":"https:\/\/carro.blog.br\/comparativo\/wp-content\/uploads\/2025\/12\/alan-correa-2025-12-03-as-16.55.11-1800x1166.webp"}},"mimeType":"image\/webp","sourceUrl":"https:\/\/carro.blog.br\/comparativo\/wp-content\/uploads\/2025\/12\/alan-correa-2025-12-03-as-16.55.11-1800x1166.webp"},"thumbnail":{"file":"alan-correa-2025-12-03-as-16.55.11-900x583.webp","width":900,"height":583,"filesize":32840,"sources":{"image\/webp":{"file":"alan-correa-2025-12-03-as-16.55.11-900x583.webp","filesize":32840,"sourceUrl":"https:\/\/carro.blog.br\/comparativo\/wp-content\/uploads\/2025\/12\/alan-correa-2025-12-03-as-16.55.11-900x583.webp"}},"mimeType":"image\/webp","sourceUrl":"https:\/\/carro.blog.br\/comparativo\/wp-content\/uploads\/2025\/12\/alan-correa-2025-12-03-as-16.55.11-900x583.webp"},"medium_large":{"file":"alan-correa-2025-12-03-as-16.55.11-768x497.webp","width":768,"height":497,"filesize":27590,"sources":{"image\/webp":{"file":"alan-correa-2025-12-03-as-16.55.11-768x497.webp","filesize":27590,"sourceUrl":"https:\/\/carro.blog.br\/comparativo\/wp-content\/uploads\/2025\/12\/alan-correa-2025-12-03-as-16.55.11-768x497.webp"}},"mimeType":"image\/webp","sourceUrl":"https:\/\/carro.blog.br\/comparativo\/wp-content\/uploads\/2025\/12\/alan-correa-2025-12-03-as-16.55.11-768x497.webp"},"1536x1536":{"file":"alan-correa-2025-12-03-as-16.55.11-1536x995.webp","width":1536,"height":995,"filesize":59402,"mimeType":"image\/webp","sourceUrl":"https:\/\/carro.blog.br\/comparativo\/wp-content\/uploads\/2025\/12\/alan-correa-2025-12-03-as-16.55.11-1536x995.webp"},"web-stories-poster-portrait":{"file":"alan-correa-2025-12-03-as-16.55.11-640x853.webp","width":640,"height":853,"filesize":24424,"mimeType":"image\/webp","sourceUrl":"https:\/\/carro.blog.br\/comparativo\/wp-content\/uploads\/2025\/12\/alan-correa-2025-12-03-as-16.55.11-640x853.webp"},"web-stories-publisher-logo":{"file":"alan-correa-2025-12-03-as-16.55.11-96x96.webp","width":96,"height":96,"filesize":1800,"mimeType":"image\/webp","sourceUrl":"https:\/\/carro.blog.br\/comparativo\/wp-content\/uploads\/2025\/12\/alan-correa-2025-12-03-as-16.55.11-96x96.webp"},"web-stories-thumbnail":{"file":"alan-correa-2025-12-03-as-16.55.11-150x97.webp","width":150,"height":97,"filesize":3080,"mimeType":"image\/webp","sourceUrl":"https:\/\/carro.blog.br\/comparativo\/wp-content\/uploads\/2025\/12\/alan-correa-2025-12-03-as-16.55.11-150x97.webp"},"full":{"file":"alan-correa-2025-12-03-as-16.55.11.webp","width":1834,"height":1188,"mimeType":"image\/jpeg","sourceUrl":"https:\/\/carro.blog.br\/comparativo\/wp-content\/uploads\/2025\/12\/alan-correa-2025-12-03-as-16.55.11.webp","sources":{"image\/webp":{"file":"alan-correa-2025-12-03-as-16.55.11.webp","filesize":75190,"sourceUrl":"https:\/\/carro.blog.br\/comparativo\/wp-content\/uploads\/2025\/12\/alan-correa-2025-12-03-as-16.55.11.webp"}}}},"isPlaceholder":false,"isExternal":false,"needsProxy":false,"baseColor":null,"blurHash":"U~LpQZ~LV@Ibt3ayRnkCahahaxocayf7j[fR","creationDate":"2025-12-03T19:55:47","src":"https:\/\/carro.blog.br\/comparativo\/wp-content\/uploads\/2025\/12\/alan-correa-2025-12-03-as-16.55.11.webp","id":170,"alt":"alan-correa- 2025-12-03 a\u0300s 16.55.11","local":false,"provider":"local"},"controls":false,"loop":true,"autoPlay":true,"volume":1,"tracks":[],"backgroundColor":{"color":{"r":196,"g":196,"b":196}},"x":-32,"y":-86,"width":479,"height":790,"mask":{"type":"rectangle"},"isBackground":true,"id":"18760b77-6d2a-470f-9446-c45b28734046","overlay":{"type":"radial","size":{"w":0.67000000000000003996802888650563545525074005126953125,"h":0.67000000000000003996802888650563545525074005126953125},"stops":[{"color":{"r":0,"g":0,"b":0,"a":0},"position":0},{"color":{"r":0,"g":0,"b":0,"a":1},"position":1}],"alpha":0.6999999999999999555910790149937383830547332763671875},"type":"image"},{"opacity":100,"flip":{"vertical":false,"horizontal":false},"rotationAngle":0,"lockAspectRatio":true,"backgroundTextMode":"HIGHLIGHT","font":{"family":"Merriweather"},"fontSize":20,"backgroundColor":{"color":{"r":255,"g":255,"b":255}},"lineHeight":1.3000000000000000444089209850062616169452667236328125,"textAlign":"left","padding":{"locked":true,"hasHiddenPadding":true,"horizontal":8,"vertical":4},"content":"<span style=\"font-weight: 700; color: #2d5897\">Pre\u00e7o aproximado acima de 150 mil no Kait e acima de 141 mil no Tera, valores que refor\u00e7am o foco em espa\u00e7o no Nissan e em efici\u00eancia no Volkswagen.<\/span>","x":48,"y":190,"width":315,"height":204,"basedOn":"02fa0e27-95ee-4d9c-b2ff-92afda5f2b9f","id":"94e90efe-7f16-45d2-888c-cf8c180f4b94","borderRadius":{"topLeft":0,"topRight":0,"bottomRight":0,"bottomLeft":0,"locked":true},"type":"text"},{"opacity":100,"flip":{"vertical":false,"horizontal":false},"rotationAngle":0,"lockAspectRatio":false,"scale":100,"focalX":50,"focalY":50,"resource":{"type":"image","mimeType":"image\/png","width":1500,"height":350,"sizes":{"medium":{"file":"logo-webstories-350x82.webp","width":350,"height":82,"filesize":3220,"sources":{"image\/webp":{"file":"logo-webstories-350x82.webp","filesize":3220,"sourceUrl":"https:\/\/carro.blog.br\/wp-content\/uploads\/2025\/03\/logo-webstories-350x82.webp"}},"mimeType":"image\/webp","sourceUrl":"https:\/\/carro.blog.br\/wp-content\/uploads\/2025\/03\/logo-webstories-350x82.webp"},"thumbnail":{"file":"logo-webstories-900x210.webp","width":900,"height":210,"filesize":9158,"sources":{"image\/webp":{"file":"logo-webstories-900x210.webp","filesize":9158,"sourceUrl":"https:\/\/carro.blog.br\/wp-content\/uploads\/2025\/03\/logo-webstories-900x210.webp"}},"mimeType":"image\/webp","sourceUrl":"https:\/\/carro.blog.br\/wp-content\/uploads\/2025\/03\/logo-webstories-900x210.webp"},"medium_large":{"file":"logo-webstories-768x179.webp","width":768,"height":179,"filesize":7634,"sources":{"image\/webp":{"file":"logo-webstories-768x179.webp","filesize":7634,"sourceUrl":"https:\/\/carro.blog.br\/wp-content\/uploads\/2025\/03\/logo-webstories-768x179.webp"}},"mimeType":"image\/webp","sourceUrl":"https:\/\/carro.blog.br\/wp-content\/uploads\/2025\/03\/logo-webstories-768x179.webp"},"web-stories-poster-portrait":{"file":"logo-webstories-640x350.webp","width":640,"height":350,"filesize":7132,"mimeType":"image\/webp","sourceUrl":"https:\/\/carro.blog.br\/wp-content\/uploads\/2025\/03\/logo-webstories-640x350.webp"},"web-stories-publisher-logo":{"file":"logo-webstories-96x96.webp","width":96,"height":96,"filesize":1230,"mimeType":"image\/webp","sourceUrl":"https:\/\/carro.blog.br\/wp-content\/uploads\/2025\/03\/logo-webstories-96x96.webp"},"web-stories-thumbnail":{"file":"logo-webstories-150x35.webp","width":150,"height":35,"filesize":1360,"mimeType":"image\/webp","sourceUrl":"https:\/\/carro.blog.br\/wp-content\/uploads\/2025\/03\/logo-webstories-150x35.webp"},"full":{"file":"logo-webstories-png.webp","width":1500,"height":350,"mimeType":"image\/png","sourceUrl":"https:\/\/carro.blog.br\/wp-content\/uploads\/2025\/03\/logo-webstories-png.webp","sources":{"image\/webp":{"file":"logo-webstories-png.webp","filesize":17298,"sourceUrl":"https:\/\/carro.blog.br\/wp-content\/uploads\/2025\/03\/logo-webstories-png.webp"}}}},"isPlaceholder":false,"isExternal":false,"needsProxy":false,"baseColor":"#567299","blurHash":"UDAw9+}*m%tRs.oej[WX005ZpKM{NHR+ays,","creationDate":"2025-03-09T18:04:13","src":"https:\/\/carro.blog.br\/wp-content\/uploads\/2025\/03\/logo-webstories-png.webp","id":86727,"alt":"logo-webstories","local":false},"x":24,"y":-25,"width":363,"height":77,"mask":{"type":"rectangle","showInLibrary":true,"name":"Ret\u00e2ngulo","path":"M 0,0 1,0 1,1 0,1 0,0 Z","ratio":1,"supportsBorder":true},"id":"718ad852-99ca-45f3-923f-fd8700eec99e","type":"image"}],"backgroundColor":{"color":{"r":255,"g":255,"b":255}},"animations":[{"id":"314fa13e-afb6-4acb-9e75-7cbb87149b15","type":"effect-background-zoom","zoomDirection":"scaleOut","duration":100,"delay":0,"targets":["18760b77-6d2a-470f-9446-c45b28734046"]},{"id":"8e7c3451-acc4-4f9c-a848-81e81a5cc42a","type":"effect-fly-in","flyInDir":"leftToRight","duration":600,"delay":0,"targets":["94e90efe-7f16-45d2-888c-cf8c180f4b94"]},{"id":"bf5db4b0-1439-4b2a-92b7-df9256536484","type":"effect-fly-in","flyInDir":"topToBottom","duration":600,"delay":0,"targets":["718ad852-99ca-45f3-923f-fd8700eec99e"]}],"id":"89f58a59-513f-469f-9183-4bee2400483b","pageAttachment":{"url":"https:\/\/carro.blog.br\/comparativo\/volkswagen-tera-2026-ou-nissan-kait-2026-comparativo-revela-qual-suv-entrega-mais-por-menos.html?tipo=amp","icon":"","needsProxy":false,"theme":"light","ctaText":"Arraste Para Cima"},"defaultBackgroundElement":{"opacity":100,"flip":{"vertical":false,"horizontal":false},"rotationAngle":0,"lockAspectRatio":true,"backgroundColor":{"color":{"r":196,"g":196,"b":196}},"x":1,"y":1,"width":1,"height":1,"mask":{"type":"rectangle"},"isBackground":true,"isDefaultBackground":true,"id":"4fdbe143-0fc4-42fe-adcb-6e080723c583","type":"shape"},"image":{"id":180,"height":1200,"width":800,"url":"https:\/\/carro.blog.br\/comparativo\/wp-content\/uploads\/2025\/12\/web-stories-page-template-179.webp","needsProxy":false,"isExternal":false}}],"fonts":{"Merriweather":{"family":"Merriweather","fallbacks":["serif"],"weights":[300,400,500,600,700,800,900],"styles":["regular","italic"],"variants":[[0,300],[0,400],[0,500],[0,600],[0,700],[0,800],[0,900],[1,300],[1,400],[1,500],[1,600],[1,700],[1,800],[1,900]],"service":"fonts.google.com","metrics":{"upm":2000,"asc":1968,"des":-546,"tAsc":1968,"tDes":-546,"tLGap":0,"wAsc":2476,"wDes":988,"xH":1111,"capH":1486,"yMin":-969,"yMax":2429,"hAsc":1968,"hDes":-546,"lGap":0}}},"autoAdvance":false,"defaultPageDuration":7,"currentStoryStyles":{"colors":[]}},"story_poster":{"id":239,"url":"https:\/\/carro.blog.br\/comparativo\/wp-content\/uploads\/2025\/12\/cropped-Nissan-Kait-2026-x-Volkswagen-Tera-2026.webp","width":640,"height":853,"needsProxy":false},"_links":{"self":[{"href":"https:\/\/carro.blog.br\/comparativo\/wp-json\/web-stories\/v1\/web-story\/238","targetHints":{"allow":["GET"]}}],"collection":[{"href":"https:\/\/carro.blog.br\/comparativo\/wp-json\/web-stories\/v1\/web-story"}],"about":[{"href":"https:\/\/carro.blog.br\/comparativo\/wp-json\/wp\/v2\/types\/web-story"}],"author":[{"embeddable":true,"href":"https:\/\/carro.blog.br\/comparativo\/wp-json\/web-stories\/v1\/users\/1"}],"version-history":[{"count":3,"href":"https:\/\/carro.blog.br\/comparativo\/wp-json\/web-stories\/v1\/web-story\/238\/revisions"}],"predecessor-version":[{"id":242,"href":"https:\/\/carro.blog.br\/comparativo\/wp-json\/web-stories\/v1\/web-story\/238\/revisions\/242"}],"wp:featuredmedia":[{"embeddable":true,"href":"https:\/\/carro.blog.br\/comparativo\/wp-json\/web-stories\/v1\/media\/239"}],"wp:attachment":[{"href":"https:\/\/carro.blog.br\/comparativo\/wp-json\/web-stories\/v1\/media?parent=238"}],"wp:term":[{"taxonomy":"web_story_category","embeddable":true,"href":"https:\/\/carro.blog.br\/comparativo\/wp-json\/web-stories\/v1\/web_story_category?post=238"},{"taxonomy":"web_story_tag","embeddable":true,"href":"https:\/\/carro.blog.br\/comparativo\/wp-json\/web-stories\/v1\/web_story_tag?post=238"}],"wp:lock":[{"embeddable":true,"href":"https:\/\/carro.blog.br\/comparativo\/wp-json\/web-stories\/v1\/web-story\/238\/lock"}],"wp:publisherlogo":[{"embeddable":true,"href":"https:\/\/carro.blog.br\/comparativo\/wp-json\/web-stories\/v1\/media\/147"}],"curies":[{"name":"wp","href":"https:\/\/api.w.org\/{rel}","templated":true}]}}