{"id":256,"date":"2025-12-10T10:53:20","date_gmt":"2025-12-10T13:53:20","guid":{"rendered":"https:\/\/carro.blog.br\/comparativo\/?post_type=web-story&#038;p=256"},"modified":"2025-12-10T10:53:20","modified_gmt":"2025-12-10T13:53:20","slug":"toyota-yaris-cross-2026-ou-honda-wr-v-2026-qual-melhor-suv-compacto","status":"publish","type":"web-story","link":"https:\/\/carro.blog.br\/comparativo\/web-stories\/toyota-yaris-cross-2026-ou-honda-wr-v-2026-qual-melhor-suv-compacto","title":{"rendered":"Toyota Yaris Cross 2026 ou Honda WR-V 2026: qual melhor SUV compacto?"},"content":{"rendered":"<p><html amp=\"\" lang=\"en\"><head><meta charSet=\"utf-8\"\/><meta name=\"viewport\" content=\"width=device-width,minimum-scale=1,initial-scale=1\"\/><script async=\"\" src=\"https:\/\/cdn.ampproject.org\/v0.js\"><\/script><script async=\"\" src=\"https:\/\/cdn.ampproject.org\/v0\/amp-story-1.0.js\" custom-element=\"amp-story\"><\/script><script async=\"\" src=\"https:\/\/cdn.ampproject.org\/v0\/amp-video-0.1.js\" custom-element=\"amp-video\"><\/script><link href=\"https:\/\/fonts.googleapis.com\/css2?display=swap&amp;family=Merriweather%3Awght%40700\" rel=\"stylesheet\"\/>\n<style amp-boilerplate=\"\">body{-webkit-animation:-amp-start 8s steps(1,end) 0s 1 normal both;-moz-animation:-amp-start 8s steps(1,end) 0s 1 normal both;-ms-animation:-amp-start 8s steps(1,end) 0s 1 normal both;animation:-amp-start 8s steps(1,end) 0s 1 normal both}@-webkit-keyframes -amp-start{from{visibility:hidden}to{visibility:visible}}@-moz-keyframes -amp-start{from{visibility:hidden}to{visibility:visible}}@-ms-keyframes -amp-start{from{visibility:hidden}to{visibility:visible}}@-o-keyframes -amp-start{from{visibility:hidden}to{visibility:visible}}@keyframes -amp-start{from{visibility:hidden}to{visibility:visible}}<\/style>\n<p><noscript><\/p>\n<style amp-boilerplate=\"\">body{-webkit-animation:none;-moz-animation:none;-ms-animation:none;animation:none}<\/style>\n<p><\/noscript><\/p>\n<style amp-custom=\"\">\n              h1, h2, h3 { font-weight: normal; }<\/p>\n<p>              amp-story-page {\n                background-color: #131516;\n              }<\/p>\n<p>              amp-story-grid-layer {\n                overflow: visible;\n              }<\/p>\n<p>              @media (max-aspect-ratio: 9 \/ 16)  {\n                @media (min-aspect-ratio: 320 \/ 678) {\n                  amp-story-grid-layer.grid-layer {\n                    margin-top: calc((100% \/ 0.5625 - 100% \/ 0.6666666666666666) \/ 2);\n                  }\n                }\n              }<\/p>\n<p>              @media not all and (min-resolution:.001dpcm) {\n                @media {\n                  p.text-wrapper > span {\n                    font-size: calc(100% - 0.5px);\n                  }\n                }\n              }<\/p>\n<p>              .page-fullbleed-area,\n              .page-background-overlay-area {\n                position: absolute;\n                overflow: hidden;\n                width: 100%;\n                left: 0;\n                height: calc(1.1851851851851851 * 100%);\n                top: calc((1 - 1.1851851851851851) * 100% \/ 2);\n              }<\/p>\n<p>              .element-overlay-area {\n                position: absolute;\n                width: 100%;\n                height: 100%;\n                top: 0;\n                left: 0;\n              }<\/p>\n<p>              .page-safe-area {\n                overflow: visible;\n                position: absolute;\n                top: 0;\n                bottom: 0;\n                left: 0;\n                right: 0;\n                width: 100%;\n                height: calc(0.84375 * 100%);\n                margin: auto 0;\n              }<\/p>\n<p>              .mask {\n                position: absolute;\n                overflow: hidden;\n              }<\/p>\n<p>              .fill {\n                position: absolute;\n                top: 0;\n                left: 0;\n                right: 0;\n                bottom: 0;\n                margin: 0;\n              }<\/p>\n<p>              @media (prefers-reduced-motion: no-preference) {\n                .animation-wrapper {\n                  opacity: var(--initial-opacity);\n                  transform: var(--initial-transform);\n                }\n              }<\/p>\n<p>              amp-story-grid-layer.align-bottom {\n                align-content: end;\n                padding: 0;\n                \/*\n                  AMP CTA Layer will exactly occupy 74px regardless of any device.\n                  To space out captions 74px from the BOTTOM (AMP CTA Layer),\n                  74px from the TOP should also be spaced out and thus: 2 * 74px\n                  will be the desired max-height.\n                *\/\n                max-height: calc(100vh - (2 * 74px));\n              }<\/p>\n<p>              .captions-area {\n                padding: 0 32px 0;\n              }<\/p>\n<p>              amp-story-captions {\n                margin-bottom: 16px;\n                text-align: center;\n              }<\/p>\n<p>              amp-story-audio-sticker {\n                height: 100%;\n              }<\/p>\n<p>              .audio-sticker {\n                font-family: -apple-system, BlinkMacSystemFont, 'Segoe UI', Roboto, Oxygen-Sans, Ubuntu, Cantarell, 'Helvetica Neue', sans-serif;\n              }\n              <\/style>\n<p><meta name=\"web-stories-replace-head-start\"\/><title>Toyota Yaris Cross 2026 ou Honda WR-V 2026: qual melhor SUV compacto?<\/title><link rel=\"canonical\" href=\"https:\/\/carro.blog.br\/comparativo\/?post_type=web-story&amp;p=256\"\/><meta name=\"web-stories-replace-head-end\"\/><\/head><body><amp-story standalone=\"\" publisher=\"Comparativo Carros | Carro.Blog.Br\" publisher-logo-src=\"https:\/\/carro.blog.br\/comparativo\/wp-content\/uploads\/2025\/12\/512.webp\" title=\"Toyota Yaris Cross 2026 ou Honda WR-V 2026: qual melhor SUV compacto?\" poster-portrait-src=\"https:\/\/carro.blog.br\/comparativo\/wp-content\/uploads\/2025\/12\/cropped-alan-correa-2026.webp\"><amp-story-page id=\"454c7b87-7f1b-4a4e-9d5d-d214b523b51e\"><amp-story-grid-layer template=\"vertical\" aspect-ratio=\"412:618\" class=\"grid-layer\"><\/p>\n<div class=\"page-fullbleed-area\" style=\"background-color:#fff\">\n<div class=\"page-safe-area\">\n<div style=\"position:absolute;pointer-events:none;left:0;top:-9.25926%;width:100%;height:118.51852%;opacity:1\">\n<div style=\"pointer-events:initial;width:100%;height:100%;display:block;position:absolute;top:0;left:0;z-index:0\" class=\"mask\" id=\"el-3da49ecf-a6a6-4089-9ed8-1cb1770c1959\">\n<div class=\"fill\" style=\"will-change:transform\"><\/div>\n<\/div>\n<\/div>\n<\/div>\n<\/div>\n<p><\/amp-story-grid-layer><amp-story-grid-layer template=\"vertical\" aspect-ratio=\"412:618\" class=\"grid-layer\"><\/p>\n<div class=\"page-fullbleed-area\">\n<div class=\"page-safe-area\">\n<div style=\"position:absolute;pointer-events:none;left:11.65049%;top:63.91586%;width:76.69903%;height:21.68285%;opacity:1\">\n<div style=\"pointer-events:initial;width:100%;height:100%;display:block;position:absolute;top:0;left:0;z-index:0\" id=\"el-a6358316-7a8f-452b-b918-a49a6afc24a0\">\n<h3 class=\"fill text-wrapper\" style=\"white-space:pre-line;overflow-wrap:break-word;word-break:break-word;margin:-0.17689873417721663% 0;font-family:&quot;Merriweather&quot;,serif;font-size:0.420712em;line-height:1.3;text-align:left;padding:0;color:#000000\"><span><span style=\"font-weight: 700; color: #4285f4\">Toyota Yaris Cross 2026 ou Honda WR-V 2026: qual melhor SUV compacto?<\/span><\/span><\/h3>\n<\/div>\n<\/div>\n<div style=\"position:absolute;pointer-events:none;left:calc(1.69903% - 1px);top:calc(1.61812% - 1px);width:calc(98.30097% + 2px);height:calc(44.49838% + 2px);opacity:1\">\n<div style=\"top:0;left:0;right:0;bottom:0;width:100%;height:100%;position:absolute;border-width:1px 1px 1px 1px;border-color:rgba(0,0,0,1);border-style:solid;border-radius:2.4691358024691357% 0% 0% 2.4691358024691357% \/ 3.6363636363636362% 0% 0% 3.6363636363636362%;pointer-events:initial;display:block;z-index:0\" class=\"mask\" id=\"el-9d29b571-da35-4b22-a3f0-54a366ee71df\">\n<div style=\"position:absolute;width:108.57516%;height:100%;left:-4.28758%;top:0%\" data-leaf-element=\"true\"><amp-img layout=\"fill\" src=\"https:\/\/carro.blog.br\/comparativo\/wp-content\/uploads\/2025\/12\/alan-correa-2026.webp\" alt=\"Carro.Blog.Br\" srcSet=\"https:\/\/carro.blog.br\/comparativo\/wp-content\/uploads\/2025\/12\/alan-correa-2026.webp 1300w,https:\/\/carro.blog.br\/comparativo\/wp-content\/uploads\/2025\/12\/alan-correa-2026-900x563.webp 900w,https:\/\/carro.blog.br\/comparativo\/wp-content\/uploads\/2025\/12\/alan-correa-2026-768x480.webp 768w,https:\/\/carro.blog.br\/comparativo\/wp-content\/uploads\/2025\/12\/alan-correa-2026-400x250.webp 400w,https:\/\/carro.blog.br\/comparativo\/wp-content\/uploads\/2025\/12\/alan-correa-2026-150x94.webp 150w\" sizes=\"(min-width: 1024px) 44vh, 98vw\" disable-inline-width=\"true\"><\/amp-img><\/div>\n<\/div>\n<\/div>\n<div style=\"position:absolute;pointer-events:none;left:-19.41748%;top:47.24919%;width:33.25243%;height:4.36893%;opacity:1\">\n<div style=\"pointer-events:initial;width:100%;height:100%;display:block;position:absolute;top:0;left:0;z-index:0\" class=\"mask\" id=\"el-64a0dd43-fcc8-40eb-a14b-4c7558e535ac\">\n<div class=\"fill\" style=\"background-color:#fff;will-change:transform\"><\/div>\n<\/div>\n<\/div>\n<div style=\"position:absolute;pointer-events:none;left:9.70874%;top:47.24919%;width:76.69903%;height:4.36893%;opacity:1\">\n<div style=\"pointer-events:initial;width:100%;height:100%;display:block;position:absolute;top:0;left:0;z-index:0;border-radius:3.1645569620253164% 3.1645569620253164% 3.1645569620253164% 3.1645569620253164% \/ 37.03703703703704% 37.03703703703704% 37.03703703703704% 37.03703703703704%\" id=\"el-00d148cd-c575-4367-95be-e5e687d91249\">\n<p class=\"fill text-wrapper\" style=\"white-space:pre-line;overflow-wrap:break-word;word-break:break-word;margin:0;font-family:&quot;Merriweather&quot;,serif;font-size:0.242718em;line-height:calc(1em + 0.5333349813363657em);text-align:left;padding:0;color:#000000;background-color:#fff;background:none\"><span style=\"display:block;position:relative;left:0;top:0;margin:0.6099683544303793% 0;-webkit-box-decoration-break:clone;box-decoration-break:clone\"><span style=\"background-color:#fff;-webkit-box-decoration-break:clone;box-decoration-break:clone;position:relative;padding:1.2658227848101267% 2.5316455696202533%;text-align:left;border-radius:10px 10px 10px 10px;color:transparent\"><span style=\"font-weight: 700\">Por Carro.Blog.Br \/ Alan Correa<\/span><\/span><\/span><\/p>\n<p class=\"fill text-wrapper\" style=\"white-space:pre-line;overflow-wrap:break-word;word-break:break-word;margin:0;font-family:&quot;Merriweather&quot;,serif;font-size:0.242718em;line-height:calc(1em + 0.5333349813363657em);text-align:left;padding:0;color:#000000;background-color:#fff;background:none;position:absolute;top:0;left:0;right:0\" aria-hidden=\"true\"><span style=\"display:block;position:relative;left:0;top:0;margin:0.6099683544303793% 0;-webkit-box-decoration-break:clone;box-decoration-break:clone\"><span style=\"background-color:#fff;-webkit-box-decoration-break:clone;box-decoration-break:clone;position:relative;padding:1.2658227848101267% 2.5316455696202533%;text-align:left;border-radius:10px 10px 10px 10px;background:none\"><span style=\"font-weight: 700; color: #2d5897\">Por Carro.Blog.Br \/ Alan Correa<\/span><\/span><\/span><\/p>\n<\/div>\n<\/div>\n<div style=\"position:absolute;pointer-events:none;left:11.65049%;top:54.04531%;width:76.45631%;height:4.04531%;opacity:1\">\n<div style=\"pointer-events:initial;width:100%;height:100%;display:block;position:absolute;top:0;left:0;z-index:0;border-radius:0% 0% 0% 0% \/ 0% 0% 0% 0%\" id=\"el-13a27c96-6500-4b1e-a754-062594288c5d\">\n<p class=\"fill text-wrapper\" style=\"white-space:pre-line;overflow-wrap:break-word;word-break:break-word;margin:-0.7714285714285719% 0;font-family:&quot;Merriweather&quot;,serif;font-size:0.323625em;line-height:1.5;text-align:left;padding:0;color:#000000\"><span><span style=\"font-weight: 700; color: #2d5897\">10\/12\/2025<\/span><\/span><\/p>\n<\/div>\n<\/div>\n<div style=\"position:absolute;pointer-events:none;left:5.82524%;top:-4.04531%;width:88.1068%;height:12.45955%;opacity:1\">\n<div style=\"pointer-events:initial;width:100%;height:100%;display:block;position:absolute;top:0;left:0;z-index:0\" class=\"mask\" id=\"el-437ddd3f-9f11-4847-997f-7e2cdcdbf11c\">\n<div style=\"position:absolute;width:100%;height:109.99998%;left:0%;top:-4.99999%\" data-leaf-element=\"true\"><amp-img layout=\"fill\" src=\"https:\/\/carro.blog.br\/wp-content\/uploads\/2025\/03\/logo-webstories-png.webp\" alt=\"logo-webstories\" srcSet=\"https:\/\/carro.blog.br\/wp-content\/uploads\/2025\/03\/logo-webstories-png.webp 1500w,https:\/\/carro.blog.br\/wp-content\/uploads\/2025\/03\/logo-webstories-900x210.webp 900w,https:\/\/carro.blog.br\/wp-content\/uploads\/2025\/03\/logo-webstories-768x179.webp 768w,https:\/\/carro.blog.br\/wp-content\/uploads\/2025\/03\/logo-webstories-150x35.webp 150w\" sizes=\"(min-width: 1024px) 40vh, 88vw\" disable-inline-width=\"true\"><\/amp-img><\/div>\n<\/div>\n<\/div>\n<\/div>\n<\/div>\n<p><\/amp-story-grid-layer><amp-story-page-outlink layout=\"nodisplay\" theme=\"dark\"><a href=\"https:\/\/carro.blog.br\/yaris-cross-2025-e-honda-wr-v-vao-disputar-espaco-no-brasil-quem-vai-levar-a-melhor.html?tipo=amp\" rel=\"\">Arraste Para Cima<\/a><\/amp-story-page-outlink><\/amp-story-page><amp-story-page id=\"65ab61ad-1947-4dad-a8f7-9ae9d0ec474c\"><amp-story-animation layout=\"nodisplay\" trigger=\"visibility\"><script type=\"application\/json\">[{\"selector\":\"#anim-b02cf8dc-6452-4080-8f4b-38ee22e54b16 [data-leaf-element=\\\"true\\\"]\",\"keyframes\":{\"transform\":[\"translate(0%, 0%) scale(1.5)\",\"translate(0%, 0%) scale(1)\"]},\"delay\":0,\"duration\":100,\"easing\":\"cubic-bezier(.3,0,.55,1)\",\"fill\":\"forwards\"}]<\/script><\/amp-story-animation><amp-story-animation layout=\"nodisplay\" trigger=\"visibility\"><script type=\"application\/json\">[{\"selector\":\"#anim-9c6bfda3-3c38-44d2-afc8-f4a0cc8acd34\",\"keyframes\":{\"opacity\":[0,1]},\"delay\":0,\"duration\":600,\"easing\":\"cubic-bezier(0.2, 0.6, 0.0, 1)\",\"fill\":\"both\"}]<\/script><\/amp-story-animation><amp-story-animation layout=\"nodisplay\" trigger=\"visibility\"><script type=\"application\/json\">[{\"selector\":\"#anim-b1c1a123-08aa-44f5-9529-280090c0d040\",\"keyframes\":{\"transform\":[\"translate3d(-115.2381%, 0px, 0)\",\"translate3d(0px, 0px, 0)\"]},\"delay\":0,\"duration\":600,\"easing\":\"cubic-bezier(0.2, 0.6, 0.0, 1)\",\"fill\":\"both\"}]<\/script><\/amp-story-animation><amp-story-animation layout=\"nodisplay\" trigger=\"visibility\"><script type=\"application\/json\">[{\"selector\":\"#anim-bf0fd756-96de-404b-9f49-0efec12f2a9b\",\"keyframes\":{\"opacity\":[0,1]},\"delay\":0,\"duration\":600,\"easing\":\"cubic-bezier(0.2, 0.6, 0.0, 1)\",\"fill\":\"both\"}]<\/script><\/amp-story-animation><amp-story-animation layout=\"nodisplay\" trigger=\"visibility\"><script type=\"application\/json\">[{\"selector\":\"#anim-a1ea9de4-4fe1-45e3-a535-3f7b23cc0703\",\"keyframes\":{\"transform\":[\"translate3d(0px, -141.84702%, 0)\",\"translate3d(0px, 0px, 0)\"]},\"delay\":0,\"duration\":600,\"easing\":\"cubic-bezier(0.2, 0.6, 0.0, 1)\",\"fill\":\"both\"}]<\/script><\/amp-story-animation><amp-story-grid-layer template=\"vertical\" aspect-ratio=\"412:618\" class=\"grid-layer\"><\/p>\n<div class=\"page-fullbleed-area\" style=\"background-color:#fff\">\n<div class=\"page-safe-area\">\n<div style=\"position:absolute;pointer-events:none;left:0;top:-9.25926%;width:100%;height:118.51852%;opacity:1\">\n<div id=\"anim-b02cf8dc-6452-4080-8f4b-38ee22e54b16\" class=\"animation-wrapper\" style=\"width:100%;height:100%;display:block;position:absolute;top:0;left:0\">\n<div style=\"pointer-events:initial;width:100%;height:100%;display:block;position:absolute;top:0;left:0;z-index:0\" class=\"mask\" id=\"el-ac8b3b21-627e-4c17-84d4-af2fea5e3d00\">\n<div style=\"position:absolute;width:316.04939%;height:100%;left:-108.02469%;top:0%\" data-leaf-element=\"true\"><amp-video layout=\"fill\" autoplay=\"autoplay\" poster=\"https:\/\/cdn.coverr.co\/videos\/coverr-road-that-goes-through-the-fields-8172\/thumbnail?width=1920\" artwork=\"https:\/\/cdn.coverr.co\/videos\/coverr-road-that-goes-through-the-fields-8172\/thumbnail?width=1920\" title=\"Aerial shot of a road that goes through the fields. \" alt=\"Aerial shot of a road that goes through the fields. \" loop=\"loop\" noaudio=\"noaudio\" id=\"el-ac8b3b21-627e-4c17-84d4-af2fea5e3d00-media\"><source type=\"video\/mp4\" src=\"https:\/\/cdn.coverr.co\/videos\/coverr-road-that-goes-through-the-fields-8172\/1080p.mp4\"\/><\/amp-video><\/div>\n<div class=\"element-overlay-area\" style=\"background-image:radial-gradient(ellipse 67% 67%, rgba(0,0,0,0) 0%, rgba(0,0,0,0.7) 100%)\"><\/div>\n<\/div>\n<\/div>\n<\/div>\n<div class=\"page-background-overlay-area\" style=\"background-image:radial-gradient(ellipse 67% 67%, rgba(0,0,0,0) 0%, rgba(0,0,0,0.7) 100%)\"><\/div>\n<\/div>\n<\/div>\n<p><\/amp-story-grid-layer><amp-story-grid-layer template=\"vertical\" aspect-ratio=\"412:618\" class=\"grid-layer\"><\/p>\n<div class=\"page-fullbleed-area\">\n<div class=\"page-safe-area\">\n<div style=\"position:absolute;pointer-events:none;left:11.65049%;top:30.74434%;width:76.45631%;height:27.34628%;opacity:1\">\n<div id=\"anim-9c6bfda3-3c38-44d2-afc8-f4a0cc8acd34\" class=\"animation-wrapper\" style=\"width:100%;height:100%;display:block;position:absolute;top:0;left:0;--initial-opacity:0;--initial-transform:none\">\n<div id=\"anim-b1c1a123-08aa-44f5-9529-280090c0d040\" class=\"animation-wrapper\" style=\"width:100%;height:100%;display:block;position:absolute;top:0;left:0;--initial-opacity:1;--initial-transform:translate3d(-115.2381%, 0px, 0)\">\n<div style=\"pointer-events:initial;width:100%;height:100%;display:block;position:absolute;top:0;left:0;z-index:0;border-radius:0% 0% 0% 0% \/ 0% 0% 0% 0%\" id=\"el-c5fc6a6e-7226-4f59-a2a4-cd1cd43edf81\">\n<p class=\"fill text-wrapper\" style=\"white-space:pre-line;overflow-wrap:break-word;word-break:break-word;margin:0;font-family:&quot;Merriweather&quot;,serif;font-size:0.323625em;line-height:calc(1.3em + 0.39999999999999997em);text-align:left;padding:0;color:#000000;background-color:#fff;background:none\"><span style=\"display:block;position:relative;left:0;top:0;margin:-0.136507936507937% 0;-webkit-box-decoration-break:clone;box-decoration-break:clone\"><span style=\"background-color:#fff;-webkit-box-decoration-break:clone;box-decoration-break:clone;position:relative;padding:1.2698412698412698% 2.5396825396825395%;text-align:left;border-radius:0px 0px 0px 0px;color:transparent\"><span style=\"font-weight: 700\">WR-V imp\u00f5e mais presen\u00e7a com 4,31 m, enquanto o Yaris Cross aposta em propor\u00e7\u00f5es compactas e visual urbano para a rotina.<\/span><\/span><\/span><\/p>\n<p class=\"fill text-wrapper\" style=\"white-space:pre-line;overflow-wrap:break-word;word-break:break-word;margin:0;font-family:&quot;Merriweather&quot;,serif;font-size:0.323625em;line-height:calc(1.3em + 0.39999999999999997em);text-align:left;padding:0;color:#000000;background-color:#fff;background:none;position:absolute;top:0;left:0;right:0\" aria-hidden=\"true\"><span style=\"display:block;position:relative;left:0;top:0;margin:-0.136507936507937% 0;-webkit-box-decoration-break:clone;box-decoration-break:clone\"><span style=\"background-color:#fff;-webkit-box-decoration-break:clone;box-decoration-break:clone;position:relative;padding:1.2698412698412698% 2.5396825396825395%;text-align:left;border-radius:0px 0px 0px 0px;background:none\"><span style=\"font-weight: 700; color: #2d5897\">WR-V imp\u00f5e mais presen\u00e7a com 4,31 m, enquanto o Yaris Cross aposta em propor\u00e7\u00f5es compactas e visual urbano para a rotina.<\/span><\/span><\/span><\/p>\n<\/div>\n<\/div>\n<\/div>\n<\/div>\n<div style=\"position:absolute;pointer-events:none;left:5.82524%;top:-4.04531%;width:88.1068%;height:12.45955%;opacity:1\">\n<div id=\"anim-bf0fd756-96de-404b-9f49-0efec12f2a9b\" class=\"animation-wrapper\" style=\"width:100%;height:100%;display:block;position:absolute;top:0;left:0;--initial-opacity:0;--initial-transform:none\">\n<div id=\"anim-a1ea9de4-4fe1-45e3-a535-3f7b23cc0703\" class=\"animation-wrapper\" style=\"width:100%;height:100%;display:block;position:absolute;top:0;left:0;--initial-opacity:1;--initial-transform:translate3d(0px, -141.84702%, 0)\">\n<div style=\"pointer-events:initial;width:100%;height:100%;display:block;position:absolute;top:0;left:0;z-index:0\" class=\"mask\" id=\"el-0caecf99-df5b-48c5-9ff0-1e3aa0378b07\">\n<div style=\"position:absolute;width:100%;height:109.99998%;left:0%;top:-4.99999%\" data-leaf-element=\"true\"><amp-img layout=\"fill\" src=\"https:\/\/carro.blog.br\/wp-content\/uploads\/2025\/03\/logo-webstories-png.webp\" alt=\"logo-webstories\" srcSet=\"https:\/\/carro.blog.br\/wp-content\/uploads\/2025\/03\/logo-webstories-png.webp 1500w,https:\/\/carro.blog.br\/wp-content\/uploads\/2025\/03\/logo-webstories-900x210.webp 900w,https:\/\/carro.blog.br\/wp-content\/uploads\/2025\/03\/logo-webstories-768x179.webp 768w,https:\/\/carro.blog.br\/wp-content\/uploads\/2025\/03\/logo-webstories-150x35.webp 150w\" sizes=\"(min-width: 1024px) 40vh, 88vw\" disable-inline-width=\"true\"><\/amp-img><\/div>\n<\/div>\n<\/div>\n<\/div>\n<\/div>\n<\/div>\n<\/div>\n<p><\/amp-story-grid-layer><amp-story-page-outlink layout=\"nodisplay\" theme=\"light\"><a href=\"https:\/\/carro.blog.br\/yaris-cross-2025-e-honda-wr-v-vao-disputar-espaco-no-brasil-quem-vai-levar-a-melhor.html?tipo=amp\" rel=\"\">Arraste Para Cima<\/a><\/amp-story-page-outlink><\/amp-story-page><amp-story-page id=\"b2f0de50-52f2-438a-8243-6395eff8eb8f\"><amp-story-animation layout=\"nodisplay\" trigger=\"visibility\"><script type=\"application\/json\">[{\"selector\":\"#anim-1da94136-0905-41fe-aaca-d366a089a9f8 [data-leaf-element=\\\"true\\\"]\",\"keyframes\":{\"transform\":[\"translate(0%, 0%) scale(1.5)\",\"translate(0%, 0%) scale(1)\"]},\"delay\":0,\"duration\":100,\"easing\":\"cubic-bezier(.3,0,.55,1)\",\"fill\":\"forwards\"}]<\/script><\/amp-story-animation><amp-story-animation layout=\"nodisplay\" trigger=\"visibility\"><script type=\"application\/json\">[{\"selector\":\"#anim-51ed2c13-62ae-4ad8-86ea-570bd86e967d\",\"keyframes\":{\"opacity\":[0,1]},\"delay\":0,\"duration\":600,\"easing\":\"cubic-bezier(0.2, 0.6, 0.0, 1)\",\"fill\":\"both\"}]<\/script><\/amp-story-animation><amp-story-animation layout=\"nodisplay\" trigger=\"visibility\"><script type=\"application\/json\">[{\"selector\":\"#anim-cb46faed-1f53-4721-95f6-9299fd4b75fe\",\"keyframes\":{\"transform\":[\"translate3d(-115.2381%, 0px, 0)\",\"translate3d(0px, 0px, 0)\"]},\"delay\":0,\"duration\":600,\"easing\":\"cubic-bezier(0.2, 0.6, 0.0, 1)\",\"fill\":\"both\"}]<\/script><\/amp-story-animation><amp-story-animation layout=\"nodisplay\" trigger=\"visibility\"><script type=\"application\/json\">[{\"selector\":\"#anim-fce10d25-6e9e-48ba-9af1-a536c4798258\",\"keyframes\":{\"opacity\":[0,1]},\"delay\":0,\"duration\":600,\"easing\":\"cubic-bezier(0.2, 0.6, 0.0, 1)\",\"fill\":\"both\"}]<\/script><\/amp-story-animation><amp-story-animation layout=\"nodisplay\" trigger=\"visibility\"><script type=\"application\/json\">[{\"selector\":\"#anim-49d5766c-7c14-48bd-a317-5222085a2507\",\"keyframes\":{\"transform\":[\"translate3d(0px, -141.84702%, 0)\",\"translate3d(0px, 0px, 0)\"]},\"delay\":0,\"duration\":600,\"easing\":\"cubic-bezier(0.2, 0.6, 0.0, 1)\",\"fill\":\"both\"}]<\/script><\/amp-story-animation><amp-story-grid-layer template=\"vertical\" aspect-ratio=\"412:618\" class=\"grid-layer\"><\/p>\n<div class=\"page-fullbleed-area\" style=\"background-color:#fff\">\n<div class=\"page-safe-area\">\n<div style=\"position:absolute;pointer-events:none;left:0;top:-9.25926%;width:100%;height:118.51852%;opacity:1\">\n<div id=\"anim-1da94136-0905-41fe-aaca-d366a089a9f8\" class=\"animation-wrapper\" style=\"width:100%;height:100%;display:block;position:absolute;top:0;left:0\">\n<div style=\"pointer-events:initial;width:100%;height:100%;display:block;position:absolute;top:0;left:0;z-index:0\" class=\"mask\" id=\"el-3038d267-694f-44df-98a2-153435fde01c\">\n<div style=\"position:absolute;width:316.04939%;height:100%;left:-108.02469%;top:0%\" data-leaf-element=\"true\"><amp-video layout=\"fill\" autoplay=\"autoplay\" poster=\"https:\/\/cdn.coverr.co\/videos\/coverr-road-that-goes-through-the-fields-8172\/thumbnail?width=1920\" artwork=\"https:\/\/cdn.coverr.co\/videos\/coverr-road-that-goes-through-the-fields-8172\/thumbnail?width=1920\" title=\"Aerial shot of a road that goes through the fields. \" alt=\"Aerial shot of a road that goes through the fields. \" loop=\"loop\" noaudio=\"noaudio\" id=\"el-3038d267-694f-44df-98a2-153435fde01c-media\"><source type=\"video\/mp4\" src=\"https:\/\/cdn.coverr.co\/videos\/coverr-road-that-goes-through-the-fields-8172\/1080p.mp4\"\/><\/amp-video><\/div>\n<div class=\"element-overlay-area\" style=\"background-image:radial-gradient(ellipse 67% 67%, rgba(0,0,0,0) 0%, rgba(0,0,0,0.7) 100%)\"><\/div>\n<\/div>\n<\/div>\n<\/div>\n<div class=\"page-background-overlay-area\" style=\"background-image:radial-gradient(ellipse 67% 67%, rgba(0,0,0,0) 0%, rgba(0,0,0,0.7) 100%)\"><\/div>\n<\/div>\n<\/div>\n<p><\/amp-story-grid-layer><amp-story-grid-layer template=\"vertical\" aspect-ratio=\"412:618\" class=\"grid-layer\"><\/p>\n<div class=\"page-fullbleed-area\">\n<div class=\"page-safe-area\">\n<div style=\"position:absolute;pointer-events:none;left:11.65049%;top:30.74434%;width:76.45631%;height:27.34628%;opacity:1\">\n<div id=\"anim-51ed2c13-62ae-4ad8-86ea-570bd86e967d\" class=\"animation-wrapper\" style=\"width:100%;height:100%;display:block;position:absolute;top:0;left:0;--initial-opacity:0;--initial-transform:none\">\n<div id=\"anim-cb46faed-1f53-4721-95f6-9299fd4b75fe\" class=\"animation-wrapper\" style=\"width:100%;height:100%;display:block;position:absolute;top:0;left:0;--initial-opacity:1;--initial-transform:translate3d(-115.2381%, 0px, 0)\">\n<div style=\"pointer-events:initial;width:100%;height:100%;display:block;position:absolute;top:0;left:0;z-index:0;border-radius:0% 0% 0% 0% \/ 0% 0% 0% 0%\" id=\"el-6c39b28b-c643-4f11-8e7c-6287985f91e9\">\n<p class=\"fill text-wrapper\" style=\"white-space:pre-line;overflow-wrap:break-word;word-break:break-word;margin:0;font-family:&quot;Merriweather&quot;,serif;font-size:0.323625em;line-height:calc(1.3em + 0.39999999999999997em);text-align:left;padding:0;color:#000000;background-color:#fff;background:none\"><span style=\"display:block;position:relative;left:0;top:0;margin:-0.136507936507937% 0;-webkit-box-decoration-break:clone;box-decoration-break:clone\"><span style=\"background-color:#fff;-webkit-box-decoration-break:clone;box-decoration-break:clone;position:relative;padding:1.2698412698412698% 2.5396825396825395%;text-align:left;border-radius:0px 0px 0px 0px;color:transparent\"><span style=\"font-weight: 700\">Yaris Cross entrega proposta vers\u00e1til no uso di\u00e1rio, enquanto o WR-V avan\u00e7a em espa\u00e7o com 458 litros e entre-eixos de 2,65 m.<\/span><\/span><\/span><\/p>\n<p class=\"fill text-wrapper\" style=\"white-space:pre-line;overflow-wrap:break-word;word-break:break-word;margin:0;font-family:&quot;Merriweather&quot;,serif;font-size:0.323625em;line-height:calc(1.3em + 0.39999999999999997em);text-align:left;padding:0;color:#000000;background-color:#fff;background:none;position:absolute;top:0;left:0;right:0\" aria-hidden=\"true\"><span style=\"display:block;position:relative;left:0;top:0;margin:-0.136507936507937% 0;-webkit-box-decoration-break:clone;box-decoration-break:clone\"><span style=\"background-color:#fff;-webkit-box-decoration-break:clone;box-decoration-break:clone;position:relative;padding:1.2698412698412698% 2.5396825396825395%;text-align:left;border-radius:0px 0px 0px 0px;background:none\"><span style=\"font-weight: 700; color: #2d5897\">Yaris Cross entrega proposta vers\u00e1til no uso di\u00e1rio, enquanto o WR-V avan\u00e7a em espa\u00e7o com 458 litros e entre-eixos de 2,65 m.<\/span><\/span><\/span><\/p>\n<\/div>\n<\/div>\n<\/div>\n<\/div>\n<div style=\"position:absolute;pointer-events:none;left:5.82524%;top:-4.04531%;width:88.1068%;height:12.45955%;opacity:1\">\n<div id=\"anim-fce10d25-6e9e-48ba-9af1-a536c4798258\" class=\"animation-wrapper\" style=\"width:100%;height:100%;display:block;position:absolute;top:0;left:0;--initial-opacity:0;--initial-transform:none\">\n<div id=\"anim-49d5766c-7c14-48bd-a317-5222085a2507\" class=\"animation-wrapper\" style=\"width:100%;height:100%;display:block;position:absolute;top:0;left:0;--initial-opacity:1;--initial-transform:translate3d(0px, -141.84702%, 0)\">\n<div style=\"pointer-events:initial;width:100%;height:100%;display:block;position:absolute;top:0;left:0;z-index:0\" class=\"mask\" id=\"el-67f53a83-61f2-4c60-acb4-79174cc23515\">\n<div style=\"position:absolute;width:100%;height:109.99998%;left:0%;top:-4.99999%\" data-leaf-element=\"true\"><amp-img layout=\"fill\" src=\"https:\/\/carro.blog.br\/wp-content\/uploads\/2025\/03\/logo-webstories-png.webp\" alt=\"logo-webstories\" srcSet=\"https:\/\/carro.blog.br\/wp-content\/uploads\/2025\/03\/logo-webstories-png.webp 1500w,https:\/\/carro.blog.br\/wp-content\/uploads\/2025\/03\/logo-webstories-900x210.webp 900w,https:\/\/carro.blog.br\/wp-content\/uploads\/2025\/03\/logo-webstories-768x179.webp 768w,https:\/\/carro.blog.br\/wp-content\/uploads\/2025\/03\/logo-webstories-150x35.webp 150w\" sizes=\"(min-width: 1024px) 40vh, 88vw\" disable-inline-width=\"true\"><\/amp-img><\/div>\n<\/div>\n<\/div>\n<\/div>\n<\/div>\n<\/div>\n<\/div>\n<p><\/amp-story-grid-layer><amp-story-page-outlink layout=\"nodisplay\" theme=\"light\"><a href=\"https:\/\/carro.blog.br\/yaris-cross-2025-e-honda-wr-v-vao-disputar-espaco-no-brasil-quem-vai-levar-a-melhor.html?tipo=amp\" rel=\"\">Arraste Para Cima<\/a><\/amp-story-page-outlink><\/amp-story-page><amp-story-page id=\"27c67651-c966-4bf9-830e-8f0e88d0baf8\"><amp-story-animation layout=\"nodisplay\" trigger=\"visibility\"><script type=\"application\/json\">[{\"selector\":\"#anim-c57f2877-a43d-4025-9db0-c33702400e75 [data-leaf-element=\\\"true\\\"]\",\"keyframes\":{\"transform\":[\"translate(0%, 0%) scale(1.5)\",\"translate(0%, 0%) scale(1)\"]},\"delay\":0,\"duration\":100,\"easing\":\"cubic-bezier(.3,0,.55,1)\",\"fill\":\"forwards\"}]<\/script><\/amp-story-animation><amp-story-animation layout=\"nodisplay\" trigger=\"visibility\"><script type=\"application\/json\">[{\"selector\":\"#anim-70d6808e-e855-46ad-a3e5-e402f78a8cdd\",\"keyframes\":{\"opacity\":[0,1]},\"delay\":0,\"duration\":600,\"easing\":\"cubic-bezier(0.2, 0.6, 0.0, 1)\",\"fill\":\"both\"}]<\/script><\/amp-story-animation><amp-story-animation layout=\"nodisplay\" trigger=\"visibility\"><script type=\"application\/json\">[{\"selector\":\"#anim-fc14e79c-35dd-4665-8630-fbe5e8eb8c6d\",\"keyframes\":{\"transform\":[\"translate3d(-115.2381%, 0px, 0)\",\"translate3d(0px, 0px, 0)\"]},\"delay\":0,\"duration\":600,\"easing\":\"cubic-bezier(0.2, 0.6, 0.0, 1)\",\"fill\":\"both\"}]<\/script><\/amp-story-animation><amp-story-animation layout=\"nodisplay\" trigger=\"visibility\"><script type=\"application\/json\">[{\"selector\":\"#anim-6fd26406-fa63-4492-b793-d725ca05ce5c\",\"keyframes\":{\"opacity\":[0,1]},\"delay\":0,\"duration\":600,\"easing\":\"cubic-bezier(0.2, 0.6, 0.0, 1)\",\"fill\":\"both\"}]<\/script><\/amp-story-animation><amp-story-animation layout=\"nodisplay\" trigger=\"visibility\"><script type=\"application\/json\">[{\"selector\":\"#anim-a4757d45-3cb6-443e-848f-2b0141b66a78\",\"keyframes\":{\"transform\":[\"translate3d(0px, -141.84702%, 0)\",\"translate3d(0px, 0px, 0)\"]},\"delay\":0,\"duration\":600,\"easing\":\"cubic-bezier(0.2, 0.6, 0.0, 1)\",\"fill\":\"both\"}]<\/script><\/amp-story-animation><amp-story-grid-layer template=\"vertical\" aspect-ratio=\"412:618\" class=\"grid-layer\"><\/p>\n<div class=\"page-fullbleed-area\" style=\"background-color:#fff\">\n<div class=\"page-safe-area\">\n<div style=\"position:absolute;pointer-events:none;left:0;top:-9.25926%;width:100%;height:118.51852%;opacity:1\">\n<div id=\"anim-c57f2877-a43d-4025-9db0-c33702400e75\" class=\"animation-wrapper\" style=\"width:100%;height:100%;display:block;position:absolute;top:0;left:0\">\n<div style=\"pointer-events:initial;width:100%;height:100%;display:block;position:absolute;top:0;left:0;z-index:0\" class=\"mask\" id=\"el-9790b308-36b0-401a-876b-13a69ae52ec8\">\n<div style=\"position:absolute;width:316.04939%;height:100%;left:-108.02469%;top:0%\" data-leaf-element=\"true\"><amp-video layout=\"fill\" autoplay=\"autoplay\" poster=\"https:\/\/cdn.coverr.co\/videos\/coverr-road-that-goes-through-the-fields-8172\/thumbnail?width=1920\" artwork=\"https:\/\/cdn.coverr.co\/videos\/coverr-road-that-goes-through-the-fields-8172\/thumbnail?width=1920\" title=\"Aerial shot of a road that goes through the fields. \" alt=\"Aerial shot of a road that goes through the fields. \" loop=\"loop\" noaudio=\"noaudio\" id=\"el-9790b308-36b0-401a-876b-13a69ae52ec8-media\"><source type=\"video\/mp4\" src=\"https:\/\/cdn.coverr.co\/videos\/coverr-road-that-goes-through-the-fields-8172\/1080p.mp4\"\/><\/amp-video><\/div>\n<div class=\"element-overlay-area\" style=\"background-image:radial-gradient(ellipse 67% 67%, rgba(0,0,0,0) 0%, rgba(0,0,0,0.7) 100%)\"><\/div>\n<\/div>\n<\/div>\n<\/div>\n<div class=\"page-background-overlay-area\" style=\"background-image:radial-gradient(ellipse 67% 67%, rgba(0,0,0,0) 0%, rgba(0,0,0,0.7) 100%)\"><\/div>\n<\/div>\n<\/div>\n<p><\/amp-story-grid-layer><amp-story-grid-layer template=\"vertical\" aspect-ratio=\"412:618\" class=\"grid-layer\"><\/p>\n<div class=\"page-fullbleed-area\">\n<div class=\"page-safe-area\">\n<div style=\"position:absolute;pointer-events:none;left:11.65049%;top:30.74434%;width:76.45631%;height:27.34628%;opacity:1\">\n<div id=\"anim-70d6808e-e855-46ad-a3e5-e402f78a8cdd\" class=\"animation-wrapper\" style=\"width:100%;height:100%;display:block;position:absolute;top:0;left:0;--initial-opacity:0;--initial-transform:none\">\n<div id=\"anim-fc14e79c-35dd-4665-8630-fbe5e8eb8c6d\" class=\"animation-wrapper\" style=\"width:100%;height:100%;display:block;position:absolute;top:0;left:0;--initial-opacity:1;--initial-transform:translate3d(-115.2381%, 0px, 0)\">\n<div style=\"pointer-events:initial;width:100%;height:100%;display:block;position:absolute;top:0;left:0;z-index:0;border-radius:0% 0% 0% 0% \/ 0% 0% 0% 0%\" id=\"el-02a6fe2e-7704-4b43-bd28-0365ef95ece0\">\n<p class=\"fill text-wrapper\" style=\"white-space:pre-line;overflow-wrap:break-word;word-break:break-word;margin:0;font-family:&quot;Merriweather&quot;,serif;font-size:0.323625em;line-height:calc(1.3em + 0.39999999999999997em);text-align:left;padding:0;color:#000000;background-color:#fff;background:none\"><span style=\"display:block;position:relative;left:0;top:0;margin:-0.136507936507937% 0;-webkit-box-decoration-break:clone;box-decoration-break:clone\"><span style=\"background-color:#fff;-webkit-box-decoration-break:clone;box-decoration-break:clone;position:relative;padding:1.2698412698412698% 2.5396825396825395%;text-align:left;border-radius:0px 0px 0px 0px;color:transparent\"><span style=\"font-weight: 700\">WR-V se sobressai no desempenho com motor 1.5 flex de 126 cv, enquanto o Yaris Cross foca efici\u00eancia e futura vers\u00e3o h\u00edbrida.<\/span><\/span><\/span><\/p>\n<p class=\"fill text-wrapper\" style=\"white-space:pre-line;overflow-wrap:break-word;word-break:break-word;margin:0;font-family:&quot;Merriweather&quot;,serif;font-size:0.323625em;line-height:calc(1.3em + 0.39999999999999997em);text-align:left;padding:0;color:#000000;background-color:#fff;background:none;position:absolute;top:0;left:0;right:0\" aria-hidden=\"true\"><span style=\"display:block;position:relative;left:0;top:0;margin:-0.136507936507937% 0;-webkit-box-decoration-break:clone;box-decoration-break:clone\"><span style=\"background-color:#fff;-webkit-box-decoration-break:clone;box-decoration-break:clone;position:relative;padding:1.2698412698412698% 2.5396825396825395%;text-align:left;border-radius:0px 0px 0px 0px;background:none\"><span style=\"font-weight: 700; color: #2d5897\">WR-V se sobressai no desempenho com motor 1.5 flex de 126 cv, enquanto o Yaris Cross foca efici\u00eancia e futura vers\u00e3o h\u00edbrida.<\/span><\/span><\/span><\/p>\n<\/div>\n<\/div>\n<\/div>\n<\/div>\n<div style=\"position:absolute;pointer-events:none;left:5.82524%;top:-4.04531%;width:88.1068%;height:12.45955%;opacity:1\">\n<div id=\"anim-6fd26406-fa63-4492-b793-d725ca05ce5c\" class=\"animation-wrapper\" style=\"width:100%;height:100%;display:block;position:absolute;top:0;left:0;--initial-opacity:0;--initial-transform:none\">\n<div id=\"anim-a4757d45-3cb6-443e-848f-2b0141b66a78\" class=\"animation-wrapper\" style=\"width:100%;height:100%;display:block;position:absolute;top:0;left:0;--initial-opacity:1;--initial-transform:translate3d(0px, -141.84702%, 0)\">\n<div style=\"pointer-events:initial;width:100%;height:100%;display:block;position:absolute;top:0;left:0;z-index:0\" class=\"mask\" id=\"el-cdbba980-6c63-4d2a-8599-f144b0574ec5\">\n<div style=\"position:absolute;width:100%;height:109.99998%;left:0%;top:-4.99999%\" data-leaf-element=\"true\"><amp-img layout=\"fill\" src=\"https:\/\/carro.blog.br\/wp-content\/uploads\/2025\/03\/logo-webstories-png.webp\" alt=\"logo-webstories\" srcSet=\"https:\/\/carro.blog.br\/wp-content\/uploads\/2025\/03\/logo-webstories-png.webp 1500w,https:\/\/carro.blog.br\/wp-content\/uploads\/2025\/03\/logo-webstories-900x210.webp 900w,https:\/\/carro.blog.br\/wp-content\/uploads\/2025\/03\/logo-webstories-768x179.webp 768w,https:\/\/carro.blog.br\/wp-content\/uploads\/2025\/03\/logo-webstories-150x35.webp 150w\" sizes=\"(min-width: 1024px) 40vh, 88vw\" disable-inline-width=\"true\"><\/amp-img><\/div>\n<\/div>\n<\/div>\n<\/div>\n<\/div>\n<\/div>\n<\/div>\n<p><\/amp-story-grid-layer><amp-story-page-outlink layout=\"nodisplay\" theme=\"light\"><a href=\"https:\/\/carro.blog.br\/yaris-cross-2025-e-honda-wr-v-vao-disputar-espaco-no-brasil-quem-vai-levar-a-melhor.html?tipo=amp\" rel=\"\">Arraste Para Cima<\/a><\/amp-story-page-outlink><\/amp-story-page><amp-story-page id=\"6c4f3ef3-c335-4f31-927e-d9955bf249d9\"><amp-story-animation layout=\"nodisplay\" trigger=\"visibility\"><script type=\"application\/json\">[{\"selector\":\"#anim-d4b5b615-ac9f-4b81-879e-17aad5ae4d5a [data-leaf-element=\\\"true\\\"]\",\"keyframes\":{\"transform\":[\"translate(0%, 0%) scale(1.5)\",\"translate(0%, 0%) scale(1)\"]},\"delay\":0,\"duration\":100,\"easing\":\"cubic-bezier(.3,0,.55,1)\",\"fill\":\"forwards\"}]<\/script><\/amp-story-animation><amp-story-animation layout=\"nodisplay\" trigger=\"visibility\"><script type=\"application\/json\">[{\"selector\":\"#anim-ea196965-40c6-45ef-980c-df135a76f17e\",\"keyframes\":{\"opacity\":[0,1]},\"delay\":0,\"duration\":600,\"easing\":\"cubic-bezier(0.2, 0.6, 0.0, 1)\",\"fill\":\"both\"}]<\/script><\/amp-story-animation><amp-story-animation layout=\"nodisplay\" trigger=\"visibility\"><script type=\"application\/json\">[{\"selector\":\"#anim-90b36276-dfed-4514-8b99-744e829f5c89\",\"keyframes\":{\"transform\":[\"translate3d(-115.2381%, 0px, 0)\",\"translate3d(0px, 0px, 0)\"]},\"delay\":0,\"duration\":600,\"easing\":\"cubic-bezier(0.2, 0.6, 0.0, 1)\",\"fill\":\"both\"}]<\/script><\/amp-story-animation><amp-story-animation layout=\"nodisplay\" trigger=\"visibility\"><script type=\"application\/json\">[{\"selector\":\"#anim-e3e0209f-d906-4405-9e51-2bbdf2ab295c\",\"keyframes\":{\"opacity\":[0,1]},\"delay\":0,\"duration\":600,\"easing\":\"cubic-bezier(0.2, 0.6, 0.0, 1)\",\"fill\":\"both\"}]<\/script><\/amp-story-animation><amp-story-animation layout=\"nodisplay\" trigger=\"visibility\"><script type=\"application\/json\">[{\"selector\":\"#anim-f0bc2890-459e-4060-bcc3-a357a29cfc82\",\"keyframes\":{\"transform\":[\"translate3d(0px, -141.84702%, 0)\",\"translate3d(0px, 0px, 0)\"]},\"delay\":0,\"duration\":600,\"easing\":\"cubic-bezier(0.2, 0.6, 0.0, 1)\",\"fill\":\"both\"}]<\/script><\/amp-story-animation><amp-story-grid-layer template=\"vertical\" aspect-ratio=\"412:618\" class=\"grid-layer\"><\/p>\n<div class=\"page-fullbleed-area\" style=\"background-color:#fff\">\n<div class=\"page-safe-area\">\n<div style=\"position:absolute;pointer-events:none;left:0;top:-9.25926%;width:100%;height:118.51852%;opacity:1\">\n<div id=\"anim-d4b5b615-ac9f-4b81-879e-17aad5ae4d5a\" class=\"animation-wrapper\" style=\"width:100%;height:100%;display:block;position:absolute;top:0;left:0\">\n<div style=\"pointer-events:initial;width:100%;height:100%;display:block;position:absolute;top:0;left:0;z-index:0\" class=\"mask\" id=\"el-77f576d3-f909-46de-85dc-93e32cd226d7\">\n<div style=\"position:absolute;width:316.04939%;height:100%;left:-108.02469%;top:0%\" data-leaf-element=\"true\"><amp-video layout=\"fill\" autoplay=\"autoplay\" poster=\"https:\/\/cdn.coverr.co\/videos\/coverr-road-that-goes-through-the-fields-8172\/thumbnail?width=1920\" artwork=\"https:\/\/cdn.coverr.co\/videos\/coverr-road-that-goes-through-the-fields-8172\/thumbnail?width=1920\" title=\"Aerial shot of a road that goes through the fields. \" alt=\"Aerial shot of a road that goes through the fields. \" loop=\"loop\" noaudio=\"noaudio\" id=\"el-77f576d3-f909-46de-85dc-93e32cd226d7-media\"><source type=\"video\/mp4\" src=\"https:\/\/cdn.coverr.co\/videos\/coverr-road-that-goes-through-the-fields-8172\/1080p.mp4\"\/><\/amp-video><\/div>\n<div class=\"element-overlay-area\" style=\"background-image:radial-gradient(ellipse 67% 67%, rgba(0,0,0,0) 0%, rgba(0,0,0,0.7) 100%)\"><\/div>\n<\/div>\n<\/div>\n<\/div>\n<div class=\"page-background-overlay-area\" style=\"background-image:radial-gradient(ellipse 67% 67%, rgba(0,0,0,0) 0%, rgba(0,0,0,0.7) 100%)\"><\/div>\n<\/div>\n<\/div>\n<p><\/amp-story-grid-layer><amp-story-grid-layer template=\"vertical\" aspect-ratio=\"412:618\" class=\"grid-layer\"><\/p>\n<div class=\"page-fullbleed-area\">\n<div class=\"page-safe-area\">\n<div style=\"position:absolute;pointer-events:none;left:11.65049%;top:30.74434%;width:76.45631%;height:27.34628%;opacity:1\">\n<div id=\"anim-ea196965-40c6-45ef-980c-df135a76f17e\" class=\"animation-wrapper\" style=\"width:100%;height:100%;display:block;position:absolute;top:0;left:0;--initial-opacity:0;--initial-transform:none\">\n<div id=\"anim-90b36276-dfed-4514-8b99-744e829f5c89\" class=\"animation-wrapper\" style=\"width:100%;height:100%;display:block;position:absolute;top:0;left:0;--initial-opacity:1;--initial-transform:translate3d(-115.2381%, 0px, 0)\">\n<div style=\"pointer-events:initial;width:100%;height:100%;display:block;position:absolute;top:0;left:0;z-index:0;border-radius:0% 0% 0% 0% \/ 0% 0% 0% 0%\" id=\"el-ca0698c4-ebe8-47a2-b722-9cdd12ba518d\">\n<p class=\"fill text-wrapper\" style=\"white-space:pre-line;overflow-wrap:break-word;word-break:break-word;margin:0;font-family:&quot;Merriweather&quot;,serif;font-size:0.323625em;line-height:calc(1.3em + 0.39999999999999997em);text-align:left;padding:0;color:#000000;background-color:#fff;background:none\"><span style=\"display:block;position:relative;left:0;top:0;margin:-0.136507936507937% 0;-webkit-box-decoration-break:clone;box-decoration-break:clone\"><span style=\"background-color:#fff;-webkit-box-decoration-break:clone;box-decoration-break:clone;position:relative;padding:1.2698412698412698% 2.5396825396825395%;text-align:left;border-radius:0px 0px 0px 0px;color:transparent\"><span style=\"font-weight: 700\">Yaris Cross traz pacote Toyota tradicional, enquanto o WR-V eleva o n\u00edvel com multim\u00eddia 10,25&#8243;, painel 7&#8243; e Honda Sensing.<\/span><\/span><\/span><\/p>\n<p class=\"fill text-wrapper\" style=\"white-space:pre-line;overflow-wrap:break-word;word-break:break-word;margin:0;font-family:&quot;Merriweather&quot;,serif;font-size:0.323625em;line-height:calc(1.3em + 0.39999999999999997em);text-align:left;padding:0;color:#000000;background-color:#fff;background:none;position:absolute;top:0;left:0;right:0\" aria-hidden=\"true\"><span style=\"display:block;position:relative;left:0;top:0;margin:-0.136507936507937% 0;-webkit-box-decoration-break:clone;box-decoration-break:clone\"><span style=\"background-color:#fff;-webkit-box-decoration-break:clone;box-decoration-break:clone;position:relative;padding:1.2698412698412698% 2.5396825396825395%;text-align:left;border-radius:0px 0px 0px 0px;background:none\"><span style=\"font-weight: 700; color: #2d5897\">Yaris Cross traz pacote Toyota tradicional, enquanto o WR-V eleva o n\u00edvel com multim\u00eddia 10,25&#8243;, painel 7&#8243; e Honda Sensing.<\/span><\/span><\/span><\/p>\n<\/div>\n<\/div>\n<\/div>\n<\/div>\n<div style=\"position:absolute;pointer-events:none;left:5.82524%;top:-4.04531%;width:88.1068%;height:12.45955%;opacity:1\">\n<div id=\"anim-e3e0209f-d906-4405-9e51-2bbdf2ab295c\" class=\"animation-wrapper\" style=\"width:100%;height:100%;display:block;position:absolute;top:0;left:0;--initial-opacity:0;--initial-transform:none\">\n<div id=\"anim-f0bc2890-459e-4060-bcc3-a357a29cfc82\" class=\"animation-wrapper\" style=\"width:100%;height:100%;display:block;position:absolute;top:0;left:0;--initial-opacity:1;--initial-transform:translate3d(0px, -141.84702%, 0)\">\n<div style=\"pointer-events:initial;width:100%;height:100%;display:block;position:absolute;top:0;left:0;z-index:0\" class=\"mask\" id=\"el-9e5c2d0c-5e32-4a25-8162-ecc0631a9179\">\n<div style=\"position:absolute;width:100%;height:109.99998%;left:0%;top:-4.99999%\" data-leaf-element=\"true\"><amp-img layout=\"fill\" src=\"https:\/\/carro.blog.br\/wp-content\/uploads\/2025\/03\/logo-webstories-png.webp\" alt=\"logo-webstories\" srcSet=\"https:\/\/carro.blog.br\/wp-content\/uploads\/2025\/03\/logo-webstories-png.webp 1500w,https:\/\/carro.blog.br\/wp-content\/uploads\/2025\/03\/logo-webstories-900x210.webp 900w,https:\/\/carro.blog.br\/wp-content\/uploads\/2025\/03\/logo-webstories-768x179.webp 768w,https:\/\/carro.blog.br\/wp-content\/uploads\/2025\/03\/logo-webstories-150x35.webp 150w\" sizes=\"(min-width: 1024px) 40vh, 88vw\" disable-inline-width=\"true\"><\/amp-img><\/div>\n<\/div>\n<\/div>\n<\/div>\n<\/div>\n<\/div>\n<\/div>\n<p><\/amp-story-grid-layer><amp-story-page-outlink layout=\"nodisplay\" theme=\"light\"><a href=\"https:\/\/carro.blog.br\/yaris-cross-2025-e-honda-wr-v-vao-disputar-espaco-no-brasil-quem-vai-levar-a-melhor.html?tipo=amp\" rel=\"\">Arraste Para Cima<\/a><\/amp-story-page-outlink><\/amp-story-page><amp-story-page id=\"786e6860-2a06-4f16-9304-6375352ad7f9\"><amp-story-animation layout=\"nodisplay\" trigger=\"visibility\"><script type=\"application\/json\">[{\"selector\":\"#anim-d7af8afd-968b-4e62-af75-a19fae87e82f [data-leaf-element=\\\"true\\\"]\",\"keyframes\":{\"transform\":[\"translate(0%, 0%) scale(1.5)\",\"translate(0%, 0%) scale(1)\"]},\"delay\":0,\"duration\":100,\"easing\":\"cubic-bezier(.3,0,.55,1)\",\"fill\":\"forwards\"}]<\/script><\/amp-story-animation><amp-story-animation layout=\"nodisplay\" trigger=\"visibility\"><script type=\"application\/json\">[{\"selector\":\"#anim-a7129d6a-4386-44f3-9b16-d653c2601251\",\"keyframes\":{\"opacity\":[0,1]},\"delay\":0,\"duration\":600,\"easing\":\"cubic-bezier(0.2, 0.6, 0.0, 1)\",\"fill\":\"both\"}]<\/script><\/amp-story-animation><amp-story-animation layout=\"nodisplay\" trigger=\"visibility\"><script type=\"application\/json\">[{\"selector\":\"#anim-c818b8b0-1690-4bb9-a918-ba195cf83a6d\",\"keyframes\":{\"transform\":[\"translate3d(-115.2381%, 0px, 0)\",\"translate3d(0px, 0px, 0)\"]},\"delay\":0,\"duration\":600,\"easing\":\"cubic-bezier(0.2, 0.6, 0.0, 1)\",\"fill\":\"both\"}]<\/script><\/amp-story-animation><amp-story-animation layout=\"nodisplay\" trigger=\"visibility\"><script type=\"application\/json\">[{\"selector\":\"#anim-dda10abe-6e1c-45ef-b30a-bd7cc07380be\",\"keyframes\":{\"opacity\":[0,1]},\"delay\":0,\"duration\":600,\"easing\":\"cubic-bezier(0.2, 0.6, 0.0, 1)\",\"fill\":\"both\"}]<\/script><\/amp-story-animation><amp-story-animation layout=\"nodisplay\" trigger=\"visibility\"><script type=\"application\/json\">[{\"selector\":\"#anim-c8c5215a-957d-47a4-bfc1-c971c1b2cc8a\",\"keyframes\":{\"transform\":[\"translate3d(0px, -141.84702%, 0)\",\"translate3d(0px, 0px, 0)\"]},\"delay\":0,\"duration\":600,\"easing\":\"cubic-bezier(0.2, 0.6, 0.0, 1)\",\"fill\":\"both\"}]<\/script><\/amp-story-animation><amp-story-grid-layer template=\"vertical\" aspect-ratio=\"412:618\" class=\"grid-layer\"><\/p>\n<div class=\"page-fullbleed-area\" style=\"background-color:#fff\">\n<div class=\"page-safe-area\">\n<div style=\"position:absolute;pointer-events:none;left:0;top:-9.25926%;width:100%;height:118.51852%;opacity:1\">\n<div id=\"anim-d7af8afd-968b-4e62-af75-a19fae87e82f\" class=\"animation-wrapper\" style=\"width:100%;height:100%;display:block;position:absolute;top:0;left:0\">\n<div style=\"pointer-events:initial;width:100%;height:100%;display:block;position:absolute;top:0;left:0;z-index:0\" class=\"mask\" id=\"el-ab3a086f-d3ea-46da-ba83-a021db164c65\">\n<div style=\"position:absolute;width:316.04939%;height:100%;left:-108.02469%;top:0%\" data-leaf-element=\"true\"><amp-video layout=\"fill\" autoplay=\"autoplay\" poster=\"https:\/\/cdn.coverr.co\/videos\/coverr-road-that-goes-through-the-fields-8172\/thumbnail?width=1920\" artwork=\"https:\/\/cdn.coverr.co\/videos\/coverr-road-that-goes-through-the-fields-8172\/thumbnail?width=1920\" title=\"Aerial shot of a road that goes through the fields. \" alt=\"Aerial shot of a road that goes through the fields. \" loop=\"loop\" noaudio=\"noaudio\" id=\"el-ab3a086f-d3ea-46da-ba83-a021db164c65-media\"><source type=\"video\/mp4\" src=\"https:\/\/cdn.coverr.co\/videos\/coverr-road-that-goes-through-the-fields-8172\/1080p.mp4\"\/><\/amp-video><\/div>\n<div class=\"element-overlay-area\" style=\"background-image:radial-gradient(ellipse 67% 67%, rgba(0,0,0,0) 0%, rgba(0,0,0,0.7) 100%)\"><\/div>\n<\/div>\n<\/div>\n<\/div>\n<div class=\"page-background-overlay-area\" style=\"background-image:radial-gradient(ellipse 67% 67%, rgba(0,0,0,0) 0%, rgba(0,0,0,0.7) 100%)\"><\/div>\n<\/div>\n<\/div>\n<p><\/amp-story-grid-layer><amp-story-grid-layer template=\"vertical\" aspect-ratio=\"412:618\" class=\"grid-layer\"><\/p>\n<div class=\"page-fullbleed-area\">\n<div class=\"page-safe-area\">\n<div style=\"position:absolute;pointer-events:none;left:11.65049%;top:30.74434%;width:76.45631%;height:33.00971%;opacity:1\">\n<div id=\"anim-a7129d6a-4386-44f3-9b16-d653c2601251\" class=\"animation-wrapper\" style=\"width:100%;height:100%;display:block;position:absolute;top:0;left:0;--initial-opacity:0;--initial-transform:none\">\n<div id=\"anim-c818b8b0-1690-4bb9-a918-ba195cf83a6d\" class=\"animation-wrapper\" style=\"width:100%;height:100%;display:block;position:absolute;top:0;left:0;--initial-opacity:1;--initial-transform:translate3d(-115.2381%, 0px, 0)\">\n<div style=\"pointer-events:initial;width:100%;height:100%;display:block;position:absolute;top:0;left:0;z-index:0;border-radius:0% 0% 0% 0% \/ 0% 0% 0% 0%\" id=\"el-6186d371-d1dd-4b93-b00e-1a578abcf71e\">\n<p class=\"fill text-wrapper\" style=\"white-space:pre-line;overflow-wrap:break-word;word-break:break-word;margin:0;font-family:&quot;Merriweather&quot;,serif;font-size:0.323625em;line-height:calc(1.3em + 0.39999999999999997em);text-align:left;padding:0;color:#000000;background-color:#fff;background:none\"><span style=\"display:block;position:relative;left:0;top:0;margin:-0.136507936507937% 0;-webkit-box-decoration-break:clone;box-decoration-break:clone\"><span style=\"background-color:#fff;-webkit-box-decoration-break:clone;box-decoration-break:clone;position:relative;padding:1.2698412698412698% 2.5396825396825395%;text-align:left;border-radius:0px 0px 0px 0px;color:transparent\"><span style=\"font-weight: 700\">WR-V parte de R$144.900 na vers\u00e3o EX e chega a R$149.900 na EXL, enquanto o Yaris Cross varia de R$161.390 a R$189.990 entre op\u00e7\u00f5es a combust\u00e3o e h\u00edbridas.<\/span><\/span><\/span><\/p>\n<p class=\"fill text-wrapper\" style=\"white-space:pre-line;overflow-wrap:break-word;word-break:break-word;margin:0;font-family:&quot;Merriweather&quot;,serif;font-size:0.323625em;line-height:calc(1.3em + 0.39999999999999997em);text-align:left;padding:0;color:#000000;background-color:#fff;background:none;position:absolute;top:0;left:0;right:0\" aria-hidden=\"true\"><span style=\"display:block;position:relative;left:0;top:0;margin:-0.136507936507937% 0;-webkit-box-decoration-break:clone;box-decoration-break:clone\"><span style=\"background-color:#fff;-webkit-box-decoration-break:clone;box-decoration-break:clone;position:relative;padding:1.2698412698412698% 2.5396825396825395%;text-align:left;border-radius:0px 0px 0px 0px;background:none\"><span style=\"font-weight: 700; color: #2d5897\">WR-V parte de R$144.900 na vers\u00e3o EX e chega a R$149.900 na EXL, enquanto o Yaris Cross varia de R$161.390 a R$189.990 entre op\u00e7\u00f5es a combust\u00e3o e h\u00edbridas.<\/span><\/span><\/span><\/p>\n<\/div>\n<\/div>\n<\/div>\n<\/div>\n<div style=\"position:absolute;pointer-events:none;left:5.82524%;top:-4.04531%;width:88.1068%;height:12.45955%;opacity:1\">\n<div id=\"anim-dda10abe-6e1c-45ef-b30a-bd7cc07380be\" class=\"animation-wrapper\" style=\"width:100%;height:100%;display:block;position:absolute;top:0;left:0;--initial-opacity:0;--initial-transform:none\">\n<div id=\"anim-c8c5215a-957d-47a4-bfc1-c971c1b2cc8a\" class=\"animation-wrapper\" style=\"width:100%;height:100%;display:block;position:absolute;top:0;left:0;--initial-opacity:1;--initial-transform:translate3d(0px, -141.84702%, 0)\">\n<div style=\"pointer-events:initial;width:100%;height:100%;display:block;position:absolute;top:0;left:0;z-index:0\" class=\"mask\" id=\"el-703336ac-f74c-4706-91d0-7ce86d8799d2\">\n<div style=\"position:absolute;width:100%;height:109.99998%;left:0%;top:-4.99999%\" data-leaf-element=\"true\"><amp-img layout=\"fill\" src=\"https:\/\/carro.blog.br\/wp-content\/uploads\/2025\/03\/logo-webstories-png.webp\" alt=\"logo-webstories\" srcSet=\"https:\/\/carro.blog.br\/wp-content\/uploads\/2025\/03\/logo-webstories-png.webp 1500w,https:\/\/carro.blog.br\/wp-content\/uploads\/2025\/03\/logo-webstories-900x210.webp 900w,https:\/\/carro.blog.br\/wp-content\/uploads\/2025\/03\/logo-webstories-768x179.webp 768w,https:\/\/carro.blog.br\/wp-content\/uploads\/2025\/03\/logo-webstories-150x35.webp 150w\" sizes=\"(min-width: 1024px) 40vh, 88vw\" disable-inline-width=\"true\"><\/amp-img><\/div>\n<\/div>\n<\/div>\n<\/div>\n<\/div>\n<\/div>\n<\/div>\n<p><\/amp-story-grid-layer><amp-story-page-outlink layout=\"nodisplay\" theme=\"light\"><a href=\"https:\/\/carro.blog.br\/yaris-cross-2025-e-honda-wr-v-vao-disputar-espaco-no-brasil-quem-vai-levar-a-melhor.html?tipo=amp\" rel=\"\">Arraste Para Cima<\/a><\/amp-story-page-outlink><\/amp-story-page><\/amp-story><\/body><\/html><\/p>\n","protected":false},"excerpt":{"rendered":"<p>WR-V imp\u00f5e mais presen\u00e7a com 4,31 m, enquanto o Yaris Cross aposta em propor\u00e7\u00f5es compactas e visual urbano para a rotina.<\/p>\n","protected":false},"author":1,"featured_media":258,"template":"","meta":{"web_stories_publisher_logo":147,"web_stories_poster":[],"web_stories_products":[],"footnotes":""},"web_story_category":[],"web_story_tag":[],"class_list":["post-256","web-story","type-web-story","status-publish","has-post-thumbnail","hentry"],"story_data":{"version":47,"pages":[{"elements":[{"opacity":100,"flip":{"vertical":false,"horizontal":false},"rotationAngle":0,"lockAspectRatio":true,"backgroundColor":{"color":{"r":196,"g":196,"b":196}},"x":1,"y":1,"width":1,"height":1,"mask":{"type":"rectangle"},"isBackground":true,"isDefaultBackground":true,"id":"3da49ecf-a6a6-4089-9ed8-1cb1770c1959","type":"shape"},{"opacity":100,"flip":{"vertical":false,"horizontal":false},"rotationAngle":0,"lockAspectRatio":true,"backgroundTextMode":"NONE","font":{"family":"Merriweather"},"fontSize":26,"backgroundColor":{"color":{"r":45,"g":88,"b":151}},"lineHeight":1.3000000000000000444089209850062616169452667236328125,"textAlign":"left","padding":{"locked":true,"hasHiddenPadding":false,"horizontal":0,"vertical":0},"content":"<span style=\"font-weight: 700; color: #4285f4\">Toyota Yaris Cross 2026 ou Honda WR-V 2026: qual melhor SUV compacto?<\/span>","x":48,"y":395,"width":316,"height":134,"basedOn":"96988eb0-6289-4894-8c84-19ccdf8569a7","id":"a6358316-7a8f-452b-b918-a49a6afc24a0","type":"text"},{"opacity":100,"flip":{"vertical":false,"horizontal":false},"rotationAngle":0,"lockAspectRatio":false,"scale":100,"focalX":50,"focalY":50,"resource":{"type":"image","mimeType":"image\/webp","width":1300,"height":813,"sizes":{"medium":{"file":"alan-correa-2026-400x250.webp","width":400,"height":250,"filesize":17204,"sources":{"image\/webp":{"file":"alan-correa-2026-400x250.webp","filesize":17204,"sourceUrl":"https:\/\/carro.blog.br\/comparativo\/wp-content\/uploads\/2025\/12\/alan-correa-2026-400x250.webp"}},"mimeType":"image\/webp","sourceUrl":"https:\/\/carro.blog.br\/comparativo\/wp-content\/uploads\/2025\/12\/alan-correa-2026-400x250.webp"},"thumbnail":{"file":"alan-correa-2026-900x563.webp","width":900,"height":563,"filesize":42646,"sources":{"image\/webp":{"file":"alan-correa-2026-900x563.webp","filesize":42646,"sourceUrl":"https:\/\/carro.blog.br\/comparativo\/wp-content\/uploads\/2025\/12\/alan-correa-2026-900x563.webp"}},"mimeType":"image\/webp","sourceUrl":"https:\/\/carro.blog.br\/comparativo\/wp-content\/uploads\/2025\/12\/alan-correa-2026-900x563.webp"},"medium_large":{"file":"alan-correa-2026-768x480.webp","width":768,"height":480,"filesize":35520,"sources":{"image\/webp":{"file":"alan-correa-2026-768x480.webp","filesize":35520,"sourceUrl":"https:\/\/carro.blog.br\/comparativo\/wp-content\/uploads\/2025\/12\/alan-correa-2026-768x480.webp"}},"mimeType":"image\/webp","sourceUrl":"https:\/\/carro.blog.br\/comparativo\/wp-content\/uploads\/2025\/12\/alan-correa-2026-768x480.webp"},"web-stories-poster-portrait":{"file":"alan-correa-2026-640x813.webp","width":640,"height":813,"filesize":32030,"mimeType":"image\/webp","sourceUrl":"https:\/\/carro.blog.br\/comparativo\/wp-content\/uploads\/2025\/12\/alan-correa-2026-640x813.webp"},"web-stories-publisher-logo":{"file":"alan-correa-2026-96x96.webp","width":96,"height":96,"filesize":2782,"mimeType":"image\/webp","sourceUrl":"https:\/\/carro.blog.br\/comparativo\/wp-content\/uploads\/2025\/12\/alan-correa-2026-96x96.webp"},"web-stories-thumbnail":{"file":"alan-correa-2026-150x94.webp","width":150,"height":94,"filesize":4506,"mimeType":"image\/webp","sourceUrl":"https:\/\/carro.blog.br\/comparativo\/wp-content\/uploads\/2025\/12\/alan-correa-2026-150x94.webp"},"full":{"file":"alan-correa-2026.webp","width":1300,"height":813,"mimeType":"image\/webp","sourceUrl":"https:\/\/carro.blog.br\/comparativo\/wp-content\/uploads\/2025\/12\/alan-correa-2026.webp","sources":{"image\/webp":{"file":"alan-correa-2026.webp","filesize":68826,"sourceUrl":"https:\/\/carro.blog.br\/comparativo\/wp-content\/uploads\/2025\/12\/alan-correa-2026.webp"}}}},"isPlaceholder":false,"isExternal":false,"needsProxy":false,"baseColor":"#d46934","blurHash":"USINBkOSI;V[~WRjRjWB}8%0oyah0KxatRs:","creationDate":"2025-12-10T13:47:10","src":"https:\/\/carro.blog.br\/comparativo\/wp-content\/uploads\/2025\/12\/alan-correa-2026.webp","id":257,"alt":"alan-correa-2026","local":false,"provider":"local"},"controls":false,"loop":true,"autoPlay":true,"volume":1,"tracks":[],"x":7,"y":10,"width":405,"height":275,"mask":{"type":"rectangle","showInLibrary":true,"name":"Rectangle","path":"M 0,0 1,0 1,1 0,1 0,0 Z","ratio":1,"supportsBorder":true},"id":"9d29b571-da35-4b22-a3f0-54a366ee71df","basedOn":"b65b9621-504e-4187-adcf-7c8476322506","borderRadius":{"topLeft":10,"topRight":0,"bottomRight":0,"bottomLeft":10,"locked":false},"alt":"Carro.Blog.Br","border":{"left":1,"right":1,"top":1,"bottom":1,"lockedWidth":true,"color":{"color":{"r":0,"g":0,"b":0}}},"type":"image"},{"opacity":100,"flip":{"vertical":false,"horizontal":false},"rotationAngle":0,"lockAspectRatio":false,"backgroundColor":{"color":{"r":255,"g":255,"b":255}},"width":137,"height":27,"x":-80,"y":292,"mask":{"type":"rectangle"},"id":"64a0dd43-fcc8-40eb-a14b-4c7558e535ac","groupId":null,"type":"shape"},{"opacity":100,"flip":{"vertical":false,"horizontal":false},"rotationAngle":0,"lockAspectRatio":true,"backgroundTextMode":"HIGHLIGHT","font":{"family":"Merriweather"},"fontSize":15,"backgroundColor":{"color":{"r":255,"g":255,"b":255}},"lineHeight":1,"textAlign":"left","padding":{"locked":true,"hasHiddenPadding":true,"horizontal":8,"vertical":4},"content":"<span style=\"font-weight: 700; color: #2d5897\">Por Carro.Blog.Br \/ {nomedoautor}<\/span>","marginOffset":5.578125,"x":40,"y":292,"width":316,"height":27,"basedOn":"714857eb-6e7f-45bc-b781-1661045b2b61","id":"00d148cd-c575-4367-95be-e5e687d91249","borderRadius":{"topLeft":10,"topRight":10,"bottomRight":10,"bottomLeft":10,"locked":true},"groupId":null,"type":"text"},{"opacity":100,"flip":{"vertical":false,"horizontal":false},"rotationAngle":0,"lockAspectRatio":true,"backgroundTextMode":"NONE","font":{"family":"Merriweather"},"fontSize":20,"backgroundColor":{"color":{"r":0,"g":0,"b":0}},"lineHeight":1.5,"textAlign":"left","padding":{"locked":true,"hasHiddenPadding":false,"horizontal":0,"vertical":0},"content":"<span style=\"font-weight: 700; color: #2d5897\">{datadehoje}<\/span>","x":48,"y":334,"width":315,"height":25,"basedOn":"02fa0e27-95ee-4d9c-b2ff-92afda5f2b9f","id":"13a27c96-6500-4b1e-a754-062594288c5d","borderRadius":{"topLeft":0,"topRight":0,"bottomRight":0,"bottomLeft":0,"locked":true},"type":"text"},{"opacity":100,"flip":{"vertical":false,"horizontal":false},"rotationAngle":0,"lockAspectRatio":false,"scale":100,"focalX":50,"focalY":50,"resource":{"type":"image","mimeType":"image\/png","width":1500,"height":350,"sizes":{"medium":{"file":"logo-webstories-350x82.webp","width":350,"height":82,"filesize":3220,"sources":{"image\/webp":{"file":"logo-webstories-350x82.webp","filesize":3220,"sourceUrl":"https:\/\/carro.blog.br\/wp-content\/uploads\/2025\/03\/logo-webstories-350x82.webp"}},"mimeType":"image\/webp","sourceUrl":"https:\/\/carro.blog.br\/wp-content\/uploads\/2025\/03\/logo-webstories-350x82.webp"},"thumbnail":{"file":"logo-webstories-900x210.webp","width":900,"height":210,"filesize":9158,"sources":{"image\/webp":{"file":"logo-webstories-900x210.webp","filesize":9158,"sourceUrl":"https:\/\/carro.blog.br\/wp-content\/uploads\/2025\/03\/logo-webstories-900x210.webp"}},"mimeType":"image\/webp","sourceUrl":"https:\/\/carro.blog.br\/wp-content\/uploads\/2025\/03\/logo-webstories-900x210.webp"},"medium_large":{"file":"logo-webstories-768x179.webp","width":768,"height":179,"filesize":7634,"sources":{"image\/webp":{"file":"logo-webstories-768x179.webp","filesize":7634,"sourceUrl":"https:\/\/carro.blog.br\/wp-content\/uploads\/2025\/03\/logo-webstories-768x179.webp"}},"mimeType":"image\/webp","sourceUrl":"https:\/\/carro.blog.br\/wp-content\/uploads\/2025\/03\/logo-webstories-768x179.webp"},"web-stories-poster-portrait":{"file":"logo-webstories-640x350.webp","width":640,"height":350,"filesize":7132,"mimeType":"image\/webp","sourceUrl":"https:\/\/carro.blog.br\/wp-content\/uploads\/2025\/03\/logo-webstories-640x350.webp"},"web-stories-publisher-logo":{"file":"logo-webstories-96x96.webp","width":96,"height":96,"filesize":1230,"mimeType":"image\/webp","sourceUrl":"https:\/\/carro.blog.br\/wp-content\/uploads\/2025\/03\/logo-webstories-96x96.webp"},"web-stories-thumbnail":{"file":"logo-webstories-150x35.webp","width":150,"height":35,"filesize":1360,"mimeType":"image\/webp","sourceUrl":"https:\/\/carro.blog.br\/wp-content\/uploads\/2025\/03\/logo-webstories-150x35.webp"},"full":{"file":"logo-webstories-png.webp","width":1500,"height":350,"mimeType":"image\/png","sourceUrl":"https:\/\/carro.blog.br\/wp-content\/uploads\/2025\/03\/logo-webstories-png.webp","sources":{"image\/webp":{"file":"logo-webstories-png.webp","filesize":17298,"sourceUrl":"https:\/\/carro.blog.br\/wp-content\/uploads\/2025\/03\/logo-webstories-png.webp"}}}},"isPlaceholder":false,"isExternal":false,"needsProxy":false,"baseColor":"#567299","blurHash":"UDAw9+}*m%tRs.oej[WX005ZpKM{NHR+ays,","creationDate":"2025-03-09T18:04:13","src":"https:\/\/carro.blog.br\/wp-content\/uploads\/2025\/03\/logo-webstories-png.webp","id":86727,"alt":"logo-webstories","local":false},"x":24,"y":-25,"width":363,"height":77,"mask":{"type":"rectangle","showInLibrary":true,"name":"Ret\u00e2ngulo","path":"M 0,0 1,0 1,1 0,1 0,0 Z","ratio":1,"supportsBorder":true},"id":"437ddd3f-9f11-4847-997f-7e2cdcdbf11c","type":"image"}],"backgroundColor":{"color":{"r":255,"g":255,"b":255}},"animations":[],"id":"454c7b87-7f1b-4a4e-9d5d-d214b523b51e","pageAttachment":{"url":"https:\/\/carro.blog.br\/yaris-cross-2025-e-honda-wr-v-vao-disputar-espaco-no-brasil-quem-vai-levar-a-melhor.html?tipo=amp","icon":"","needsProxy":false,"theme":"dark","ctaText":"Arraste Para Cima"},"image":{"id":182,"height":1200,"width":800,"url":"https:\/\/carro.blog.br\/comparativo\/wp-content\/uploads\/2025\/12\/web-stories-page-template-181.webp","needsProxy":false,"isExternal":false}},{"elements":[{"opacity":100,"flip":{"vertical":false,"horizontal":false},"rotationAngle":0,"lockAspectRatio":true,"scale":100,"focalX":50,"focalY":50,"resource":{"type":"video","mimeType":"video\/mp4","width":3840,"height":2160,"sizes":{"full":{"file":"media\/coverr:lOBFIJnPmy","sourceUrl":"https:\/\/cdn.coverr.co\/videos\/coverr-road-that-goes-through-the-fields-8172\/1080p.mp4","mimeType":"video\/mp4","width":3840,"height":2160},"preview":{"file":"media\/coverr:lOBFIJnPmy","sourceUrl":"https:\/\/cdn.coverr.co\/videos\/coverr-road-that-goes-through-the-fields-8172\/360p.mp4","mimeType":"video\/mp4","width":640,"height":360}},"isPlaceholder":false,"isExternal":true,"needsProxy":false,"id":"media\/coverr:lOBFIJnPmy","creationDate":"2020-12-23T13:42:27.000000806Z","src":"https:\/\/cdn.coverr.co\/videos\/coverr-road-that-goes-through-the-fields-8172\/1080p.mp4","alt":"Aerial shot of a road that goes through the fields. ","poster":"https:\/\/cdn.coverr.co\/videos\/coverr-road-that-goes-through-the-fields-8172\/thumbnail?width=1920","posterId":"media\/coverr:lOBFIJnPmy","isOptimized":true,"length":10,"lengthFormatted":"0:10","isMuted":true},"controls":false,"loop":true,"autoPlay":true,"volume":1,"tracks":[],"backgroundColor":{"color":{"r":196,"g":196,"b":196}},"x":48,"y":0,"width":330,"height":185,"mask":{"type":"rectangle"},"isBackground":true,"id":"ac8b3b21-627e-4c17-84d4-af2fea5e3d00","overlay":{"type":"radial","size":{"w":0.67000000000000003996802888650563545525074005126953125,"h":0.67000000000000003996802888650563545525074005126953125},"stops":[{"color":{"r":0,"g":0,"b":0,"a":0},"position":0},{"color":{"r":0,"g":0,"b":0,"a":1},"position":1}],"alpha":0.6999999999999999555910790149937383830547332763671875},"type":"video"},{"opacity":100,"flip":{"vertical":false,"horizontal":false},"rotationAngle":0,"lockAspectRatio":true,"backgroundTextMode":"HIGHLIGHT","font":{"family":"Merriweather"},"fontSize":20,"backgroundColor":{"color":{"r":255,"g":255,"b":255}},"lineHeight":1.3000000000000000444089209850062616169452667236328125,"textAlign":"left","padding":{"locked":true,"hasHiddenPadding":true,"horizontal":8,"vertical":4},"content":"<span style=\"font-weight: 700; color: #2d5897\">WR-V imp\u00f5e mais presen\u00e7a com 4,31 m, enquanto o Yaris Cross aposta em propor\u00e7\u00f5es compactas e visual urbano para a rotina.<\/span>","x":48,"y":190,"width":315,"height":169,"basedOn":"02fa0e27-95ee-4d9c-b2ff-92afda5f2b9f","id":"c5fc6a6e-7226-4f59-a2a4-cd1cd43edf81","borderRadius":{"topLeft":0,"topRight":0,"bottomRight":0,"bottomLeft":0,"locked":true},"type":"text"},{"opacity":100,"flip":{"vertical":false,"horizontal":false},"rotationAngle":0,"lockAspectRatio":false,"scale":100,"focalX":50,"focalY":50,"resource":{"type":"image","mimeType":"image\/png","width":1500,"height":350,"sizes":{"medium":{"file":"logo-webstories-350x82.webp","width":350,"height":82,"filesize":3220,"sources":{"image\/webp":{"file":"logo-webstories-350x82.webp","filesize":3220,"sourceUrl":"https:\/\/carro.blog.br\/wp-content\/uploads\/2025\/03\/logo-webstories-350x82.webp"}},"mimeType":"image\/webp","sourceUrl":"https:\/\/carro.blog.br\/wp-content\/uploads\/2025\/03\/logo-webstories-350x82.webp"},"thumbnail":{"file":"logo-webstories-900x210.webp","width":900,"height":210,"filesize":9158,"sources":{"image\/webp":{"file":"logo-webstories-900x210.webp","filesize":9158,"sourceUrl":"https:\/\/carro.blog.br\/wp-content\/uploads\/2025\/03\/logo-webstories-900x210.webp"}},"mimeType":"image\/webp","sourceUrl":"https:\/\/carro.blog.br\/wp-content\/uploads\/2025\/03\/logo-webstories-900x210.webp"},"medium_large":{"file":"logo-webstories-768x179.webp","width":768,"height":179,"filesize":7634,"sources":{"image\/webp":{"file":"logo-webstories-768x179.webp","filesize":7634,"sourceUrl":"https:\/\/carro.blog.br\/wp-content\/uploads\/2025\/03\/logo-webstories-768x179.webp"}},"mimeType":"image\/webp","sourceUrl":"https:\/\/carro.blog.br\/wp-content\/uploads\/2025\/03\/logo-webstories-768x179.webp"},"web-stories-poster-portrait":{"file":"logo-webstories-640x350.webp","width":640,"height":350,"filesize":7132,"mimeType":"image\/webp","sourceUrl":"https:\/\/carro.blog.br\/wp-content\/uploads\/2025\/03\/logo-webstories-640x350.webp"},"web-stories-publisher-logo":{"file":"logo-webstories-96x96.webp","width":96,"height":96,"filesize":1230,"mimeType":"image\/webp","sourceUrl":"https:\/\/carro.blog.br\/wp-content\/uploads\/2025\/03\/logo-webstories-96x96.webp"},"web-stories-thumbnail":{"file":"logo-webstories-150x35.webp","width":150,"height":35,"filesize":1360,"mimeType":"image\/webp","sourceUrl":"https:\/\/carro.blog.br\/wp-content\/uploads\/2025\/03\/logo-webstories-150x35.webp"},"full":{"file":"logo-webstories-png.webp","width":1500,"height":350,"mimeType":"image\/png","sourceUrl":"https:\/\/carro.blog.br\/wp-content\/uploads\/2025\/03\/logo-webstories-png.webp","sources":{"image\/webp":{"file":"logo-webstories-png.webp","filesize":17298,"sourceUrl":"https:\/\/carro.blog.br\/wp-content\/uploads\/2025\/03\/logo-webstories-png.webp"}}}},"isPlaceholder":false,"isExternal":false,"needsProxy":false,"baseColor":"#567299","blurHash":"UDAw9+}*m%tRs.oej[WX005ZpKM{NHR+ays,","creationDate":"2025-03-09T18:04:13","src":"https:\/\/carro.blog.br\/wp-content\/uploads\/2025\/03\/logo-webstories-png.webp","id":86727,"alt":"logo-webstories","local":false},"x":24,"y":-25,"width":363,"height":77,"mask":{"type":"rectangle","showInLibrary":true,"name":"Ret\u00e2ngulo","path":"M 0,0 1,0 1,1 0,1 0,0 Z","ratio":1,"supportsBorder":true},"id":"0caecf99-df5b-48c5-9ff0-1e3aa0378b07","type":"image"}],"backgroundColor":{"color":{"r":255,"g":255,"b":255}},"animations":[{"id":"5c827eb9-62bc-4c93-830b-90f5ba894947","type":"effect-background-zoom","zoomDirection":"scaleOut","duration":100,"delay":0,"targets":["ac8b3b21-627e-4c17-84d4-af2fea5e3d00"]},{"id":"bf7cb879-c99f-43ae-8988-8164f229fdc6","type":"effect-fly-in","flyInDir":"leftToRight","duration":600,"delay":0,"targets":["c5fc6a6e-7226-4f59-a2a4-cd1cd43edf81"]},{"id":"e0f6cf7c-2f47-4080-905d-460dcd691df8","type":"effect-fly-in","flyInDir":"topToBottom","duration":600,"delay":0,"targets":["0caecf99-df5b-48c5-9ff0-1e3aa0378b07"]}],"id":"65ab61ad-1947-4dad-a8f7-9ae9d0ec474c","pageAttachment":{"url":"https:\/\/carro.blog.br\/yaris-cross-2025-e-honda-wr-v-vao-disputar-espaco-no-brasil-quem-vai-levar-a-melhor.html?tipo=amp","icon":"","needsProxy":false,"theme":"light","ctaText":"Arraste Para Cima"},"defaultBackgroundElement":{"opacity":100,"flip":{"vertical":false,"horizontal":false},"rotationAngle":0,"lockAspectRatio":true,"backgroundColor":{"color":{"r":196,"g":196,"b":196}},"x":1,"y":1,"width":1,"height":1,"mask":{"type":"rectangle"},"isBackground":true,"isDefaultBackground":true,"id":"4fdbe143-0fc4-42fe-adcb-6e080723c583","type":"shape"},"image":{"id":180,"height":1200,"width":800,"url":"https:\/\/carro.blog.br\/comparativo\/wp-content\/uploads\/2025\/12\/web-stories-page-template-179.webp","needsProxy":false,"isExternal":false}},{"elements":[{"opacity":100,"flip":{"vertical":false,"horizontal":false},"rotationAngle":0,"lockAspectRatio":true,"scale":100,"focalX":50,"focalY":50,"resource":{"type":"video","mimeType":"video\/mp4","width":3840,"height":2160,"sizes":{"full":{"file":"media\/coverr:lOBFIJnPmy","sourceUrl":"https:\/\/cdn.coverr.co\/videos\/coverr-road-that-goes-through-the-fields-8172\/1080p.mp4","mimeType":"video\/mp4","width":3840,"height":2160},"preview":{"file":"media\/coverr:lOBFIJnPmy","sourceUrl":"https:\/\/cdn.coverr.co\/videos\/coverr-road-that-goes-through-the-fields-8172\/360p.mp4","mimeType":"video\/mp4","width":640,"height":360}},"isPlaceholder":false,"isExternal":true,"needsProxy":false,"id":"media\/coverr:lOBFIJnPmy","creationDate":"2020-12-23T13:42:27.000000806Z","src":"https:\/\/cdn.coverr.co\/videos\/coverr-road-that-goes-through-the-fields-8172\/1080p.mp4","alt":"Aerial shot of a road that goes through the fields. ","poster":"https:\/\/cdn.coverr.co\/videos\/coverr-road-that-goes-through-the-fields-8172\/thumbnail?width=1920","posterId":"media\/coverr:lOBFIJnPmy","isOptimized":true,"length":10,"lengthFormatted":"0:10","isMuted":true},"controls":false,"loop":true,"autoPlay":true,"volume":1,"tracks":[],"backgroundColor":{"color":{"r":196,"g":196,"b":196}},"x":48,"y":0,"width":330,"height":185,"mask":{"type":"rectangle"},"isBackground":true,"id":"3038d267-694f-44df-98a2-153435fde01c","overlay":{"type":"radial","size":{"w":0.67000000000000003996802888650563545525074005126953125,"h":0.67000000000000003996802888650563545525074005126953125},"stops":[{"color":{"r":0,"g":0,"b":0,"a":0},"position":0},{"color":{"r":0,"g":0,"b":0,"a":1},"position":1}],"alpha":0.6999999999999999555910790149937383830547332763671875},"type":"video"},{"opacity":100,"flip":{"vertical":false,"horizontal":false},"rotationAngle":0,"lockAspectRatio":true,"backgroundTextMode":"HIGHLIGHT","font":{"family":"Merriweather"},"fontSize":20,"backgroundColor":{"color":{"r":255,"g":255,"b":255}},"lineHeight":1.3000000000000000444089209850062616169452667236328125,"textAlign":"left","padding":{"locked":true,"hasHiddenPadding":true,"horizontal":8,"vertical":4},"content":"<span style=\"font-weight: 700; color: #2d5897\">Yaris Cross entrega proposta vers\u00e1til no uso di\u00e1rio, enquanto o WR-V avan\u00e7a em espa\u00e7o com 458 litros e entre-eixos de 2,65 m.<\/span>","x":48,"y":190,"width":315,"height":169,"basedOn":"02fa0e27-95ee-4d9c-b2ff-92afda5f2b9f","id":"6c39b28b-c643-4f11-8e7c-6287985f91e9","borderRadius":{"topLeft":0,"topRight":0,"bottomRight":0,"bottomLeft":0,"locked":true},"type":"text"},{"opacity":100,"flip":{"vertical":false,"horizontal":false},"rotationAngle":0,"lockAspectRatio":false,"scale":100,"focalX":50,"focalY":50,"resource":{"type":"image","mimeType":"image\/png","width":1500,"height":350,"sizes":{"medium":{"file":"logo-webstories-350x82.webp","width":350,"height":82,"filesize":3220,"sources":{"image\/webp":{"file":"logo-webstories-350x82.webp","filesize":3220,"sourceUrl":"https:\/\/carro.blog.br\/wp-content\/uploads\/2025\/03\/logo-webstories-350x82.webp"}},"mimeType":"image\/webp","sourceUrl":"https:\/\/carro.blog.br\/wp-content\/uploads\/2025\/03\/logo-webstories-350x82.webp"},"thumbnail":{"file":"logo-webstories-900x210.webp","width":900,"height":210,"filesize":9158,"sources":{"image\/webp":{"file":"logo-webstories-900x210.webp","filesize":9158,"sourceUrl":"https:\/\/carro.blog.br\/wp-content\/uploads\/2025\/03\/logo-webstories-900x210.webp"}},"mimeType":"image\/webp","sourceUrl":"https:\/\/carro.blog.br\/wp-content\/uploads\/2025\/03\/logo-webstories-900x210.webp"},"medium_large":{"file":"logo-webstories-768x179.webp","width":768,"height":179,"filesize":7634,"sources":{"image\/webp":{"file":"logo-webstories-768x179.webp","filesize":7634,"sourceUrl":"https:\/\/carro.blog.br\/wp-content\/uploads\/2025\/03\/logo-webstories-768x179.webp"}},"mimeType":"image\/webp","sourceUrl":"https:\/\/carro.blog.br\/wp-content\/uploads\/2025\/03\/logo-webstories-768x179.webp"},"web-stories-poster-portrait":{"file":"logo-webstories-640x350.webp","width":640,"height":350,"filesize":7132,"mimeType":"image\/webp","sourceUrl":"https:\/\/carro.blog.br\/wp-content\/uploads\/2025\/03\/logo-webstories-640x350.webp"},"web-stories-publisher-logo":{"file":"logo-webstories-96x96.webp","width":96,"height":96,"filesize":1230,"mimeType":"image\/webp","sourceUrl":"https:\/\/carro.blog.br\/wp-content\/uploads\/2025\/03\/logo-webstories-96x96.webp"},"web-stories-thumbnail":{"file":"logo-webstories-150x35.webp","width":150,"height":35,"filesize":1360,"mimeType":"image\/webp","sourceUrl":"https:\/\/carro.blog.br\/wp-content\/uploads\/2025\/03\/logo-webstories-150x35.webp"},"full":{"file":"logo-webstories-png.webp","width":1500,"height":350,"mimeType":"image\/png","sourceUrl":"https:\/\/carro.blog.br\/wp-content\/uploads\/2025\/03\/logo-webstories-png.webp","sources":{"image\/webp":{"file":"logo-webstories-png.webp","filesize":17298,"sourceUrl":"https:\/\/carro.blog.br\/wp-content\/uploads\/2025\/03\/logo-webstories-png.webp"}}}},"isPlaceholder":false,"isExternal":false,"needsProxy":false,"baseColor":"#567299","blurHash":"UDAw9+}*m%tRs.oej[WX005ZpKM{NHR+ays,","creationDate":"2025-03-09T18:04:13","src":"https:\/\/carro.blog.br\/wp-content\/uploads\/2025\/03\/logo-webstories-png.webp","id":86727,"alt":"logo-webstories","local":false},"x":24,"y":-25,"width":363,"height":77,"mask":{"type":"rectangle","showInLibrary":true,"name":"Ret\u00e2ngulo","path":"M 0,0 1,0 1,1 0,1 0,0 Z","ratio":1,"supportsBorder":true},"id":"67f53a83-61f2-4c60-acb4-79174cc23515","type":"image"}],"backgroundColor":{"color":{"r":255,"g":255,"b":255}},"animations":[{"id":"7885e9c5-cdd6-4ac0-a978-b6cad014797b","type":"effect-background-zoom","zoomDirection":"scaleOut","duration":100,"delay":0,"targets":["3038d267-694f-44df-98a2-153435fde01c"]},{"id":"5184b1dd-7e2a-403b-be9e-33eb90ac2246","type":"effect-fly-in","flyInDir":"leftToRight","duration":600,"delay":0,"targets":["6c39b28b-c643-4f11-8e7c-6287985f91e9"]},{"id":"87af4370-3d19-4d00-8800-59feac274354","type":"effect-fly-in","flyInDir":"topToBottom","duration":600,"delay":0,"targets":["67f53a83-61f2-4c60-acb4-79174cc23515"]}],"id":"b2f0de50-52f2-438a-8243-6395eff8eb8f","pageAttachment":{"url":"https:\/\/carro.blog.br\/yaris-cross-2025-e-honda-wr-v-vao-disputar-espaco-no-brasil-quem-vai-levar-a-melhor.html?tipo=amp","icon":"","needsProxy":false,"theme":"light","ctaText":"Arraste Para Cima"},"defaultBackgroundElement":{"opacity":100,"flip":{"vertical":false,"horizontal":false},"rotationAngle":0,"lockAspectRatio":true,"backgroundColor":{"color":{"r":196,"g":196,"b":196}},"x":1,"y":1,"width":1,"height":1,"mask":{"type":"rectangle"},"isBackground":true,"isDefaultBackground":true,"id":"4fdbe143-0fc4-42fe-adcb-6e080723c583","type":"shape"},"image":{"id":180,"height":1200,"width":800,"url":"https:\/\/carro.blog.br\/comparativo\/wp-content\/uploads\/2025\/12\/web-stories-page-template-179.webp","needsProxy":false,"isExternal":false}},{"elements":[{"opacity":100,"flip":{"vertical":false,"horizontal":false},"rotationAngle":0,"lockAspectRatio":true,"scale":100,"focalX":50,"focalY":50,"resource":{"type":"video","mimeType":"video\/mp4","width":3840,"height":2160,"sizes":{"full":{"file":"media\/coverr:lOBFIJnPmy","sourceUrl":"https:\/\/cdn.coverr.co\/videos\/coverr-road-that-goes-through-the-fields-8172\/1080p.mp4","mimeType":"video\/mp4","width":3840,"height":2160},"preview":{"file":"media\/coverr:lOBFIJnPmy","sourceUrl":"https:\/\/cdn.coverr.co\/videos\/coverr-road-that-goes-through-the-fields-8172\/360p.mp4","mimeType":"video\/mp4","width":640,"height":360}},"isPlaceholder":false,"isExternal":true,"needsProxy":false,"id":"media\/coverr:lOBFIJnPmy","creationDate":"2020-12-23T13:42:27.000000806Z","src":"https:\/\/cdn.coverr.co\/videos\/coverr-road-that-goes-through-the-fields-8172\/1080p.mp4","alt":"Aerial shot of a road that goes through the fields. ","poster":"https:\/\/cdn.coverr.co\/videos\/coverr-road-that-goes-through-the-fields-8172\/thumbnail?width=1920","posterId":"media\/coverr:lOBFIJnPmy","isOptimized":true,"length":10,"lengthFormatted":"0:10","isMuted":true},"controls":false,"loop":true,"autoPlay":true,"volume":1,"tracks":[],"backgroundColor":{"color":{"r":196,"g":196,"b":196}},"x":48,"y":0,"width":330,"height":185,"mask":{"type":"rectangle"},"isBackground":true,"id":"9790b308-36b0-401a-876b-13a69ae52ec8","overlay":{"type":"radial","size":{"w":0.67000000000000003996802888650563545525074005126953125,"h":0.67000000000000003996802888650563545525074005126953125},"stops":[{"color":{"r":0,"g":0,"b":0,"a":0},"position":0},{"color":{"r":0,"g":0,"b":0,"a":1},"position":1}],"alpha":0.6999999999999999555910790149937383830547332763671875},"type":"video"},{"opacity":100,"flip":{"vertical":false,"horizontal":false},"rotationAngle":0,"lockAspectRatio":true,"backgroundTextMode":"HIGHLIGHT","font":{"family":"Merriweather"},"fontSize":20,"backgroundColor":{"color":{"r":255,"g":255,"b":255}},"lineHeight":1.3000000000000000444089209850062616169452667236328125,"textAlign":"left","padding":{"locked":true,"hasHiddenPadding":true,"horizontal":8,"vertical":4},"content":"<span style=\"font-weight: 700; color: #2d5897\">WR-V se sobressai no desempenho com motor 1.5 flex de 126 cv, enquanto o Yaris Cross foca efici\u00eancia e futura vers\u00e3o h\u00edbrida.<\/span>","x":48,"y":190,"width":315,"height":169,"basedOn":"02fa0e27-95ee-4d9c-b2ff-92afda5f2b9f","id":"02a6fe2e-7704-4b43-bd28-0365ef95ece0","borderRadius":{"topLeft":0,"topRight":0,"bottomRight":0,"bottomLeft":0,"locked":true},"type":"text"},{"opacity":100,"flip":{"vertical":false,"horizontal":false},"rotationAngle":0,"lockAspectRatio":false,"scale":100,"focalX":50,"focalY":50,"resource":{"type":"image","mimeType":"image\/png","width":1500,"height":350,"sizes":{"medium":{"file":"logo-webstories-350x82.webp","width":350,"height":82,"filesize":3220,"sources":{"image\/webp":{"file":"logo-webstories-350x82.webp","filesize":3220,"sourceUrl":"https:\/\/carro.blog.br\/wp-content\/uploads\/2025\/03\/logo-webstories-350x82.webp"}},"mimeType":"image\/webp","sourceUrl":"https:\/\/carro.blog.br\/wp-content\/uploads\/2025\/03\/logo-webstories-350x82.webp"},"thumbnail":{"file":"logo-webstories-900x210.webp","width":900,"height":210,"filesize":9158,"sources":{"image\/webp":{"file":"logo-webstories-900x210.webp","filesize":9158,"sourceUrl":"https:\/\/carro.blog.br\/wp-content\/uploads\/2025\/03\/logo-webstories-900x210.webp"}},"mimeType":"image\/webp","sourceUrl":"https:\/\/carro.blog.br\/wp-content\/uploads\/2025\/03\/logo-webstories-900x210.webp"},"medium_large":{"file":"logo-webstories-768x179.webp","width":768,"height":179,"filesize":7634,"sources":{"image\/webp":{"file":"logo-webstories-768x179.webp","filesize":7634,"sourceUrl":"https:\/\/carro.blog.br\/wp-content\/uploads\/2025\/03\/logo-webstories-768x179.webp"}},"mimeType":"image\/webp","sourceUrl":"https:\/\/carro.blog.br\/wp-content\/uploads\/2025\/03\/logo-webstories-768x179.webp"},"web-stories-poster-portrait":{"file":"logo-webstories-640x350.webp","width":640,"height":350,"filesize":7132,"mimeType":"image\/webp","sourceUrl":"https:\/\/carro.blog.br\/wp-content\/uploads\/2025\/03\/logo-webstories-640x350.webp"},"web-stories-publisher-logo":{"file":"logo-webstories-96x96.webp","width":96,"height":96,"filesize":1230,"mimeType":"image\/webp","sourceUrl":"https:\/\/carro.blog.br\/wp-content\/uploads\/2025\/03\/logo-webstories-96x96.webp"},"web-stories-thumbnail":{"file":"logo-webstories-150x35.webp","width":150,"height":35,"filesize":1360,"mimeType":"image\/webp","sourceUrl":"https:\/\/carro.blog.br\/wp-content\/uploads\/2025\/03\/logo-webstories-150x35.webp"},"full":{"file":"logo-webstories-png.webp","width":1500,"height":350,"mimeType":"image\/png","sourceUrl":"https:\/\/carro.blog.br\/wp-content\/uploads\/2025\/03\/logo-webstories-png.webp","sources":{"image\/webp":{"file":"logo-webstories-png.webp","filesize":17298,"sourceUrl":"https:\/\/carro.blog.br\/wp-content\/uploads\/2025\/03\/logo-webstories-png.webp"}}}},"isPlaceholder":false,"isExternal":false,"needsProxy":false,"baseColor":"#567299","blurHash":"UDAw9+}*m%tRs.oej[WX005ZpKM{NHR+ays,","creationDate":"2025-03-09T18:04:13","src":"https:\/\/carro.blog.br\/wp-content\/uploads\/2025\/03\/logo-webstories-png.webp","id":86727,"alt":"logo-webstories","local":false},"x":24,"y":-25,"width":363,"height":77,"mask":{"type":"rectangle","showInLibrary":true,"name":"Ret\u00e2ngulo","path":"M 0,0 1,0 1,1 0,1 0,0 Z","ratio":1,"supportsBorder":true},"id":"cdbba980-6c63-4d2a-8599-f144b0574ec5","type":"image"}],"backgroundColor":{"color":{"r":255,"g":255,"b":255}},"animations":[{"id":"24331897-8566-4c75-8363-0255fe871c53","type":"effect-background-zoom","zoomDirection":"scaleOut","duration":100,"delay":0,"targets":["9790b308-36b0-401a-876b-13a69ae52ec8"]},{"id":"f98f2e23-e570-4ee8-8ea8-5d773d253093","type":"effect-fly-in","flyInDir":"leftToRight","duration":600,"delay":0,"targets":["02a6fe2e-7704-4b43-bd28-0365ef95ece0"]},{"id":"ecb37872-231f-4fd6-b3b0-f792e86985ff","type":"effect-fly-in","flyInDir":"topToBottom","duration":600,"delay":0,"targets":["cdbba980-6c63-4d2a-8599-f144b0574ec5"]}],"id":"27c67651-c966-4bf9-830e-8f0e88d0baf8","pageAttachment":{"url":"https:\/\/carro.blog.br\/yaris-cross-2025-e-honda-wr-v-vao-disputar-espaco-no-brasil-quem-vai-levar-a-melhor.html?tipo=amp","icon":"","needsProxy":false,"theme":"light","ctaText":"Arraste Para Cima"},"defaultBackgroundElement":{"opacity":100,"flip":{"vertical":false,"horizontal":false},"rotationAngle":0,"lockAspectRatio":true,"backgroundColor":{"color":{"r":196,"g":196,"b":196}},"x":1,"y":1,"width":1,"height":1,"mask":{"type":"rectangle"},"isBackground":true,"isDefaultBackground":true,"id":"4fdbe143-0fc4-42fe-adcb-6e080723c583","type":"shape"},"image":{"id":180,"height":1200,"width":800,"url":"https:\/\/carro.blog.br\/comparativo\/wp-content\/uploads\/2025\/12\/web-stories-page-template-179.webp","needsProxy":false,"isExternal":false}},{"elements":[{"opacity":100,"flip":{"vertical":false,"horizontal":false},"rotationAngle":0,"lockAspectRatio":true,"scale":100,"focalX":50,"focalY":50,"resource":{"type":"video","mimeType":"video\/mp4","width":3840,"height":2160,"sizes":{"full":{"file":"media\/coverr:lOBFIJnPmy","sourceUrl":"https:\/\/cdn.coverr.co\/videos\/coverr-road-that-goes-through-the-fields-8172\/1080p.mp4","mimeType":"video\/mp4","width":3840,"height":2160},"preview":{"file":"media\/coverr:lOBFIJnPmy","sourceUrl":"https:\/\/cdn.coverr.co\/videos\/coverr-road-that-goes-through-the-fields-8172\/360p.mp4","mimeType":"video\/mp4","width":640,"height":360}},"isPlaceholder":false,"isExternal":true,"needsProxy":false,"id":"media\/coverr:lOBFIJnPmy","creationDate":"2020-12-23T13:42:27.000000806Z","src":"https:\/\/cdn.coverr.co\/videos\/coverr-road-that-goes-through-the-fields-8172\/1080p.mp4","alt":"Aerial shot of a road that goes through the fields. ","poster":"https:\/\/cdn.coverr.co\/videos\/coverr-road-that-goes-through-the-fields-8172\/thumbnail?width=1920","posterId":"media\/coverr:lOBFIJnPmy","isOptimized":true,"length":10,"lengthFormatted":"0:10","isMuted":true},"controls":false,"loop":true,"autoPlay":true,"volume":1,"tracks":[],"backgroundColor":{"color":{"r":196,"g":196,"b":196}},"x":48,"y":0,"width":330,"height":185,"mask":{"type":"rectangle"},"isBackground":true,"id":"77f576d3-f909-46de-85dc-93e32cd226d7","overlay":{"type":"radial","size":{"w":0.67000000000000003996802888650563545525074005126953125,"h":0.67000000000000003996802888650563545525074005126953125},"stops":[{"color":{"r":0,"g":0,"b":0,"a":0},"position":0},{"color":{"r":0,"g":0,"b":0,"a":1},"position":1}],"alpha":0.6999999999999999555910790149937383830547332763671875},"type":"video"},{"opacity":100,"flip":{"vertical":false,"horizontal":false},"rotationAngle":0,"lockAspectRatio":true,"backgroundTextMode":"HIGHLIGHT","font":{"family":"Merriweather"},"fontSize":20,"backgroundColor":{"color":{"r":255,"g":255,"b":255}},"lineHeight":1.3000000000000000444089209850062616169452667236328125,"textAlign":"left","padding":{"locked":true,"hasHiddenPadding":true,"horizontal":8,"vertical":4},"content":"<span style=\"font-weight: 700; color: #2d5897\">Yaris Cross traz pacote Toyota tradicional, enquanto o WR-V eleva o n\u00edvel com multim\u00eddia 10,25\", painel 7\" e Honda Sensing.<\/span>","x":48,"y":190,"width":315,"height":169,"basedOn":"02fa0e27-95ee-4d9c-b2ff-92afda5f2b9f","id":"ca0698c4-ebe8-47a2-b722-9cdd12ba518d","borderRadius":{"topLeft":0,"topRight":0,"bottomRight":0,"bottomLeft":0,"locked":true},"type":"text"},{"opacity":100,"flip":{"vertical":false,"horizontal":false},"rotationAngle":0,"lockAspectRatio":false,"scale":100,"focalX":50,"focalY":50,"resource":{"type":"image","mimeType":"image\/png","width":1500,"height":350,"sizes":{"medium":{"file":"logo-webstories-350x82.webp","width":350,"height":82,"filesize":3220,"sources":{"image\/webp":{"file":"logo-webstories-350x82.webp","filesize":3220,"sourceUrl":"https:\/\/carro.blog.br\/wp-content\/uploads\/2025\/03\/logo-webstories-350x82.webp"}},"mimeType":"image\/webp","sourceUrl":"https:\/\/carro.blog.br\/wp-content\/uploads\/2025\/03\/logo-webstories-350x82.webp"},"thumbnail":{"file":"logo-webstories-900x210.webp","width":900,"height":210,"filesize":9158,"sources":{"image\/webp":{"file":"logo-webstories-900x210.webp","filesize":9158,"sourceUrl":"https:\/\/carro.blog.br\/wp-content\/uploads\/2025\/03\/logo-webstories-900x210.webp"}},"mimeType":"image\/webp","sourceUrl":"https:\/\/carro.blog.br\/wp-content\/uploads\/2025\/03\/logo-webstories-900x210.webp"},"medium_large":{"file":"logo-webstories-768x179.webp","width":768,"height":179,"filesize":7634,"sources":{"image\/webp":{"file":"logo-webstories-768x179.webp","filesize":7634,"sourceUrl":"https:\/\/carro.blog.br\/wp-content\/uploads\/2025\/03\/logo-webstories-768x179.webp"}},"mimeType":"image\/webp","sourceUrl":"https:\/\/carro.blog.br\/wp-content\/uploads\/2025\/03\/logo-webstories-768x179.webp"},"web-stories-poster-portrait":{"file":"logo-webstories-640x350.webp","width":640,"height":350,"filesize":7132,"mimeType":"image\/webp","sourceUrl":"https:\/\/carro.blog.br\/wp-content\/uploads\/2025\/03\/logo-webstories-640x350.webp"},"web-stories-publisher-logo":{"file":"logo-webstories-96x96.webp","width":96,"height":96,"filesize":1230,"mimeType":"image\/webp","sourceUrl":"https:\/\/carro.blog.br\/wp-content\/uploads\/2025\/03\/logo-webstories-96x96.webp"},"web-stories-thumbnail":{"file":"logo-webstories-150x35.webp","width":150,"height":35,"filesize":1360,"mimeType":"image\/webp","sourceUrl":"https:\/\/carro.blog.br\/wp-content\/uploads\/2025\/03\/logo-webstories-150x35.webp"},"full":{"file":"logo-webstories-png.webp","width":1500,"height":350,"mimeType":"image\/png","sourceUrl":"https:\/\/carro.blog.br\/wp-content\/uploads\/2025\/03\/logo-webstories-png.webp","sources":{"image\/webp":{"file":"logo-webstories-png.webp","filesize":17298,"sourceUrl":"https:\/\/carro.blog.br\/wp-content\/uploads\/2025\/03\/logo-webstories-png.webp"}}}},"isPlaceholder":false,"isExternal":false,"needsProxy":false,"baseColor":"#567299","blurHash":"UDAw9+}*m%tRs.oej[WX005ZpKM{NHR+ays,","creationDate":"2025-03-09T18:04:13","src":"https:\/\/carro.blog.br\/wp-content\/uploads\/2025\/03\/logo-webstories-png.webp","id":86727,"alt":"logo-webstories","local":false},"x":24,"y":-25,"width":363,"height":77,"mask":{"type":"rectangle","showInLibrary":true,"name":"Ret\u00e2ngulo","path":"M 0,0 1,0 1,1 0,1 0,0 Z","ratio":1,"supportsBorder":true},"id":"9e5c2d0c-5e32-4a25-8162-ecc0631a9179","type":"image"}],"backgroundColor":{"color":{"r":255,"g":255,"b":255}},"animations":[{"id":"7409547f-8857-462a-b2b6-69040918fc9b","type":"effect-background-zoom","zoomDirection":"scaleOut","duration":100,"delay":0,"targets":["77f576d3-f909-46de-85dc-93e32cd226d7"]},{"id":"cd274811-a874-45db-8bfb-e8cf40897e01","type":"effect-fly-in","flyInDir":"leftToRight","duration":600,"delay":0,"targets":["ca0698c4-ebe8-47a2-b722-9cdd12ba518d"]},{"id":"ddf85545-3156-4ef3-b9b2-1ba03d2025c6","type":"effect-fly-in","flyInDir":"topToBottom","duration":600,"delay":0,"targets":["9e5c2d0c-5e32-4a25-8162-ecc0631a9179"]}],"id":"6c4f3ef3-c335-4f31-927e-d9955bf249d9","pageAttachment":{"url":"https:\/\/carro.blog.br\/yaris-cross-2025-e-honda-wr-v-vao-disputar-espaco-no-brasil-quem-vai-levar-a-melhor.html?tipo=amp","icon":"","needsProxy":false,"theme":"light","ctaText":"Arraste Para Cima"},"defaultBackgroundElement":{"opacity":100,"flip":{"vertical":false,"horizontal":false},"rotationAngle":0,"lockAspectRatio":true,"backgroundColor":{"color":{"r":196,"g":196,"b":196}},"x":1,"y":1,"width":1,"height":1,"mask":{"type":"rectangle"},"isBackground":true,"isDefaultBackground":true,"id":"4fdbe143-0fc4-42fe-adcb-6e080723c583","type":"shape"},"image":{"id":180,"height":1200,"width":800,"url":"https:\/\/carro.blog.br\/comparativo\/wp-content\/uploads\/2025\/12\/web-stories-page-template-179.webp","needsProxy":false,"isExternal":false}},{"elements":[{"opacity":100,"flip":{"vertical":false,"horizontal":false},"rotationAngle":0,"lockAspectRatio":true,"scale":100,"focalX":50,"focalY":50,"resource":{"type":"video","mimeType":"video\/mp4","width":3840,"height":2160,"sizes":{"full":{"file":"media\/coverr:lOBFIJnPmy","sourceUrl":"https:\/\/cdn.coverr.co\/videos\/coverr-road-that-goes-through-the-fields-8172\/1080p.mp4","mimeType":"video\/mp4","width":3840,"height":2160},"preview":{"file":"media\/coverr:lOBFIJnPmy","sourceUrl":"https:\/\/cdn.coverr.co\/videos\/coverr-road-that-goes-through-the-fields-8172\/360p.mp4","mimeType":"video\/mp4","width":640,"height":360}},"isPlaceholder":false,"isExternal":true,"needsProxy":false,"id":"media\/coverr:lOBFIJnPmy","creationDate":"2020-12-23T13:42:27.000000806Z","src":"https:\/\/cdn.coverr.co\/videos\/coverr-road-that-goes-through-the-fields-8172\/1080p.mp4","alt":"Aerial shot of a road that goes through the fields. ","poster":"https:\/\/cdn.coverr.co\/videos\/coverr-road-that-goes-through-the-fields-8172\/thumbnail?width=1920","posterId":"media\/coverr:lOBFIJnPmy","isOptimized":true,"length":10,"lengthFormatted":"0:10","isMuted":true},"controls":false,"loop":true,"autoPlay":true,"volume":1,"tracks":[],"backgroundColor":{"color":{"r":196,"g":196,"b":196}},"x":48,"y":0,"width":330,"height":185,"mask":{"type":"rectangle"},"isBackground":true,"id":"ab3a086f-d3ea-46da-ba83-a021db164c65","overlay":{"type":"radial","size":{"w":0.67000000000000003996802888650563545525074005126953125,"h":0.67000000000000003996802888650563545525074005126953125},"stops":[{"color":{"r":0,"g":0,"b":0,"a":0},"position":0},{"color":{"r":0,"g":0,"b":0,"a":1},"position":1}],"alpha":0.6999999999999999555910790149937383830547332763671875},"type":"video"},{"opacity":100,"flip":{"vertical":false,"horizontal":false},"rotationAngle":0,"lockAspectRatio":true,"backgroundTextMode":"HIGHLIGHT","font":{"family":"Merriweather"},"fontSize":20,"backgroundColor":{"color":{"r":255,"g":255,"b":255}},"lineHeight":1.3000000000000000444089209850062616169452667236328125,"textAlign":"left","padding":{"locked":true,"hasHiddenPadding":true,"horizontal":8,"vertical":4},"content":"<span style=\"font-weight: 700; color: #2d5897\">WR-V parte de R$144.900 na vers\u00e3o EX e chega a R$149.900 na EXL, enquanto o Yaris Cross varia de R$161.390 a R$189.990 entre op\u00e7\u00f5es a combust\u00e3o e h\u00edbridas.<\/span>","x":48,"y":190,"width":315,"height":204,"basedOn":"02fa0e27-95ee-4d9c-b2ff-92afda5f2b9f","id":"6186d371-d1dd-4b93-b00e-1a578abcf71e","borderRadius":{"topLeft":0,"topRight":0,"bottomRight":0,"bottomLeft":0,"locked":true},"type":"text"},{"opacity":100,"flip":{"vertical":false,"horizontal":false},"rotationAngle":0,"lockAspectRatio":false,"scale":100,"focalX":50,"focalY":50,"resource":{"type":"image","mimeType":"image\/png","width":1500,"height":350,"sizes":{"medium":{"file":"logo-webstories-350x82.webp","width":350,"height":82,"filesize":3220,"sources":{"image\/webp":{"file":"logo-webstories-350x82.webp","filesize":3220,"sourceUrl":"https:\/\/carro.blog.br\/wp-content\/uploads\/2025\/03\/logo-webstories-350x82.webp"}},"mimeType":"image\/webp","sourceUrl":"https:\/\/carro.blog.br\/wp-content\/uploads\/2025\/03\/logo-webstories-350x82.webp"},"thumbnail":{"file":"logo-webstories-900x210.webp","width":900,"height":210,"filesize":9158,"sources":{"image\/webp":{"file":"logo-webstories-900x210.webp","filesize":9158,"sourceUrl":"https:\/\/carro.blog.br\/wp-content\/uploads\/2025\/03\/logo-webstories-900x210.webp"}},"mimeType":"image\/webp","sourceUrl":"https:\/\/carro.blog.br\/wp-content\/uploads\/2025\/03\/logo-webstories-900x210.webp"},"medium_large":{"file":"logo-webstories-768x179.webp","width":768,"height":179,"filesize":7634,"sources":{"image\/webp":{"file":"logo-webstories-768x179.webp","filesize":7634,"sourceUrl":"https:\/\/carro.blog.br\/wp-content\/uploads\/2025\/03\/logo-webstories-768x179.webp"}},"mimeType":"image\/webp","sourceUrl":"https:\/\/carro.blog.br\/wp-content\/uploads\/2025\/03\/logo-webstories-768x179.webp"},"web-stories-poster-portrait":{"file":"logo-webstories-640x350.webp","width":640,"height":350,"filesize":7132,"mimeType":"image\/webp","sourceUrl":"https:\/\/carro.blog.br\/wp-content\/uploads\/2025\/03\/logo-webstories-640x350.webp"},"web-stories-publisher-logo":{"file":"logo-webstories-96x96.webp","width":96,"height":96,"filesize":1230,"mimeType":"image\/webp","sourceUrl":"https:\/\/carro.blog.br\/wp-content\/uploads\/2025\/03\/logo-webstories-96x96.webp"},"web-stories-thumbnail":{"file":"logo-webstories-150x35.webp","width":150,"height":35,"filesize":1360,"mimeType":"image\/webp","sourceUrl":"https:\/\/carro.blog.br\/wp-content\/uploads\/2025\/03\/logo-webstories-150x35.webp"},"full":{"file":"logo-webstories-png.webp","width":1500,"height":350,"mimeType":"image\/png","sourceUrl":"https:\/\/carro.blog.br\/wp-content\/uploads\/2025\/03\/logo-webstories-png.webp","sources":{"image\/webp":{"file":"logo-webstories-png.webp","filesize":17298,"sourceUrl":"https:\/\/carro.blog.br\/wp-content\/uploads\/2025\/03\/logo-webstories-png.webp"}}}},"isPlaceholder":false,"isExternal":false,"needsProxy":false,"baseColor":"#567299","blurHash":"UDAw9+}*m%tRs.oej[WX005ZpKM{NHR+ays,","creationDate":"2025-03-09T18:04:13","src":"https:\/\/carro.blog.br\/wp-content\/uploads\/2025\/03\/logo-webstories-png.webp","id":86727,"alt":"logo-webstories","local":false},"x":24,"y":-25,"width":363,"height":77,"mask":{"type":"rectangle","showInLibrary":true,"name":"Ret\u00e2ngulo","path":"M 0,0 1,0 1,1 0,1 0,0 Z","ratio":1,"supportsBorder":true},"id":"703336ac-f74c-4706-91d0-7ce86d8799d2","type":"image"}],"backgroundColor":{"color":{"r":255,"g":255,"b":255}},"animations":[{"id":"bc08bf2a-6787-4351-b758-0196880cf082","type":"effect-background-zoom","zoomDirection":"scaleOut","duration":100,"delay":0,"targets":["ab3a086f-d3ea-46da-ba83-a021db164c65"]},{"id":"99eeb0e8-448b-4a0e-9bf0-73c1a5008038","type":"effect-fly-in","flyInDir":"leftToRight","duration":600,"delay":0,"targets":["6186d371-d1dd-4b93-b00e-1a578abcf71e"]},{"id":"31492265-3f93-4ea8-824f-70f359cb9e59","type":"effect-fly-in","flyInDir":"topToBottom","duration":600,"delay":0,"targets":["703336ac-f74c-4706-91d0-7ce86d8799d2"]}],"id":"786e6860-2a06-4f16-9304-6375352ad7f9","pageAttachment":{"url":"https:\/\/carro.blog.br\/yaris-cross-2025-e-honda-wr-v-vao-disputar-espaco-no-brasil-quem-vai-levar-a-melhor.html?tipo=amp","icon":"","needsProxy":false,"theme":"light","ctaText":"Arraste Para Cima"},"defaultBackgroundElement":{"opacity":100,"flip":{"vertical":false,"horizontal":false},"rotationAngle":0,"lockAspectRatio":true,"backgroundColor":{"color":{"r":196,"g":196,"b":196}},"x":1,"y":1,"width":1,"height":1,"mask":{"type":"rectangle"},"isBackground":true,"isDefaultBackground":true,"id":"4fdbe143-0fc4-42fe-adcb-6e080723c583","type":"shape"},"image":{"id":180,"height":1200,"width":800,"url":"https:\/\/carro.blog.br\/comparativo\/wp-content\/uploads\/2025\/12\/web-stories-page-template-179.webp","needsProxy":false,"isExternal":false}}],"fonts":{"Merriweather":{"family":"Merriweather","fallbacks":["serif"],"weights":[300,400,500,600,700,800,900],"styles":["regular","italic"],"variants":[[0,300],[0,400],[0,500],[0,600],[0,700],[0,800],[0,900],[1,300],[1,400],[1,500],[1,600],[1,700],[1,800],[1,900]],"service":"fonts.google.com","metrics":{"upm":2000,"asc":1968,"des":-546,"tAsc":1968,"tDes":-546,"tLGap":0,"wAsc":2476,"wDes":988,"xH":1111,"capH":1486,"yMin":-969,"yMax":2429,"hAsc":1968,"hDes":-546,"lGap":0}}},"autoAdvance":false,"defaultPageDuration":7,"currentStoryStyles":{"colors":[]}},"story_poster":{"id":258,"url":"https:\/\/carro.blog.br\/comparativo\/wp-content\/uploads\/2025\/12\/cropped-alan-correa-2026.webp","width":640,"height":853,"needsProxy":false},"_links":{"self":[{"href":"https:\/\/carro.blog.br\/comparativo\/wp-json\/web-stories\/v1\/web-story\/256","targetHints":{"allow":["GET"]}}],"collection":[{"href":"https:\/\/carro.blog.br\/comparativo\/wp-json\/web-stories\/v1\/web-story"}],"about":[{"href":"https:\/\/carro.blog.br\/comparativo\/wp-json\/wp\/v2\/types\/web-story"}],"author":[{"embeddable":true,"href":"https:\/\/carro.blog.br\/comparativo\/wp-json\/web-stories\/v1\/users\/1"}],"version-history":[{"count":2,"href":"https:\/\/carro.blog.br\/comparativo\/wp-json\/web-stories\/v1\/web-story\/256\/revisions"}],"predecessor-version":[{"id":260,"href":"https:\/\/carro.blog.br\/comparativo\/wp-json\/web-stories\/v1\/web-story\/256\/revisions\/260"}],"wp:featuredmedia":[{"embeddable":true,"href":"https:\/\/carro.blog.br\/comparativo\/wp-json\/web-stories\/v1\/media\/258"}],"wp:attachment":[{"href":"https:\/\/carro.blog.br\/comparativo\/wp-json\/web-stories\/v1\/media?parent=256"}],"wp:term":[{"taxonomy":"web_story_category","embeddable":true,"href":"https:\/\/carro.blog.br\/comparativo\/wp-json\/web-stories\/v1\/web_story_category?post=256"},{"taxonomy":"web_story_tag","embeddable":true,"href":"https:\/\/carro.blog.br\/comparativo\/wp-json\/web-stories\/v1\/web_story_tag?post=256"}],"wp:lock":[{"embeddable":true,"href":"https:\/\/carro.blog.br\/comparativo\/wp-json\/web-stories\/v1\/web-story\/256\/lock"}],"wp:publisherlogo":[{"embeddable":true,"href":"https:\/\/carro.blog.br\/comparativo\/wp-json\/web-stories\/v1\/media\/147"}],"curies":[{"name":"wp","href":"https:\/\/api.w.org\/{rel}","templated":true}]}}