{"id":31747,"date":"2026-04-08T12:19:19","date_gmt":"2026-04-08T15:19:19","guid":{"rendered":"https:\/\/carro.blog.br\/noticias\/?post_type=web-story&#038;p=31747"},"modified":"2026-04-08T12:28:44","modified_gmt":"2026-04-08T15:28:44","slug":"qual-o-valor-do-nivus-2021-completo","status":"publish","type":"web-story","link":"https:\/\/carro.blog.br\/noticias\/web-stories\/qual-o-valor-do-nivus-2021-completo","title":{"rendered":"Qual o valor do Nivus 2021 completo?"},"content":{"rendered":"<p><html amp=\"\" lang=\"en\"><head><meta charSet=\"utf-8\"\/><meta name=\"viewport\" content=\"width=device-width,minimum-scale=1,initial-scale=1\"\/><script async=\"\" src=\"https:\/\/cdn.ampproject.org\/v0.js\"><\/script><script async=\"\" src=\"https:\/\/cdn.ampproject.org\/v0\/amp-story-1.0.js\" custom-element=\"amp-story\"><\/script><link href=\"https:\/\/fonts.googleapis.com\/css2?display=swap&amp;family=Roboto+Condensed%3Awght%40400%3B700\" rel=\"stylesheet\"\/><link href=\"https:\/\/carro.blog.br\/noticias\/wp-content\/uploads\/2026\/02\/fundo-azul-scaled.webp\" rel=\"preload\" as=\"image\"\/>\n<style amp-boilerplate=\"\">body{-webkit-animation:-amp-start 8s steps(1,end) 0s 1 normal both;-moz-animation:-amp-start 8s steps(1,end) 0s 1 normal both;-ms-animation:-amp-start 8s steps(1,end) 0s 1 normal both;animation:-amp-start 8s steps(1,end) 0s 1 normal both}@-webkit-keyframes -amp-start{from{visibility:hidden}to{visibility:visible}}@-moz-keyframes -amp-start{from{visibility:hidden}to{visibility:visible}}@-ms-keyframes -amp-start{from{visibility:hidden}to{visibility:visible}}@-o-keyframes -amp-start{from{visibility:hidden}to{visibility:visible}}@keyframes -amp-start{from{visibility:hidden}to{visibility:visible}}<\/style>\n<p><noscript><\/p>\n<style amp-boilerplate=\"\">body{-webkit-animation:none;-moz-animation:none;-ms-animation:none;animation:none}<\/style>\n<p><\/noscript><\/p>\n<style amp-custom=\"\">\n              h1, h2, h3 { font-weight: normal; }<\/p>\n<p>              amp-story-page {\n                background-color: #131516;\n              }<\/p>\n<p>              amp-story-grid-layer {\n                overflow: visible;\n              }<\/p>\n<p>              @media (max-aspect-ratio: 9 \/ 16)  {\n                @media (min-aspect-ratio: 320 \/ 678) {\n                  amp-story-grid-layer.grid-layer {\n                    margin-top: calc((100% \/ 0.5625 - 100% \/ 0.6666666666666666) \/ 2);\n                  }\n                }\n              }<\/p>\n<p>              @media not all and (min-resolution:.001dpcm) {\n                @media {\n                  p.text-wrapper > span {\n                    font-size: calc(100% - 0.5px);\n                  }\n                }\n              }<\/p>\n<p>              .page-fullbleed-area,\n              .page-background-overlay-area {\n                position: absolute;\n                overflow: hidden;\n                width: 100%;\n                left: 0;\n                height: calc(1.1851851851851851 * 100%);\n                top: calc((1 - 1.1851851851851851) * 100% \/ 2);\n              }<\/p>\n<p>              .element-overlay-area {\n                position: absolute;\n                width: 100%;\n                height: 100%;\n                top: 0;\n                left: 0;\n              }<\/p>\n<p>              .page-safe-area {\n                overflow: visible;\n                position: absolute;\n                top: 0;\n                bottom: 0;\n                left: 0;\n                right: 0;\n                width: 100%;\n                height: calc(0.84375 * 100%);\n                margin: auto 0;\n              }<\/p>\n<p>              .mask {\n                position: absolute;\n                overflow: hidden;\n              }<\/p>\n<p>              .fill {\n                position: absolute;\n                top: 0;\n                left: 0;\n                right: 0;\n                bottom: 0;\n                margin: 0;\n              }<\/p>\n<p>              @media (prefers-reduced-motion: no-preference) {\n                .animation-wrapper {\n                  opacity: var(--initial-opacity);\n                  transform: var(--initial-transform);\n                }\n              }<\/p>\n<p>              amp-story-grid-layer.align-bottom {\n                align-content: end;\n                padding: 0;\n                \/*\n                  AMP CTA Layer will exactly occupy 74px regardless of any device.\n                  To space out captions 74px from the BOTTOM (AMP CTA Layer),\n                  74px from the TOP should also be spaced out and thus: 2 * 74px\n                  will be the desired max-height.\n                *\/\n                max-height: calc(100vh - (2 * 74px));\n              }<\/p>\n<p>              .captions-area {\n                padding: 0 32px 0;\n              }<\/p>\n<p>              amp-story-captions {\n                margin-bottom: 16px;\n                text-align: center;\n              }<\/p>\n<p>              amp-story-audio-sticker {\n                height: 100%;\n              }<\/p>\n<p>              .audio-sticker {\n                font-family: -apple-system, BlinkMacSystemFont, 'Segoe UI', Roboto, Oxygen-Sans, Ubuntu, Cantarell, 'Helvetica Neue', sans-serif;\n              }\n              <\/style>\n<p><meta name=\"web-stories-replace-head-start\"\/><title>Qual o valor do Nivus 2021 completo?<\/title><link rel=\"canonical\" href=\"https:\/\/carro.blog.br\/noticias\/web-stories\/qual-o-valor-do-nivus-2021-completo\"\/><meta name=\"web-stories-replace-head-end\"\/><\/head><body><amp-story standalone=\"\" publisher=\"Carro Das Not\u00edcias\" publisher-logo-src=\"https:\/\/carro.blog.br\/noticias\/wp-content\/uploads\/2025\/12\/512-1.webp\" title=\"Qual o valor do Nivus 2021 completo?\" poster-portrait-src=\"https:\/\/carro.blog.br\/noticias\/wp-content\/uploads\/2026\/04\/cropped-Volkswagen-Nivus-Highline-1-0-TSi-2021-9.webp\"><amp-story-page id=\"f81b5366-c047-4b14-b975-4c6e5fa573c1\"><amp-story-animation layout=\"nodisplay\" trigger=\"visibility\"><script type=\"application\/json\">[{\"selector\":\"#anim-454df549-a1f4-4f28-8fc8-978c3f5997a7 [data-leaf-element=\\\"true\\\"]\",\"keyframes\":{\"transform\":[\"translate(0%, -0.0000011287131007620133%) scale(1.4464285714285714)\",\"translate(0%, 0%) scale(1)\"]},\"delay\":0,\"duration\":6000,\"easing\":\"cubic-bezier(.3,0,.55,1)\",\"fill\":\"forwards\"}]<\/script><\/amp-story-animation><amp-story-animation layout=\"nodisplay\" trigger=\"visibility\"><script type=\"application\/json\">[{\"selector\":\"#anim-149b3d57-3fd3-4eb7-9fba-8348822df277\",\"keyframes\":{\"opacity\":[0,1]},\"delay\":0,\"duration\":600,\"easing\":\"cubic-bezier(0.2, 0.6, 0.0, 1)\",\"fill\":\"both\"}]<\/script><\/amp-story-animation><amp-story-animation layout=\"nodisplay\" trigger=\"visibility\"><script type=\"application\/json\">[{\"selector\":\"#anim-1d4c6bde-1d62-4eb3-a062-bc8f004520cb\",\"keyframes\":{\"transform\":[\"translate3d(115.75562%, 0px, 0)\",\"translate3d(0px, 0px, 0)\"]},\"delay\":0,\"duration\":600,\"easing\":\"cubic-bezier(0.2, 0.6, 0.0, 1)\",\"fill\":\"both\"}]<\/script><\/amp-story-animation><amp-story-grid-layer template=\"vertical\" aspect-ratio=\"412:618\" class=\"grid-layer\"><\/p>\n<div class=\"page-fullbleed-area\" style=\"background-color:#042672\">\n<div class=\"page-safe-area\">\n<div style=\"position:absolute;pointer-events:none;left:0;top:-9.25926%;width:100%;height:118.51852%;opacity:1\">\n<div id=\"anim-454df549-a1f4-4f28-8fc8-978c3f5997a7\" class=\"animation-wrapper\" style=\"width:100%;height:100%;display:block;position:absolute;top:0;left:0\">\n<div style=\"pointer-events:initial;width:100%;height:100%;display:block;position:absolute;top:0;left:0;z-index:0\" class=\"mask\" id=\"el-b9b5b597-e8ff-45a5-90f9-73762451a03e\">\n<div style=\"position:absolute;width:298.60835%;height:112%;left:-99.30417%;top:-6%\" data-leaf-element=\"true\"><amp-img layout=\"fill\" src=\"https:\/\/carro.blog.br\/noticias\/wp-content\/uploads\/2026\/02\/fundo-azul-scaled.webp\" alt=\"fundo azul\" srcSet=\"https:\/\/carro.blog.br\/noticias\/wp-content\/uploads\/2026\/02\/fundo-azul-scaled.webp 2560w,https:\/\/carro.blog.br\/noticias\/wp-content\/uploads\/2026\/02\/fundo-azul-2048x1365.webp 2048w,https:\/\/carro.blog.br\/noticias\/wp-content\/uploads\/2026\/02\/fundo-azul-1800x1200.webp 1800w,https:\/\/carro.blog.br\/noticias\/wp-content\/uploads\/2026\/02\/fundo-azul-1536x1024.webp 1536w,https:\/\/carro.blog.br\/noticias\/wp-content\/uploads\/2026\/02\/fundo-azul-900x600.webp 900w,https:\/\/carro.blog.br\/noticias\/wp-content\/uploads\/2026\/02\/fundo-azul-768x512.webp 768w,https:\/\/carro.blog.br\/noticias\/wp-content\/uploads\/2026\/02\/fundo-azul-350x233.webp 350w,https:\/\/carro.blog.br\/noticias\/wp-content\/uploads\/2026\/02\/fundo-azul-150x100.webp 150w\" sizes=\"(max-width: 750px) 100vw, 680px\" disable-inline-width=\"true\"><\/amp-img><\/div>\n<div class=\"element-overlay-area\" style=\"background-image:linear-gradient(0.5turn, rgba(0,0,0,0) 40%, rgba(0,0,0,0.5) 100%)\"><\/div>\n<\/div>\n<\/div>\n<\/div>\n<div class=\"page-background-overlay-area\" style=\"background-image:linear-gradient(0.5turn, rgba(0,0,0,0) 40%, rgba(0,0,0,0.5) 100%)\"><\/div>\n<\/div>\n<\/div>\n<p><\/amp-story-grid-layer><amp-story-grid-layer template=\"vertical\" aspect-ratio=\"412:618\" class=\"grid-layer\"><\/p>\n<div class=\"page-fullbleed-area\">\n<div class=\"page-safe-area\">\n<div style=\"position:absolute;pointer-events:none;left:calc(0% - 0px);top:calc(3.8835% - 10px);width:calc(100% + 0px);height:calc(43.85113% + 20px);opacity:1\">\n<div style=\"top:0;left:0;right:0;bottom:0;width:100%;height:100%;position:absolute;border-width:10px 0px 10px 0px;border-color:rgba(255,255,255,1);border-style:solid;border-radius:0% 0% 0% 0% \/ 0% 0% 0% 0%;pointer-events:initial;display:block;z-index:0\" class=\"mask\" id=\"el-b86e6c2f-d007-4cc8-b20e-8afdb41438fa\">\n<div style=\"position:absolute;width:106.75369%;height:100%;left:-3.37684%;top:0%\" data-leaf-element=\"true\"><amp-img layout=\"fill\" src=\"https:\/\/carro.blog.br\/noticias\/wp-content\/uploads\/2026\/04\/Volkswagen-Nivus-Highline-1-0-TSi-2021-7.webp\" alt=\"Carro.Blog.Br\" srcSet=\"https:\/\/carro.blog.br\/noticias\/wp-content\/uploads\/2026\/04\/Volkswagen-Nivus-Highline-1-0-TSi-2021-7.webp 1300w,https:\/\/carro.blog.br\/noticias\/wp-content\/uploads\/2026\/04\/Volkswagen-Nivus-Highline-1-0-TSi-2021-7-900x555.webp 900w,https:\/\/carro.blog.br\/noticias\/wp-content\/uploads\/2026\/04\/Volkswagen-Nivus-Highline-1-0-TSi-2021-7-768x473.webp 768w,https:\/\/carro.blog.br\/noticias\/wp-content\/uploads\/2026\/04\/Volkswagen-Nivus-Highline-1-0-TSi-2021-7-350x216.webp 350w,https:\/\/carro.blog.br\/noticias\/wp-content\/uploads\/2026\/04\/Volkswagen-Nivus-Highline-1-0-TSi-2021-7-150x92.webp 150w\" sizes=\"(max-width: 750px) 100vw, 680px\" disable-inline-width=\"true\"><\/amp-img><\/div>\n<\/div>\n<\/div>\n<div style=\"position:absolute;pointer-events:none;left:12.13592%;top:53.23625%;width:76.21359%;height:3.39806%;opacity:1\">\n<div style=\"pointer-events:initial;width:100%;height:100%;display:block;position:absolute;top:0;left:0;z-index:0;border-radius:0% 0% 0% 0% \/ 0% 0% 0% 0%\" id=\"el-104ff614-80e0-470e-ad34-a242b4816107\">\n<p class=\"fill text-wrapper\" style=\"white-space:pre-line;overflow-wrap:break-word;word-break:break-word;margin:-0.3672372611464972% 0;font-family:&quot;Roboto Condensed&quot;,sans-serif;font-size:0.291262em;line-height:1.3;text-align:center;padding:0;color:#000000\"><span><span style=\"color: #fff\">08\/04\/2026<\/span><\/span><\/p>\n<\/div>\n<\/div>\n<div style=\"position:absolute;pointer-events:none;left:calc(11.8932% - 0px);top:calc(63.75405% - 5px);width:calc(76.94175% + 0px);height:calc(27.83172% + 5px);opacity:1\">\n<div style=\"top:0;left:0;right:0;bottom:0;width:100%;height:100%;position:absolute;border-width:5px 0px 0px 0px;border-color:rgba(1,38,106,1);border-style:solid;border-radius:0% 0% 0% 0% \/ 0% 0% 0% 0%;pointer-events:initial;display:block;z-index:0\" id=\"el-46089bfe-e868-49c3-9ab1-20e7491d13df\">\n<h1 class=\"fill text-wrapper\" style=\"white-space:pre-line;overflow-wrap:break-word;word-break:break-word;margin:1.301261829652997% 0;font-family:&quot;Roboto Condensed&quot;,sans-serif;font-size:0.776699em;line-height:1;text-align:center;padding:3.1545741324921135% 0;color:#000000\"><span><span style=\"font-weight: 700; color: #fff; text-transform: uppercase\">Qual o valor do Nivus 2021 completo?<\/span><\/span><\/h1>\n<\/div>\n<\/div>\n<div style=\"position:absolute;pointer-events:none;left:calc(12.62136% - 5px);top:calc(44.66019% - 0px);width:calc(75.48544% + 5px);height:calc(6.79612% + 0px);opacity:1\">\n<div id=\"anim-149b3d57-3fd3-4eb7-9fba-8348822df277\" class=\"animation-wrapper\" style=\"width:100%;height:100%;display:block;position:absolute;top:0;left:0;--initial-opacity:0;--initial-transform:none\">\n<div id=\"anim-1d4c6bde-1d62-4eb3-a062-bc8f004520cb\" class=\"animation-wrapper\" style=\"width:100%;height:100%;display:block;position:absolute;top:0;left:0;--initial-opacity:1;--initial-transform:translate3d(115.75562%, 0px, 0)\">\n<div style=\"top:0;left:0;right:0;bottom:0;width:100%;height:100%;position:absolute;border-width:0px 0px 0px 5px;border-color:rgba(255,255,255,1);border-style:solid;border-radius:0% 0% 0% 0% \/ 0% 0% 0% 0%;pointer-events:initial;display:block;z-index:0\" id=\"el-b170777a-f503-4ad8-8cc0-6701442c013b\">\n<h3 class=\"fill text-wrapper\" style=\"white-space:pre-line;overflow-wrap:break-word;word-break:break-word;margin:0;font-family:&quot;Roboto Condensed&quot;,sans-serif;font-size:0.388350em;line-height:calc(1em + 0.5833346208317239em);text-align:left;padding:0;color:#000000;background-color:#01123b;background:none\"><span style=\"display:block;position:relative;left:0;top:0;margin:0.6631832797427653% 0;-webkit-box-decoration-break:clone;box-decoration-break:clone\"><span style=\"background-color:#01123b;-webkit-box-decoration-break:clone;box-decoration-break:clone;position:relative;padding:2.2508038585209005% 3.536977491961415%;text-align:left;border-radius:0px 0px 0px 0px;color:transparent\">Por Alan Correa<\/span><\/span><\/h3>\n<h3 class=\"fill text-wrapper\" style=\"white-space:pre-line;overflow-wrap:break-word;word-break:break-word;margin:0;font-family:&quot;Roboto Condensed&quot;,sans-serif;font-size:0.388350em;line-height:calc(1em + 0.5833346208317239em);text-align:left;padding:0;color:#000000;background-color:#01123b;background:none;position:absolute;top:0;left:0;right:0\" aria-hidden=\"true\"><span style=\"display:block;position:relative;left:0;top:0;margin:0.6631832797427653% 0;-webkit-box-decoration-break:clone;box-decoration-break:clone\"><span style=\"background-color:#01123b;-webkit-box-decoration-break:clone;box-decoration-break:clone;position:relative;padding:2.2508038585209005% 3.536977491961415%;text-align:left;border-radius:0px 0px 0px 0px;background:none\"><span style=\"color: #fff\">Por Alan Correa<\/span><\/span><\/span><\/h3>\n<\/div>\n<\/div>\n<\/div>\n<\/div>\n<div style=\"position:absolute;pointer-events:none;left:5.9466%;top:-2.589%;width:88.1068%;height:12.45955%;opacity:1\">\n<div style=\"pointer-events:initial;width:100%;height:100%;display:block;position:absolute;top:0;left:0;z-index:0\" class=\"mask\" id=\"el-c7c726db-4eef-4819-abda-6faba9fdabba\">\n<div style=\"position:absolute;width:100%;height:109.99998%;left:0%;top:-4.99999%\" data-leaf-element=\"true\"><amp-img layout=\"fill\" src=\"https:\/\/carro.blog.br\/noticias\/wp-content\/uploads\/2026\/02\/logo-webstories-png.webp\" alt=\"logo-webstories-png\" srcSet=\"https:\/\/carro.blog.br\/noticias\/wp-content\/uploads\/2026\/02\/logo-webstories-png.webp 1500w,https:\/\/carro.blog.br\/noticias\/wp-content\/uploads\/2026\/02\/logo-webstories-png-900x210.webp 900w,https:\/\/carro.blog.br\/noticias\/wp-content\/uploads\/2026\/02\/logo-webstories-png-768x179.webp 768w,https:\/\/carro.blog.br\/noticias\/wp-content\/uploads\/2026\/02\/logo-webstories-png-150x35.webp 150w\" sizes=\"(max-width: 750px) 100vw, 680px\" disable-inline-width=\"true\"><\/amp-img><\/div>\n<\/div>\n<\/div>\n<\/div>\n<\/div>\n<p><\/amp-story-grid-layer><\/amp-story-page><amp-story-page id=\"42f2618b-521a-4dc4-9703-21f4d71ce9f1\"><amp-story-animation layout=\"nodisplay\" trigger=\"visibility\"><script type=\"application\/json\">[{\"selector\":\"#anim-70b773cc-33da-44dc-bcb2-2872b5bb2b6f [data-leaf-element=\\\"true\\\"]\",\"keyframes\":{\"transform\":[\"translate(0%, -0.0000011287131007620133%) scale(1.4464285714285714)\",\"translate(0%, 0%) scale(1)\"]},\"delay\":0,\"duration\":6000,\"easing\":\"cubic-bezier(.3,0,.55,1)\",\"fill\":\"forwards\"}]<\/script><\/amp-story-animation><amp-story-animation layout=\"nodisplay\" trigger=\"visibility\"><script type=\"application\/json\">[{\"selector\":\"#anim-a025fc9d-687a-4ba6-8fa8-48d72cd1177f\",\"keyframes\":{\"opacity\":[0,1]},\"delay\":0,\"duration\":600,\"easing\":\"cubic-bezier(0.2, 0.6, 0.0, 1)\",\"fill\":\"both\"}]<\/script><\/amp-story-animation><amp-story-animation layout=\"nodisplay\" trigger=\"visibility\"><script type=\"application\/json\">[{\"selector\":\"#anim-c9139539-91a9-47bf-8045-43ab0afea71d\",\"keyframes\":{\"transform\":[\"translate3d(115.75562%, 0px, 0)\",\"translate3d(0px, 0px, 0)\"]},\"delay\":0,\"duration\":600,\"easing\":\"cubic-bezier(0.2, 0.6, 0.0, 1)\",\"fill\":\"both\"}]<\/script><\/amp-story-animation><amp-story-grid-layer template=\"vertical\" aspect-ratio=\"412:618\" class=\"grid-layer\"><\/p>\n<div class=\"page-fullbleed-area\" style=\"background-color:#042672\">\n<div class=\"page-safe-area\">\n<div style=\"position:absolute;pointer-events:none;left:0;top:-9.25926%;width:100%;height:118.51852%;opacity:1\">\n<div id=\"anim-70b773cc-33da-44dc-bcb2-2872b5bb2b6f\" class=\"animation-wrapper\" style=\"width:100%;height:100%;display:block;position:absolute;top:0;left:0\">\n<div style=\"pointer-events:initial;width:100%;height:100%;display:block;position:absolute;top:0;left:0;z-index:0\" class=\"mask\" id=\"el-3356a650-7d99-4bb6-b158-ce4074bd0454\">\n<div style=\"position:absolute;width:298.60835%;height:112%;left:-99.30417%;top:-6%\" data-leaf-element=\"true\"><amp-img layout=\"fill\" src=\"https:\/\/carro.blog.br\/noticias\/wp-content\/uploads\/2026\/02\/fundo-azul-scaled.webp\" alt=\"fundo azul\" srcSet=\"https:\/\/carro.blog.br\/noticias\/wp-content\/uploads\/2026\/02\/fundo-azul-scaled.webp 2560w,https:\/\/carro.blog.br\/noticias\/wp-content\/uploads\/2026\/02\/fundo-azul-2048x1365.webp 2048w,https:\/\/carro.blog.br\/noticias\/wp-content\/uploads\/2026\/02\/fundo-azul-1800x1200.webp 1800w,https:\/\/carro.blog.br\/noticias\/wp-content\/uploads\/2026\/02\/fundo-azul-1536x1024.webp 1536w,https:\/\/carro.blog.br\/noticias\/wp-content\/uploads\/2026\/02\/fundo-azul-900x600.webp 900w,https:\/\/carro.blog.br\/noticias\/wp-content\/uploads\/2026\/02\/fundo-azul-768x512.webp 768w,https:\/\/carro.blog.br\/noticias\/wp-content\/uploads\/2026\/02\/fundo-azul-350x233.webp 350w,https:\/\/carro.blog.br\/noticias\/wp-content\/uploads\/2026\/02\/fundo-azul-150x100.webp 150w\" sizes=\"(max-width: 750px) 100vw, 680px\" disable-inline-width=\"true\"><\/amp-img><\/div>\n<div class=\"element-overlay-area\" style=\"background-image:linear-gradient(0.5turn, rgba(0,0,0,0) 40%, rgba(0,0,0,0.5) 100%)\"><\/div>\n<\/div>\n<\/div>\n<\/div>\n<div class=\"page-background-overlay-area\" style=\"background-image:linear-gradient(0.5turn, rgba(0,0,0,0) 40%, rgba(0,0,0,0.5) 100%)\"><\/div>\n<\/div>\n<\/div>\n<p><\/amp-story-grid-layer><amp-story-grid-layer template=\"vertical\" aspect-ratio=\"412:618\" class=\"grid-layer\"><\/p>\n<div class=\"page-fullbleed-area\">\n<div class=\"page-safe-area\">\n<div style=\"position:absolute;pointer-events:none;left:calc(0% - 0px);top:calc(3.8835% - 10px);width:calc(100% + 0px);height:calc(43.85113% + 20px);opacity:1\">\n<div style=\"top:0;left:0;right:0;bottom:0;width:100%;height:100%;position:absolute;border-width:10px 0px 10px 0px;border-color:rgba(255,255,255,1);border-style:solid;border-radius:0% 0% 0% 0% \/ 0% 0% 0% 0%;pointer-events:initial;display:block;z-index:0\" class=\"mask\" id=\"el-c036f307-dbbf-4e2e-89e7-642d50e1b478\">\n<div style=\"position:absolute;width:100%;height:101.392%;left:0%;top:-0.696%\" data-leaf-element=\"true\"><amp-img layout=\"fill\" src=\"https:\/\/carro.blog.br\/noticias\/wp-content\/uploads\/2026\/04\/Volkswagen-Nivus-Highline-1-0-TSi-2021-3.webp\" alt=\"Carro.Blog.Br\" srcSet=\"https:\/\/carro.blog.br\/noticias\/wp-content\/uploads\/2026\/04\/Volkswagen-Nivus-Highline-1-0-TSi-2021-3.webp 1300w,https:\/\/carro.blog.br\/noticias\/wp-content\/uploads\/2026\/04\/Volkswagen-Nivus-Highline-1-0-TSi-2021-3-900x600.webp 900w,https:\/\/carro.blog.br\/noticias\/wp-content\/uploads\/2026\/04\/Volkswagen-Nivus-Highline-1-0-TSi-2021-3-768x512.webp 768w,https:\/\/carro.blog.br\/noticias\/wp-content\/uploads\/2026\/04\/Volkswagen-Nivus-Highline-1-0-TSi-2021-3-350x233.webp 350w,https:\/\/carro.blog.br\/noticias\/wp-content\/uploads\/2026\/04\/Volkswagen-Nivus-Highline-1-0-TSi-2021-3-150x100.webp 150w\" sizes=\"(max-width: 750px) 100vw, 680px\" disable-inline-width=\"true\"><\/amp-img><\/div>\n<\/div>\n<\/div>\n<div style=\"position:absolute;pointer-events:none;left:calc(12.62136% - 5px);top:calc(51.2945% - 0px);width:calc(75.48544% + 5px);height:calc(37.54045% + 0px);opacity:1\">\n<div id=\"anim-a025fc9d-687a-4ba6-8fa8-48d72cd1177f\" class=\"animation-wrapper\" style=\"width:100%;height:100%;display:block;position:absolute;top:0;left:0;--initial-opacity:0;--initial-transform:none\">\n<div id=\"anim-c9139539-91a9-47bf-8045-43ab0afea71d\" class=\"animation-wrapper\" style=\"width:100%;height:100%;display:block;position:absolute;top:0;left:0;--initial-opacity:1;--initial-transform:translate3d(115.75562%, 0px, 0)\">\n<div style=\"top:0;left:0;right:0;bottom:0;width:100%;height:100%;position:absolute;border-width:0px 0px 0px 5px;border-color:rgba(255,255,255,1);border-style:solid;border-radius:0% 0% 0% 0% \/ 0% 0% 0% 0%;pointer-events:initial;display:block;z-index:0\" id=\"el-68a3bd60-9a3d-4d48-ae8a-f080c0a814aa\">\n<h3 class=\"fill text-wrapper\" style=\"white-space:pre-line;overflow-wrap:break-word;word-break:break-word;margin:0;font-family:&quot;Roboto Condensed&quot;,sans-serif;font-size:0.388350em;line-height:calc(1em + 0.5833346208317239em);text-align:left;padding:0;color:#000000;background-color:#01123b;background:none\"><span style=\"display:block;position:relative;left:0;top:0;margin:0.6631832797427653% 0;-webkit-box-decoration-break:clone;box-decoration-break:clone\"><span style=\"background-color:#01123b;-webkit-box-decoration-break:clone;box-decoration-break:clone;position:relative;padding:2.2508038585209005% 3.536977491961415%;text-align:left;border-radius:0px 0px 0px 0px;color:transparent\">Com base na Fipe de R$ 107 mil, nosso levantamento aponta que o Nivus Highline 2021 mant\u00e9m valor firme no usado, mas cobra aten\u00e7\u00e3o no hist\u00f3rico antes da compra.<\/span><\/span><\/h3>\n<h3 class=\"fill text-wrapper\" style=\"white-space:pre-line;overflow-wrap:break-word;word-break:break-word;margin:0;font-family:&quot;Roboto Condensed&quot;,sans-serif;font-size:0.388350em;line-height:calc(1em + 0.5833346208317239em);text-align:left;padding:0;color:#000000;background-color:#01123b;background:none;position:absolute;top:0;left:0;right:0\" aria-hidden=\"true\"><span style=\"display:block;position:relative;left:0;top:0;margin:0.6631832797427653% 0;-webkit-box-decoration-break:clone;box-decoration-break:clone\"><span style=\"background-color:#01123b;-webkit-box-decoration-break:clone;box-decoration-break:clone;position:relative;padding:2.2508038585209005% 3.536977491961415%;text-align:left;border-radius:0px 0px 0px 0px;background:none\"><span style=\"color: #fff\">Com base na Fipe de R$ 107 mil, nosso levantamento aponta que o Nivus Highline 2021 mant\u00e9m valor firme no usado, mas cobra aten\u00e7\u00e3o no hist\u00f3rico antes da compra.<\/span><\/span><\/span><\/h3>\n<\/div>\n<\/div>\n<\/div>\n<\/div>\n<div style=\"position:absolute;pointer-events:none;left:5.9466%;top:-2.589%;width:88.1068%;height:12.45955%;opacity:1\">\n<div style=\"pointer-events:initial;width:100%;height:100%;display:block;position:absolute;top:0;left:0;z-index:0\" class=\"mask\" id=\"el-03dc532e-6a4a-46e4-b7f1-9ff3946b9ab0\">\n<div style=\"position:absolute;width:100%;height:109.99998%;left:0%;top:-4.99999%\" data-leaf-element=\"true\"><amp-img layout=\"fill\" src=\"https:\/\/carro.blog.br\/noticias\/wp-content\/uploads\/2026\/02\/logo-webstories-png.webp\" alt=\"logo-webstories-png\" srcSet=\"https:\/\/carro.blog.br\/noticias\/wp-content\/uploads\/2026\/02\/logo-webstories-png.webp 1500w,https:\/\/carro.blog.br\/noticias\/wp-content\/uploads\/2026\/02\/logo-webstories-png-900x210.webp 900w,https:\/\/carro.blog.br\/noticias\/wp-content\/uploads\/2026\/02\/logo-webstories-png-768x179.webp 768w,https:\/\/carro.blog.br\/noticias\/wp-content\/uploads\/2026\/02\/logo-webstories-png-150x35.webp 150w\" sizes=\"(max-width: 750px) 100vw, 680px\" disable-inline-width=\"true\"><\/amp-img><\/div>\n<\/div>\n<\/div>\n<\/div>\n<\/div>\n<p><\/amp-story-grid-layer><\/amp-story-page><amp-story-page id=\"151dcf62-bc69-4945-92cb-fd7c99120492\"><amp-story-animation layout=\"nodisplay\" trigger=\"visibility\"><script type=\"application\/json\">[{\"selector\":\"#anim-0b928e50-835c-437a-ba11-bfdb1435ac68 [data-leaf-element=\\\"true\\\"]\",\"keyframes\":{\"transform\":[\"translate(0%, -0.0000011287131007620133%) scale(1.4464285714285714)\",\"translate(0%, 0%) scale(1)\"]},\"delay\":0,\"duration\":6000,\"easing\":\"cubic-bezier(.3,0,.55,1)\",\"fill\":\"forwards\"}]<\/script><\/amp-story-animation><amp-story-animation layout=\"nodisplay\" trigger=\"visibility\"><script type=\"application\/json\">[{\"selector\":\"#anim-37d23d23-8b97-480c-b1fd-7802e1f91da5\",\"keyframes\":{\"opacity\":[0,1]},\"delay\":0,\"duration\":600,\"easing\":\"cubic-bezier(0.2, 0.6, 0.0, 1)\",\"fill\":\"both\"}]<\/script><\/amp-story-animation><amp-story-animation layout=\"nodisplay\" trigger=\"visibility\"><script type=\"application\/json\">[{\"selector\":\"#anim-e899c6e0-1063-48b4-ad9d-6a35d943e042\",\"keyframes\":{\"transform\":[\"translate3d(115.75562%, 0px, 0)\",\"translate3d(0px, 0px, 0)\"]},\"delay\":0,\"duration\":600,\"easing\":\"cubic-bezier(0.2, 0.6, 0.0, 1)\",\"fill\":\"both\"}]<\/script><\/amp-story-animation><amp-story-grid-layer template=\"vertical\" aspect-ratio=\"412:618\" class=\"grid-layer\"><\/p>\n<div class=\"page-fullbleed-area\" style=\"background-color:#042672\">\n<div class=\"page-safe-area\">\n<div style=\"position:absolute;pointer-events:none;left:0;top:-9.25926%;width:100%;height:118.51852%;opacity:1\">\n<div id=\"anim-0b928e50-835c-437a-ba11-bfdb1435ac68\" class=\"animation-wrapper\" style=\"width:100%;height:100%;display:block;position:absolute;top:0;left:0\">\n<div style=\"pointer-events:initial;width:100%;height:100%;display:block;position:absolute;top:0;left:0;z-index:0\" class=\"mask\" id=\"el-fa7d534d-c757-4f54-8706-7201d4b8513d\">\n<div style=\"position:absolute;width:298.60835%;height:112%;left:-99.30417%;top:-6%\" data-leaf-element=\"true\"><amp-img layout=\"fill\" src=\"https:\/\/carro.blog.br\/noticias\/wp-content\/uploads\/2026\/02\/fundo-azul-scaled.webp\" alt=\"fundo azul\" srcSet=\"https:\/\/carro.blog.br\/noticias\/wp-content\/uploads\/2026\/02\/fundo-azul-scaled.webp 2560w,https:\/\/carro.blog.br\/noticias\/wp-content\/uploads\/2026\/02\/fundo-azul-2048x1365.webp 2048w,https:\/\/carro.blog.br\/noticias\/wp-content\/uploads\/2026\/02\/fundo-azul-1800x1200.webp 1800w,https:\/\/carro.blog.br\/noticias\/wp-content\/uploads\/2026\/02\/fundo-azul-1536x1024.webp 1536w,https:\/\/carro.blog.br\/noticias\/wp-content\/uploads\/2026\/02\/fundo-azul-900x600.webp 900w,https:\/\/carro.blog.br\/noticias\/wp-content\/uploads\/2026\/02\/fundo-azul-768x512.webp 768w,https:\/\/carro.blog.br\/noticias\/wp-content\/uploads\/2026\/02\/fundo-azul-350x233.webp 350w,https:\/\/carro.blog.br\/noticias\/wp-content\/uploads\/2026\/02\/fundo-azul-150x100.webp 150w\" sizes=\"(max-width: 750px) 100vw, 680px\" disable-inline-width=\"true\"><\/amp-img><\/div>\n<div class=\"element-overlay-area\" style=\"background-image:linear-gradient(0.5turn, rgba(0,0,0,0) 40%, rgba(0,0,0,0.5) 100%)\"><\/div>\n<\/div>\n<\/div>\n<\/div>\n<div class=\"page-background-overlay-area\" style=\"background-image:linear-gradient(0.5turn, rgba(0,0,0,0) 40%, rgba(0,0,0,0.5) 100%)\"><\/div>\n<\/div>\n<\/div>\n<p><\/amp-story-grid-layer><amp-story-grid-layer template=\"vertical\" aspect-ratio=\"412:618\" class=\"grid-layer\"><\/p>\n<div class=\"page-fullbleed-area\">\n<div class=\"page-safe-area\">\n<div style=\"position:absolute;pointer-events:none;left:calc(0% - 0px);top:calc(3.8835% - 10px);width:calc(100% + 0px);height:calc(43.85113% + 20px);opacity:1\">\n<div style=\"top:0;left:0;right:0;bottom:0;width:100%;height:100%;position:absolute;border-width:10px 0px 10px 0px;border-color:rgba(255,255,255,1);border-style:solid;border-radius:0% 0% 0% 0% \/ 0% 0% 0% 0%;pointer-events:initial;display:block;z-index:0\" class=\"mask\" id=\"el-1c0c6bbd-79fd-4821-93be-d8883eae5245\">\n<div style=\"position:absolute;width:116.97634%;height:100%;left:-8.48817%;top:0%\" data-leaf-element=\"true\"><amp-img layout=\"fill\" src=\"https:\/\/carro.blog.br\/noticias\/wp-content\/uploads\/2026\/04\/Volkswagen-Nivus-Highline-1-0-TSi-2021-10.webp\" alt=\"Carro.Blog.Br\" srcSet=\"https:\/\/carro.blog.br\/noticias\/wp-content\/uploads\/2026\/04\/Volkswagen-Nivus-Highline-1-0-TSi-2021-10.webp 1300w,https:\/\/carro.blog.br\/noticias\/wp-content\/uploads\/2026\/04\/Volkswagen-Nivus-Highline-1-0-TSi-2021-10-900x506.webp 900w,https:\/\/carro.blog.br\/noticias\/wp-content\/uploads\/2026\/04\/Volkswagen-Nivus-Highline-1-0-TSi-2021-10-768x432.webp 768w,https:\/\/carro.blog.br\/noticias\/wp-content\/uploads\/2026\/04\/Volkswagen-Nivus-Highline-1-0-TSi-2021-10-350x197.webp 350w,https:\/\/carro.blog.br\/noticias\/wp-content\/uploads\/2026\/04\/Volkswagen-Nivus-Highline-1-0-TSi-2021-10-150x84.webp 150w\" sizes=\"(max-width: 750px) 100vw, 680px\" disable-inline-width=\"true\"><\/amp-img><\/div>\n<\/div>\n<\/div>\n<div style=\"position:absolute;pointer-events:none;left:calc(12.62136% - 5px);top:calc(51.2945% - 0px);width:calc(75.48544% + 5px);height:calc(31.39159% + 0px);opacity:1\">\n<div id=\"anim-37d23d23-8b97-480c-b1fd-7802e1f91da5\" class=\"animation-wrapper\" style=\"width:100%;height:100%;display:block;position:absolute;top:0;left:0;--initial-opacity:0;--initial-transform:none\">\n<div id=\"anim-e899c6e0-1063-48b4-ad9d-6a35d943e042\" class=\"animation-wrapper\" style=\"width:100%;height:100%;display:block;position:absolute;top:0;left:0;--initial-opacity:1;--initial-transform:translate3d(115.75562%, 0px, 0)\">\n<div style=\"top:0;left:0;right:0;bottom:0;width:100%;height:100%;position:absolute;border-width:0px 0px 0px 5px;border-color:rgba(255,255,255,1);border-style:solid;border-radius:0% 0% 0% 0% \/ 0% 0% 0% 0%;pointer-events:initial;display:block;z-index:0\" id=\"el-b9301080-1c54-4940-9ff7-2b846828805d\">\n<h3 class=\"fill text-wrapper\" style=\"white-space:pre-line;overflow-wrap:break-word;word-break:break-word;margin:0;font-family:&quot;Roboto Condensed&quot;,sans-serif;font-size:0.388350em;line-height:calc(1em + 0.5833346208317239em);text-align:left;padding:0;color:#000000;background-color:#01123b;background:none\"><span style=\"display:block;position:relative;left:0;top:0;margin:0.6631832797427653% 0;-webkit-box-decoration-break:clone;box-decoration-break:clone\"><span style=\"background-color:#01123b;-webkit-box-decoration-break:clone;box-decoration-break:clone;position:relative;padding:2.2508038585209005% 3.536977491961415%;text-align:left;border-radius:0px 0px 0px 0px;color:transparent\">O consumo real varia de 7,7 a 13,2 km\/l, com melhor efici\u00eancia na gasolina. Em uso urbano, registramos 10,7 km\/l e at\u00e9 13,2 km\/l na estrada.<\/span><\/span><\/h3>\n<h3 class=\"fill text-wrapper\" style=\"white-space:pre-line;overflow-wrap:break-word;word-break:break-word;margin:0;font-family:&quot;Roboto Condensed&quot;,sans-serif;font-size:0.388350em;line-height:calc(1em + 0.5833346208317239em);text-align:left;padding:0;color:#000000;background-color:#01123b;background:none;position:absolute;top:0;left:0;right:0\" aria-hidden=\"true\"><span style=\"display:block;position:relative;left:0;top:0;margin:0.6631832797427653% 0;-webkit-box-decoration-break:clone;box-decoration-break:clone\"><span style=\"background-color:#01123b;-webkit-box-decoration-break:clone;box-decoration-break:clone;position:relative;padding:2.2508038585209005% 3.536977491961415%;text-align:left;border-radius:0px 0px 0px 0px;background:none\"><span style=\"color: #fff\">O consumo real varia de 7,7 a 13,2 km\/l, com melhor efici\u00eancia na gasolina. Em uso urbano, registramos 10,7 km\/l e at\u00e9 13,2 km\/l na estrada.<\/span><\/span><\/span><\/h3>\n<\/div>\n<\/div>\n<\/div>\n<\/div>\n<div style=\"position:absolute;pointer-events:none;left:5.9466%;top:-2.589%;width:88.1068%;height:12.45955%;opacity:1\">\n<div style=\"pointer-events:initial;width:100%;height:100%;display:block;position:absolute;top:0;left:0;z-index:0\" class=\"mask\" id=\"el-0cd52ff5-1ada-45d0-9a03-c2da0aa677f3\">\n<div style=\"position:absolute;width:100%;height:109.99998%;left:0%;top:-4.99999%\" data-leaf-element=\"true\"><amp-img layout=\"fill\" src=\"https:\/\/carro.blog.br\/noticias\/wp-content\/uploads\/2026\/02\/logo-webstories-png.webp\" alt=\"logo-webstories-png\" srcSet=\"https:\/\/carro.blog.br\/noticias\/wp-content\/uploads\/2026\/02\/logo-webstories-png.webp 1500w,https:\/\/carro.blog.br\/noticias\/wp-content\/uploads\/2026\/02\/logo-webstories-png-900x210.webp 900w,https:\/\/carro.blog.br\/noticias\/wp-content\/uploads\/2026\/02\/logo-webstories-png-768x179.webp 768w,https:\/\/carro.blog.br\/noticias\/wp-content\/uploads\/2026\/02\/logo-webstories-png-150x35.webp 150w\" sizes=\"(max-width: 750px) 100vw, 680px\" disable-inline-width=\"true\"><\/amp-img><\/div>\n<\/div>\n<\/div>\n<\/div>\n<\/div>\n<p><\/amp-story-grid-layer><\/amp-story-page><amp-story-page id=\"850c7792-1ad8-42f8-8572-34d49c3ddc6d\"><amp-story-animation layout=\"nodisplay\" trigger=\"visibility\"><script type=\"application\/json\">[{\"selector\":\"#anim-03deb006-8436-4850-b044-bb45b0e6ce4c [data-leaf-element=\\\"true\\\"]\",\"keyframes\":{\"transform\":[\"translate(0%, -0.0000011287131007620133%) scale(1.4464285714285714)\",\"translate(0%, 0%) scale(1)\"]},\"delay\":0,\"duration\":6000,\"easing\":\"cubic-bezier(.3,0,.55,1)\",\"fill\":\"forwards\"}]<\/script><\/amp-story-animation><amp-story-animation layout=\"nodisplay\" trigger=\"visibility\"><script type=\"application\/json\">[{\"selector\":\"#anim-633f21ca-961a-422f-bd52-1c5365817fee\",\"keyframes\":{\"opacity\":[0,1]},\"delay\":0,\"duration\":600,\"easing\":\"cubic-bezier(0.2, 0.6, 0.0, 1)\",\"fill\":\"both\"}]<\/script><\/amp-story-animation><amp-story-animation layout=\"nodisplay\" trigger=\"visibility\"><script type=\"application\/json\">[{\"selector\":\"#anim-581c9704-8366-4dbf-acd9-18ed39a6ddfe\",\"keyframes\":{\"transform\":[\"translate3d(115.75562%, 0px, 0)\",\"translate3d(0px, 0px, 0)\"]},\"delay\":0,\"duration\":600,\"easing\":\"cubic-bezier(0.2, 0.6, 0.0, 1)\",\"fill\":\"both\"}]<\/script><\/amp-story-animation><amp-story-grid-layer template=\"vertical\" aspect-ratio=\"412:618\" class=\"grid-layer\"><\/p>\n<div class=\"page-fullbleed-area\" style=\"background-color:#042672\">\n<div class=\"page-safe-area\">\n<div style=\"position:absolute;pointer-events:none;left:0;top:-9.25926%;width:100%;height:118.51852%;opacity:1\">\n<div id=\"anim-03deb006-8436-4850-b044-bb45b0e6ce4c\" class=\"animation-wrapper\" style=\"width:100%;height:100%;display:block;position:absolute;top:0;left:0\">\n<div style=\"pointer-events:initial;width:100%;height:100%;display:block;position:absolute;top:0;left:0;z-index:0\" class=\"mask\" id=\"el-43cb697f-c65b-4962-9f2f-e141df6997ab\">\n<div style=\"position:absolute;width:298.60835%;height:112%;left:-99.30417%;top:-6%\" data-leaf-element=\"true\"><amp-img layout=\"fill\" src=\"https:\/\/carro.blog.br\/noticias\/wp-content\/uploads\/2026\/02\/fundo-azul-scaled.webp\" alt=\"fundo azul\" srcSet=\"https:\/\/carro.blog.br\/noticias\/wp-content\/uploads\/2026\/02\/fundo-azul-scaled.webp 2560w,https:\/\/carro.blog.br\/noticias\/wp-content\/uploads\/2026\/02\/fundo-azul-2048x1365.webp 2048w,https:\/\/carro.blog.br\/noticias\/wp-content\/uploads\/2026\/02\/fundo-azul-1800x1200.webp 1800w,https:\/\/carro.blog.br\/noticias\/wp-content\/uploads\/2026\/02\/fundo-azul-1536x1024.webp 1536w,https:\/\/carro.blog.br\/noticias\/wp-content\/uploads\/2026\/02\/fundo-azul-900x600.webp 900w,https:\/\/carro.blog.br\/noticias\/wp-content\/uploads\/2026\/02\/fundo-azul-768x512.webp 768w,https:\/\/carro.blog.br\/noticias\/wp-content\/uploads\/2026\/02\/fundo-azul-350x233.webp 350w,https:\/\/carro.blog.br\/noticias\/wp-content\/uploads\/2026\/02\/fundo-azul-150x100.webp 150w\" sizes=\"(max-width: 750px) 100vw, 680px\" disable-inline-width=\"true\"><\/amp-img><\/div>\n<div class=\"element-overlay-area\" style=\"background-image:linear-gradient(0.5turn, rgba(0,0,0,0) 40%, rgba(0,0,0,0.5) 100%)\"><\/div>\n<\/div>\n<\/div>\n<\/div>\n<div class=\"page-background-overlay-area\" style=\"background-image:linear-gradient(0.5turn, rgba(0,0,0,0) 40%, rgba(0,0,0,0.5) 100%)\"><\/div>\n<\/div>\n<\/div>\n<p><\/amp-story-grid-layer><amp-story-grid-layer template=\"vertical\" aspect-ratio=\"412:618\" class=\"grid-layer\"><\/p>\n<div class=\"page-fullbleed-area\">\n<div class=\"page-safe-area\">\n<div style=\"position:absolute;pointer-events:none;left:calc(12.62136% - 5px);top:calc(31.71521% - 0px);width:calc(75.48544% + 5px);height:calc(37.54045% + 0px);opacity:1\">\n<div id=\"anim-633f21ca-961a-422f-bd52-1c5365817fee\" class=\"animation-wrapper\" style=\"width:100%;height:100%;display:block;position:absolute;top:0;left:0;--initial-opacity:0;--initial-transform:none\">\n<div id=\"anim-581c9704-8366-4dbf-acd9-18ed39a6ddfe\" class=\"animation-wrapper\" style=\"width:100%;height:100%;display:block;position:absolute;top:0;left:0;--initial-opacity:1;--initial-transform:translate3d(115.75562%, 0px, 0)\">\n<div style=\"top:0;left:0;right:0;bottom:0;width:100%;height:100%;position:absolute;border-width:0px 0px 0px 5px;border-color:rgba(255,255,255,1);border-style:solid;border-radius:0% 0% 0% 0% \/ 0% 0% 0% 0%;pointer-events:initial;display:block;z-index:0\" id=\"el-0ec60e25-5002-4fbb-a17f-800806408e07\">\n<h3 class=\"fill text-wrapper\" style=\"white-space:pre-line;overflow-wrap:break-word;word-break:break-word;margin:0;font-family:&quot;Roboto Condensed&quot;,sans-serif;font-size:0.388350em;line-height:calc(1em + 0.5833346208317239em);text-align:left;padding:0;color:#000000;background-color:#01123b;background:none\"><span style=\"display:block;position:relative;left:0;top:0;margin:0.6631832797427653% 0;-webkit-box-decoration-break:clone;box-decoration-break:clone\"><span style=\"background-color:#01123b;-webkit-box-decoration-break:clone;box-decoration-break:clone;position:relative;padding:2.2508038585209005% 3.536977491961415%;text-align:left;border-radius:0px 0px 0px 0px;color:transparent\">Oficinas relatam falhas em sensores e central VW Play. Cotamos reparos eletr\u00f4nicos em m\u00e9dia por R$ 2.500, dependendo do diagn\u00f3stico e troca de m\u00f3dulos.<\/span><\/span><\/h3>\n<h3 class=\"fill text-wrapper\" style=\"white-space:pre-line;overflow-wrap:break-word;word-break:break-word;margin:0;font-family:&quot;Roboto Condensed&quot;,sans-serif;font-size:0.388350em;line-height:calc(1em + 0.5833346208317239em);text-align:left;padding:0;color:#000000;background-color:#01123b;background:none;position:absolute;top:0;left:0;right:0\" aria-hidden=\"true\"><span style=\"display:block;position:relative;left:0;top:0;margin:0.6631832797427653% 0;-webkit-box-decoration-break:clone;box-decoration-break:clone\"><span style=\"background-color:#01123b;-webkit-box-decoration-break:clone;box-decoration-break:clone;position:relative;padding:2.2508038585209005% 3.536977491961415%;text-align:left;border-radius:0px 0px 0px 0px;background:none\"><span style=\"color: #fff\">Oficinas relatam falhas em sensores e central VW Play. Cotamos reparos eletr\u00f4nicos em m\u00e9dia por R$ 2.500, dependendo do diagn\u00f3stico e troca de m\u00f3dulos.<\/span><\/span><\/span><\/h3>\n<\/div>\n<\/div>\n<\/div>\n<\/div>\n<div style=\"position:absolute;pointer-events:none;left:5.9466%;top:-2.589%;width:88.1068%;height:12.45955%;opacity:1\">\n<div style=\"pointer-events:initial;width:100%;height:100%;display:block;position:absolute;top:0;left:0;z-index:0\" class=\"mask\" id=\"el-416c20cb-ccd1-4195-8578-cc3e483e066f\">\n<div style=\"position:absolute;width:100%;height:109.99998%;left:0%;top:-4.99999%\" data-leaf-element=\"true\"><amp-img layout=\"fill\" src=\"https:\/\/carro.blog.br\/noticias\/wp-content\/uploads\/2026\/02\/logo-webstories-png.webp\" alt=\"logo-webstories-png\" srcSet=\"https:\/\/carro.blog.br\/noticias\/wp-content\/uploads\/2026\/02\/logo-webstories-png.webp 1500w,https:\/\/carro.blog.br\/noticias\/wp-content\/uploads\/2026\/02\/logo-webstories-png-900x210.webp 900w,https:\/\/carro.blog.br\/noticias\/wp-content\/uploads\/2026\/02\/logo-webstories-png-768x179.webp 768w,https:\/\/carro.blog.br\/noticias\/wp-content\/uploads\/2026\/02\/logo-webstories-png-150x35.webp 150w\" sizes=\"(max-width: 750px) 100vw, 680px\" disable-inline-width=\"true\"><\/amp-img><\/div>\n<\/div>\n<\/div>\n<\/div>\n<\/div>\n<p><\/amp-story-grid-layer><amp-story-page-outlink layout=\"nodisplay\" theme=\"light\"><a href=\"https:\/\/carro.blog.br\/noticias\/mercado-automotivo\/vai-comprar-um-nivus-2021-usado-veja-o-que-realmente-importa-antes-de-fechar-negocio-e-evitar-prejuizo.html\" rel=\"\">Arraste Para Cima<\/a><\/amp-story-page-outlink><\/amp-story-page><amp-story-page id=\"ac442b4c-5447-48e0-82c0-308ef21a6a8c\"><amp-story-animation layout=\"nodisplay\" trigger=\"visibility\"><script type=\"application\/json\">[{\"selector\":\"#anim-8572b7bf-8cc7-4608-8722-986bf4fc3157 [data-leaf-element=\\\"true\\\"]\",\"keyframes\":{\"transform\":[\"translate(0%, -0.0000011287131007620133%) scale(1.4464285714285714)\",\"translate(0%, 0%) scale(1)\"]},\"delay\":0,\"duration\":6000,\"easing\":\"cubic-bezier(.3,0,.55,1)\",\"fill\":\"forwards\"}]<\/script><\/amp-story-animation><amp-story-animation layout=\"nodisplay\" trigger=\"visibility\"><script type=\"application\/json\">[{\"selector\":\"#anim-86bb8be1-abe0-4b90-a928-7202f7292e97\",\"keyframes\":{\"opacity\":[0,1]},\"delay\":0,\"duration\":600,\"easing\":\"cubic-bezier(0.2, 0.6, 0.0, 1)\",\"fill\":\"both\"}]<\/script><\/amp-story-animation><amp-story-animation layout=\"nodisplay\" trigger=\"visibility\"><script type=\"application\/json\">[{\"selector\":\"#anim-5cc55fa8-4d14-4846-b8af-4833b08aaa07\",\"keyframes\":{\"transform\":[\"translate3d(115.43408%, 0px, 0)\",\"translate3d(0px, 0px, 0)\"]},\"delay\":0,\"duration\":600,\"easing\":\"cubic-bezier(0.2, 0.6, 0.0, 1)\",\"fill\":\"both\"}]<\/script><\/amp-story-animation><amp-story-grid-layer template=\"vertical\" aspect-ratio=\"412:618\" class=\"grid-layer\"><\/p>\n<div class=\"page-fullbleed-area\" style=\"background-color:#042672\">\n<div class=\"page-safe-area\">\n<div style=\"position:absolute;pointer-events:none;left:0;top:-9.25926%;width:100%;height:118.51852%;opacity:1\">\n<div id=\"anim-8572b7bf-8cc7-4608-8722-986bf4fc3157\" class=\"animation-wrapper\" style=\"width:100%;height:100%;display:block;position:absolute;top:0;left:0\">\n<div style=\"pointer-events:initial;width:100%;height:100%;display:block;position:absolute;top:0;left:0;z-index:0\" class=\"mask\" id=\"el-171794eb-9d39-4577-a769-c347fb719ea4\">\n<div style=\"position:absolute;width:298.60835%;height:112%;left:-99.30417%;top:-6%\" data-leaf-element=\"true\"><amp-img layout=\"fill\" src=\"https:\/\/carro.blog.br\/noticias\/wp-content\/uploads\/2026\/02\/fundo-azul-scaled.webp\" alt=\"fundo azul\" srcSet=\"https:\/\/carro.blog.br\/noticias\/wp-content\/uploads\/2026\/02\/fundo-azul-scaled.webp 2560w,https:\/\/carro.blog.br\/noticias\/wp-content\/uploads\/2026\/02\/fundo-azul-2048x1365.webp 2048w,https:\/\/carro.blog.br\/noticias\/wp-content\/uploads\/2026\/02\/fundo-azul-1800x1200.webp 1800w,https:\/\/carro.blog.br\/noticias\/wp-content\/uploads\/2026\/02\/fundo-azul-1536x1024.webp 1536w,https:\/\/carro.blog.br\/noticias\/wp-content\/uploads\/2026\/02\/fundo-azul-900x600.webp 900w,https:\/\/carro.blog.br\/noticias\/wp-content\/uploads\/2026\/02\/fundo-azul-768x512.webp 768w,https:\/\/carro.blog.br\/noticias\/wp-content\/uploads\/2026\/02\/fundo-azul-350x233.webp 350w,https:\/\/carro.blog.br\/noticias\/wp-content\/uploads\/2026\/02\/fundo-azul-150x100.webp 150w\" sizes=\"(max-width: 750px) 100vw, 680px\" disable-inline-width=\"true\"><\/amp-img><\/div>\n<div class=\"element-overlay-area\" style=\"background-image:linear-gradient(0.5turn, rgba(0,0,0,0) 40%, rgba(0,0,0,0.5) 100%)\"><\/div>\n<\/div>\n<\/div>\n<\/div>\n<div class=\"page-background-overlay-area\" style=\"background-image:linear-gradient(0.5turn, rgba(0,0,0,0) 40%, rgba(0,0,0,0.5) 100%)\"><\/div>\n<\/div>\n<\/div>\n<p><\/amp-story-grid-layer><amp-story-grid-layer template=\"vertical\" aspect-ratio=\"412:618\" class=\"grid-layer\"><\/p>\n<div class=\"page-fullbleed-area\">\n<div class=\"page-safe-area\">\n<div style=\"position:absolute;pointer-events:none;left:calc(12.86408% - 5px);top:calc(31.22977% - 0px);width:calc(75.48544% + 5px);height:calc(37.54045% + 0px);opacity:1\">\n<div id=\"anim-86bb8be1-abe0-4b90-a928-7202f7292e97\" class=\"animation-wrapper\" style=\"width:100%;height:100%;display:block;position:absolute;top:0;left:0;--initial-opacity:0;--initial-transform:none\">\n<div id=\"anim-5cc55fa8-4d14-4846-b8af-4833b08aaa07\" class=\"animation-wrapper\" style=\"width:100%;height:100%;display:block;position:absolute;top:0;left:0;--initial-opacity:1;--initial-transform:translate3d(115.43408%, 0px, 0)\">\n<div style=\"top:0;left:0;right:0;bottom:0;width:100%;height:100%;position:absolute;border-width:0px 0px 0px 5px;border-color:rgba(255,255,255,1);border-style:solid;border-radius:0% 0% 0% 0% \/ 0% 0% 0% 0%;pointer-events:initial;display:block;z-index:0\" id=\"el-841e90a3-806c-4e05-b03d-13a30b8dffa3\">\n<h3 class=\"fill text-wrapper\" style=\"white-space:pre-line;overflow-wrap:break-word;word-break:break-word;margin:0;font-family:&quot;Roboto Condensed&quot;,sans-serif;font-size:0.388350em;line-height:calc(1em + 0.5833346208317239em);text-align:left;padding:0;color:#000000;background-color:#01123b;background:none\"><span style=\"display:block;position:relative;left:0;top:0;margin:0.6631832797427653% 0;-webkit-box-decoration-break:clone;box-decoration-break:clone\"><span style=\"background-color:#01123b;-webkit-box-decoration-break:clone;box-decoration-break:clone;position:relative;padding:2.2508038585209005% 3.536977491961415%;text-align:left;border-radius:0px 0px 0px 0px;color:transparent\">Levantamos o custo de pneus 205\/55 R17. Um jogo completo custa cerca de R$ 2.200 no varejo, considerando marcas intermedi\u00e1rias e montagem.<\/span><\/span><\/h3>\n<h3 class=\"fill text-wrapper\" style=\"white-space:pre-line;overflow-wrap:break-word;word-break:break-word;margin:0;font-family:&quot;Roboto Condensed&quot;,sans-serif;font-size:0.388350em;line-height:calc(1em + 0.5833346208317239em);text-align:left;padding:0;color:#000000;background-color:#01123b;background:none;position:absolute;top:0;left:0;right:0\" aria-hidden=\"true\"><span style=\"display:block;position:relative;left:0;top:0;margin:0.6631832797427653% 0;-webkit-box-decoration-break:clone;box-decoration-break:clone\"><span style=\"background-color:#01123b;-webkit-box-decoration-break:clone;box-decoration-break:clone;position:relative;padding:2.2508038585209005% 3.536977491961415%;text-align:left;border-radius:0px 0px 0px 0px;background:none\"><span style=\"color: #fff\">Levantamos o custo de pneus 205\/55 R17. Um jogo completo custa cerca de R$ 2.200 no varejo, considerando marcas intermedi\u00e1rias e montagem.<\/span><\/span><\/span><\/h3>\n<\/div>\n<\/div>\n<\/div>\n<\/div>\n<div style=\"position:absolute;pointer-events:none;left:5.9466%;top:-2.589%;width:88.1068%;height:12.45955%;opacity:1\">\n<div style=\"pointer-events:initial;width:100%;height:100%;display:block;position:absolute;top:0;left:0;z-index:0\" class=\"mask\" id=\"el-f00f7218-a769-4e79-b9c9-3a7e48d55515\">\n<div style=\"position:absolute;width:100%;height:109.99998%;left:0%;top:-4.99999%\" data-leaf-element=\"true\"><amp-img layout=\"fill\" src=\"https:\/\/carro.blog.br\/noticias\/wp-content\/uploads\/2026\/02\/logo-webstories-png.webp\" alt=\"logo-webstories-png\" srcSet=\"https:\/\/carro.blog.br\/noticias\/wp-content\/uploads\/2026\/02\/logo-webstories-png.webp 1500w,https:\/\/carro.blog.br\/noticias\/wp-content\/uploads\/2026\/02\/logo-webstories-png-900x210.webp 900w,https:\/\/carro.blog.br\/noticias\/wp-content\/uploads\/2026\/02\/logo-webstories-png-768x179.webp 768w,https:\/\/carro.blog.br\/noticias\/wp-content\/uploads\/2026\/02\/logo-webstories-png-150x35.webp 150w\" sizes=\"(max-width: 750px) 100vw, 680px\" disable-inline-width=\"true\"><\/amp-img><\/div>\n<\/div>\n<\/div>\n<\/div>\n<\/div>\n<p><\/amp-story-grid-layer><amp-story-page-outlink layout=\"nodisplay\" theme=\"light\"><a href=\"https:\/\/carro.blog.br\/noticias\/mercado-automotivo\/vai-comprar-um-nivus-2021-usado-veja-o-que-realmente-importa-antes-de-fechar-negocio-e-evitar-prejuizo.html\" rel=\"\">Arraste Para Cima<\/a><\/amp-story-page-outlink><\/amp-story-page><amp-story-page id=\"1ef63b19-8f6e-483a-b363-4064d067d642\"><amp-story-animation layout=\"nodisplay\" trigger=\"visibility\"><script type=\"application\/json\">[{\"selector\":\"#anim-4684add6-f55d-41f7-93e9-b27193254baf [data-leaf-element=\\\"true\\\"]\",\"keyframes\":{\"transform\":[\"translate(0%, -0.0000011287131007620133%) scale(1.4464285714285714)\",\"translate(0%, 0%) scale(1)\"]},\"delay\":0,\"duration\":6000,\"easing\":\"cubic-bezier(.3,0,.55,1)\",\"fill\":\"forwards\"}]<\/script><\/amp-story-animation><amp-story-animation layout=\"nodisplay\" trigger=\"visibility\"><script type=\"application\/json\">[{\"selector\":\"#anim-94a7f6e7-f5ff-487c-a694-6e7c511b26a1\",\"keyframes\":{\"opacity\":[0,1]},\"delay\":0,\"duration\":600,\"easing\":\"cubic-bezier(0.2, 0.6, 0.0, 1)\",\"fill\":\"both\"}]<\/script><\/amp-story-animation><amp-story-animation layout=\"nodisplay\" trigger=\"visibility\"><script type=\"application\/json\">[{\"selector\":\"#anim-f56d7fe8-bd67-413e-9ec2-6b3733a48720\",\"keyframes\":{\"transform\":[\"translate3d(115.75562%, 0px, 0)\",\"translate3d(0px, 0px, 0)\"]},\"delay\":0,\"duration\":600,\"easing\":\"cubic-bezier(0.2, 0.6, 0.0, 1)\",\"fill\":\"both\"}]<\/script><\/amp-story-animation><amp-story-grid-layer template=\"vertical\" aspect-ratio=\"412:618\" class=\"grid-layer\"><\/p>\n<div class=\"page-fullbleed-area\" style=\"background-color:#042672\">\n<div class=\"page-safe-area\">\n<div style=\"position:absolute;pointer-events:none;left:0;top:-9.25926%;width:100%;height:118.51852%;opacity:1\">\n<div id=\"anim-4684add6-f55d-41f7-93e9-b27193254baf\" class=\"animation-wrapper\" style=\"width:100%;height:100%;display:block;position:absolute;top:0;left:0\">\n<div style=\"pointer-events:initial;width:100%;height:100%;display:block;position:absolute;top:0;left:0;z-index:0\" class=\"mask\" id=\"el-867b858f-2676-4558-a54e-945e47f5f49e\">\n<div style=\"position:absolute;width:298.60835%;height:112%;left:-99.30417%;top:-6%\" data-leaf-element=\"true\"><amp-img layout=\"fill\" src=\"https:\/\/carro.blog.br\/noticias\/wp-content\/uploads\/2026\/02\/fundo-azul-scaled.webp\" alt=\"fundo azul\" srcSet=\"https:\/\/carro.blog.br\/noticias\/wp-content\/uploads\/2026\/02\/fundo-azul-scaled.webp 2560w,https:\/\/carro.blog.br\/noticias\/wp-content\/uploads\/2026\/02\/fundo-azul-2048x1365.webp 2048w,https:\/\/carro.blog.br\/noticias\/wp-content\/uploads\/2026\/02\/fundo-azul-1800x1200.webp 1800w,https:\/\/carro.blog.br\/noticias\/wp-content\/uploads\/2026\/02\/fundo-azul-1536x1024.webp 1536w,https:\/\/carro.blog.br\/noticias\/wp-content\/uploads\/2026\/02\/fundo-azul-900x600.webp 900w,https:\/\/carro.blog.br\/noticias\/wp-content\/uploads\/2026\/02\/fundo-azul-768x512.webp 768w,https:\/\/carro.blog.br\/noticias\/wp-content\/uploads\/2026\/02\/fundo-azul-350x233.webp 350w,https:\/\/carro.blog.br\/noticias\/wp-content\/uploads\/2026\/02\/fundo-azul-150x100.webp 150w\" sizes=\"(max-width: 750px) 100vw, 680px\" disable-inline-width=\"true\"><\/amp-img><\/div>\n<div class=\"element-overlay-area\" style=\"background-image:linear-gradient(0.5turn, rgba(0,0,0,0) 40%, rgba(0,0,0,0.5) 100%)\"><\/div>\n<\/div>\n<\/div>\n<\/div>\n<div class=\"page-background-overlay-area\" style=\"background-image:linear-gradient(0.5turn, rgba(0,0,0,0) 40%, rgba(0,0,0,0.5) 100%)\"><\/div>\n<\/div>\n<\/div>\n<p><\/amp-story-grid-layer><amp-story-grid-layer template=\"vertical\" aspect-ratio=\"412:618\" class=\"grid-layer\"><\/p>\n<div class=\"page-fullbleed-area\">\n<div class=\"page-safe-area\">\n<div style=\"position:absolute;pointer-events:none;left:calc(12.62136% - 5px);top:calc(31.71521% - 0px);width:calc(75.48544% + 5px);height:calc(37.54045% + 0px);opacity:1\">\n<div id=\"anim-94a7f6e7-f5ff-487c-a694-6e7c511b26a1\" class=\"animation-wrapper\" style=\"width:100%;height:100%;display:block;position:absolute;top:0;left:0;--initial-opacity:0;--initial-transform:none\">\n<div id=\"anim-f56d7fe8-bd67-413e-9ec2-6b3733a48720\" class=\"animation-wrapper\" style=\"width:100%;height:100%;display:block;position:absolute;top:0;left:0;--initial-opacity:1;--initial-transform:translate3d(115.75562%, 0px, 0)\">\n<div style=\"top:0;left:0;right:0;bottom:0;width:100%;height:100%;position:absolute;border-width:0px 0px 0px 5px;border-color:rgba(255,255,255,1);border-style:solid;border-radius:0% 0% 0% 0% \/ 0% 0% 0% 0%;pointer-events:initial;display:block;z-index:0\" id=\"el-a060853f-f45a-4ef6-a125-e50a43d0e6b1\">\n<h3 class=\"fill text-wrapper\" style=\"white-space:pre-line;overflow-wrap:break-word;word-break:break-word;margin:0;font-family:&quot;Roboto Condensed&quot;,sans-serif;font-size:0.388350em;line-height:calc(1em + 0.5833346208317239em);text-align:left;padding:0;color:#000000;background-color:#01123b;background:none\"><span style=\"display:block;position:relative;left:0;top:0;margin:0.6631832797427653% 0;-webkit-box-decoration-break:clone;box-decoration-break:clone\"><span style=\"background-color:#01123b;-webkit-box-decoration-break:clone;box-decoration-break:clone;position:relative;padding:2.2508038585209005% 3.536977491961415%;text-align:left;border-radius:0px 0px 0px 0px;color:transparent\">Com entre-eixos de 2.566 mm e porta-malas de 415 litros, o espa\u00e7o atende uso urbano, mas nosso teste confirma aperto no banco traseiro para adultos.<\/span><\/span><\/h3>\n<h3 class=\"fill text-wrapper\" style=\"white-space:pre-line;overflow-wrap:break-word;word-break:break-word;margin:0;font-family:&quot;Roboto Condensed&quot;,sans-serif;font-size:0.388350em;line-height:calc(1em + 0.5833346208317239em);text-align:left;padding:0;color:#000000;background-color:#01123b;background:none;position:absolute;top:0;left:0;right:0\" aria-hidden=\"true\"><span style=\"display:block;position:relative;left:0;top:0;margin:0.6631832797427653% 0;-webkit-box-decoration-break:clone;box-decoration-break:clone\"><span style=\"background-color:#01123b;-webkit-box-decoration-break:clone;box-decoration-break:clone;position:relative;padding:2.2508038585209005% 3.536977491961415%;text-align:left;border-radius:0px 0px 0px 0px;background:none\"><span style=\"color: #fff\">Com entre-eixos de 2.566 mm e porta-malas de 415 litros, o espa\u00e7o atende uso urbano, mas nosso teste confirma aperto no banco traseiro para adultos.<\/span><\/span><\/span><\/h3>\n<\/div>\n<\/div>\n<\/div>\n<\/div>\n<div style=\"position:absolute;pointer-events:none;left:5.9466%;top:-2.589%;width:88.1068%;height:12.45955%;opacity:1\">\n<div style=\"pointer-events:initial;width:100%;height:100%;display:block;position:absolute;top:0;left:0;z-index:0\" class=\"mask\" id=\"el-1220d5c2-f140-4962-8154-f97f1b98abba\">\n<div style=\"position:absolute;width:100%;height:109.99998%;left:0%;top:-4.99999%\" data-leaf-element=\"true\"><amp-img layout=\"fill\" src=\"https:\/\/carro.blog.br\/noticias\/wp-content\/uploads\/2026\/02\/logo-webstories-png.webp\" alt=\"logo-webstories-png\" srcSet=\"https:\/\/carro.blog.br\/noticias\/wp-content\/uploads\/2026\/02\/logo-webstories-png.webp 1500w,https:\/\/carro.blog.br\/noticias\/wp-content\/uploads\/2026\/02\/logo-webstories-png-900x210.webp 900w,https:\/\/carro.blog.br\/noticias\/wp-content\/uploads\/2026\/02\/logo-webstories-png-768x179.webp 768w,https:\/\/carro.blog.br\/noticias\/wp-content\/uploads\/2026\/02\/logo-webstories-png-150x35.webp 150w\" sizes=\"(max-width: 750px) 100vw, 680px\" disable-inline-width=\"true\"><\/amp-img><\/div>\n<\/div>\n<\/div>\n<\/div>\n<\/div>\n<p><\/amp-story-grid-layer><amp-story-page-outlink layout=\"nodisplay\" theme=\"light\"><a href=\"https:\/\/carro.blog.br\/noticias\/mercado-automotivo\/vai-comprar-um-nivus-2021-usado-veja-o-que-realmente-importa-antes-de-fechar-negocio-e-evitar-prejuizo.html\" rel=\"\">Arraste Para Cima<\/a><\/amp-story-page-outlink><\/amp-story-page><amp-story-page id=\"0dba7718-e502-4100-aaec-cd4752b22739\"><amp-story-animation layout=\"nodisplay\" trigger=\"visibility\"><script type=\"application\/json\">[{\"selector\":\"#anim-8891f090-b9a5-403e-bad5-9e629b2d4399 [data-leaf-element=\\\"true\\\"]\",\"keyframes\":{\"transform\":[\"translate(0%, -0.0000011287131007620133%) scale(1.4464285714285714)\",\"translate(0%, 0%) scale(1)\"]},\"delay\":0,\"duration\":6000,\"easing\":\"cubic-bezier(.3,0,.55,1)\",\"fill\":\"forwards\"}]<\/script><\/amp-story-animation><amp-story-animation layout=\"nodisplay\" trigger=\"visibility\"><script type=\"application\/json\">[{\"selector\":\"#anim-3e2a40f3-9b61-492c-a783-3d5141d1a625\",\"keyframes\":{\"opacity\":[0,1]},\"delay\":0,\"duration\":600,\"easing\":\"cubic-bezier(0.2, 0.6, 0.0, 1)\",\"fill\":\"both\"}]<\/script><\/amp-story-animation><amp-story-animation layout=\"nodisplay\" trigger=\"visibility\"><script type=\"application\/json\">[{\"selector\":\"#anim-cbbd8174-faa5-4ca4-a69d-7610345ed6df\",\"keyframes\":{\"transform\":[\"translate3d(115.75562%, 0px, 0)\",\"translate3d(0px, 0px, 0)\"]},\"delay\":0,\"duration\":600,\"easing\":\"cubic-bezier(0.2, 0.6, 0.0, 1)\",\"fill\":\"both\"}]<\/script><\/amp-story-animation><amp-story-grid-layer template=\"vertical\" aspect-ratio=\"412:618\" class=\"grid-layer\"><\/p>\n<div class=\"page-fullbleed-area\" style=\"background-color:#042672\">\n<div class=\"page-safe-area\">\n<div style=\"position:absolute;pointer-events:none;left:0;top:-9.25926%;width:100%;height:118.51852%;opacity:1\">\n<div id=\"anim-8891f090-b9a5-403e-bad5-9e629b2d4399\" class=\"animation-wrapper\" style=\"width:100%;height:100%;display:block;position:absolute;top:0;left:0\">\n<div style=\"pointer-events:initial;width:100%;height:100%;display:block;position:absolute;top:0;left:0;z-index:0\" class=\"mask\" id=\"el-591c07aa-5d16-463a-b47f-f69f075585b6\">\n<div style=\"position:absolute;width:298.60835%;height:112%;left:-99.30417%;top:-6%\" data-leaf-element=\"true\"><amp-img layout=\"fill\" src=\"https:\/\/carro.blog.br\/noticias\/wp-content\/uploads\/2026\/02\/fundo-azul-scaled.webp\" alt=\"fundo azul\" srcSet=\"https:\/\/carro.blog.br\/noticias\/wp-content\/uploads\/2026\/02\/fundo-azul-scaled.webp 2560w,https:\/\/carro.blog.br\/noticias\/wp-content\/uploads\/2026\/02\/fundo-azul-2048x1365.webp 2048w,https:\/\/carro.blog.br\/noticias\/wp-content\/uploads\/2026\/02\/fundo-azul-1800x1200.webp 1800w,https:\/\/carro.blog.br\/noticias\/wp-content\/uploads\/2026\/02\/fundo-azul-1536x1024.webp 1536w,https:\/\/carro.blog.br\/noticias\/wp-content\/uploads\/2026\/02\/fundo-azul-900x600.webp 900w,https:\/\/carro.blog.br\/noticias\/wp-content\/uploads\/2026\/02\/fundo-azul-768x512.webp 768w,https:\/\/carro.blog.br\/noticias\/wp-content\/uploads\/2026\/02\/fundo-azul-350x233.webp 350w,https:\/\/carro.blog.br\/noticias\/wp-content\/uploads\/2026\/02\/fundo-azul-150x100.webp 150w\" sizes=\"(max-width: 750px) 100vw, 680px\" disable-inline-width=\"true\"><\/amp-img><\/div>\n<div class=\"element-overlay-area\" style=\"background-image:linear-gradient(0.5turn, rgba(0,0,0,0) 40%, rgba(0,0,0,0.5) 100%)\"><\/div>\n<\/div>\n<\/div>\n<\/div>\n<div class=\"page-background-overlay-area\" style=\"background-image:linear-gradient(0.5turn, rgba(0,0,0,0) 40%, rgba(0,0,0,0.5) 100%)\"><\/div>\n<\/div>\n<\/div>\n<p><\/amp-story-grid-layer><amp-story-grid-layer template=\"vertical\" aspect-ratio=\"412:618\" class=\"grid-layer\"><\/p>\n<div class=\"page-fullbleed-area\">\n<div class=\"page-safe-area\">\n<div style=\"position:absolute;pointer-events:none;left:calc(12.62136% - 5px);top:calc(31.22977% - 0px);width:calc(75.48544% + 5px);height:calc(31.39159% + 0px);opacity:1\">\n<div id=\"anim-3e2a40f3-9b61-492c-a783-3d5141d1a625\" class=\"animation-wrapper\" style=\"width:100%;height:100%;display:block;position:absolute;top:0;left:0;--initial-opacity:0;--initial-transform:none\">\n<div id=\"anim-cbbd8174-faa5-4ca4-a69d-7610345ed6df\" class=\"animation-wrapper\" style=\"width:100%;height:100%;display:block;position:absolute;top:0;left:0;--initial-opacity:1;--initial-transform:translate3d(115.75562%, 0px, 0)\">\n<div style=\"top:0;left:0;right:0;bottom:0;width:100%;height:100%;position:absolute;border-width:0px 0px 0px 5px;border-color:rgba(255,255,255,1);border-style:solid;border-radius:0% 0% 0% 0% \/ 0% 0% 0% 0%;pointer-events:initial;display:block;z-index:0\" id=\"el-4aeeb27f-dd23-41c3-a9d4-7649321c81a4\">\n<h3 class=\"fill text-wrapper\" style=\"white-space:pre-line;overflow-wrap:break-word;word-break:break-word;margin:0;font-family:&quot;Roboto Condensed&quot;,sans-serif;font-size:0.388350em;line-height:calc(1em + 0.5833346208317239em);text-align:left;padding:0;color:#000000;background-color:#01123b;background:none\"><span style=\"display:block;position:relative;left:0;top:0;margin:0.6631832797427653% 0;-webkit-box-decoration-break:clone;box-decoration-break:clone\"><span style=\"background-color:#01123b;-webkit-box-decoration-break:clone;box-decoration-break:clone;position:relative;padding:2.2508038585209005% 3.536977491961415%;text-align:left;border-radius:0px 0px 0px 0px;color:transparent\">O seguro anual foi cotado em perfil padr\u00e3o urbano. Seguradoras pedem cerca de R$ 3.200 por ano, variando por idade e regi\u00e3o.<\/span><\/span><\/h3>\n<h3 class=\"fill text-wrapper\" style=\"white-space:pre-line;overflow-wrap:break-word;word-break:break-word;margin:0;font-family:&quot;Roboto Condensed&quot;,sans-serif;font-size:0.388350em;line-height:calc(1em + 0.5833346208317239em);text-align:left;padding:0;color:#000000;background-color:#01123b;background:none;position:absolute;top:0;left:0;right:0\" aria-hidden=\"true\"><span style=\"display:block;position:relative;left:0;top:0;margin:0.6631832797427653% 0;-webkit-box-decoration-break:clone;box-decoration-break:clone\"><span style=\"background-color:#01123b;-webkit-box-decoration-break:clone;box-decoration-break:clone;position:relative;padding:2.2508038585209005% 3.536977491961415%;text-align:left;border-radius:0px 0px 0px 0px;background:none\"><span style=\"color: #fff\">O seguro anual foi cotado em perfil padr\u00e3o urbano. Seguradoras pedem cerca de R$ 3.200 por ano, variando por idade e regi\u00e3o.<\/span><\/span><\/span><\/h3>\n<\/div>\n<\/div>\n<\/div>\n<\/div>\n<div style=\"position:absolute;pointer-events:none;left:5.9466%;top:-2.589%;width:88.1068%;height:12.45955%;opacity:1\">\n<div style=\"pointer-events:initial;width:100%;height:100%;display:block;position:absolute;top:0;left:0;z-index:0\" class=\"mask\" id=\"el-77a83001-bcc5-4ff9-843e-bd426b1bff86\">\n<div style=\"position:absolute;width:100%;height:109.99998%;left:0%;top:-4.99999%\" data-leaf-element=\"true\"><amp-img layout=\"fill\" src=\"https:\/\/carro.blog.br\/noticias\/wp-content\/uploads\/2026\/02\/logo-webstories-png.webp\" alt=\"logo-webstories-png\" srcSet=\"https:\/\/carro.blog.br\/noticias\/wp-content\/uploads\/2026\/02\/logo-webstories-png.webp 1500w,https:\/\/carro.blog.br\/noticias\/wp-content\/uploads\/2026\/02\/logo-webstories-png-900x210.webp 900w,https:\/\/carro.blog.br\/noticias\/wp-content\/uploads\/2026\/02\/logo-webstories-png-768x179.webp 768w,https:\/\/carro.blog.br\/noticias\/wp-content\/uploads\/2026\/02\/logo-webstories-png-150x35.webp 150w\" sizes=\"(max-width: 750px) 100vw, 680px\" disable-inline-width=\"true\"><\/amp-img><\/div>\n<\/div>\n<\/div>\n<\/div>\n<\/div>\n<p><\/amp-story-grid-layer><amp-story-page-outlink layout=\"nodisplay\" theme=\"light\"><a href=\"https:\/\/carro.blog.br\/noticias\/mercado-automotivo\/vai-comprar-um-nivus-2021-usado-veja-o-que-realmente-importa-antes-de-fechar-negocio-e-evitar-prejuizo.html\" rel=\"\">Arraste Para Cima<\/a><\/amp-story-page-outlink><\/amp-story-page><amp-story-page id=\"3b60a3c6-10ad-412b-b7f3-3c225647c238\"><amp-story-animation layout=\"nodisplay\" trigger=\"visibility\"><script type=\"application\/json\">[{\"selector\":\"#anim-c3e472e8-e3a7-4fd4-93f4-04afe4d30bbd [data-leaf-element=\\\"true\\\"]\",\"keyframes\":{\"transform\":[\"translate(0%, -0.0000011287131007620133%) scale(1.4464285714285714)\",\"translate(0%, 0%) scale(1)\"]},\"delay\":0,\"duration\":6000,\"easing\":\"cubic-bezier(.3,0,.55,1)\",\"fill\":\"forwards\"}]<\/script><\/amp-story-animation><amp-story-animation layout=\"nodisplay\" trigger=\"visibility\"><script type=\"application\/json\">[{\"selector\":\"#anim-6f85e270-c07c-465b-912a-94acdfe987be\",\"keyframes\":{\"opacity\":[0,1]},\"delay\":0,\"duration\":600,\"easing\":\"cubic-bezier(0.2, 0.6, 0.0, 1)\",\"fill\":\"both\"}]<\/script><\/amp-story-animation><amp-story-animation layout=\"nodisplay\" trigger=\"visibility\"><script type=\"application\/json\">[{\"selector\":\"#anim-d35027e9-79b1-41c2-918f-cbb38491b437\",\"keyframes\":{\"transform\":[\"translate3d(115.75562%, 0px, 0)\",\"translate3d(0px, 0px, 0)\"]},\"delay\":0,\"duration\":600,\"easing\":\"cubic-bezier(0.2, 0.6, 0.0, 1)\",\"fill\":\"both\"}]<\/script><\/amp-story-animation><amp-story-grid-layer template=\"vertical\" aspect-ratio=\"412:618\" class=\"grid-layer\"><\/p>\n<div class=\"page-fullbleed-area\" style=\"background-color:#042672\">\n<div class=\"page-safe-area\">\n<div style=\"position:absolute;pointer-events:none;left:0;top:-9.25926%;width:100%;height:118.51852%;opacity:1\">\n<div id=\"anim-c3e472e8-e3a7-4fd4-93f4-04afe4d30bbd\" class=\"animation-wrapper\" style=\"width:100%;height:100%;display:block;position:absolute;top:0;left:0\">\n<div style=\"pointer-events:initial;width:100%;height:100%;display:block;position:absolute;top:0;left:0;z-index:0\" class=\"mask\" id=\"el-565b358b-cf16-442b-9587-dbcad4224b6b\">\n<div style=\"position:absolute;width:298.60835%;height:112%;left:-99.30417%;top:-6%\" data-leaf-element=\"true\"><amp-img layout=\"fill\" src=\"https:\/\/carro.blog.br\/noticias\/wp-content\/uploads\/2026\/02\/fundo-azul-scaled.webp\" alt=\"fundo azul\" srcSet=\"https:\/\/carro.blog.br\/noticias\/wp-content\/uploads\/2026\/02\/fundo-azul-scaled.webp 2560w,https:\/\/carro.blog.br\/noticias\/wp-content\/uploads\/2026\/02\/fundo-azul-2048x1365.webp 2048w,https:\/\/carro.blog.br\/noticias\/wp-content\/uploads\/2026\/02\/fundo-azul-1800x1200.webp 1800w,https:\/\/carro.blog.br\/noticias\/wp-content\/uploads\/2026\/02\/fundo-azul-1536x1024.webp 1536w,https:\/\/carro.blog.br\/noticias\/wp-content\/uploads\/2026\/02\/fundo-azul-900x600.webp 900w,https:\/\/carro.blog.br\/noticias\/wp-content\/uploads\/2026\/02\/fundo-azul-768x512.webp 768w,https:\/\/carro.blog.br\/noticias\/wp-content\/uploads\/2026\/02\/fundo-azul-350x233.webp 350w,https:\/\/carro.blog.br\/noticias\/wp-content\/uploads\/2026\/02\/fundo-azul-150x100.webp 150w\" sizes=\"(max-width: 750px) 100vw, 680px\" disable-inline-width=\"true\"><\/amp-img><\/div>\n<div class=\"element-overlay-area\" style=\"background-image:linear-gradient(0.5turn, rgba(0,0,0,0) 40%, rgba(0,0,0,0.5) 100%)\"><\/div>\n<\/div>\n<\/div>\n<\/div>\n<div class=\"page-background-overlay-area\" style=\"background-image:linear-gradient(0.5turn, rgba(0,0,0,0) 40%, rgba(0,0,0,0.5) 100%)\"><\/div>\n<\/div>\n<\/div>\n<p><\/amp-story-grid-layer><amp-story-grid-layer template=\"vertical\" aspect-ratio=\"412:618\" class=\"grid-layer\"><\/p>\n<div class=\"page-fullbleed-area\">\n<div class=\"page-safe-area\">\n<div style=\"position:absolute;pointer-events:none;left:calc(12.62136% - 5px);top:calc(31.22977% - 0px);width:calc(75.48544% + 5px);height:calc(43.68932% + 0px);opacity:1\">\n<div id=\"anim-6f85e270-c07c-465b-912a-94acdfe987be\" class=\"animation-wrapper\" style=\"width:100%;height:100%;display:block;position:absolute;top:0;left:0;--initial-opacity:0;--initial-transform:none\">\n<div id=\"anim-d35027e9-79b1-41c2-918f-cbb38491b437\" class=\"animation-wrapper\" style=\"width:100%;height:100%;display:block;position:absolute;top:0;left:0;--initial-opacity:1;--initial-transform:translate3d(115.75562%, 0px, 0)\">\n<div style=\"top:0;left:0;right:0;bottom:0;width:100%;height:100%;position:absolute;border-width:0px 0px 0px 5px;border-color:rgba(255,255,255,1);border-style:solid;border-radius:0% 0% 0% 0% \/ 0% 0% 0% 0%;pointer-events:initial;display:block;z-index:0\" id=\"el-ae710bb4-f7d3-44aa-ae9f-f7fc4b69c81f\">\n<h3 class=\"fill text-wrapper\" style=\"white-space:pre-line;overflow-wrap:break-word;word-break:break-word;margin:0;font-family:&quot;Roboto Condensed&quot;,sans-serif;font-size:0.388350em;line-height:calc(1em + 0.5833346208317239em);text-align:left;padding:0;color:#000000;background-color:#01123b;background:none\"><span style=\"display:block;position:relative;left:0;top:0;margin:0.6631832797427653% 0;-webkit-box-decoration-break:clone;box-decoration-break:clone\"><span style=\"background-color:#01123b;-webkit-box-decoration-break:clone;box-decoration-break:clone;position:relative;padding:2.2508038585209005% 3.536977491961415%;text-align:left;border-radius:0px 0px 0px 0px;color:transparent\">Veredito: compra racional se bem revisado. Nosso levantamento mostra custo previs\u00edvel, mas exige checagem t\u00e9cnica. Veja an\u00e1lise completa. Arraste para cima.<\/span><\/span><\/h3>\n<h3 class=\"fill text-wrapper\" style=\"white-space:pre-line;overflow-wrap:break-word;word-break:break-word;margin:0;font-family:&quot;Roboto Condensed&quot;,sans-serif;font-size:0.388350em;line-height:calc(1em + 0.5833346208317239em);text-align:left;padding:0;color:#000000;background-color:#01123b;background:none;position:absolute;top:0;left:0;right:0\" aria-hidden=\"true\"><span style=\"display:block;position:relative;left:0;top:0;margin:0.6631832797427653% 0;-webkit-box-decoration-break:clone;box-decoration-break:clone\"><span style=\"background-color:#01123b;-webkit-box-decoration-break:clone;box-decoration-break:clone;position:relative;padding:2.2508038585209005% 3.536977491961415%;text-align:left;border-radius:0px 0px 0px 0px;background:none\"><span style=\"color: #fff\">Veredito: compra racional se bem revisado. Nosso levantamento mostra custo previs\u00edvel, mas exige checagem t\u00e9cnica. Veja an\u00e1lise completa. Arraste para cima.<\/span><\/span><\/span><\/h3>\n<\/div>\n<\/div>\n<\/div>\n<\/div>\n<div style=\"position:absolute;pointer-events:none;left:5.9466%;top:-2.589%;width:88.1068%;height:12.45955%;opacity:1\">\n<div style=\"pointer-events:initial;width:100%;height:100%;display:block;position:absolute;top:0;left:0;z-index:0\" class=\"mask\" id=\"el-eea28fd1-6f68-4676-8b2c-906a56601e6f\">\n<div style=\"position:absolute;width:100%;height:109.99998%;left:0%;top:-4.99999%\" data-leaf-element=\"true\"><amp-img layout=\"fill\" src=\"https:\/\/carro.blog.br\/noticias\/wp-content\/uploads\/2026\/02\/logo-webstories-png.webp\" alt=\"logo-webstories-png\" srcSet=\"https:\/\/carro.blog.br\/noticias\/wp-content\/uploads\/2026\/02\/logo-webstories-png.webp 1500w,https:\/\/carro.blog.br\/noticias\/wp-content\/uploads\/2026\/02\/logo-webstories-png-900x210.webp 900w,https:\/\/carro.blog.br\/noticias\/wp-content\/uploads\/2026\/02\/logo-webstories-png-768x179.webp 768w,https:\/\/carro.blog.br\/noticias\/wp-content\/uploads\/2026\/02\/logo-webstories-png-150x35.webp 150w\" sizes=\"(max-width: 750px) 100vw, 680px\" disable-inline-width=\"true\"><\/amp-img><\/div>\n<\/div>\n<\/div>\n<\/div>\n<\/div>\n<p><\/amp-story-grid-layer><amp-story-page-outlink layout=\"nodisplay\" theme=\"light\"><a href=\"https:\/\/carro.blog.br\/noticias\/mercado-automotivo\/vai-comprar-um-nivus-2021-usado-veja-o-que-realmente-importa-antes-de-fechar-negocio-e-evitar-prejuizo.html\" rel=\"\">Arraste Para Cima<\/a><\/amp-story-page-outlink><\/amp-story-page><\/amp-story><\/body><\/html><\/p>\n","protected":false},"excerpt":{"rendered":"<p>Com base na Fipe de R$ 107 mil, nosso levantamento aponta que o Nivus Highline 2021 mant\u00e9m valor firme no usado, mas cobra aten\u00e7\u00e3o no hist\u00f3rico antes da compra.<\/p>\n","protected":false},"author":1,"featured_media":31748,"template":"","meta":{"web_stories_publisher_logo":15,"web_stories_poster":[],"web_stories_products":[],"footnotes":""},"web_story_category":[],"web_story_tag":[],"class_list":["post-31747","web-story","type-web-story","status-publish","has-post-thumbnail","hentry"],"imagem_feed":"https:\/\/carro.blog.br\/noticias\/wp-content\/uploads\/2026\/04\/Volkswagen-Nivus-Highline-1-0-TSi-2021-9.webp","story_data":{"version":47,"pages":[{"elements":[{"opacity":100,"flip":{"vertical":false,"horizontal":false},"rotationAngle":0,"lockAspectRatio":true,"scale":112,"focalX":50,"focalY":50,"resource":{"type":"image","mimeType":"image\/jpeg","width":2560,"height":1707,"sizes":{"medium":{"file":"fundo-azul-350x233.webp","width":350,"height":233,"filesize":5476,"sources":{"image\/webp":{"file":"fundo-azul-350x233.webp","filesize":5476,"sourceUrl":"https:\/\/carro.blog.br\/noticias\/wp-content\/uploads\/2026\/02\/fundo-azul-350x233.webp"}},"mimeType":"image\/webp","sourceUrl":"https:\/\/carro.blog.br\/noticias\/wp-content\/uploads\/2026\/02\/fundo-azul-350x233.webp"},"large":{"file":"fundo-azul-1800x1200.webp","width":1800,"height":1200,"filesize":38644,"sources":{"image\/webp":{"file":"fundo-azul-1800x1200.webp","filesize":38644,"sourceUrl":"https:\/\/carro.blog.br\/noticias\/wp-content\/uploads\/2026\/02\/fundo-azul-1800x1200.webp"}},"mimeType":"image\/webp","sourceUrl":"https:\/\/carro.blog.br\/noticias\/wp-content\/uploads\/2026\/02\/fundo-azul-1800x1200.webp"},"thumbnail":{"file":"fundo-azul-900x600.webp","width":900,"height":600,"filesize":17588,"sources":{"image\/webp":{"file":"fundo-azul-900x600.webp","filesize":17588,"sourceUrl":"https:\/\/carro.blog.br\/noticias\/wp-content\/uploads\/2026\/02\/fundo-azul-900x600.webp"}},"mimeType":"image\/webp","sourceUrl":"https:\/\/carro.blog.br\/noticias\/wp-content\/uploads\/2026\/02\/fundo-azul-900x600.webp"},"medium_large":{"file":"fundo-azul-768x512.webp","width":768,"height":512,"filesize":14734,"sources":{"image\/webp":{"file":"fundo-azul-768x512.webp","filesize":14734,"sourceUrl":"https:\/\/carro.blog.br\/noticias\/wp-content\/uploads\/2026\/02\/fundo-azul-768x512.webp"}},"mimeType":"image\/webp","sourceUrl":"https:\/\/carro.blog.br\/noticias\/wp-content\/uploads\/2026\/02\/fundo-azul-768x512.webp"},"1536x1536":{"file":"fundo-azul-1536x1024.webp","width":1536,"height":1024,"filesize":32230,"mimeType":"image\/webp","sourceUrl":"https:\/\/carro.blog.br\/noticias\/wp-content\/uploads\/2026\/02\/fundo-azul-1536x1024.webp"},"2048x2048":{"file":"fundo-azul-2048x1365.webp","width":2048,"height":1365,"filesize":44568,"mimeType":"image\/webp","sourceUrl":"https:\/\/carro.blog.br\/noticias\/wp-content\/uploads\/2026\/02\/fundo-azul-2048x1365.webp"},"web-stories-poster-portrait":{"file":"fundo-azul-640x853.webp","width":640,"height":853,"filesize":7692,"mimeType":"image\/webp","sourceUrl":"https:\/\/carro.blog.br\/noticias\/wp-content\/uploads\/2026\/02\/fundo-azul-640x853.webp"},"web-stories-publisher-logo":{"file":"fundo-azul-96x96.webp","width":96,"height":96,"filesize":806,"mimeType":"image\/webp","sourceUrl":"https:\/\/carro.blog.br\/noticias\/wp-content\/uploads\/2026\/02\/fundo-azul-96x96.webp"},"web-stories-thumbnail":{"file":"fundo-azul-150x100.webp","width":150,"height":100,"filesize":1520,"mimeType":"image\/webp","sourceUrl":"https:\/\/carro.blog.br\/noticias\/wp-content\/uploads\/2026\/02\/fundo-azul-150x100.webp"},"full":{"file":"fundo-azul-scaled.webp","width":2560,"height":1707,"mimeType":"image\/jpeg","sourceUrl":"https:\/\/carro.blog.br\/noticias\/wp-content\/uploads\/2026\/02\/fundo-azul-scaled.webp","sources":{"image\/webp":{"file":"fundo-azul-scaled.webp","filesize":56840,"sourceUrl":"https:\/\/carro.blog.br\/noticias\/wp-content\/uploads\/2026\/02\/fundo-azul-scaled.webp"}}}},"isPlaceholder":false,"isExternal":false,"needsProxy":false,"baseColor":"#042672","blurHash":"U60xK}a1pJZ}ozZek[belCa%jdj]k9aLk[kY","creationDate":"2026-02-05T11:14:50","src":"https:\/\/carro.blog.br\/noticias\/wp-content\/uploads\/2026\/02\/fundo-azul-scaled.webp","id":6726,"alt":"fundo azul","local":false},"backgroundColor":{"color":{"r":196,"g":196,"b":196}},"x":48,"y":0,"width":330,"height":220,"mask":{"type":"rectangle"},"isBackground":true,"id":"b9b5b597-e8ff-45a5-90f9-73762451a03e","overlay":{"type":"linear","rotation":0,"stops":[{"color":{"r":0,"g":0,"b":0,"a":0},"position":0.40000000000000002220446049250313080847263336181640625},{"color":{"r":0,"g":0,"b":0,"a":1},"position":1}],"alpha":0.5},"type":"image"},{"opacity":100,"flip":{"vertical":false,"horizontal":false},"rotationAngle":0,"lockAspectRatio":false,"scale":100,"focalX":50,"focalY":50,"resource":{"type":"image","mimeType":"image\/webp","width":1300,"height":801,"sizes":{"medium":{"file":"Volkswagen-Nivus-Highline-1-0-TSi-2021-7-350x216.webp","width":350,"height":216,"filesize":11678,"sources":{"image\/webp":{"file":"Volkswagen-Nivus-Highline-1-0-TSi-2021-7-350x216.webp","filesize":11678,"sourceUrl":"https:\/\/carro.blog.br\/noticias\/wp-content\/uploads\/2026\/04\/Volkswagen-Nivus-Highline-1-0-TSi-2021-7-350x216.webp"}},"mimeType":"image\/webp","sourceUrl":"https:\/\/carro.blog.br\/noticias\/wp-content\/uploads\/2026\/04\/Volkswagen-Nivus-Highline-1-0-TSi-2021-7-350x216.webp"},"thumbnail":{"file":"Volkswagen-Nivus-Highline-1-0-TSi-2021-7-900x555.webp","width":900,"height":555,"filesize":46620,"sources":{"image\/webp":{"file":"Volkswagen-Nivus-Highline-1-0-TSi-2021-7-900x555.webp","filesize":46620,"sourceUrl":"https:\/\/carro.blog.br\/noticias\/wp-content\/uploads\/2026\/04\/Volkswagen-Nivus-Highline-1-0-TSi-2021-7-900x555.webp"}},"mimeType":"image\/webp","sourceUrl":"https:\/\/carro.blog.br\/noticias\/wp-content\/uploads\/2026\/04\/Volkswagen-Nivus-Highline-1-0-TSi-2021-7-900x555.webp"},"medium_large":{"file":"Volkswagen-Nivus-Highline-1-0-TSi-2021-7-768x473.webp","width":768,"height":473,"filesize":37270,"sources":{"image\/webp":{"file":"Volkswagen-Nivus-Highline-1-0-TSi-2021-7-768x473.webp","filesize":37270,"sourceUrl":"https:\/\/carro.blog.br\/noticias\/wp-content\/uploads\/2026\/04\/Volkswagen-Nivus-Highline-1-0-TSi-2021-7-768x473.webp"}},"mimeType":"image\/webp","sourceUrl":"https:\/\/carro.blog.br\/noticias\/wp-content\/uploads\/2026\/04\/Volkswagen-Nivus-Highline-1-0-TSi-2021-7-768x473.webp"},"web-stories-poster-portrait":{"file":"Volkswagen-Nivus-Highline-1-0-TSi-2021-7-640x801.webp","width":640,"height":801,"filesize":48782,"mimeType":"image\/webp","sourceUrl":"https:\/\/carro.blog.br\/noticias\/wp-content\/uploads\/2026\/04\/Volkswagen-Nivus-Highline-1-0-TSi-2021-7-640x801.webp"},"web-stories-publisher-logo":{"file":"Volkswagen-Nivus-Highline-1-0-TSi-2021-7-96x96.webp","width":96,"height":96,"filesize":2482,"mimeType":"image\/webp","sourceUrl":"https:\/\/carro.blog.br\/noticias\/wp-content\/uploads\/2026\/04\/Volkswagen-Nivus-Highline-1-0-TSi-2021-7-96x96.webp"},"web-stories-thumbnail":{"file":"Volkswagen-Nivus-Highline-1-0-TSi-2021-7-150x92.webp","width":150,"height":92,"filesize":3264,"mimeType":"image\/webp","sourceUrl":"https:\/\/carro.blog.br\/noticias\/wp-content\/uploads\/2026\/04\/Volkswagen-Nivus-Highline-1-0-TSi-2021-7-150x92.webp"},"full":{"file":"Volkswagen-Nivus-Highline-1-0-TSi-2021-7.webp","width":1300,"height":801,"mimeType":"image\/webp","sourceUrl":"https:\/\/carro.blog.br\/noticias\/wp-content\/uploads\/2026\/04\/Volkswagen-Nivus-Highline-1-0-TSi-2021-7.webp","sources":{"image\/webp":{"file":"Volkswagen-Nivus-Highline-1-0-TSi-2021-7.webp","filesize":93724,"sourceUrl":"https:\/\/carro.blog.br\/noticias\/wp-content\/uploads\/2026\/04\/Volkswagen-Nivus-Highline-1-0-TSi-2021-7.webp"}}}},"isPlaceholder":false,"isExternal":false,"needsProxy":false,"baseColor":"#182d3f","blurHash":"UJ9H^Ps7E}nNy=yDR4RjG[bc#RMyt9o2M{RQ","creationDate":"2026-04-04T22:32:30","src":"https:\/\/carro.blog.br\/noticias\/wp-content\/uploads\/2026\/04\/Volkswagen-Nivus-Highline-1-0-TSi-2021-7.webp","id":30214,"alt":"","local":false},"x":0,"y":24,"width":412,"height":271,"mask":{"type":"rectangle","showInLibrary":true,"name":"Rectangle","path":"M 0,0 1,0 1,1 0,1 0,0 Z","ratio":1,"supportsBorder":true},"id":"b86e6c2f-d007-4cc8-b20e-8afdb41438fa","basedOn":"b65b9621-504e-4187-adcf-7c8476322506","borderRadius":{"topLeft":0,"topRight":0,"bottomRight":0,"bottomLeft":0,"locked":true},"alt":"Carro.Blog.Br","border":{"left":0,"right":0,"top":10,"bottom":10,"lockedWidth":false,"color":{"color":{"r":255,"g":255,"b":255}}},"groupId":"4fe2ac81-8ded-40b1-934d-963730e4e497","type":"image"},{"opacity":100,"flip":{"vertical":false,"horizontal":false},"rotationAngle":0,"lockAspectRatio":true,"backgroundTextMode":"NONE","font":{"family":"Roboto Condensed"},"fontSize":18,"backgroundColor":{"color":{"r":255,"g":255,"b":255}},"lineHeight":1.3000000000000000444089209850062616169452667236328125,"textAlign":"center","padding":{"locked":true,"hasHiddenPadding":false,"horizontal":0,"vertical":0},"content":"<span style=\"color: #fff\">{datadehoje}<\/span>","x":50,"y":329,"width":314,"height":21,"basedOn":"02fa0e27-95ee-4d9c-b2ff-92afda5f2b9f","id":"104ff614-80e0-470e-ad34-a242b4816107","borderRadius":{"topLeft":0,"topRight":0,"bottomRight":0,"bottomLeft":0,"locked":true},"groupId":"4fe2ac81-8ded-40b1-934d-963730e4e497","type":"text"},{"opacity":100,"flip":{"vertical":false,"horizontal":false},"rotationAngle":0,"lockAspectRatio":true,"backgroundTextMode":"NONE","font":{"family":"Roboto Condensed"},"fontSize":48,"backgroundColor":{"color":{"r":255,"g":255,"b":255}},"lineHeight":1,"textAlign":"center","padding":{"locked":false,"hasHiddenPadding":false,"horizontal":0,"vertical":10},"content":"<span style=\"font-weight: 700; color: #fff; text-transform: uppercase\">Qual o valor do Nivus 2021 completo?<\/span>","x":49,"y":394,"width":317,"height":172,"basedOn":"96988eb0-6289-4894-8c84-19ccdf8569a7","id":"46089bfe-e868-49c3-9ab1-20e7491d13df","marginOffset":1.16100000000000136424205265939235687255859375,"border":{"left":0,"right":0,"top":5,"bottom":0,"lockedWidth":false,"color":{"color":{"r":1,"g":38,"b":106}}},"borderRadius":{"topLeft":0,"topRight":0,"bottomRight":0,"bottomLeft":0,"locked":true},"tagName":"h1","type":"text"},{"opacity":100,"flip":{"vertical":false,"horizontal":false},"rotationAngle":0,"lockAspectRatio":true,"backgroundTextMode":"HIGHLIGHT","font":{"family":"Roboto Condensed"},"fontSize":24,"backgroundColor":{"color":{"r":1,"g":18,"b":59}},"lineHeight":1,"textAlign":"left","padding":{"locked":true,"hasHiddenPadding":true,"horizontal":11,"vertical":7},"content":"<span style=\"color: #fff\">Por {nomedoautor}<\/span>","marginOffset":5.578125,"x":52,"y":276,"width":311,"height":42,"basedOn":"714857eb-6e7f-45bc-b781-1661045b2b61","id":"b170777a-f503-4ad8-8cc0-6701442c013b","borderRadius":{"topLeft":0,"topRight":0,"bottomRight":0,"bottomLeft":0,"locked":true},"border":{"left":5,"right":0,"top":0,"bottom":0,"lockedWidth":false,"color":{"color":{"r":255,"g":255,"b":255}}},"type":"text"},{"opacity":100,"flip":{"vertical":false,"horizontal":false},"rotationAngle":0,"lockAspectRatio":false,"scale":100,"focalX":50,"focalY":50,"resource":{"type":"image","mimeType":"image\/webp","width":1500,"height":350,"sizes":{"medium":{"file":"logo-webstories-png-350x82.webp","width":350,"height":82,"filesize":4238,"sources":{"image\/webp":{"file":"logo-webstories-png-350x82.webp","filesize":4238,"sourceUrl":"https:\/\/carro.blog.br\/noticias\/wp-content\/uploads\/2026\/02\/logo-webstories-png-350x82.webp"}},"mimeType":"image\/webp","sourceUrl":"https:\/\/carro.blog.br\/noticias\/wp-content\/uploads\/2026\/02\/logo-webstories-png-350x82.webp"},"thumbnail":{"file":"logo-webstories-png-900x210.webp","width":900,"height":210,"filesize":11324,"sources":{"image\/webp":{"file":"logo-webstories-png-900x210.webp","filesize":11324,"sourceUrl":"https:\/\/carro.blog.br\/noticias\/wp-content\/uploads\/2026\/02\/logo-webstories-png-900x210.webp"}},"mimeType":"image\/webp","sourceUrl":"https:\/\/carro.blog.br\/noticias\/wp-content\/uploads\/2026\/02\/logo-webstories-png-900x210.webp"},"medium_large":{"file":"logo-webstories-png-768x179.webp","width":768,"height":179,"filesize":9604,"sources":{"image\/webp":{"file":"logo-webstories-png-768x179.webp","filesize":9604,"sourceUrl":"https:\/\/carro.blog.br\/noticias\/wp-content\/uploads\/2026\/02\/logo-webstories-png-768x179.webp"}},"mimeType":"image\/webp","sourceUrl":"https:\/\/carro.blog.br\/noticias\/wp-content\/uploads\/2026\/02\/logo-webstories-png-768x179.webp"},"web-stories-poster-portrait":{"file":"logo-webstories-png-640x350.webp","width":640,"height":350,"filesize":7294,"mimeType":"image\/webp","sourceUrl":"https:\/\/carro.blog.br\/noticias\/wp-content\/uploads\/2026\/02\/logo-webstories-png-640x350.webp"},"web-stories-publisher-logo":{"file":"logo-webstories-png-96x96.webp","width":96,"height":96,"filesize":1318,"mimeType":"image\/webp","sourceUrl":"https:\/\/carro.blog.br\/noticias\/wp-content\/uploads\/2026\/02\/logo-webstories-png-96x96.webp"},"web-stories-thumbnail":{"file":"logo-webstories-png-150x35.webp","width":150,"height":35,"filesize":1688,"mimeType":"image\/webp","sourceUrl":"https:\/\/carro.blog.br\/noticias\/wp-content\/uploads\/2026\/02\/logo-webstories-png-150x35.webp"},"full":{"file":"logo-webstories-png.webp","width":1500,"height":350,"mimeType":"image\/webp","sourceUrl":"https:\/\/carro.blog.br\/noticias\/wp-content\/uploads\/2026\/02\/logo-webstories-png.webp","sources":{"image\/webp":{"file":"logo-webstories-png.webp","filesize":20290,"sourceUrl":"https:\/\/carro.blog.br\/noticias\/wp-content\/uploads\/2026\/02\/logo-webstories-png.webp"}}}},"isPlaceholder":false,"isExternal":false,"needsProxy":false,"baseColor":"#dccfac","blurHash":"U7AwJ3~7Ze$#n$s:ofa}009#yYNdbvM}NGn~","creationDate":"2026-02-05T11:34:02","src":"https:\/\/carro.blog.br\/noticias\/wp-content\/uploads\/2026\/02\/logo-webstories-png.webp","id":6731,"alt":"logo-webstories-png","local":false},"x":24.5,"y":-16,"width":363,"height":77,"mask":{"type":"rectangle","showInLibrary":true,"name":"Ret\u00e2ngulo","path":"M 0,0 1,0 1,1 0,1 0,0 Z","ratio":1,"supportsBorder":true},"id":"c7c726db-4eef-4819-abda-6faba9fdabba","type":"image"}],"backgroundColor":{"color":{"r":255,"g":255,"b":255}},"animations":[{"id":"491b5a4a-7b61-4e69-b740-cffa6f53384d","type":"effect-background-zoom","zoomDirection":"scaleOut","duration":6000,"delay":0,"targets":["b9b5b597-e8ff-45a5-90f9-73762451a03e"]},{"id":"63bd8638-be7d-4027-94aa-3fe9f989abf2","type":"effect-fly-in","flyInDir":"rightToLeft","duration":600,"delay":0,"targets":["b170777a-f503-4ad8-8cc0-6701442c013b"]}],"id":"f81b5366-c047-4b14-b975-4c6e5fa573c1","image":{"id":28939,"height":1200,"width":800,"url":"https:\/\/carro.blog.br\/noticias\/wp-content\/uploads\/2026\/03\/web-stories-page-template-28938.webp","needsProxy":false,"isExternal":false},"pageAttachment":{"url":"","needsProxy":false,"ctaText":"Arraste Para Cima","theme":"light"},"defaultBackgroundElement":{"opacity":100,"flip":{"vertical":false,"horizontal":false},"rotationAngle":0,"lockAspectRatio":true,"backgroundColor":{"color":{"r":196,"g":196,"b":196}},"x":1,"y":1,"width":1,"height":1,"mask":{"type":"rectangle"},"isBackground":true,"isDefaultBackground":true,"id":"38899e5f-faf8-478f-9600-ee894d175b3f","type":"shape"},"groups":{"4fe2ac81-8ded-40b1-934d-963730e4e497":{"name":"Grupo 1","isLocked":false}}},{"elements":[{"opacity":100,"flip":{"vertical":false,"horizontal":false},"rotationAngle":0,"lockAspectRatio":true,"scale":112,"focalX":50,"focalY":50,"resource":{"type":"image","mimeType":"image\/jpeg","width":2560,"height":1707,"sizes":{"medium":{"file":"fundo-azul-350x233.webp","width":350,"height":233,"filesize":5476,"sources":{"image\/webp":{"file":"fundo-azul-350x233.webp","filesize":5476,"sourceUrl":"https:\/\/carro.blog.br\/noticias\/wp-content\/uploads\/2026\/02\/fundo-azul-350x233.webp"}},"mimeType":"image\/webp","sourceUrl":"https:\/\/carro.blog.br\/noticias\/wp-content\/uploads\/2026\/02\/fundo-azul-350x233.webp"},"large":{"file":"fundo-azul-1800x1200.webp","width":1800,"height":1200,"filesize":38644,"sources":{"image\/webp":{"file":"fundo-azul-1800x1200.webp","filesize":38644,"sourceUrl":"https:\/\/carro.blog.br\/noticias\/wp-content\/uploads\/2026\/02\/fundo-azul-1800x1200.webp"}},"mimeType":"image\/webp","sourceUrl":"https:\/\/carro.blog.br\/noticias\/wp-content\/uploads\/2026\/02\/fundo-azul-1800x1200.webp"},"thumbnail":{"file":"fundo-azul-900x600.webp","width":900,"height":600,"filesize":17588,"sources":{"image\/webp":{"file":"fundo-azul-900x600.webp","filesize":17588,"sourceUrl":"https:\/\/carro.blog.br\/noticias\/wp-content\/uploads\/2026\/02\/fundo-azul-900x600.webp"}},"mimeType":"image\/webp","sourceUrl":"https:\/\/carro.blog.br\/noticias\/wp-content\/uploads\/2026\/02\/fundo-azul-900x600.webp"},"medium_large":{"file":"fundo-azul-768x512.webp","width":768,"height":512,"filesize":14734,"sources":{"image\/webp":{"file":"fundo-azul-768x512.webp","filesize":14734,"sourceUrl":"https:\/\/carro.blog.br\/noticias\/wp-content\/uploads\/2026\/02\/fundo-azul-768x512.webp"}},"mimeType":"image\/webp","sourceUrl":"https:\/\/carro.blog.br\/noticias\/wp-content\/uploads\/2026\/02\/fundo-azul-768x512.webp"},"1536x1536":{"file":"fundo-azul-1536x1024.webp","width":1536,"height":1024,"filesize":32230,"mimeType":"image\/webp","sourceUrl":"https:\/\/carro.blog.br\/noticias\/wp-content\/uploads\/2026\/02\/fundo-azul-1536x1024.webp"},"2048x2048":{"file":"fundo-azul-2048x1365.webp","width":2048,"height":1365,"filesize":44568,"mimeType":"image\/webp","sourceUrl":"https:\/\/carro.blog.br\/noticias\/wp-content\/uploads\/2026\/02\/fundo-azul-2048x1365.webp"},"web-stories-poster-portrait":{"file":"fundo-azul-640x853.webp","width":640,"height":853,"filesize":7692,"mimeType":"image\/webp","sourceUrl":"https:\/\/carro.blog.br\/noticias\/wp-content\/uploads\/2026\/02\/fundo-azul-640x853.webp"},"web-stories-publisher-logo":{"file":"fundo-azul-96x96.webp","width":96,"height":96,"filesize":806,"mimeType":"image\/webp","sourceUrl":"https:\/\/carro.blog.br\/noticias\/wp-content\/uploads\/2026\/02\/fundo-azul-96x96.webp"},"web-stories-thumbnail":{"file":"fundo-azul-150x100.webp","width":150,"height":100,"filesize":1520,"mimeType":"image\/webp","sourceUrl":"https:\/\/carro.blog.br\/noticias\/wp-content\/uploads\/2026\/02\/fundo-azul-150x100.webp"},"full":{"file":"fundo-azul-scaled.webp","width":2560,"height":1707,"mimeType":"image\/jpeg","sourceUrl":"https:\/\/carro.blog.br\/noticias\/wp-content\/uploads\/2026\/02\/fundo-azul-scaled.webp","sources":{"image\/webp":{"file":"fundo-azul-scaled.webp","filesize":56840,"sourceUrl":"https:\/\/carro.blog.br\/noticias\/wp-content\/uploads\/2026\/02\/fundo-azul-scaled.webp"}}}},"isPlaceholder":false,"isExternal":false,"needsProxy":false,"baseColor":"#042672","blurHash":"U60xK}a1pJZ}ozZek[belCa%jdj]k9aLk[kY","creationDate":"2026-02-05T11:14:50","src":"https:\/\/carro.blog.br\/noticias\/wp-content\/uploads\/2026\/02\/fundo-azul-scaled.webp","id":6726,"alt":"fundo azul","local":false},"backgroundColor":{"color":{"r":196,"g":196,"b":196}},"x":48,"y":0,"width":330,"height":220,"mask":{"type":"rectangle"},"isBackground":true,"id":"3356a650-7d99-4bb6-b158-ce4074bd0454","overlay":{"type":"linear","rotation":0,"stops":[{"color":{"r":0,"g":0,"b":0,"a":0},"position":0.40000000000000002220446049250313080847263336181640625},{"color":{"r":0,"g":0,"b":0,"a":1},"position":1}],"alpha":0.5},"type":"image"},{"opacity":100,"flip":{"vertical":false,"horizontal":false},"rotationAngle":0,"lockAspectRatio":false,"scale":100,"focalX":50,"focalY":50,"resource":{"type":"image","mimeType":"image\/webp","width":1300,"height":867,"sizes":{"medium":{"file":"Volkswagen-Nivus-Highline-1-0-TSi-2021-3-350x233.webp","width":350,"height":233,"filesize":20084,"sources":{"image\/webp":{"file":"Volkswagen-Nivus-Highline-1-0-TSi-2021-3-350x233.webp","filesize":20084,"sourceUrl":"https:\/\/carro.blog.br\/noticias\/wp-content\/uploads\/2026\/04\/Volkswagen-Nivus-Highline-1-0-TSi-2021-3-350x233.webp"}},"mimeType":"image\/webp","sourceUrl":"https:\/\/carro.blog.br\/noticias\/wp-content\/uploads\/2026\/04\/Volkswagen-Nivus-Highline-1-0-TSi-2021-3-350x233.webp"},"thumbnail":{"file":"Volkswagen-Nivus-Highline-1-0-TSi-2021-3-900x600.webp","width":900,"height":600,"filesize":102836,"sources":{"image\/webp":{"file":"Volkswagen-Nivus-Highline-1-0-TSi-2021-3-900x600.webp","filesize":102836,"sourceUrl":"https:\/\/carro.blog.br\/noticias\/wp-content\/uploads\/2026\/04\/Volkswagen-Nivus-Highline-1-0-TSi-2021-3-900x600.webp"}},"mimeType":"image\/webp","sourceUrl":"https:\/\/carro.blog.br\/noticias\/wp-content\/uploads\/2026\/04\/Volkswagen-Nivus-Highline-1-0-TSi-2021-3-900x600.webp"},"medium_large":{"file":"Volkswagen-Nivus-Highline-1-0-TSi-2021-3-768x512.webp","width":768,"height":512,"filesize":80310,"sources":{"image\/webp":{"file":"Volkswagen-Nivus-Highline-1-0-TSi-2021-3-768x512.webp","filesize":80310,"sourceUrl":"https:\/\/carro.blog.br\/noticias\/wp-content\/uploads\/2026\/04\/Volkswagen-Nivus-Highline-1-0-TSi-2021-3-768x512.webp"}},"mimeType":"image\/webp","sourceUrl":"https:\/\/carro.blog.br\/noticias\/wp-content\/uploads\/2026\/04\/Volkswagen-Nivus-Highline-1-0-TSi-2021-3-768x512.webp"},"web-stories-poster-portrait":{"file":"Volkswagen-Nivus-Highline-1-0-TSi-2021-3-640x853.webp","width":640,"height":853,"filesize":95886,"mimeType":"image\/webp","sourceUrl":"https:\/\/carro.blog.br\/noticias\/wp-content\/uploads\/2026\/04\/Volkswagen-Nivus-Highline-1-0-TSi-2021-3-640x853.webp"},"web-stories-publisher-logo":{"file":"Volkswagen-Nivus-Highline-1-0-TSi-2021-3-96x96.webp","width":96,"height":96,"filesize":3276,"mimeType":"image\/webp","sourceUrl":"https:\/\/carro.blog.br\/noticias\/wp-content\/uploads\/2026\/04\/Volkswagen-Nivus-Highline-1-0-TSi-2021-3-96x96.webp"},"web-stories-thumbnail":{"file":"Volkswagen-Nivus-Highline-1-0-TSi-2021-3-150x100.webp","width":150,"height":100,"filesize":4578,"mimeType":"image\/webp","sourceUrl":"https:\/\/carro.blog.br\/noticias\/wp-content\/uploads\/2026\/04\/Volkswagen-Nivus-Highline-1-0-TSi-2021-3-150x100.webp"},"full":{"file":"Volkswagen-Nivus-Highline-1-0-TSi-2021-3.webp","width":1300,"height":867,"mimeType":"image\/webp","sourceUrl":"https:\/\/carro.blog.br\/noticias\/wp-content\/uploads\/2026\/04\/Volkswagen-Nivus-Highline-1-0-TSi-2021-3.webp","sources":{"image\/webp":{"file":"Volkswagen-Nivus-Highline-1-0-TSi-2021-3.webp","filesize":218604,"sourceUrl":"https:\/\/carro.blog.br\/noticias\/wp-content\/uploads\/2026\/04\/Volkswagen-Nivus-Highline-1-0-TSi-2021-3.webp"}}}},"isPlaceholder":false,"isExternal":false,"needsProxy":false,"baseColor":"#43343b","blurHash":"UVGt~R%g9uxa~UIpD*xtX8NGaLt6RPWBtRxt","creationDate":"2026-04-04T22:31:55","src":"https:\/\/carro.blog.br\/noticias\/wp-content\/uploads\/2026\/04\/Volkswagen-Nivus-Highline-1-0-TSi-2021-3.webp","id":30206,"alt":"","local":false},"x":0,"y":24,"width":412,"height":271,"mask":{"type":"rectangle","showInLibrary":true,"name":"Rectangle","path":"M 0,0 1,0 1,1 0,1 0,0 Z","ratio":1,"supportsBorder":true},"id":"c036f307-dbbf-4e2e-89e7-642d50e1b478","basedOn":"b65b9621-504e-4187-adcf-7c8476322506","borderRadius":{"topLeft":0,"topRight":0,"bottomRight":0,"bottomLeft":0,"locked":true},"alt":"Carro.Blog.Br","border":{"left":0,"right":0,"top":10,"bottom":10,"lockedWidth":false,"color":{"color":{"r":255,"g":255,"b":255}}},"type":"image","groupId":null},{"opacity":100,"flip":{"vertical":false,"horizontal":false},"rotationAngle":0,"lockAspectRatio":true,"backgroundTextMode":"HIGHLIGHT","font":{"family":"Roboto Condensed"},"fontSize":24,"backgroundColor":{"color":{"r":1,"g":18,"b":59}},"lineHeight":1,"textAlign":"left","padding":{"locked":true,"hasHiddenPadding":true,"horizontal":11,"vertical":7},"content":"<span style=\"color: #fff\">Com base na Fipe de R$ 107 mil, nosso levantamento aponta que o Nivus Highline 2021 mant\u00e9m valor firme no usado, mas cobra aten\u00e7\u00e3o no hist\u00f3rico antes da compra.<\/span>","marginOffset":5.578125,"x":52,"y":317,"width":311,"height":232,"basedOn":"714857eb-6e7f-45bc-b781-1661045b2b61","id":"68a3bd60-9a3d-4d48-ae8a-f080c0a814aa","borderRadius":{"topLeft":0,"topRight":0,"bottomRight":0,"bottomLeft":0,"locked":true},"border":{"left":5,"right":0,"top":0,"bottom":0,"lockedWidth":false,"color":{"color":{"r":255,"g":255,"b":255}}},"type":"text"},{"opacity":100,"flip":{"vertical":false,"horizontal":false},"rotationAngle":0,"lockAspectRatio":false,"scale":100,"focalX":50,"focalY":50,"resource":{"type":"image","mimeType":"image\/webp","width":1500,"height":350,"sizes":{"medium":{"file":"logo-webstories-png-350x82.webp","width":350,"height":82,"filesize":4238,"sources":{"image\/webp":{"file":"logo-webstories-png-350x82.webp","filesize":4238,"sourceUrl":"https:\/\/carro.blog.br\/noticias\/wp-content\/uploads\/2026\/02\/logo-webstories-png-350x82.webp"}},"mimeType":"image\/webp","sourceUrl":"https:\/\/carro.blog.br\/noticias\/wp-content\/uploads\/2026\/02\/logo-webstories-png-350x82.webp"},"thumbnail":{"file":"logo-webstories-png-900x210.webp","width":900,"height":210,"filesize":11324,"sources":{"image\/webp":{"file":"logo-webstories-png-900x210.webp","filesize":11324,"sourceUrl":"https:\/\/carro.blog.br\/noticias\/wp-content\/uploads\/2026\/02\/logo-webstories-png-900x210.webp"}},"mimeType":"image\/webp","sourceUrl":"https:\/\/carro.blog.br\/noticias\/wp-content\/uploads\/2026\/02\/logo-webstories-png-900x210.webp"},"medium_large":{"file":"logo-webstories-png-768x179.webp","width":768,"height":179,"filesize":9604,"sources":{"image\/webp":{"file":"logo-webstories-png-768x179.webp","filesize":9604,"sourceUrl":"https:\/\/carro.blog.br\/noticias\/wp-content\/uploads\/2026\/02\/logo-webstories-png-768x179.webp"}},"mimeType":"image\/webp","sourceUrl":"https:\/\/carro.blog.br\/noticias\/wp-content\/uploads\/2026\/02\/logo-webstories-png-768x179.webp"},"web-stories-poster-portrait":{"file":"logo-webstories-png-640x350.webp","width":640,"height":350,"filesize":7294,"mimeType":"image\/webp","sourceUrl":"https:\/\/carro.blog.br\/noticias\/wp-content\/uploads\/2026\/02\/logo-webstories-png-640x350.webp"},"web-stories-publisher-logo":{"file":"logo-webstories-png-96x96.webp","width":96,"height":96,"filesize":1318,"mimeType":"image\/webp","sourceUrl":"https:\/\/carro.blog.br\/noticias\/wp-content\/uploads\/2026\/02\/logo-webstories-png-96x96.webp"},"web-stories-thumbnail":{"file":"logo-webstories-png-150x35.webp","width":150,"height":35,"filesize":1688,"mimeType":"image\/webp","sourceUrl":"https:\/\/carro.blog.br\/noticias\/wp-content\/uploads\/2026\/02\/logo-webstories-png-150x35.webp"},"full":{"file":"logo-webstories-png.webp","width":1500,"height":350,"mimeType":"image\/webp","sourceUrl":"https:\/\/carro.blog.br\/noticias\/wp-content\/uploads\/2026\/02\/logo-webstories-png.webp","sources":{"image\/webp":{"file":"logo-webstories-png.webp","filesize":20290,"sourceUrl":"https:\/\/carro.blog.br\/noticias\/wp-content\/uploads\/2026\/02\/logo-webstories-png.webp"}}}},"isPlaceholder":false,"isExternal":false,"needsProxy":false,"baseColor":"#dccfac","blurHash":"U7AwJ3~7Ze$#n$s:ofa}009#yYNdbvM}NGn~","creationDate":"2026-02-05T11:34:02","src":"https:\/\/carro.blog.br\/noticias\/wp-content\/uploads\/2026\/02\/logo-webstories-png.webp","id":6731,"alt":"logo-webstories-png","local":false},"x":24.5,"y":-16,"width":363,"height":77,"mask":{"type":"rectangle","showInLibrary":true,"name":"Ret\u00e2ngulo","path":"M 0,0 1,0 1,1 0,1 0,0 Z","ratio":1,"supportsBorder":true},"id":"03dc532e-6a4a-46e4-b7f1-9ff3946b9ab0","type":"image"}],"backgroundColor":{"color":{"r":255,"g":255,"b":255}},"animations":[{"id":"d587e6a5-4a5e-4868-873f-2aa13de3818d","type":"effect-background-zoom","zoomDirection":"scaleOut","duration":6000,"delay":0,"targets":["3356a650-7d99-4bb6-b158-ce4074bd0454"]},{"id":"214984c4-fa67-4cc3-a89c-0776bb585e17","type":"effect-fly-in","flyInDir":"rightToLeft","duration":600,"delay":0,"targets":["68a3bd60-9a3d-4d48-ae8a-f080c0a814aa"]}],"id":"42f2618b-521a-4dc4-9703-21f4d71ce9f1","image":{"id":28939,"height":1200,"width":800,"url":"https:\/\/carro.blog.br\/noticias\/wp-content\/uploads\/2026\/03\/web-stories-page-template-28938.webp","needsProxy":false,"isExternal":false},"pageAttachment":{"url":"","needsProxy":false,"ctaText":"Arraste Para Cima","theme":"light"},"defaultBackgroundElement":{"opacity":100,"flip":{"vertical":false,"horizontal":false},"rotationAngle":0,"lockAspectRatio":true,"backgroundColor":{"color":{"r":196,"g":196,"b":196}},"x":1,"y":1,"width":1,"height":1,"mask":{"type":"rectangle"},"isBackground":true,"isDefaultBackground":true,"id":"38899e5f-faf8-478f-9600-ee894d175b3f","type":"shape"},"groups":[]},{"elements":[{"opacity":100,"flip":{"vertical":false,"horizontal":false},"rotationAngle":0,"lockAspectRatio":true,"scale":112,"focalX":50,"focalY":50,"resource":{"type":"image","mimeType":"image\/jpeg","width":2560,"height":1707,"sizes":{"medium":{"file":"fundo-azul-350x233.webp","width":350,"height":233,"filesize":5476,"sources":{"image\/webp":{"file":"fundo-azul-350x233.webp","filesize":5476,"sourceUrl":"https:\/\/carro.blog.br\/noticias\/wp-content\/uploads\/2026\/02\/fundo-azul-350x233.webp"}},"mimeType":"image\/webp","sourceUrl":"https:\/\/carro.blog.br\/noticias\/wp-content\/uploads\/2026\/02\/fundo-azul-350x233.webp"},"large":{"file":"fundo-azul-1800x1200.webp","width":1800,"height":1200,"filesize":38644,"sources":{"image\/webp":{"file":"fundo-azul-1800x1200.webp","filesize":38644,"sourceUrl":"https:\/\/carro.blog.br\/noticias\/wp-content\/uploads\/2026\/02\/fundo-azul-1800x1200.webp"}},"mimeType":"image\/webp","sourceUrl":"https:\/\/carro.blog.br\/noticias\/wp-content\/uploads\/2026\/02\/fundo-azul-1800x1200.webp"},"thumbnail":{"file":"fundo-azul-900x600.webp","width":900,"height":600,"filesize":17588,"sources":{"image\/webp":{"file":"fundo-azul-900x600.webp","filesize":17588,"sourceUrl":"https:\/\/carro.blog.br\/noticias\/wp-content\/uploads\/2026\/02\/fundo-azul-900x600.webp"}},"mimeType":"image\/webp","sourceUrl":"https:\/\/carro.blog.br\/noticias\/wp-content\/uploads\/2026\/02\/fundo-azul-900x600.webp"},"medium_large":{"file":"fundo-azul-768x512.webp","width":768,"height":512,"filesize":14734,"sources":{"image\/webp":{"file":"fundo-azul-768x512.webp","filesize":14734,"sourceUrl":"https:\/\/carro.blog.br\/noticias\/wp-content\/uploads\/2026\/02\/fundo-azul-768x512.webp"}},"mimeType":"image\/webp","sourceUrl":"https:\/\/carro.blog.br\/noticias\/wp-content\/uploads\/2026\/02\/fundo-azul-768x512.webp"},"1536x1536":{"file":"fundo-azul-1536x1024.webp","width":1536,"height":1024,"filesize":32230,"mimeType":"image\/webp","sourceUrl":"https:\/\/carro.blog.br\/noticias\/wp-content\/uploads\/2026\/02\/fundo-azul-1536x1024.webp"},"2048x2048":{"file":"fundo-azul-2048x1365.webp","width":2048,"height":1365,"filesize":44568,"mimeType":"image\/webp","sourceUrl":"https:\/\/carro.blog.br\/noticias\/wp-content\/uploads\/2026\/02\/fundo-azul-2048x1365.webp"},"web-stories-poster-portrait":{"file":"fundo-azul-640x853.webp","width":640,"height":853,"filesize":7692,"mimeType":"image\/webp","sourceUrl":"https:\/\/carro.blog.br\/noticias\/wp-content\/uploads\/2026\/02\/fundo-azul-640x853.webp"},"web-stories-publisher-logo":{"file":"fundo-azul-96x96.webp","width":96,"height":96,"filesize":806,"mimeType":"image\/webp","sourceUrl":"https:\/\/carro.blog.br\/noticias\/wp-content\/uploads\/2026\/02\/fundo-azul-96x96.webp"},"web-stories-thumbnail":{"file":"fundo-azul-150x100.webp","width":150,"height":100,"filesize":1520,"mimeType":"image\/webp","sourceUrl":"https:\/\/carro.blog.br\/noticias\/wp-content\/uploads\/2026\/02\/fundo-azul-150x100.webp"},"full":{"file":"fundo-azul-scaled.webp","width":2560,"height":1707,"mimeType":"image\/jpeg","sourceUrl":"https:\/\/carro.blog.br\/noticias\/wp-content\/uploads\/2026\/02\/fundo-azul-scaled.webp","sources":{"image\/webp":{"file":"fundo-azul-scaled.webp","filesize":56840,"sourceUrl":"https:\/\/carro.blog.br\/noticias\/wp-content\/uploads\/2026\/02\/fundo-azul-scaled.webp"}}}},"isPlaceholder":false,"isExternal":false,"needsProxy":false,"baseColor":"#042672","blurHash":"U60xK}a1pJZ}ozZek[belCa%jdj]k9aLk[kY","creationDate":"2026-02-05T11:14:50","src":"https:\/\/carro.blog.br\/noticias\/wp-content\/uploads\/2026\/02\/fundo-azul-scaled.webp","id":6726,"alt":"fundo azul","local":false},"backgroundColor":{"color":{"r":196,"g":196,"b":196}},"x":48,"y":0,"width":330,"height":220,"mask":{"type":"rectangle"},"isBackground":true,"id":"fa7d534d-c757-4f54-8706-7201d4b8513d","overlay":{"type":"linear","rotation":0,"stops":[{"color":{"r":0,"g":0,"b":0,"a":0},"position":0.40000000000000002220446049250313080847263336181640625},{"color":{"r":0,"g":0,"b":0,"a":1},"position":1}],"alpha":0.5},"type":"image"},{"opacity":100,"flip":{"vertical":false,"horizontal":false},"rotationAngle":0,"lockAspectRatio":false,"scale":100,"focalX":50,"focalY":50,"resource":{"type":"image","mimeType":"image\/webp","width":1300,"height":731,"sizes":{"medium":{"file":"Volkswagen-Nivus-Highline-1-0-TSi-2021-10-350x197.webp","width":350,"height":197,"filesize":8920,"sources":{"image\/webp":{"file":"Volkswagen-Nivus-Highline-1-0-TSi-2021-10-350x197.webp","filesize":8920,"sourceUrl":"https:\/\/carro.blog.br\/noticias\/wp-content\/uploads\/2026\/04\/Volkswagen-Nivus-Highline-1-0-TSi-2021-10-350x197.webp"}},"mimeType":"image\/webp","sourceUrl":"https:\/\/carro.blog.br\/noticias\/wp-content\/uploads\/2026\/04\/Volkswagen-Nivus-Highline-1-0-TSi-2021-10-350x197.webp"},"thumbnail":{"file":"Volkswagen-Nivus-Highline-1-0-TSi-2021-10-900x506.webp","width":900,"height":506,"filesize":35564,"sources":{"image\/webp":{"file":"Volkswagen-Nivus-Highline-1-0-TSi-2021-10-900x506.webp","filesize":35564,"sourceUrl":"https:\/\/carro.blog.br\/noticias\/wp-content\/uploads\/2026\/04\/Volkswagen-Nivus-Highline-1-0-TSi-2021-10-900x506.webp"}},"mimeType":"image\/webp","sourceUrl":"https:\/\/carro.blog.br\/noticias\/wp-content\/uploads\/2026\/04\/Volkswagen-Nivus-Highline-1-0-TSi-2021-10-900x506.webp"},"medium_large":{"file":"Volkswagen-Nivus-Highline-1-0-TSi-2021-10-768x432.webp","width":768,"height":432,"filesize":28822,"sources":{"image\/webp":{"file":"Volkswagen-Nivus-Highline-1-0-TSi-2021-10-768x432.webp","filesize":28822,"sourceUrl":"https:\/\/carro.blog.br\/noticias\/wp-content\/uploads\/2026\/04\/Volkswagen-Nivus-Highline-1-0-TSi-2021-10-768x432.webp"}},"mimeType":"image\/webp","sourceUrl":"https:\/\/carro.blog.br\/noticias\/wp-content\/uploads\/2026\/04\/Volkswagen-Nivus-Highline-1-0-TSi-2021-10-768x432.webp"},"web-stories-poster-portrait":{"file":"Volkswagen-Nivus-Highline-1-0-TSi-2021-10-640x731.webp","width":640,"height":731,"filesize":39320,"mimeType":"image\/webp","sourceUrl":"https:\/\/carro.blog.br\/noticias\/wp-content\/uploads\/2026\/04\/Volkswagen-Nivus-Highline-1-0-TSi-2021-10-640x731.webp"},"web-stories-publisher-logo":{"file":"Volkswagen-Nivus-Highline-1-0-TSi-2021-10-96x96.webp","width":96,"height":96,"filesize":1888,"mimeType":"image\/webp","sourceUrl":"https:\/\/carro.blog.br\/noticias\/wp-content\/uploads\/2026\/04\/Volkswagen-Nivus-Highline-1-0-TSi-2021-10-96x96.webp"},"web-stories-thumbnail":{"file":"Volkswagen-Nivus-Highline-1-0-TSi-2021-10-150x84.webp","width":150,"height":84,"filesize":2584,"mimeType":"image\/webp","sourceUrl":"https:\/\/carro.blog.br\/noticias\/wp-content\/uploads\/2026\/04\/Volkswagen-Nivus-Highline-1-0-TSi-2021-10-150x84.webp"},"full":{"file":"Volkswagen-Nivus-Highline-1-0-TSi-2021-10.webp","width":1300,"height":731,"mimeType":"image\/webp","sourceUrl":"https:\/\/carro.blog.br\/noticias\/wp-content\/uploads\/2026\/04\/Volkswagen-Nivus-Highline-1-0-TSi-2021-10.webp","sources":{"image\/webp":{"file":"Volkswagen-Nivus-Highline-1-0-TSi-2021-10.webp","filesize":72676,"sourceUrl":"https:\/\/carro.blog.br\/noticias\/wp-content\/uploads\/2026\/04\/Volkswagen-Nivus-Highline-1-0-TSi-2021-10.webp"}}}},"isPlaceholder":false,"isExternal":false,"needsProxy":false,"baseColor":"#141a1e","blurHash":"UO9@R?NHNMf5~nNHNMae_0NGNLax?FRkNLoJ","creationDate":"2026-04-04T22:32:07","src":"https:\/\/carro.blog.br\/noticias\/wp-content\/uploads\/2026\/04\/Volkswagen-Nivus-Highline-1-0-TSi-2021-10.webp","id":30212,"alt":"Cabine para 5 ocupantes, porta-malas de 415 litros e bom conforto na frente, mas espa\u00e7o traseiro limitado reduz o conforto em viagens com mais passageiros.","local":false},"x":0,"y":24,"width":412,"height":271,"mask":{"type":"rectangle","showInLibrary":true,"name":"Rectangle","path":"M 0,0 1,0 1,1 0,1 0,0 Z","ratio":1,"supportsBorder":true},"id":"1c0c6bbd-79fd-4821-93be-d8883eae5245","basedOn":"b65b9621-504e-4187-adcf-7c8476322506","borderRadius":{"topLeft":0,"topRight":0,"bottomRight":0,"bottomLeft":0,"locked":true},"alt":"Carro.Blog.Br","border":{"left":0,"right":0,"top":10,"bottom":10,"lockedWidth":false,"color":{"color":{"r":255,"g":255,"b":255}}},"groupId":null,"type":"image"},{"opacity":100,"flip":{"vertical":false,"horizontal":false},"rotationAngle":0,"lockAspectRatio":true,"backgroundTextMode":"HIGHLIGHT","font":{"family":"Roboto Condensed"},"fontSize":24,"backgroundColor":{"color":{"r":1,"g":18,"b":59}},"lineHeight":1,"textAlign":"left","padding":{"locked":true,"hasHiddenPadding":true,"horizontal":11,"vertical":7},"content":"<span style=\"color: #fff\">O consumo real varia de 7,7 a 13,2 km\/l, com melhor efici\u00eancia na gasolina. Em uso urbano, registramos 10,7 km\/l e at\u00e9 13,2 km\/l na estrada.<\/span>","marginOffset":5.578125,"x":52,"y":317,"width":311,"height":194,"basedOn":"714857eb-6e7f-45bc-b781-1661045b2b61","id":"b9301080-1c54-4940-9ff7-2b846828805d","borderRadius":{"topLeft":0,"topRight":0,"bottomRight":0,"bottomLeft":0,"locked":true},"border":{"left":5,"right":0,"top":0,"bottom":0,"lockedWidth":false,"color":{"color":{"r":255,"g":255,"b":255}}},"type":"text"},{"opacity":100,"flip":{"vertical":false,"horizontal":false},"rotationAngle":0,"lockAspectRatio":false,"scale":100,"focalX":50,"focalY":50,"resource":{"type":"image","mimeType":"image\/webp","width":1500,"height":350,"sizes":{"medium":{"file":"logo-webstories-png-350x82.webp","width":350,"height":82,"filesize":4238,"sources":{"image\/webp":{"file":"logo-webstories-png-350x82.webp","filesize":4238,"sourceUrl":"https:\/\/carro.blog.br\/noticias\/wp-content\/uploads\/2026\/02\/logo-webstories-png-350x82.webp"}},"mimeType":"image\/webp","sourceUrl":"https:\/\/carro.blog.br\/noticias\/wp-content\/uploads\/2026\/02\/logo-webstories-png-350x82.webp"},"thumbnail":{"file":"logo-webstories-png-900x210.webp","width":900,"height":210,"filesize":11324,"sources":{"image\/webp":{"file":"logo-webstories-png-900x210.webp","filesize":11324,"sourceUrl":"https:\/\/carro.blog.br\/noticias\/wp-content\/uploads\/2026\/02\/logo-webstories-png-900x210.webp"}},"mimeType":"image\/webp","sourceUrl":"https:\/\/carro.blog.br\/noticias\/wp-content\/uploads\/2026\/02\/logo-webstories-png-900x210.webp"},"medium_large":{"file":"logo-webstories-png-768x179.webp","width":768,"height":179,"filesize":9604,"sources":{"image\/webp":{"file":"logo-webstories-png-768x179.webp","filesize":9604,"sourceUrl":"https:\/\/carro.blog.br\/noticias\/wp-content\/uploads\/2026\/02\/logo-webstories-png-768x179.webp"}},"mimeType":"image\/webp","sourceUrl":"https:\/\/carro.blog.br\/noticias\/wp-content\/uploads\/2026\/02\/logo-webstories-png-768x179.webp"},"web-stories-poster-portrait":{"file":"logo-webstories-png-640x350.webp","width":640,"height":350,"filesize":7294,"mimeType":"image\/webp","sourceUrl":"https:\/\/carro.blog.br\/noticias\/wp-content\/uploads\/2026\/02\/logo-webstories-png-640x350.webp"},"web-stories-publisher-logo":{"file":"logo-webstories-png-96x96.webp","width":96,"height":96,"filesize":1318,"mimeType":"image\/webp","sourceUrl":"https:\/\/carro.blog.br\/noticias\/wp-content\/uploads\/2026\/02\/logo-webstories-png-96x96.webp"},"web-stories-thumbnail":{"file":"logo-webstories-png-150x35.webp","width":150,"height":35,"filesize":1688,"mimeType":"image\/webp","sourceUrl":"https:\/\/carro.blog.br\/noticias\/wp-content\/uploads\/2026\/02\/logo-webstories-png-150x35.webp"},"full":{"file":"logo-webstories-png.webp","width":1500,"height":350,"mimeType":"image\/webp","sourceUrl":"https:\/\/carro.blog.br\/noticias\/wp-content\/uploads\/2026\/02\/logo-webstories-png.webp","sources":{"image\/webp":{"file":"logo-webstories-png.webp","filesize":20290,"sourceUrl":"https:\/\/carro.blog.br\/noticias\/wp-content\/uploads\/2026\/02\/logo-webstories-png.webp"}}}},"isPlaceholder":false,"isExternal":false,"needsProxy":false,"baseColor":"#dccfac","blurHash":"U7AwJ3~7Ze$#n$s:ofa}009#yYNdbvM}NGn~","creationDate":"2026-02-05T11:34:02","src":"https:\/\/carro.blog.br\/noticias\/wp-content\/uploads\/2026\/02\/logo-webstories-png.webp","id":6731,"alt":"logo-webstories-png","local":false},"x":24.5,"y":-16,"width":363,"height":77,"mask":{"type":"rectangle","showInLibrary":true,"name":"Ret\u00e2ngulo","path":"M 0,0 1,0 1,1 0,1 0,0 Z","ratio":1,"supportsBorder":true},"id":"0cd52ff5-1ada-45d0-9a03-c2da0aa677f3","type":"image"}],"backgroundColor":{"color":{"r":255,"g":255,"b":255}},"animations":[{"id":"21cded0a-6ad7-4f72-812a-afb0c2ed8a74","type":"effect-background-zoom","zoomDirection":"scaleOut","duration":6000,"delay":0,"targets":["fa7d534d-c757-4f54-8706-7201d4b8513d"]},{"id":"f0cdb926-8a76-41ff-b657-9e97a6b3235a","type":"effect-fly-in","flyInDir":"rightToLeft","duration":600,"delay":0,"targets":["b9301080-1c54-4940-9ff7-2b846828805d"]}],"id":"151dcf62-bc69-4945-92cb-fd7c99120492","image":{"id":28939,"height":1200,"width":800,"url":"https:\/\/carro.blog.br\/noticias\/wp-content\/uploads\/2026\/03\/web-stories-page-template-28938.webp","needsProxy":false,"isExternal":false},"pageAttachment":{"url":"","needsProxy":false,"ctaText":"Arraste Para Cima","theme":"light"},"defaultBackgroundElement":{"opacity":100,"flip":{"vertical":false,"horizontal":false},"rotationAngle":0,"lockAspectRatio":true,"backgroundColor":{"color":{"r":196,"g":196,"b":196}},"x":1,"y":1,"width":1,"height":1,"mask":{"type":"rectangle"},"isBackground":true,"isDefaultBackground":true,"id":"38899e5f-faf8-478f-9600-ee894d175b3f","type":"shape"},"groups":[]},{"elements":[{"opacity":100,"flip":{"vertical":false,"horizontal":false},"rotationAngle":0,"lockAspectRatio":true,"scale":112,"focalX":50,"focalY":50,"resource":{"type":"image","mimeType":"image\/jpeg","width":2560,"height":1707,"sizes":{"medium":{"file":"fundo-azul-350x233.webp","width":350,"height":233,"filesize":5476,"sources":{"image\/webp":{"file":"fundo-azul-350x233.webp","filesize":5476,"sourceUrl":"https:\/\/carro.blog.br\/noticias\/wp-content\/uploads\/2026\/02\/fundo-azul-350x233.webp"}},"mimeType":"image\/webp","sourceUrl":"https:\/\/carro.blog.br\/noticias\/wp-content\/uploads\/2026\/02\/fundo-azul-350x233.webp"},"large":{"file":"fundo-azul-1800x1200.webp","width":1800,"height":1200,"filesize":38644,"sources":{"image\/webp":{"file":"fundo-azul-1800x1200.webp","filesize":38644,"sourceUrl":"https:\/\/carro.blog.br\/noticias\/wp-content\/uploads\/2026\/02\/fundo-azul-1800x1200.webp"}},"mimeType":"image\/webp","sourceUrl":"https:\/\/carro.blog.br\/noticias\/wp-content\/uploads\/2026\/02\/fundo-azul-1800x1200.webp"},"thumbnail":{"file":"fundo-azul-900x600.webp","width":900,"height":600,"filesize":17588,"sources":{"image\/webp":{"file":"fundo-azul-900x600.webp","filesize":17588,"sourceUrl":"https:\/\/carro.blog.br\/noticias\/wp-content\/uploads\/2026\/02\/fundo-azul-900x600.webp"}},"mimeType":"image\/webp","sourceUrl":"https:\/\/carro.blog.br\/noticias\/wp-content\/uploads\/2026\/02\/fundo-azul-900x600.webp"},"medium_large":{"file":"fundo-azul-768x512.webp","width":768,"height":512,"filesize":14734,"sources":{"image\/webp":{"file":"fundo-azul-768x512.webp","filesize":14734,"sourceUrl":"https:\/\/carro.blog.br\/noticias\/wp-content\/uploads\/2026\/02\/fundo-azul-768x512.webp"}},"mimeType":"image\/webp","sourceUrl":"https:\/\/carro.blog.br\/noticias\/wp-content\/uploads\/2026\/02\/fundo-azul-768x512.webp"},"1536x1536":{"file":"fundo-azul-1536x1024.webp","width":1536,"height":1024,"filesize":32230,"mimeType":"image\/webp","sourceUrl":"https:\/\/carro.blog.br\/noticias\/wp-content\/uploads\/2026\/02\/fundo-azul-1536x1024.webp"},"2048x2048":{"file":"fundo-azul-2048x1365.webp","width":2048,"height":1365,"filesize":44568,"mimeType":"image\/webp","sourceUrl":"https:\/\/carro.blog.br\/noticias\/wp-content\/uploads\/2026\/02\/fundo-azul-2048x1365.webp"},"web-stories-poster-portrait":{"file":"fundo-azul-640x853.webp","width":640,"height":853,"filesize":7692,"mimeType":"image\/webp","sourceUrl":"https:\/\/carro.blog.br\/noticias\/wp-content\/uploads\/2026\/02\/fundo-azul-640x853.webp"},"web-stories-publisher-logo":{"file":"fundo-azul-96x96.webp","width":96,"height":96,"filesize":806,"mimeType":"image\/webp","sourceUrl":"https:\/\/carro.blog.br\/noticias\/wp-content\/uploads\/2026\/02\/fundo-azul-96x96.webp"},"web-stories-thumbnail":{"file":"fundo-azul-150x100.webp","width":150,"height":100,"filesize":1520,"mimeType":"image\/webp","sourceUrl":"https:\/\/carro.blog.br\/noticias\/wp-content\/uploads\/2026\/02\/fundo-azul-150x100.webp"},"full":{"file":"fundo-azul-scaled.webp","width":2560,"height":1707,"mimeType":"image\/jpeg","sourceUrl":"https:\/\/carro.blog.br\/noticias\/wp-content\/uploads\/2026\/02\/fundo-azul-scaled.webp","sources":{"image\/webp":{"file":"fundo-azul-scaled.webp","filesize":56840,"sourceUrl":"https:\/\/carro.blog.br\/noticias\/wp-content\/uploads\/2026\/02\/fundo-azul-scaled.webp"}}}},"isPlaceholder":false,"isExternal":false,"needsProxy":false,"baseColor":"#042672","blurHash":"U60xK}a1pJZ}ozZek[belCa%jdj]k9aLk[kY","creationDate":"2026-02-05T11:14:50","src":"https:\/\/carro.blog.br\/noticias\/wp-content\/uploads\/2026\/02\/fundo-azul-scaled.webp","id":6726,"alt":"fundo azul","local":false},"backgroundColor":{"color":{"r":196,"g":196,"b":196}},"x":48,"y":0,"width":330,"height":220,"mask":{"type":"rectangle"},"isBackground":true,"id":"43cb697f-c65b-4962-9f2f-e141df6997ab","overlay":{"type":"linear","rotation":0,"stops":[{"color":{"r":0,"g":0,"b":0,"a":0},"position":0.40000000000000002220446049250313080847263336181640625},{"color":{"r":0,"g":0,"b":0,"a":1},"position":1}],"alpha":0.5},"type":"image"},{"opacity":100,"flip":{"vertical":false,"horizontal":false},"rotationAngle":0,"lockAspectRatio":true,"backgroundTextMode":"HIGHLIGHT","font":{"family":"Roboto Condensed"},"fontSize":24,"backgroundColor":{"color":{"r":1,"g":18,"b":59}},"lineHeight":1,"textAlign":"left","padding":{"locked":true,"hasHiddenPadding":true,"horizontal":11,"vertical":7},"content":"<span style=\"color: #fff\">Oficinas relatam falhas em sensores e central VW Play. Cotamos reparos eletr\u00f4nicos em m\u00e9dia por R$ 2.500, dependendo do diagn\u00f3stico e troca de m\u00f3dulos.<\/span>","marginOffset":5.578125,"x":52,"y":196,"width":311,"height":232,"basedOn":"714857eb-6e7f-45bc-b781-1661045b2b61","id":"0ec60e25-5002-4fbb-a17f-800806408e07","borderRadius":{"topLeft":0,"topRight":0,"bottomRight":0,"bottomLeft":0,"locked":true},"border":{"left":5,"right":0,"top":0,"bottom":0,"lockedWidth":false,"color":{"color":{"r":255,"g":255,"b":255}}},"type":"text"},{"opacity":100,"flip":{"vertical":false,"horizontal":false},"rotationAngle":0,"lockAspectRatio":false,"scale":100,"focalX":50,"focalY":50,"resource":{"type":"image","mimeType":"image\/webp","width":1500,"height":350,"sizes":{"medium":{"file":"logo-webstories-png-350x82.webp","width":350,"height":82,"filesize":4238,"sources":{"image\/webp":{"file":"logo-webstories-png-350x82.webp","filesize":4238,"sourceUrl":"https:\/\/carro.blog.br\/noticias\/wp-content\/uploads\/2026\/02\/logo-webstories-png-350x82.webp"}},"mimeType":"image\/webp","sourceUrl":"https:\/\/carro.blog.br\/noticias\/wp-content\/uploads\/2026\/02\/logo-webstories-png-350x82.webp"},"thumbnail":{"file":"logo-webstories-png-900x210.webp","width":900,"height":210,"filesize":11324,"sources":{"image\/webp":{"file":"logo-webstories-png-900x210.webp","filesize":11324,"sourceUrl":"https:\/\/carro.blog.br\/noticias\/wp-content\/uploads\/2026\/02\/logo-webstories-png-900x210.webp"}},"mimeType":"image\/webp","sourceUrl":"https:\/\/carro.blog.br\/noticias\/wp-content\/uploads\/2026\/02\/logo-webstories-png-900x210.webp"},"medium_large":{"file":"logo-webstories-png-768x179.webp","width":768,"height":179,"filesize":9604,"sources":{"image\/webp":{"file":"logo-webstories-png-768x179.webp","filesize":9604,"sourceUrl":"https:\/\/carro.blog.br\/noticias\/wp-content\/uploads\/2026\/02\/logo-webstories-png-768x179.webp"}},"mimeType":"image\/webp","sourceUrl":"https:\/\/carro.blog.br\/noticias\/wp-content\/uploads\/2026\/02\/logo-webstories-png-768x179.webp"},"web-stories-poster-portrait":{"file":"logo-webstories-png-640x350.webp","width":640,"height":350,"filesize":7294,"mimeType":"image\/webp","sourceUrl":"https:\/\/carro.blog.br\/noticias\/wp-content\/uploads\/2026\/02\/logo-webstories-png-640x350.webp"},"web-stories-publisher-logo":{"file":"logo-webstories-png-96x96.webp","width":96,"height":96,"filesize":1318,"mimeType":"image\/webp","sourceUrl":"https:\/\/carro.blog.br\/noticias\/wp-content\/uploads\/2026\/02\/logo-webstories-png-96x96.webp"},"web-stories-thumbnail":{"file":"logo-webstories-png-150x35.webp","width":150,"height":35,"filesize":1688,"mimeType":"image\/webp","sourceUrl":"https:\/\/carro.blog.br\/noticias\/wp-content\/uploads\/2026\/02\/logo-webstories-png-150x35.webp"},"full":{"file":"logo-webstories-png.webp","width":1500,"height":350,"mimeType":"image\/webp","sourceUrl":"https:\/\/carro.blog.br\/noticias\/wp-content\/uploads\/2026\/02\/logo-webstories-png.webp","sources":{"image\/webp":{"file":"logo-webstories-png.webp","filesize":20290,"sourceUrl":"https:\/\/carro.blog.br\/noticias\/wp-content\/uploads\/2026\/02\/logo-webstories-png.webp"}}}},"isPlaceholder":false,"isExternal":false,"needsProxy":false,"baseColor":"#dccfac","blurHash":"U7AwJ3~7Ze$#n$s:ofa}009#yYNdbvM}NGn~","creationDate":"2026-02-05T11:34:02","src":"https:\/\/carro.blog.br\/noticias\/wp-content\/uploads\/2026\/02\/logo-webstories-png.webp","id":6731,"alt":"logo-webstories-png","local":false},"x":24.5,"y":-16,"width":363,"height":77,"mask":{"type":"rectangle","showInLibrary":true,"name":"Ret\u00e2ngulo","path":"M 0,0 1,0 1,1 0,1 0,0 Z","ratio":1,"supportsBorder":true},"id":"416c20cb-ccd1-4195-8578-cc3e483e066f","type":"image"}],"backgroundColor":{"color":{"r":255,"g":255,"b":255}},"animations":[{"id":"ca397353-96f0-48aa-8e2f-289b3d707227","type":"effect-background-zoom","zoomDirection":"scaleOut","duration":6000,"delay":0,"targets":["43cb697f-c65b-4962-9f2f-e141df6997ab"]},{"id":"43c6a46e-2a05-4ab7-9981-03abac24ef69","type":"effect-fly-in","flyInDir":"rightToLeft","duration":600,"delay":0,"targets":["0ec60e25-5002-4fbb-a17f-800806408e07"]}],"id":"850c7792-1ad8-42f8-8572-34d49c3ddc6d","image":{"id":20737,"height":1200,"width":800,"url":"https:\/\/carro.blog.br\/noticias\/wp-content\/uploads\/2026\/03\/web-stories-page-template-20736.webp","needsProxy":false,"isExternal":false},"pageAttachment":{"url":"https:\/\/carro.blog.br\/noticias\/mercado-automotivo\/vai-comprar-um-nivus-2021-usado-veja-o-que-realmente-importa-antes-de-fechar-negocio-e-evitar-prejuizo.html","needsProxy":false,"ctaText":"Arraste Para Cima","theme":"light"},"defaultBackgroundElement":{"opacity":100,"flip":{"vertical":false,"horizontal":false},"rotationAngle":0,"lockAspectRatio":true,"backgroundColor":{"color":{"r":196,"g":196,"b":196}},"x":1,"y":1,"width":1,"height":1,"mask":{"type":"rectangle"},"isBackground":true,"isDefaultBackground":true,"id":"38899e5f-faf8-478f-9600-ee894d175b3f","type":"shape"},"groups":[]},{"elements":[{"opacity":100,"flip":{"vertical":false,"horizontal":false},"rotationAngle":0,"lockAspectRatio":true,"scale":112,"focalX":50,"focalY":50,"resource":{"type":"image","mimeType":"image\/jpeg","width":2560,"height":1707,"sizes":{"medium":{"file":"fundo-azul-350x233.webp","width":350,"height":233,"filesize":5476,"sources":{"image\/webp":{"file":"fundo-azul-350x233.webp","filesize":5476,"sourceUrl":"https:\/\/carro.blog.br\/noticias\/wp-content\/uploads\/2026\/02\/fundo-azul-350x233.webp"}},"mimeType":"image\/webp","sourceUrl":"https:\/\/carro.blog.br\/noticias\/wp-content\/uploads\/2026\/02\/fundo-azul-350x233.webp"},"large":{"file":"fundo-azul-1800x1200.webp","width":1800,"height":1200,"filesize":38644,"sources":{"image\/webp":{"file":"fundo-azul-1800x1200.webp","filesize":38644,"sourceUrl":"https:\/\/carro.blog.br\/noticias\/wp-content\/uploads\/2026\/02\/fundo-azul-1800x1200.webp"}},"mimeType":"image\/webp","sourceUrl":"https:\/\/carro.blog.br\/noticias\/wp-content\/uploads\/2026\/02\/fundo-azul-1800x1200.webp"},"thumbnail":{"file":"fundo-azul-900x600.webp","width":900,"height":600,"filesize":17588,"sources":{"image\/webp":{"file":"fundo-azul-900x600.webp","filesize":17588,"sourceUrl":"https:\/\/carro.blog.br\/noticias\/wp-content\/uploads\/2026\/02\/fundo-azul-900x600.webp"}},"mimeType":"image\/webp","sourceUrl":"https:\/\/carro.blog.br\/noticias\/wp-content\/uploads\/2026\/02\/fundo-azul-900x600.webp"},"medium_large":{"file":"fundo-azul-768x512.webp","width":768,"height":512,"filesize":14734,"sources":{"image\/webp":{"file":"fundo-azul-768x512.webp","filesize":14734,"sourceUrl":"https:\/\/carro.blog.br\/noticias\/wp-content\/uploads\/2026\/02\/fundo-azul-768x512.webp"}},"mimeType":"image\/webp","sourceUrl":"https:\/\/carro.blog.br\/noticias\/wp-content\/uploads\/2026\/02\/fundo-azul-768x512.webp"},"1536x1536":{"file":"fundo-azul-1536x1024.webp","width":1536,"height":1024,"filesize":32230,"mimeType":"image\/webp","sourceUrl":"https:\/\/carro.blog.br\/noticias\/wp-content\/uploads\/2026\/02\/fundo-azul-1536x1024.webp"},"2048x2048":{"file":"fundo-azul-2048x1365.webp","width":2048,"height":1365,"filesize":44568,"mimeType":"image\/webp","sourceUrl":"https:\/\/carro.blog.br\/noticias\/wp-content\/uploads\/2026\/02\/fundo-azul-2048x1365.webp"},"web-stories-poster-portrait":{"file":"fundo-azul-640x853.webp","width":640,"height":853,"filesize":7692,"mimeType":"image\/webp","sourceUrl":"https:\/\/carro.blog.br\/noticias\/wp-content\/uploads\/2026\/02\/fundo-azul-640x853.webp"},"web-stories-publisher-logo":{"file":"fundo-azul-96x96.webp","width":96,"height":96,"filesize":806,"mimeType":"image\/webp","sourceUrl":"https:\/\/carro.blog.br\/noticias\/wp-content\/uploads\/2026\/02\/fundo-azul-96x96.webp"},"web-stories-thumbnail":{"file":"fundo-azul-150x100.webp","width":150,"height":100,"filesize":1520,"mimeType":"image\/webp","sourceUrl":"https:\/\/carro.blog.br\/noticias\/wp-content\/uploads\/2026\/02\/fundo-azul-150x100.webp"},"full":{"file":"fundo-azul-scaled.webp","width":2560,"height":1707,"mimeType":"image\/jpeg","sourceUrl":"https:\/\/carro.blog.br\/noticias\/wp-content\/uploads\/2026\/02\/fundo-azul-scaled.webp","sources":{"image\/webp":{"file":"fundo-azul-scaled.webp","filesize":56840,"sourceUrl":"https:\/\/carro.blog.br\/noticias\/wp-content\/uploads\/2026\/02\/fundo-azul-scaled.webp"}}}},"isPlaceholder":false,"isExternal":false,"needsProxy":false,"baseColor":"#042672","blurHash":"U60xK}a1pJZ}ozZek[belCa%jdj]k9aLk[kY","creationDate":"2026-02-05T11:14:50","src":"https:\/\/carro.blog.br\/noticias\/wp-content\/uploads\/2026\/02\/fundo-azul-scaled.webp","id":6726,"alt":"fundo azul","local":false},"backgroundColor":{"color":{"r":196,"g":196,"b":196}},"x":48,"y":0,"width":330,"height":220,"mask":{"type":"rectangle"},"isBackground":true,"id":"171794eb-9d39-4577-a769-c347fb719ea4","overlay":{"type":"linear","rotation":0,"stops":[{"color":{"r":0,"g":0,"b":0,"a":0},"position":0.40000000000000002220446049250313080847263336181640625},{"color":{"r":0,"g":0,"b":0,"a":1},"position":1}],"alpha":0.5},"type":"image"},{"opacity":100,"flip":{"vertical":false,"horizontal":false},"rotationAngle":0,"lockAspectRatio":true,"backgroundTextMode":"HIGHLIGHT","font":{"family":"Roboto Condensed"},"fontSize":24,"backgroundColor":{"color":{"r":1,"g":18,"b":59}},"lineHeight":1,"textAlign":"left","padding":{"locked":true,"hasHiddenPadding":true,"horizontal":11,"vertical":7},"content":"<span style=\"color: #fff\">Levantamos o custo de pneus 205\/55 R17. Um jogo completo custa cerca de R$ 2.200 no varejo, considerando marcas intermedi\u00e1rias e montagem.<\/span>","marginOffset":5.578125,"x":53,"y":193,"width":311,"height":232,"basedOn":"714857eb-6e7f-45bc-b781-1661045b2b61","id":"841e90a3-806c-4e05-b03d-13a30b8dffa3","borderRadius":{"topLeft":0,"topRight":0,"bottomRight":0,"bottomLeft":0,"locked":true},"border":{"left":5,"right":0,"top":0,"bottom":0,"lockedWidth":false,"color":{"color":{"r":255,"g":255,"b":255}}},"type":"text"},{"opacity":100,"flip":{"vertical":false,"horizontal":false},"rotationAngle":0,"lockAspectRatio":false,"scale":100,"focalX":50,"focalY":50,"resource":{"type":"image","mimeType":"image\/webp","width":1500,"height":350,"sizes":{"medium":{"file":"logo-webstories-png-350x82.webp","width":350,"height":82,"filesize":4238,"sources":{"image\/webp":{"file":"logo-webstories-png-350x82.webp","filesize":4238,"sourceUrl":"https:\/\/carro.blog.br\/noticias\/wp-content\/uploads\/2026\/02\/logo-webstories-png-350x82.webp"}},"mimeType":"image\/webp","sourceUrl":"https:\/\/carro.blog.br\/noticias\/wp-content\/uploads\/2026\/02\/logo-webstories-png-350x82.webp"},"thumbnail":{"file":"logo-webstories-png-900x210.webp","width":900,"height":210,"filesize":11324,"sources":{"image\/webp":{"file":"logo-webstories-png-900x210.webp","filesize":11324,"sourceUrl":"https:\/\/carro.blog.br\/noticias\/wp-content\/uploads\/2026\/02\/logo-webstories-png-900x210.webp"}},"mimeType":"image\/webp","sourceUrl":"https:\/\/carro.blog.br\/noticias\/wp-content\/uploads\/2026\/02\/logo-webstories-png-900x210.webp"},"medium_large":{"file":"logo-webstories-png-768x179.webp","width":768,"height":179,"filesize":9604,"sources":{"image\/webp":{"file":"logo-webstories-png-768x179.webp","filesize":9604,"sourceUrl":"https:\/\/carro.blog.br\/noticias\/wp-content\/uploads\/2026\/02\/logo-webstories-png-768x179.webp"}},"mimeType":"image\/webp","sourceUrl":"https:\/\/carro.blog.br\/noticias\/wp-content\/uploads\/2026\/02\/logo-webstories-png-768x179.webp"},"web-stories-poster-portrait":{"file":"logo-webstories-png-640x350.webp","width":640,"height":350,"filesize":7294,"mimeType":"image\/webp","sourceUrl":"https:\/\/carro.blog.br\/noticias\/wp-content\/uploads\/2026\/02\/logo-webstories-png-640x350.webp"},"web-stories-publisher-logo":{"file":"logo-webstories-png-96x96.webp","width":96,"height":96,"filesize":1318,"mimeType":"image\/webp","sourceUrl":"https:\/\/carro.blog.br\/noticias\/wp-content\/uploads\/2026\/02\/logo-webstories-png-96x96.webp"},"web-stories-thumbnail":{"file":"logo-webstories-png-150x35.webp","width":150,"height":35,"filesize":1688,"mimeType":"image\/webp","sourceUrl":"https:\/\/carro.blog.br\/noticias\/wp-content\/uploads\/2026\/02\/logo-webstories-png-150x35.webp"},"full":{"file":"logo-webstories-png.webp","width":1500,"height":350,"mimeType":"image\/webp","sourceUrl":"https:\/\/carro.blog.br\/noticias\/wp-content\/uploads\/2026\/02\/logo-webstories-png.webp","sources":{"image\/webp":{"file":"logo-webstories-png.webp","filesize":20290,"sourceUrl":"https:\/\/carro.blog.br\/noticias\/wp-content\/uploads\/2026\/02\/logo-webstories-png.webp"}}}},"isPlaceholder":false,"isExternal":false,"needsProxy":false,"baseColor":"#dccfac","blurHash":"U7AwJ3~7Ze$#n$s:ofa}009#yYNdbvM}NGn~","creationDate":"2026-02-05T11:34:02","src":"https:\/\/carro.blog.br\/noticias\/wp-content\/uploads\/2026\/02\/logo-webstories-png.webp","id":6731,"alt":"logo-webstories-png","local":false},"x":24.5,"y":-16,"width":363,"height":77,"mask":{"type":"rectangle","showInLibrary":true,"name":"Ret\u00e2ngulo","path":"M 0,0 1,0 1,1 0,1 0,0 Z","ratio":1,"supportsBorder":true},"id":"f00f7218-a769-4e79-b9c9-3a7e48d55515","type":"image"}],"backgroundColor":{"color":{"r":255,"g":255,"b":255}},"animations":[{"id":"5f752695-f206-419c-8b9d-4647663aecca","type":"effect-background-zoom","zoomDirection":"scaleOut","duration":6000,"delay":0,"targets":["171794eb-9d39-4577-a769-c347fb719ea4"]},{"id":"a518ac5e-13b9-49cf-b07a-3446b5261d15","type":"effect-fly-in","flyInDir":"rightToLeft","duration":600,"delay":0,"targets":["841e90a3-806c-4e05-b03d-13a30b8dffa3"]}],"id":"ac442b4c-5447-48e0-82c0-308ef21a6a8c","image":{"id":20737,"height":1200,"width":800,"url":"https:\/\/carro.blog.br\/noticias\/wp-content\/uploads\/2026\/03\/web-stories-page-template-20736.webp","needsProxy":false,"isExternal":false},"pageAttachment":{"url":"https:\/\/carro.blog.br\/noticias\/mercado-automotivo\/vai-comprar-um-nivus-2021-usado-veja-o-que-realmente-importa-antes-de-fechar-negocio-e-evitar-prejuizo.html","needsProxy":false,"ctaText":"Arraste Para Cima","theme":"light"},"defaultBackgroundElement":{"opacity":100,"flip":{"vertical":false,"horizontal":false},"rotationAngle":0,"lockAspectRatio":true,"backgroundColor":{"color":{"r":196,"g":196,"b":196}},"x":1,"y":1,"width":1,"height":1,"mask":{"type":"rectangle"},"isBackground":true,"isDefaultBackground":true,"id":"38899e5f-faf8-478f-9600-ee894d175b3f","type":"shape"},"groups":[]},{"elements":[{"opacity":100,"flip":{"vertical":false,"horizontal":false},"rotationAngle":0,"lockAspectRatio":true,"scale":112,"focalX":50,"focalY":50,"resource":{"type":"image","mimeType":"image\/jpeg","width":2560,"height":1707,"sizes":{"medium":{"file":"fundo-azul-350x233.webp","width":350,"height":233,"filesize":5476,"sources":{"image\/webp":{"file":"fundo-azul-350x233.webp","filesize":5476,"sourceUrl":"https:\/\/carro.blog.br\/noticias\/wp-content\/uploads\/2026\/02\/fundo-azul-350x233.webp"}},"mimeType":"image\/webp","sourceUrl":"https:\/\/carro.blog.br\/noticias\/wp-content\/uploads\/2026\/02\/fundo-azul-350x233.webp"},"large":{"file":"fundo-azul-1800x1200.webp","width":1800,"height":1200,"filesize":38644,"sources":{"image\/webp":{"file":"fundo-azul-1800x1200.webp","filesize":38644,"sourceUrl":"https:\/\/carro.blog.br\/noticias\/wp-content\/uploads\/2026\/02\/fundo-azul-1800x1200.webp"}},"mimeType":"image\/webp","sourceUrl":"https:\/\/carro.blog.br\/noticias\/wp-content\/uploads\/2026\/02\/fundo-azul-1800x1200.webp"},"thumbnail":{"file":"fundo-azul-900x600.webp","width":900,"height":600,"filesize":17588,"sources":{"image\/webp":{"file":"fundo-azul-900x600.webp","filesize":17588,"sourceUrl":"https:\/\/carro.blog.br\/noticias\/wp-content\/uploads\/2026\/02\/fundo-azul-900x600.webp"}},"mimeType":"image\/webp","sourceUrl":"https:\/\/carro.blog.br\/noticias\/wp-content\/uploads\/2026\/02\/fundo-azul-900x600.webp"},"medium_large":{"file":"fundo-azul-768x512.webp","width":768,"height":512,"filesize":14734,"sources":{"image\/webp":{"file":"fundo-azul-768x512.webp","filesize":14734,"sourceUrl":"https:\/\/carro.blog.br\/noticias\/wp-content\/uploads\/2026\/02\/fundo-azul-768x512.webp"}},"mimeType":"image\/webp","sourceUrl":"https:\/\/carro.blog.br\/noticias\/wp-content\/uploads\/2026\/02\/fundo-azul-768x512.webp"},"1536x1536":{"file":"fundo-azul-1536x1024.webp","width":1536,"height":1024,"filesize":32230,"mimeType":"image\/webp","sourceUrl":"https:\/\/carro.blog.br\/noticias\/wp-content\/uploads\/2026\/02\/fundo-azul-1536x1024.webp"},"2048x2048":{"file":"fundo-azul-2048x1365.webp","width":2048,"height":1365,"filesize":44568,"mimeType":"image\/webp","sourceUrl":"https:\/\/carro.blog.br\/noticias\/wp-content\/uploads\/2026\/02\/fundo-azul-2048x1365.webp"},"web-stories-poster-portrait":{"file":"fundo-azul-640x853.webp","width":640,"height":853,"filesize":7692,"mimeType":"image\/webp","sourceUrl":"https:\/\/carro.blog.br\/noticias\/wp-content\/uploads\/2026\/02\/fundo-azul-640x853.webp"},"web-stories-publisher-logo":{"file":"fundo-azul-96x96.webp","width":96,"height":96,"filesize":806,"mimeType":"image\/webp","sourceUrl":"https:\/\/carro.blog.br\/noticias\/wp-content\/uploads\/2026\/02\/fundo-azul-96x96.webp"},"web-stories-thumbnail":{"file":"fundo-azul-150x100.webp","width":150,"height":100,"filesize":1520,"mimeType":"image\/webp","sourceUrl":"https:\/\/carro.blog.br\/noticias\/wp-content\/uploads\/2026\/02\/fundo-azul-150x100.webp"},"full":{"file":"fundo-azul-scaled.webp","width":2560,"height":1707,"mimeType":"image\/jpeg","sourceUrl":"https:\/\/carro.blog.br\/noticias\/wp-content\/uploads\/2026\/02\/fundo-azul-scaled.webp","sources":{"image\/webp":{"file":"fundo-azul-scaled.webp","filesize":56840,"sourceUrl":"https:\/\/carro.blog.br\/noticias\/wp-content\/uploads\/2026\/02\/fundo-azul-scaled.webp"}}}},"isPlaceholder":false,"isExternal":false,"needsProxy":false,"baseColor":"#042672","blurHash":"U60xK}a1pJZ}ozZek[belCa%jdj]k9aLk[kY","creationDate":"2026-02-05T11:14:50","src":"https:\/\/carro.blog.br\/noticias\/wp-content\/uploads\/2026\/02\/fundo-azul-scaled.webp","id":6726,"alt":"fundo azul","local":false},"backgroundColor":{"color":{"r":196,"g":196,"b":196}},"x":48,"y":0,"width":330,"height":220,"mask":{"type":"rectangle"},"isBackground":true,"id":"867b858f-2676-4558-a54e-945e47f5f49e","overlay":{"type":"linear","rotation":0,"stops":[{"color":{"r":0,"g":0,"b":0,"a":0},"position":0.40000000000000002220446049250313080847263336181640625},{"color":{"r":0,"g":0,"b":0,"a":1},"position":1}],"alpha":0.5},"type":"image"},{"opacity":100,"flip":{"vertical":false,"horizontal":false},"rotationAngle":0,"lockAspectRatio":true,"backgroundTextMode":"HIGHLIGHT","font":{"family":"Roboto Condensed"},"fontSize":24,"backgroundColor":{"color":{"r":1,"g":18,"b":59}},"lineHeight":1,"textAlign":"left","padding":{"locked":true,"hasHiddenPadding":true,"horizontal":11,"vertical":7},"content":"<span style=\"color: #fff\">Com entre-eixos de 2.566 mm e porta-malas de 415 litros, o espa\u00e7o atende uso urbano, mas nosso teste confirma aperto no banco traseiro para adultos.<\/span>","marginOffset":5.578125,"x":52,"y":196,"width":311,"height":232,"basedOn":"714857eb-6e7f-45bc-b781-1661045b2b61","id":"a060853f-f45a-4ef6-a125-e50a43d0e6b1","borderRadius":{"topLeft":0,"topRight":0,"bottomRight":0,"bottomLeft":0,"locked":true},"border":{"left":5,"right":0,"top":0,"bottom":0,"lockedWidth":false,"color":{"color":{"r":255,"g":255,"b":255}}},"type":"text"},{"opacity":100,"flip":{"vertical":false,"horizontal":false},"rotationAngle":0,"lockAspectRatio":false,"scale":100,"focalX":50,"focalY":50,"resource":{"type":"image","mimeType":"image\/webp","width":1500,"height":350,"sizes":{"medium":{"file":"logo-webstories-png-350x82.webp","width":350,"height":82,"filesize":4238,"sources":{"image\/webp":{"file":"logo-webstories-png-350x82.webp","filesize":4238,"sourceUrl":"https:\/\/carro.blog.br\/noticias\/wp-content\/uploads\/2026\/02\/logo-webstories-png-350x82.webp"}},"mimeType":"image\/webp","sourceUrl":"https:\/\/carro.blog.br\/noticias\/wp-content\/uploads\/2026\/02\/logo-webstories-png-350x82.webp"},"thumbnail":{"file":"logo-webstories-png-900x210.webp","width":900,"height":210,"filesize":11324,"sources":{"image\/webp":{"file":"logo-webstories-png-900x210.webp","filesize":11324,"sourceUrl":"https:\/\/carro.blog.br\/noticias\/wp-content\/uploads\/2026\/02\/logo-webstories-png-900x210.webp"}},"mimeType":"image\/webp","sourceUrl":"https:\/\/carro.blog.br\/noticias\/wp-content\/uploads\/2026\/02\/logo-webstories-png-900x210.webp"},"medium_large":{"file":"logo-webstories-png-768x179.webp","width":768,"height":179,"filesize":9604,"sources":{"image\/webp":{"file":"logo-webstories-png-768x179.webp","filesize":9604,"sourceUrl":"https:\/\/carro.blog.br\/noticias\/wp-content\/uploads\/2026\/02\/logo-webstories-png-768x179.webp"}},"mimeType":"image\/webp","sourceUrl":"https:\/\/carro.blog.br\/noticias\/wp-content\/uploads\/2026\/02\/logo-webstories-png-768x179.webp"},"web-stories-poster-portrait":{"file":"logo-webstories-png-640x350.webp","width":640,"height":350,"filesize":7294,"mimeType":"image\/webp","sourceUrl":"https:\/\/carro.blog.br\/noticias\/wp-content\/uploads\/2026\/02\/logo-webstories-png-640x350.webp"},"web-stories-publisher-logo":{"file":"logo-webstories-png-96x96.webp","width":96,"height":96,"filesize":1318,"mimeType":"image\/webp","sourceUrl":"https:\/\/carro.blog.br\/noticias\/wp-content\/uploads\/2026\/02\/logo-webstories-png-96x96.webp"},"web-stories-thumbnail":{"file":"logo-webstories-png-150x35.webp","width":150,"height":35,"filesize":1688,"mimeType":"image\/webp","sourceUrl":"https:\/\/carro.blog.br\/noticias\/wp-content\/uploads\/2026\/02\/logo-webstories-png-150x35.webp"},"full":{"file":"logo-webstories-png.webp","width":1500,"height":350,"mimeType":"image\/webp","sourceUrl":"https:\/\/carro.blog.br\/noticias\/wp-content\/uploads\/2026\/02\/logo-webstories-png.webp","sources":{"image\/webp":{"file":"logo-webstories-png.webp","filesize":20290,"sourceUrl":"https:\/\/carro.blog.br\/noticias\/wp-content\/uploads\/2026\/02\/logo-webstories-png.webp"}}}},"isPlaceholder":false,"isExternal":false,"needsProxy":false,"baseColor":"#dccfac","blurHash":"U7AwJ3~7Ze$#n$s:ofa}009#yYNdbvM}NGn~","creationDate":"2026-02-05T11:34:02","src":"https:\/\/carro.blog.br\/noticias\/wp-content\/uploads\/2026\/02\/logo-webstories-png.webp","id":6731,"alt":"logo-webstories-png","local":false},"x":24.5,"y":-16,"width":363,"height":77,"mask":{"type":"rectangle","showInLibrary":true,"name":"Ret\u00e2ngulo","path":"M 0,0 1,0 1,1 0,1 0,0 Z","ratio":1,"supportsBorder":true},"id":"1220d5c2-f140-4962-8154-f97f1b98abba","type":"image"}],"backgroundColor":{"color":{"r":255,"g":255,"b":255}},"animations":[{"id":"9d5ff579-9a23-4ed3-923e-fcea03fa0d35","type":"effect-background-zoom","zoomDirection":"scaleOut","duration":6000,"delay":0,"targets":["867b858f-2676-4558-a54e-945e47f5f49e"]},{"id":"9e82d485-ff4a-4c43-b893-1bbadb5792fc","type":"effect-fly-in","flyInDir":"rightToLeft","duration":600,"delay":0,"targets":["a060853f-f45a-4ef6-a125-e50a43d0e6b1"]}],"id":"1ef63b19-8f6e-483a-b363-4064d067d642","image":{"id":20737,"height":1200,"width":800,"url":"https:\/\/carro.blog.br\/noticias\/wp-content\/uploads\/2026\/03\/web-stories-page-template-20736.webp","needsProxy":false,"isExternal":false},"pageAttachment":{"url":"https:\/\/carro.blog.br\/noticias\/mercado-automotivo\/vai-comprar-um-nivus-2021-usado-veja-o-que-realmente-importa-antes-de-fechar-negocio-e-evitar-prejuizo.html","needsProxy":false,"ctaText":"Arraste Para Cima","theme":"light"},"defaultBackgroundElement":{"opacity":100,"flip":{"vertical":false,"horizontal":false},"rotationAngle":0,"lockAspectRatio":true,"backgroundColor":{"color":{"r":196,"g":196,"b":196}},"x":1,"y":1,"width":1,"height":1,"mask":{"type":"rectangle"},"isBackground":true,"isDefaultBackground":true,"id":"38899e5f-faf8-478f-9600-ee894d175b3f","type":"shape"},"groups":[]},{"elements":[{"opacity":100,"flip":{"vertical":false,"horizontal":false},"rotationAngle":0,"lockAspectRatio":true,"scale":112,"focalX":50,"focalY":50,"resource":{"type":"image","mimeType":"image\/jpeg","width":2560,"height":1707,"sizes":{"medium":{"file":"fundo-azul-350x233.webp","width":350,"height":233,"filesize":5476,"sources":{"image\/webp":{"file":"fundo-azul-350x233.webp","filesize":5476,"sourceUrl":"https:\/\/carro.blog.br\/noticias\/wp-content\/uploads\/2026\/02\/fundo-azul-350x233.webp"}},"mimeType":"image\/webp","sourceUrl":"https:\/\/carro.blog.br\/noticias\/wp-content\/uploads\/2026\/02\/fundo-azul-350x233.webp"},"large":{"file":"fundo-azul-1800x1200.webp","width":1800,"height":1200,"filesize":38644,"sources":{"image\/webp":{"file":"fundo-azul-1800x1200.webp","filesize":38644,"sourceUrl":"https:\/\/carro.blog.br\/noticias\/wp-content\/uploads\/2026\/02\/fundo-azul-1800x1200.webp"}},"mimeType":"image\/webp","sourceUrl":"https:\/\/carro.blog.br\/noticias\/wp-content\/uploads\/2026\/02\/fundo-azul-1800x1200.webp"},"thumbnail":{"file":"fundo-azul-900x600.webp","width":900,"height":600,"filesize":17588,"sources":{"image\/webp":{"file":"fundo-azul-900x600.webp","filesize":17588,"sourceUrl":"https:\/\/carro.blog.br\/noticias\/wp-content\/uploads\/2026\/02\/fundo-azul-900x600.webp"}},"mimeType":"image\/webp","sourceUrl":"https:\/\/carro.blog.br\/noticias\/wp-content\/uploads\/2026\/02\/fundo-azul-900x600.webp"},"medium_large":{"file":"fundo-azul-768x512.webp","width":768,"height":512,"filesize":14734,"sources":{"image\/webp":{"file":"fundo-azul-768x512.webp","filesize":14734,"sourceUrl":"https:\/\/carro.blog.br\/noticias\/wp-content\/uploads\/2026\/02\/fundo-azul-768x512.webp"}},"mimeType":"image\/webp","sourceUrl":"https:\/\/carro.blog.br\/noticias\/wp-content\/uploads\/2026\/02\/fundo-azul-768x512.webp"},"1536x1536":{"file":"fundo-azul-1536x1024.webp","width":1536,"height":1024,"filesize":32230,"mimeType":"image\/webp","sourceUrl":"https:\/\/carro.blog.br\/noticias\/wp-content\/uploads\/2026\/02\/fundo-azul-1536x1024.webp"},"2048x2048":{"file":"fundo-azul-2048x1365.webp","width":2048,"height":1365,"filesize":44568,"mimeType":"image\/webp","sourceUrl":"https:\/\/carro.blog.br\/noticias\/wp-content\/uploads\/2026\/02\/fundo-azul-2048x1365.webp"},"web-stories-poster-portrait":{"file":"fundo-azul-640x853.webp","width":640,"height":853,"filesize":7692,"mimeType":"image\/webp","sourceUrl":"https:\/\/carro.blog.br\/noticias\/wp-content\/uploads\/2026\/02\/fundo-azul-640x853.webp"},"web-stories-publisher-logo":{"file":"fundo-azul-96x96.webp","width":96,"height":96,"filesize":806,"mimeType":"image\/webp","sourceUrl":"https:\/\/carro.blog.br\/noticias\/wp-content\/uploads\/2026\/02\/fundo-azul-96x96.webp"},"web-stories-thumbnail":{"file":"fundo-azul-150x100.webp","width":150,"height":100,"filesize":1520,"mimeType":"image\/webp","sourceUrl":"https:\/\/carro.blog.br\/noticias\/wp-content\/uploads\/2026\/02\/fundo-azul-150x100.webp"},"full":{"file":"fundo-azul-scaled.webp","width":2560,"height":1707,"mimeType":"image\/jpeg","sourceUrl":"https:\/\/carro.blog.br\/noticias\/wp-content\/uploads\/2026\/02\/fundo-azul-scaled.webp","sources":{"image\/webp":{"file":"fundo-azul-scaled.webp","filesize":56840,"sourceUrl":"https:\/\/carro.blog.br\/noticias\/wp-content\/uploads\/2026\/02\/fundo-azul-scaled.webp"}}}},"isPlaceholder":false,"isExternal":false,"needsProxy":false,"baseColor":"#042672","blurHash":"U60xK}a1pJZ}ozZek[belCa%jdj]k9aLk[kY","creationDate":"2026-02-05T11:14:50","src":"https:\/\/carro.blog.br\/noticias\/wp-content\/uploads\/2026\/02\/fundo-azul-scaled.webp","id":6726,"alt":"fundo azul","local":false},"backgroundColor":{"color":{"r":196,"g":196,"b":196}},"x":48,"y":0,"width":330,"height":220,"mask":{"type":"rectangle"},"isBackground":true,"id":"591c07aa-5d16-463a-b47f-f69f075585b6","overlay":{"type":"linear","rotation":0,"stops":[{"color":{"r":0,"g":0,"b":0,"a":0},"position":0.40000000000000002220446049250313080847263336181640625},{"color":{"r":0,"g":0,"b":0,"a":1},"position":1}],"alpha":0.5},"type":"image"},{"opacity":100,"flip":{"vertical":false,"horizontal":false},"rotationAngle":0,"lockAspectRatio":true,"backgroundTextMode":"HIGHLIGHT","font":{"family":"Roboto Condensed"},"fontSize":24,"backgroundColor":{"color":{"r":1,"g":18,"b":59}},"lineHeight":1,"textAlign":"left","padding":{"locked":true,"hasHiddenPadding":true,"horizontal":11,"vertical":7},"content":"<span style=\"color: #fff\">O seguro anual foi cotado em perfil padr\u00e3o urbano. Seguradoras pedem cerca de R$ 3.200 por ano, variando por idade e regi\u00e3o.<\/span>","marginOffset":5.578125,"x":52,"y":193,"width":311,"height":194,"basedOn":"714857eb-6e7f-45bc-b781-1661045b2b61","id":"4aeeb27f-dd23-41c3-a9d4-7649321c81a4","borderRadius":{"topLeft":0,"topRight":0,"bottomRight":0,"bottomLeft":0,"locked":true},"border":{"left":5,"right":0,"top":0,"bottom":0,"lockedWidth":false,"color":{"color":{"r":255,"g":255,"b":255}}},"type":"text"},{"opacity":100,"flip":{"vertical":false,"horizontal":false},"rotationAngle":0,"lockAspectRatio":false,"scale":100,"focalX":50,"focalY":50,"resource":{"type":"image","mimeType":"image\/webp","width":1500,"height":350,"sizes":{"medium":{"file":"logo-webstories-png-350x82.webp","width":350,"height":82,"filesize":4238,"sources":{"image\/webp":{"file":"logo-webstories-png-350x82.webp","filesize":4238,"sourceUrl":"https:\/\/carro.blog.br\/noticias\/wp-content\/uploads\/2026\/02\/logo-webstories-png-350x82.webp"}},"mimeType":"image\/webp","sourceUrl":"https:\/\/carro.blog.br\/noticias\/wp-content\/uploads\/2026\/02\/logo-webstories-png-350x82.webp"},"thumbnail":{"file":"logo-webstories-png-900x210.webp","width":900,"height":210,"filesize":11324,"sources":{"image\/webp":{"file":"logo-webstories-png-900x210.webp","filesize":11324,"sourceUrl":"https:\/\/carro.blog.br\/noticias\/wp-content\/uploads\/2026\/02\/logo-webstories-png-900x210.webp"}},"mimeType":"image\/webp","sourceUrl":"https:\/\/carro.blog.br\/noticias\/wp-content\/uploads\/2026\/02\/logo-webstories-png-900x210.webp"},"medium_large":{"file":"logo-webstories-png-768x179.webp","width":768,"height":179,"filesize":9604,"sources":{"image\/webp":{"file":"logo-webstories-png-768x179.webp","filesize":9604,"sourceUrl":"https:\/\/carro.blog.br\/noticias\/wp-content\/uploads\/2026\/02\/logo-webstories-png-768x179.webp"}},"mimeType":"image\/webp","sourceUrl":"https:\/\/carro.blog.br\/noticias\/wp-content\/uploads\/2026\/02\/logo-webstories-png-768x179.webp"},"web-stories-poster-portrait":{"file":"logo-webstories-png-640x350.webp","width":640,"height":350,"filesize":7294,"mimeType":"image\/webp","sourceUrl":"https:\/\/carro.blog.br\/noticias\/wp-content\/uploads\/2026\/02\/logo-webstories-png-640x350.webp"},"web-stories-publisher-logo":{"file":"logo-webstories-png-96x96.webp","width":96,"height":96,"filesize":1318,"mimeType":"image\/webp","sourceUrl":"https:\/\/carro.blog.br\/noticias\/wp-content\/uploads\/2026\/02\/logo-webstories-png-96x96.webp"},"web-stories-thumbnail":{"file":"logo-webstories-png-150x35.webp","width":150,"height":35,"filesize":1688,"mimeType":"image\/webp","sourceUrl":"https:\/\/carro.blog.br\/noticias\/wp-content\/uploads\/2026\/02\/logo-webstories-png-150x35.webp"},"full":{"file":"logo-webstories-png.webp","width":1500,"height":350,"mimeType":"image\/webp","sourceUrl":"https:\/\/carro.blog.br\/noticias\/wp-content\/uploads\/2026\/02\/logo-webstories-png.webp","sources":{"image\/webp":{"file":"logo-webstories-png.webp","filesize":20290,"sourceUrl":"https:\/\/carro.blog.br\/noticias\/wp-content\/uploads\/2026\/02\/logo-webstories-png.webp"}}}},"isPlaceholder":false,"isExternal":false,"needsProxy":false,"baseColor":"#dccfac","blurHash":"U7AwJ3~7Ze$#n$s:ofa}009#yYNdbvM}NGn~","creationDate":"2026-02-05T11:34:02","src":"https:\/\/carro.blog.br\/noticias\/wp-content\/uploads\/2026\/02\/logo-webstories-png.webp","id":6731,"alt":"logo-webstories-png","local":false},"x":24.5,"y":-16,"width":363,"height":77,"mask":{"type":"rectangle","showInLibrary":true,"name":"Ret\u00e2ngulo","path":"M 0,0 1,0 1,1 0,1 0,0 Z","ratio":1,"supportsBorder":true},"id":"77a83001-bcc5-4ff9-843e-bd426b1bff86","type":"image"}],"backgroundColor":{"color":{"r":255,"g":255,"b":255}},"animations":[{"id":"fb501f79-3656-49d3-8d40-aaed3eaad657","type":"effect-background-zoom","zoomDirection":"scaleOut","duration":6000,"delay":0,"targets":["591c07aa-5d16-463a-b47f-f69f075585b6"]},{"id":"f7016cfc-8a08-4d34-bb18-b8c6840bf25c","type":"effect-fly-in","flyInDir":"rightToLeft","duration":600,"delay":0,"targets":["4aeeb27f-dd23-41c3-a9d4-7649321c81a4"]}],"id":"0dba7718-e502-4100-aaec-cd4752b22739","image":{"id":20737,"height":1200,"width":800,"url":"https:\/\/carro.blog.br\/noticias\/wp-content\/uploads\/2026\/03\/web-stories-page-template-20736.webp","needsProxy":false,"isExternal":false},"pageAttachment":{"url":"https:\/\/carro.blog.br\/noticias\/mercado-automotivo\/vai-comprar-um-nivus-2021-usado-veja-o-que-realmente-importa-antes-de-fechar-negocio-e-evitar-prejuizo.html","needsProxy":false,"ctaText":"Arraste Para Cima","theme":"light"},"defaultBackgroundElement":{"opacity":100,"flip":{"vertical":false,"horizontal":false},"rotationAngle":0,"lockAspectRatio":true,"backgroundColor":{"color":{"r":196,"g":196,"b":196}},"x":1,"y":1,"width":1,"height":1,"mask":{"type":"rectangle"},"isBackground":true,"isDefaultBackground":true,"id":"38899e5f-faf8-478f-9600-ee894d175b3f","type":"shape"},"groups":[]},{"elements":[{"opacity":100,"flip":{"vertical":false,"horizontal":false},"rotationAngle":0,"lockAspectRatio":true,"scale":112,"focalX":50,"focalY":50,"resource":{"type":"image","mimeType":"image\/jpeg","width":2560,"height":1707,"sizes":{"medium":{"file":"fundo-azul-350x233.webp","width":350,"height":233,"filesize":5476,"sources":{"image\/webp":{"file":"fundo-azul-350x233.webp","filesize":5476,"sourceUrl":"https:\/\/carro.blog.br\/noticias\/wp-content\/uploads\/2026\/02\/fundo-azul-350x233.webp"}},"mimeType":"image\/webp","sourceUrl":"https:\/\/carro.blog.br\/noticias\/wp-content\/uploads\/2026\/02\/fundo-azul-350x233.webp"},"large":{"file":"fundo-azul-1800x1200.webp","width":1800,"height":1200,"filesize":38644,"sources":{"image\/webp":{"file":"fundo-azul-1800x1200.webp","filesize":38644,"sourceUrl":"https:\/\/carro.blog.br\/noticias\/wp-content\/uploads\/2026\/02\/fundo-azul-1800x1200.webp"}},"mimeType":"image\/webp","sourceUrl":"https:\/\/carro.blog.br\/noticias\/wp-content\/uploads\/2026\/02\/fundo-azul-1800x1200.webp"},"thumbnail":{"file":"fundo-azul-900x600.webp","width":900,"height":600,"filesize":17588,"sources":{"image\/webp":{"file":"fundo-azul-900x600.webp","filesize":17588,"sourceUrl":"https:\/\/carro.blog.br\/noticias\/wp-content\/uploads\/2026\/02\/fundo-azul-900x600.webp"}},"mimeType":"image\/webp","sourceUrl":"https:\/\/carro.blog.br\/noticias\/wp-content\/uploads\/2026\/02\/fundo-azul-900x600.webp"},"medium_large":{"file":"fundo-azul-768x512.webp","width":768,"height":512,"filesize":14734,"sources":{"image\/webp":{"file":"fundo-azul-768x512.webp","filesize":14734,"sourceUrl":"https:\/\/carro.blog.br\/noticias\/wp-content\/uploads\/2026\/02\/fundo-azul-768x512.webp"}},"mimeType":"image\/webp","sourceUrl":"https:\/\/carro.blog.br\/noticias\/wp-content\/uploads\/2026\/02\/fundo-azul-768x512.webp"},"1536x1536":{"file":"fundo-azul-1536x1024.webp","width":1536,"height":1024,"filesize":32230,"mimeType":"image\/webp","sourceUrl":"https:\/\/carro.blog.br\/noticias\/wp-content\/uploads\/2026\/02\/fundo-azul-1536x1024.webp"},"2048x2048":{"file":"fundo-azul-2048x1365.webp","width":2048,"height":1365,"filesize":44568,"mimeType":"image\/webp","sourceUrl":"https:\/\/carro.blog.br\/noticias\/wp-content\/uploads\/2026\/02\/fundo-azul-2048x1365.webp"},"web-stories-poster-portrait":{"file":"fundo-azul-640x853.webp","width":640,"height":853,"filesize":7692,"mimeType":"image\/webp","sourceUrl":"https:\/\/carro.blog.br\/noticias\/wp-content\/uploads\/2026\/02\/fundo-azul-640x853.webp"},"web-stories-publisher-logo":{"file":"fundo-azul-96x96.webp","width":96,"height":96,"filesize":806,"mimeType":"image\/webp","sourceUrl":"https:\/\/carro.blog.br\/noticias\/wp-content\/uploads\/2026\/02\/fundo-azul-96x96.webp"},"web-stories-thumbnail":{"file":"fundo-azul-150x100.webp","width":150,"height":100,"filesize":1520,"mimeType":"image\/webp","sourceUrl":"https:\/\/carro.blog.br\/noticias\/wp-content\/uploads\/2026\/02\/fundo-azul-150x100.webp"},"full":{"file":"fundo-azul-scaled.webp","width":2560,"height":1707,"mimeType":"image\/jpeg","sourceUrl":"https:\/\/carro.blog.br\/noticias\/wp-content\/uploads\/2026\/02\/fundo-azul-scaled.webp","sources":{"image\/webp":{"file":"fundo-azul-scaled.webp","filesize":56840,"sourceUrl":"https:\/\/carro.blog.br\/noticias\/wp-content\/uploads\/2026\/02\/fundo-azul-scaled.webp"}}}},"isPlaceholder":false,"isExternal":false,"needsProxy":false,"baseColor":"#042672","blurHash":"U60xK}a1pJZ}ozZek[belCa%jdj]k9aLk[kY","creationDate":"2026-02-05T11:14:50","src":"https:\/\/carro.blog.br\/noticias\/wp-content\/uploads\/2026\/02\/fundo-azul-scaled.webp","id":6726,"alt":"fundo azul","local":false},"backgroundColor":{"color":{"r":196,"g":196,"b":196}},"x":48,"y":0,"width":330,"height":220,"mask":{"type":"rectangle"},"isBackground":true,"id":"565b358b-cf16-442b-9587-dbcad4224b6b","overlay":{"type":"linear","rotation":0,"stops":[{"color":{"r":0,"g":0,"b":0,"a":0},"position":0.40000000000000002220446049250313080847263336181640625},{"color":{"r":0,"g":0,"b":0,"a":1},"position":1}],"alpha":0.5},"type":"image"},{"opacity":100,"flip":{"vertical":false,"horizontal":false},"rotationAngle":0,"lockAspectRatio":true,"backgroundTextMode":"HIGHLIGHT","font":{"family":"Roboto Condensed"},"fontSize":24,"backgroundColor":{"color":{"r":1,"g":18,"b":59}},"lineHeight":1,"textAlign":"left","padding":{"locked":true,"hasHiddenPadding":true,"horizontal":11,"vertical":7},"content":"<span style=\"color: #fff\">Veredito: compra racional se bem revisado. Nosso levantamento mostra custo previs\u00edvel, mas exige checagem t\u00e9cnica. Veja an\u00e1lise completa. Arraste para cima.<\/span>","marginOffset":5.578125,"x":52,"y":193,"width":311,"height":270,"basedOn":"714857eb-6e7f-45bc-b781-1661045b2b61","id":"ae710bb4-f7d3-44aa-ae9f-f7fc4b69c81f","borderRadius":{"topLeft":0,"topRight":0,"bottomRight":0,"bottomLeft":0,"locked":true},"border":{"left":5,"right":0,"top":0,"bottom":0,"lockedWidth":false,"color":{"color":{"r":255,"g":255,"b":255}}},"type":"text"},{"opacity":100,"flip":{"vertical":false,"horizontal":false},"rotationAngle":0,"lockAspectRatio":false,"scale":100,"focalX":50,"focalY":50,"resource":{"type":"image","mimeType":"image\/webp","width":1500,"height":350,"sizes":{"medium":{"file":"logo-webstories-png-350x82.webp","width":350,"height":82,"filesize":4238,"sources":{"image\/webp":{"file":"logo-webstories-png-350x82.webp","filesize":4238,"sourceUrl":"https:\/\/carro.blog.br\/noticias\/wp-content\/uploads\/2026\/02\/logo-webstories-png-350x82.webp"}},"mimeType":"image\/webp","sourceUrl":"https:\/\/carro.blog.br\/noticias\/wp-content\/uploads\/2026\/02\/logo-webstories-png-350x82.webp"},"thumbnail":{"file":"logo-webstories-png-900x210.webp","width":900,"height":210,"filesize":11324,"sources":{"image\/webp":{"file":"logo-webstories-png-900x210.webp","filesize":11324,"sourceUrl":"https:\/\/carro.blog.br\/noticias\/wp-content\/uploads\/2026\/02\/logo-webstories-png-900x210.webp"}},"mimeType":"image\/webp","sourceUrl":"https:\/\/carro.blog.br\/noticias\/wp-content\/uploads\/2026\/02\/logo-webstories-png-900x210.webp"},"medium_large":{"file":"logo-webstories-png-768x179.webp","width":768,"height":179,"filesize":9604,"sources":{"image\/webp":{"file":"logo-webstories-png-768x179.webp","filesize":9604,"sourceUrl":"https:\/\/carro.blog.br\/noticias\/wp-content\/uploads\/2026\/02\/logo-webstories-png-768x179.webp"}},"mimeType":"image\/webp","sourceUrl":"https:\/\/carro.blog.br\/noticias\/wp-content\/uploads\/2026\/02\/logo-webstories-png-768x179.webp"},"web-stories-poster-portrait":{"file":"logo-webstories-png-640x350.webp","width":640,"height":350,"filesize":7294,"mimeType":"image\/webp","sourceUrl":"https:\/\/carro.blog.br\/noticias\/wp-content\/uploads\/2026\/02\/logo-webstories-png-640x350.webp"},"web-stories-publisher-logo":{"file":"logo-webstories-png-96x96.webp","width":96,"height":96,"filesize":1318,"mimeType":"image\/webp","sourceUrl":"https:\/\/carro.blog.br\/noticias\/wp-content\/uploads\/2026\/02\/logo-webstories-png-96x96.webp"},"web-stories-thumbnail":{"file":"logo-webstories-png-150x35.webp","width":150,"height":35,"filesize":1688,"mimeType":"image\/webp","sourceUrl":"https:\/\/carro.blog.br\/noticias\/wp-content\/uploads\/2026\/02\/logo-webstories-png-150x35.webp"},"full":{"file":"logo-webstories-png.webp","width":1500,"height":350,"mimeType":"image\/webp","sourceUrl":"https:\/\/carro.blog.br\/noticias\/wp-content\/uploads\/2026\/02\/logo-webstories-png.webp","sources":{"image\/webp":{"file":"logo-webstories-png.webp","filesize":20290,"sourceUrl":"https:\/\/carro.blog.br\/noticias\/wp-content\/uploads\/2026\/02\/logo-webstories-png.webp"}}}},"isPlaceholder":false,"isExternal":false,"needsProxy":false,"baseColor":"#dccfac","blurHash":"U7AwJ3~7Ze$#n$s:ofa}009#yYNdbvM}NGn~","creationDate":"2026-02-05T11:34:02","src":"https:\/\/carro.blog.br\/noticias\/wp-content\/uploads\/2026\/02\/logo-webstories-png.webp","id":6731,"alt":"logo-webstories-png","local":false},"x":24.5,"y":-16,"width":363,"height":77,"mask":{"type":"rectangle","showInLibrary":true,"name":"Ret\u00e2ngulo","path":"M 0,0 1,0 1,1 0,1 0,0 Z","ratio":1,"supportsBorder":true},"id":"eea28fd1-6f68-4676-8b2c-906a56601e6f","type":"image"}],"backgroundColor":{"color":{"r":255,"g":255,"b":255}},"animations":[{"id":"c32008e6-6c68-4f43-bdb3-fcc3ab283361","type":"effect-background-zoom","zoomDirection":"scaleOut","duration":6000,"delay":0,"targets":["565b358b-cf16-442b-9587-dbcad4224b6b"]},{"id":"83bfe5b6-f0e1-42d1-ab0b-ac8547e42aec","type":"effect-fly-in","flyInDir":"rightToLeft","duration":600,"delay":0,"targets":["ae710bb4-f7d3-44aa-ae9f-f7fc4b69c81f"]}],"id":"3b60a3c6-10ad-412b-b7f3-3c225647c238","image":{"id":20737,"height":1200,"width":800,"url":"https:\/\/carro.blog.br\/noticias\/wp-content\/uploads\/2026\/03\/web-stories-page-template-20736.webp","needsProxy":false,"isExternal":false},"pageAttachment":{"url":"https:\/\/carro.blog.br\/noticias\/mercado-automotivo\/vai-comprar-um-nivus-2021-usado-veja-o-que-realmente-importa-antes-de-fechar-negocio-e-evitar-prejuizo.html","needsProxy":false,"ctaText":"Arraste Para Cima","theme":"light"},"defaultBackgroundElement":{"opacity":100,"flip":{"vertical":false,"horizontal":false},"rotationAngle":0,"lockAspectRatio":true,"backgroundColor":{"color":{"r":196,"g":196,"b":196}},"x":1,"y":1,"width":1,"height":1,"mask":{"type":"rectangle"},"isBackground":true,"isDefaultBackground":true,"id":"38899e5f-faf8-478f-9600-ee894d175b3f","type":"shape"},"groups":[]}],"fonts":{"Roboto Condensed":{"family":"Roboto Condensed","fallbacks":["sans-serif"],"weights":[100,200,300,400,500,600,700,800,900],"styles":["regular","italic"],"variants":[[0,100],[0,200],[0,300],[0,400],[0,500],[0,600],[0,700],[0,800],[0,900],[1,100],[1,200],[1,300],[1,400],[1,500],[1,600],[1,700],[1,800],[1,900]],"service":"fonts.google.com","metrics":{"upm":2048,"asc":1900,"des":-500,"tAsc":1536,"tDes":-512,"tLGap":102,"wAsc":1946,"wDes":512,"xH":1082,"capH":1456,"yMin":-555,"yMax":2163,"hAsc":1900,"hDes":-500,"lGap":0}}},"autoAdvance":false,"defaultPageDuration":7,"currentStoryStyles":{"colors":[]}},"story_poster":{"id":31748,"url":"https:\/\/carro.blog.br\/noticias\/wp-content\/uploads\/2026\/04\/cropped-Volkswagen-Nivus-Highline-1-0-TSi-2021-9.webp","width":640,"height":853,"needsProxy":false},"_links":{"self":[{"href":"https:\/\/carro.blog.br\/noticias\/wp-json\/web-stories\/v1\/web-story\/31747","targetHints":{"allow":["GET"]}}],"collection":[{"href":"https:\/\/carro.blog.br\/noticias\/wp-json\/web-stories\/v1\/web-story"}],"about":[{"href":"https:\/\/carro.blog.br\/noticias\/wp-json\/wp\/v2\/types\/web-story"}],"author":[{"embeddable":true,"href":"https:\/\/carro.blog.br\/noticias\/wp-json\/web-stories\/v1\/users\/1"}],"version-history":[{"count":3,"href":"https:\/\/carro.blog.br\/noticias\/wp-json\/web-stories\/v1\/web-story\/31747\/revisions"}],"predecessor-version":[{"id":31752,"href":"https:\/\/carro.blog.br\/noticias\/wp-json\/web-stories\/v1\/web-story\/31747\/revisions\/31752"}],"wp:featuredmedia":[{"embeddable":true,"href":"https:\/\/carro.blog.br\/noticias\/wp-json\/web-stories\/v1\/media\/31748"}],"wp:attachment":[{"href":"https:\/\/carro.blog.br\/noticias\/wp-json\/web-stories\/v1\/media?parent=31747"}],"wp:term":[{"taxonomy":"web_story_category","embeddable":true,"href":"https:\/\/carro.blog.br\/noticias\/wp-json\/web-stories\/v1\/web_story_category?post=31747"},{"taxonomy":"web_story_tag","embeddable":true,"href":"https:\/\/carro.blog.br\/noticias\/wp-json\/web-stories\/v1\/web_story_tag?post=31747"}],"wp:lock":[{"embeddable":true,"href":"https:\/\/carro.blog.br\/noticias\/wp-json\/web-stories\/v1\/web-story\/31747\/lock"}],"wp:publisherlogo":[{"embeddable":true,"href":"https:\/\/carro.blog.br\/noticias\/wp-json\/web-stories\/v1\/media\/15"}],"curies":[{"name":"wp","href":"https:\/\/api.w.org\/{rel}","templated":true}]}}