{"id":33403,"date":"2026-04-26T14:52:05","date_gmt":"2026-04-26T17:52:05","guid":{"rendered":"https:\/\/carro.blog.br\/noticias\/?post_type=web-story&#038;p=33403"},"modified":"2026-04-26T14:52:07","modified_gmt":"2026-04-26T17:52:07","slug":"byd-lanca-carro-eletrico-mais-rapido-que-ferrari","status":"publish","type":"web-story","link":"https:\/\/carro.blog.br\/noticias\/web-stories\/byd-lanca-carro-eletrico-mais-rapido-que-ferrari","title":{"rendered":"BYD lan\u00e7a carro el\u00e9trico mais r\u00e1pido que Ferrari"},"content":{"rendered":"<p><html amp=\"\" lang=\"en\"><head><meta charSet=\"utf-8\"\/><meta name=\"viewport\" content=\"width=device-width,minimum-scale=1,initial-scale=1\"\/><script async=\"\" src=\"https:\/\/cdn.ampproject.org\/v0.js\"><\/script><script async=\"\" src=\"https:\/\/cdn.ampproject.org\/v0\/amp-story-1.0.js\" custom-element=\"amp-story\"><\/script><link href=\"https:\/\/fonts.googleapis.com\/css2?display=swap&amp;family=Roboto+Condensed%3Awght%40400%3B700\" rel=\"stylesheet\"\/><link href=\"https:\/\/carro.blog.br\/noticias\/wp-content\/uploads\/2026\/02\/fundo-azul-scaled.webp\" rel=\"preload\" as=\"image\"\/>\n<style amp-boilerplate=\"\">body{-webkit-animation:-amp-start 8s steps(1,end) 0s 1 normal both;-moz-animation:-amp-start 8s steps(1,end) 0s 1 normal both;-ms-animation:-amp-start 8s steps(1,end) 0s 1 normal both;animation:-amp-start 8s steps(1,end) 0s 1 normal both}@-webkit-keyframes -amp-start{from{visibility:hidden}to{visibility:visible}}@-moz-keyframes -amp-start{from{visibility:hidden}to{visibility:visible}}@-ms-keyframes -amp-start{from{visibility:hidden}to{visibility:visible}}@-o-keyframes -amp-start{from{visibility:hidden}to{visibility:visible}}@keyframes -amp-start{from{visibility:hidden}to{visibility:visible}}<\/style>\n<p><noscript><\/p>\n<style amp-boilerplate=\"\">body{-webkit-animation:none;-moz-animation:none;-ms-animation:none;animation:none}<\/style>\n<p><\/noscript><\/p>\n<style amp-custom=\"\">\n              h1, h2, h3 { font-weight: normal; }<\/p>\n<p>              amp-story-page {\n                background-color: #131516;\n              }<\/p>\n<p>              amp-story-grid-layer {\n                overflow: visible;\n              }<\/p>\n<p>              @media (max-aspect-ratio: 9 \/ 16)  {\n                @media (min-aspect-ratio: 320 \/ 678) {\n                  amp-story-grid-layer.grid-layer {\n                    margin-top: calc((100% \/ 0.5625 - 100% \/ 0.6666666666666666) \/ 2);\n                  }\n                }\n              }<\/p>\n<p>              @media not all and (min-resolution:.001dpcm) {\n                @media {\n                  p.text-wrapper > span {\n                    font-size: calc(100% - 0.5px);\n                  }\n                }\n              }<\/p>\n<p>              .page-fullbleed-area,\n              .page-background-overlay-area {\n                position: absolute;\n                overflow: hidden;\n                width: 100%;\n                left: 0;\n                height: calc(1.1851851851851851 * 100%);\n                top: calc((1 - 1.1851851851851851) * 100% \/ 2);\n              }<\/p>\n<p>              .element-overlay-area {\n                position: absolute;\n                width: 100%;\n                height: 100%;\n                top: 0;\n                left: 0;\n              }<\/p>\n<p>              .page-safe-area {\n                overflow: visible;\n                position: absolute;\n                top: 0;\n                bottom: 0;\n                left: 0;\n                right: 0;\n                width: 100%;\n                height: calc(0.84375 * 100%);\n                margin: auto 0;\n              }<\/p>\n<p>              .mask {\n                position: absolute;\n                overflow: hidden;\n              }<\/p>\n<p>              .fill {\n                position: absolute;\n                top: 0;\n                left: 0;\n                right: 0;\n                bottom: 0;\n                margin: 0;\n              }<\/p>\n<p>              @media (prefers-reduced-motion: no-preference) {\n                .animation-wrapper {\n                  opacity: var(--initial-opacity);\n                  transform: var(--initial-transform);\n                }\n              }<\/p>\n<p>              amp-story-grid-layer.align-bottom {\n                align-content: end;\n                padding: 0;\n                \/*\n                  AMP CTA Layer will exactly occupy 74px regardless of any device.\n                  To space out captions 74px from the BOTTOM (AMP CTA Layer),\n                  74px from the TOP should also be spaced out and thus: 2 * 74px\n                  will be the desired max-height.\n                *\/\n                max-height: calc(100vh - (2 * 74px));\n              }<\/p>\n<p>              .captions-area {\n                padding: 0 32px 0;\n              }<\/p>\n<p>              amp-story-captions {\n                margin-bottom: 16px;\n                text-align: center;\n              }<\/p>\n<p>              amp-story-audio-sticker {\n                height: 100%;\n              }<\/p>\n<p>              .audio-sticker {\n                font-family: -apple-system, BlinkMacSystemFont, 'Segoe UI', Roboto, Oxygen-Sans, Ubuntu, Cantarell, 'Helvetica Neue', sans-serif;\n              }\n              <\/style>\n<p><meta name=\"web-stories-replace-head-start\"\/><title>BYD lan\u00e7a carro el\u00e9trico mais r\u00e1pido que Ferrari<\/title><link rel=\"canonical\" href=\"https:\/\/carro.blog.br\/noticias\/?post_type=web-story&amp;p=33403\"\/><meta name=\"web-stories-replace-head-end\"\/><\/head><body><amp-story standalone=\"\" publisher=\"Carro Das Not\u00edcias\" publisher-logo-src=\"https:\/\/carro.blog.br\/noticias\/wp-content\/uploads\/2025\/12\/512-1.webp\" title=\"BYD lan\u00e7a carro el\u00e9trico mais r\u00e1pido que Ferrari\" poster-portrait-src=\"https:\/\/carro.blog.br\/noticias\/wp-content\/uploads\/2026\/04\/cropped-BYD-Denza-Z-2026-2.webp\"><amp-story-page id=\"235ce1bb-1d2a-41bf-990d-906f2c3731af\"><amp-story-grid-layer template=\"vertical\" aspect-ratio=\"412:618\" class=\"grid-layer\"><\/p>\n<div class=\"page-fullbleed-area\" style=\"background-color:#042672\">\n<div class=\"page-safe-area\">\n<div style=\"position:absolute;pointer-events:none;left:0;top:-9.25926%;width:100%;height:118.51852%;opacity:1\">\n<div style=\"pointer-events:initial;width:100%;height:100%;display:block;position:absolute;top:0;left:0;z-index:0\" class=\"mask\" id=\"el-db55c1b8-c9cc-4111-973b-ece56b0f20c5\">\n<div style=\"position:absolute;width:298.60835%;height:112%;left:-99.30417%;top:-6%\" data-leaf-element=\"true\"><amp-img layout=\"fill\" src=\"https:\/\/carro.blog.br\/noticias\/wp-content\/uploads\/2026\/02\/fundo-azul-scaled.webp\" alt=\"fundo azul\" srcSet=\"https:\/\/carro.blog.br\/noticias\/wp-content\/uploads\/2026\/02\/fundo-azul-scaled.webp 2560w,https:\/\/carro.blog.br\/noticias\/wp-content\/uploads\/2026\/02\/fundo-azul-2048x1365.webp 2048w,https:\/\/carro.blog.br\/noticias\/wp-content\/uploads\/2026\/02\/fundo-azul-1800x1200.webp 1800w,https:\/\/carro.blog.br\/noticias\/wp-content\/uploads\/2026\/02\/fundo-azul-1536x1024.webp 1536w,https:\/\/carro.blog.br\/noticias\/wp-content\/uploads\/2026\/02\/fundo-azul-900x600.webp 900w,https:\/\/carro.blog.br\/noticias\/wp-content\/uploads\/2026\/02\/fundo-azul-768x512.webp 768w,https:\/\/carro.blog.br\/noticias\/wp-content\/uploads\/2026\/02\/fundo-azul-350x233.webp 350w,https:\/\/carro.blog.br\/noticias\/wp-content\/uploads\/2026\/02\/fundo-azul-150x100.webp 150w\" sizes=\"(max-width: 750px) 100vw, 680px\" disable-inline-width=\"true\"><\/amp-img><\/div>\n<div class=\"element-overlay-area\" style=\"background-image:linear-gradient(0.5turn, rgba(0,0,0,0) 40%, rgba(0,0,0,0.5) 100%)\"><\/div>\n<\/div>\n<\/div>\n<div class=\"page-background-overlay-area\" style=\"background-image:linear-gradient(0.5turn, rgba(0,0,0,0) 40%, rgba(0,0,0,0.5) 100%)\"><\/div>\n<\/div>\n<\/div>\n<p><\/amp-story-grid-layer><amp-story-grid-layer template=\"vertical\" aspect-ratio=\"412:618\" class=\"grid-layer\"><\/p>\n<div class=\"page-fullbleed-area\">\n<div class=\"page-safe-area\">\n<div style=\"position:absolute;pointer-events:none;left:calc(0% - 0px);top:calc(3.8835% - 10px);width:calc(100% + 0px);height:calc(43.85113% + 20px);opacity:1\">\n<div style=\"top:0;left:0;right:0;bottom:0;width:100%;height:100%;position:absolute;border-width:10px 0px 10px 0px;border-color:rgba(255,255,255,1);border-style:solid;border-radius:0% 0% 0% 0% \/ 0% 0% 0% 0%;pointer-events:initial;display:block;z-index:0\" class=\"mask\" id=\"el-7cd20da9-e0be-40b9-8fd8-d45c9ad24966\">\n<div style=\"position:absolute;width:103.12883%;height:100%;left:-1.56441%;top:0%\" data-leaf-element=\"true\"><amp-img layout=\"fill\" src=\"https:\/\/carro.blog.br\/noticias\/wp-content\/uploads\/2026\/04\/BYD-Denza-Z-2026-1.webp\" alt=\"Carro.Blog.Br\" srcSet=\"https:\/\/carro.blog.br\/noticias\/wp-content\/uploads\/2026\/04\/BYD-Denza-Z-2026-1.webp 2010w,https:\/\/carro.blog.br\/noticias\/wp-content\/uploads\/2026\/04\/BYD-Denza-Z-2026-1-1800x1148.webp 1800w,https:\/\/carro.blog.br\/noticias\/wp-content\/uploads\/2026\/04\/BYD-Denza-Z-2026-1-1536x980.webp 1536w,https:\/\/carro.blog.br\/noticias\/wp-content\/uploads\/2026\/04\/BYD-Denza-Z-2026-1-900x574.webp 900w,https:\/\/carro.blog.br\/noticias\/wp-content\/uploads\/2026\/04\/BYD-Denza-Z-2026-1-768x490.webp 768w,https:\/\/carro.blog.br\/noticias\/wp-content\/uploads\/2026\/04\/BYD-Denza-Z-2026-1-350x223.webp 350w,https:\/\/carro.blog.br\/noticias\/wp-content\/uploads\/2026\/04\/BYD-Denza-Z-2026-1-150x96.webp 150w\" sizes=\"(max-width: 750px) 100vw, 680px\" disable-inline-width=\"true\"><\/amp-img><\/div>\n<\/div>\n<\/div>\n<div style=\"position:absolute;pointer-events:none;left:12.13592%;top:53.23625%;width:76.21359%;height:3.39806%;opacity:1\">\n<div style=\"pointer-events:initial;width:100%;height:100%;display:block;position:absolute;top:0;left:0;z-index:0;border-radius:0% 0% 0% 0% \/ 0% 0% 0% 0%\" id=\"el-051c36c9-1338-4c2b-b616-a1cffddebc54\">\n<p class=\"fill text-wrapper\" style=\"white-space:pre-line;overflow-wrap:break-word;word-break:break-word;margin:-0.3672372611464972% 0;font-family:&quot;Roboto Condensed&quot;,sans-serif;font-size:0.291262em;line-height:1.3;text-align:center;padding:0;color:#000000\"><span><span style=\"color: #fff\">26\/04\/2026<\/span><\/span><\/p>\n<\/div>\n<\/div>\n<div style=\"position:absolute;pointer-events:none;left:calc(11.8932% - 0px);top:calc(58.89968% - 5px);width:calc(76.94175% + 0px);height:calc(18.60841% + 5px);opacity:1\">\n<div style=\"top:0;left:0;right:0;bottom:0;width:100%;height:100%;position:absolute;border-width:5px 0px 0px 0px;border-color:rgba(1,38,106,1);border-style:solid;border-radius:0% 0% 0% 0% \/ 0% 0% 0% 0%;pointer-events:initial;display:block;z-index:0\" id=\"el-e034a5bf-b218-4a41-96c9-40c6275f2f04\">\n<h1 class=\"fill text-wrapper\" style=\"white-space:pre-line;overflow-wrap:break-word;word-break:break-word;margin:0.813288643533123% 0;font-family:&quot;Roboto Condensed&quot;,sans-serif;font-size:0.485437em;line-height:1;text-align:center;padding:3.1545741324921135% 0;color:#000000\"><span><span style=\"font-weight: 700; color: #fff; text-transform: uppercase\">BYD lan\u00e7a carro el\u00e9trico mais r\u00e1pido que Ferrari<\/span><\/span><\/h1>\n<\/div>\n<\/div>\n<div style=\"position:absolute;pointer-events:none;left:calc(12.62136% - 5px);top:calc(44.66019% - 0px);width:calc(75.48544% + 5px);height:calc(6.79612% + 0px);opacity:1\">\n<div style=\"top:0;left:0;right:0;bottom:0;width:100%;height:100%;position:absolute;border-width:0px 0px 0px 5px;border-color:rgba(255,255,255,1);border-style:solid;border-radius:0% 0% 0% 0% \/ 0% 0% 0% 0%;pointer-events:initial;display:block;z-index:0\" id=\"el-3bae41da-7e8d-44e9-b079-0f61f066650f\">\n<h3 class=\"fill text-wrapper\" style=\"white-space:pre-line;overflow-wrap:break-word;word-break:break-word;margin:0;font-family:&quot;Roboto Condensed&quot;,sans-serif;font-size:0.388350em;line-height:calc(1em + 0.5833346208317239em);text-align:left;padding:0;color:#000000;background-color:#01123b;background:none\"><span style=\"display:block;position:relative;left:0;top:0;margin:0.6631832797427653% 0;-webkit-box-decoration-break:clone;box-decoration-break:clone\"><span style=\"background-color:#01123b;-webkit-box-decoration-break:clone;box-decoration-break:clone;position:relative;padding:2.2508038585209005% 3.536977491961415%;text-align:left;border-radius:0px 0px 0px 0px;color:transparent\">Por Alan Correa<\/span><\/span><\/h3>\n<h3 class=\"fill text-wrapper\" style=\"white-space:pre-line;overflow-wrap:break-word;word-break:break-word;margin:0;font-family:&quot;Roboto Condensed&quot;,sans-serif;font-size:0.388350em;line-height:calc(1em + 0.5833346208317239em);text-align:left;padding:0;color:#000000;background-color:#01123b;background:none;position:absolute;top:0;left:0;right:0\" aria-hidden=\"true\"><span style=\"display:block;position:relative;left:0;top:0;margin:0.6631832797427653% 0;-webkit-box-decoration-break:clone;box-decoration-break:clone\"><span style=\"background-color:#01123b;-webkit-box-decoration-break:clone;box-decoration-break:clone;position:relative;padding:2.2508038585209005% 3.536977491961415%;text-align:left;border-radius:0px 0px 0px 0px;background:none\"><span style=\"color: #fff\">Por Alan Correa<\/span><\/span><\/span><\/h3>\n<\/div>\n<\/div>\n<div style=\"position:absolute;pointer-events:none;left:5.9466%;top:-2.589%;width:88.1068%;height:12.45955%;opacity:1\">\n<div style=\"pointer-events:initial;width:100%;height:100%;display:block;position:absolute;top:0;left:0;z-index:0\" class=\"mask\" id=\"el-80c08d6d-a559-4f4f-91a7-46f0efef874a\">\n<div style=\"position:absolute;width:100%;height:109.99998%;left:0%;top:-4.99999%\" data-leaf-element=\"true\"><amp-img layout=\"fill\" src=\"https:\/\/carro.blog.br\/noticias\/wp-content\/uploads\/2026\/02\/logo-webstories-png.webp\" alt=\"logo-webstories-png\" srcSet=\"https:\/\/carro.blog.br\/noticias\/wp-content\/uploads\/2026\/02\/logo-webstories-png.webp 1500w,https:\/\/carro.blog.br\/noticias\/wp-content\/uploads\/2026\/02\/logo-webstories-png-900x210.webp 900w,https:\/\/carro.blog.br\/noticias\/wp-content\/uploads\/2026\/02\/logo-webstories-png-768x179.webp 768w,https:\/\/carro.blog.br\/noticias\/wp-content\/uploads\/2026\/02\/logo-webstories-png-150x35.webp 150w\" sizes=\"(max-width: 750px) 100vw, 680px\" disable-inline-width=\"true\"><\/amp-img><\/div>\n<\/div>\n<\/div>\n<\/div>\n<\/div>\n<p><\/amp-story-grid-layer><\/amp-story-page><amp-story-page id=\"162e9939-19db-45cf-9f80-e77deb284eac\"><amp-story-animation layout=\"nodisplay\" trigger=\"visibility\"><script type=\"application\/json\">[{\"selector\":\"#anim-18dc7f71-3887-47e2-be7a-850601c3ec38 [data-leaf-element=\\\"true\\\"]\",\"keyframes\":{\"transform\":[\"translate(0%, -0.0000011287131007620133%) scale(1.4464285714285714)\",\"translate(0%, 0%) scale(1)\"]},\"delay\":0,\"duration\":6000,\"easing\":\"cubic-bezier(.3,0,.55,1)\",\"fill\":\"forwards\"}]<\/script><\/amp-story-animation><amp-story-animation layout=\"nodisplay\" trigger=\"visibility\"><script type=\"application\/json\">[{\"selector\":\"#anim-55dfb900-c3f2-459b-a8f5-68620fa758c1\",\"keyframes\":{\"opacity\":[0,1]},\"delay\":0,\"duration\":600,\"easing\":\"cubic-bezier(0.2, 0.6, 0.0, 1)\",\"fill\":\"both\"}]<\/script><\/amp-story-animation><amp-story-animation layout=\"nodisplay\" trigger=\"visibility\"><script type=\"application\/json\">[{\"selector\":\"#anim-3cb564e4-5b0c-4845-98f4-8d142d7c4c59\",\"keyframes\":{\"transform\":[\"translate3d(115.75562%, 0px, 0)\",\"translate3d(0px, 0px, 0)\"]},\"delay\":0,\"duration\":600,\"easing\":\"cubic-bezier(0.2, 0.6, 0.0, 1)\",\"fill\":\"both\"}]<\/script><\/amp-story-animation><amp-story-grid-layer template=\"vertical\" aspect-ratio=\"412:618\" class=\"grid-layer\"><\/p>\n<div class=\"page-fullbleed-area\" style=\"background-color:#042672\">\n<div class=\"page-safe-area\">\n<div style=\"position:absolute;pointer-events:none;left:0;top:-9.25926%;width:100%;height:118.51852%;opacity:1\">\n<div id=\"anim-18dc7f71-3887-47e2-be7a-850601c3ec38\" class=\"animation-wrapper\" style=\"width:100%;height:100%;display:block;position:absolute;top:0;left:0\">\n<div style=\"pointer-events:initial;width:100%;height:100%;display:block;position:absolute;top:0;left:0;z-index:0\" class=\"mask\" id=\"el-19e72b98-508d-4b5e-8dd0-e2df3d266ef9\">\n<div style=\"position:absolute;width:298.60835%;height:112%;left:-99.30417%;top:-6%\" data-leaf-element=\"true\"><amp-img layout=\"fill\" src=\"https:\/\/carro.blog.br\/noticias\/wp-content\/uploads\/2026\/02\/fundo-azul-scaled.webp\" alt=\"fundo azul\" srcSet=\"https:\/\/carro.blog.br\/noticias\/wp-content\/uploads\/2026\/02\/fundo-azul-scaled.webp 2560w,https:\/\/carro.blog.br\/noticias\/wp-content\/uploads\/2026\/02\/fundo-azul-2048x1365.webp 2048w,https:\/\/carro.blog.br\/noticias\/wp-content\/uploads\/2026\/02\/fundo-azul-1800x1200.webp 1800w,https:\/\/carro.blog.br\/noticias\/wp-content\/uploads\/2026\/02\/fundo-azul-1536x1024.webp 1536w,https:\/\/carro.blog.br\/noticias\/wp-content\/uploads\/2026\/02\/fundo-azul-900x600.webp 900w,https:\/\/carro.blog.br\/noticias\/wp-content\/uploads\/2026\/02\/fundo-azul-768x512.webp 768w,https:\/\/carro.blog.br\/noticias\/wp-content\/uploads\/2026\/02\/fundo-azul-350x233.webp 350w,https:\/\/carro.blog.br\/noticias\/wp-content\/uploads\/2026\/02\/fundo-azul-150x100.webp 150w\" sizes=\"(max-width: 750px) 100vw, 680px\" disable-inline-width=\"true\"><\/amp-img><\/div>\n<div class=\"element-overlay-area\" style=\"background-image:linear-gradient(0.5turn, rgba(0,0,0,0) 40%, rgba(0,0,0,0.5) 100%)\"><\/div>\n<\/div>\n<\/div>\n<\/div>\n<div class=\"page-background-overlay-area\" style=\"background-image:linear-gradient(0.5turn, rgba(0,0,0,0) 40%, rgba(0,0,0,0.5) 100%)\"><\/div>\n<\/div>\n<\/div>\n<p><\/amp-story-grid-layer><amp-story-grid-layer template=\"vertical\" aspect-ratio=\"412:618\" class=\"grid-layer\"><\/p>\n<div class=\"page-fullbleed-area\">\n<div class=\"page-safe-area\">\n<div style=\"position:absolute;pointer-events:none;left:calc(0% - 0px);top:calc(3.8835% - 10px);width:calc(100% + 0px);height:calc(43.85113% + 20px);opacity:1\">\n<div style=\"top:0;left:0;right:0;bottom:0;width:100%;height:100%;position:absolute;border-width:10px 0px 10px 0px;border-color:rgba(255,255,255,1);border-style:solid;border-radius:0% 0% 0% 0% \/ 0% 0% 0% 0%;pointer-events:initial;display:block;z-index:0\" class=\"mask\" id=\"el-27ce125f-02fd-40eb-b538-8ce1b8f4f541\">\n<div style=\"position:absolute;width:108.24013%;height:100%;left:-4.12007%;top:0%\" data-leaf-element=\"true\"><amp-img layout=\"fill\" src=\"https:\/\/carro.blog.br\/noticias\/wp-content\/uploads\/2026\/04\/BYD-Denza-Z-2026-3.webp\" alt=\"Carro.Blog.Br\" srcSet=\"https:\/\/carro.blog.br\/noticias\/wp-content\/uploads\/2026\/04\/BYD-Denza-Z-2026-3.webp 1820w,https:\/\/carro.blog.br\/noticias\/wp-content\/uploads\/2026\/04\/BYD-Denza-Z-2026-3-1800x1094.webp 1800w,https:\/\/carro.blog.br\/noticias\/wp-content\/uploads\/2026\/04\/BYD-Denza-Z-2026-3-1536x933.webp 1536w,https:\/\/carro.blog.br\/noticias\/wp-content\/uploads\/2026\/04\/BYD-Denza-Z-2026-3-900x547.webp 900w,https:\/\/carro.blog.br\/noticias\/wp-content\/uploads\/2026\/04\/BYD-Denza-Z-2026-3-768x467.webp 768w,https:\/\/carro.blog.br\/noticias\/wp-content\/uploads\/2026\/04\/BYD-Denza-Z-2026-3-350x213.webp 350w,https:\/\/carro.blog.br\/noticias\/wp-content\/uploads\/2026\/04\/BYD-Denza-Z-2026-3-150x91.webp 150w\" sizes=\"(max-width: 750px) 100vw, 680px\" disable-inline-width=\"true\"><\/amp-img><\/div>\n<\/div>\n<\/div>\n<div style=\"position:absolute;pointer-events:none;left:calc(12.62136% - 5px);top:calc(44.66019% - 0px);width:calc(75.48544% + 5px);height:calc(37.54045% + 0px);opacity:1\">\n<div id=\"anim-55dfb900-c3f2-459b-a8f5-68620fa758c1\" class=\"animation-wrapper\" style=\"width:100%;height:100%;display:block;position:absolute;top:0;left:0;--initial-opacity:0;--initial-transform:none\">\n<div id=\"anim-3cb564e4-5b0c-4845-98f4-8d142d7c4c59\" class=\"animation-wrapper\" style=\"width:100%;height:100%;display:block;position:absolute;top:0;left:0;--initial-opacity:1;--initial-transform:translate3d(115.75562%, 0px, 0)\">\n<div style=\"top:0;left:0;right:0;bottom:0;width:100%;height:100%;position:absolute;border-width:0px 0px 0px 5px;border-color:rgba(255,255,255,1);border-style:solid;border-radius:0% 0% 0% 0% \/ 0% 0% 0% 0%;pointer-events:initial;display:block;z-index:0\" id=\"el-1a08498c-ee2b-4f5a-8f02-a076227c0726\">\n<h3 class=\"fill text-wrapper\" style=\"white-space:pre-line;overflow-wrap:break-word;word-break:break-word;margin:0;font-family:&quot;Roboto Condensed&quot;,sans-serif;font-size:0.388350em;line-height:calc(1em + 0.5833346208317239em);text-align:left;padding:0;color:#000000;background-color:#01123b;background:none\"><span style=\"display:block;position:relative;left:0;top:0;margin:0.6631832797427653% 0;-webkit-box-decoration-break:clone;box-decoration-break:clone\"><span style=\"background-color:#01123b;-webkit-box-decoration-break:clone;box-decoration-break:clone;position:relative;padding:2.2508038585209005% 3.536977491961415%;text-align:left;border-radius:0px 0px 0px 0px;color:transparent\">A BYD resolveu jogar pesado no Sal\u00e3o de Pequim. O Denza Z apareceu com visual agressivo e promessa ousada: ser mais r\u00e1pido que Ferrari. N\u00e3o \u00e9 s\u00f3 discurso<\/span><\/span><\/h3>\n<h3 class=\"fill text-wrapper\" style=\"white-space:pre-line;overflow-wrap:break-word;word-break:break-word;margin:0;font-family:&quot;Roboto Condensed&quot;,sans-serif;font-size:0.388350em;line-height:calc(1em + 0.5833346208317239em);text-align:left;padding:0;color:#000000;background-color:#01123b;background:none;position:absolute;top:0;left:0;right:0\" aria-hidden=\"true\"><span style=\"display:block;position:relative;left:0;top:0;margin:0.6631832797427653% 0;-webkit-box-decoration-break:clone;box-decoration-break:clone\"><span style=\"background-color:#01123b;-webkit-box-decoration-break:clone;box-decoration-break:clone;position:relative;padding:2.2508038585209005% 3.536977491961415%;text-align:left;border-radius:0px 0px 0px 0px;background:none\"><span style=\"color: #fff\">A BYD resolveu jogar pesado no Sal\u00e3o de Pequim. O Denza Z apareceu com visual agressivo e promessa ousada: ser mais r\u00e1pido que Ferrari. N\u00e3o \u00e9 s\u00f3 discurso<\/span><\/span><\/span><\/h3>\n<\/div>\n<\/div>\n<\/div>\n<\/div>\n<div style=\"position:absolute;pointer-events:none;left:5.9466%;top:-2.589%;width:88.1068%;height:12.45955%;opacity:1\">\n<div style=\"pointer-events:initial;width:100%;height:100%;display:block;position:absolute;top:0;left:0;z-index:0\" class=\"mask\" id=\"el-7e8c0a77-dae6-4c3e-a82a-e02d5498d38c\">\n<div style=\"position:absolute;width:100%;height:109.99998%;left:0%;top:-4.99999%\" data-leaf-element=\"true\"><amp-img layout=\"fill\" src=\"https:\/\/carro.blog.br\/noticias\/wp-content\/uploads\/2026\/02\/logo-webstories-png.webp\" alt=\"logo-webstories-png\" srcSet=\"https:\/\/carro.blog.br\/noticias\/wp-content\/uploads\/2026\/02\/logo-webstories-png.webp 1500w,https:\/\/carro.blog.br\/noticias\/wp-content\/uploads\/2026\/02\/logo-webstories-png-900x210.webp 900w,https:\/\/carro.blog.br\/noticias\/wp-content\/uploads\/2026\/02\/logo-webstories-png-768x179.webp 768w,https:\/\/carro.blog.br\/noticias\/wp-content\/uploads\/2026\/02\/logo-webstories-png-150x35.webp 150w\" sizes=\"(max-width: 750px) 100vw, 680px\" disable-inline-width=\"true\"><\/amp-img><\/div>\n<\/div>\n<\/div>\n<\/div>\n<\/div>\n<p><\/amp-story-grid-layer><\/amp-story-page><amp-story-page id=\"0a4c1049-4c8a-4e42-86d2-925f2bc81864\"><amp-story-animation layout=\"nodisplay\" trigger=\"visibility\"><script type=\"application\/json\">[{\"selector\":\"#anim-333c7038-9f2f-4007-b63d-976ee378b75f [data-leaf-element=\\\"true\\\"]\",\"keyframes\":{\"transform\":[\"translate(0%, -0.0000011287131007620133%) scale(1.4464285714285714)\",\"translate(0%, 0%) scale(1)\"]},\"delay\":0,\"duration\":6000,\"easing\":\"cubic-bezier(.3,0,.55,1)\",\"fill\":\"forwards\"}]<\/script><\/amp-story-animation><amp-story-animation layout=\"nodisplay\" trigger=\"visibility\"><script type=\"application\/json\">[{\"selector\":\"#anim-3180df95-b1b7-4ecf-a426-7bb71a141bd2\",\"keyframes\":{\"opacity\":[0,1]},\"delay\":0,\"duration\":600,\"easing\":\"cubic-bezier(0.2, 0.6, 0.0, 1)\",\"fill\":\"both\"}]<\/script><\/amp-story-animation><amp-story-animation layout=\"nodisplay\" trigger=\"visibility\"><script type=\"application\/json\">[{\"selector\":\"#anim-c0aec637-4d14-4f2a-ba53-f1b991330253\",\"keyframes\":{\"transform\":[\"translate3d(115.43408%, 0px, 0)\",\"translate3d(0px, 0px, 0)\"]},\"delay\":0,\"duration\":600,\"easing\":\"cubic-bezier(0.2, 0.6, 0.0, 1)\",\"fill\":\"both\"}]<\/script><\/amp-story-animation><amp-story-grid-layer template=\"vertical\" aspect-ratio=\"412:618\" class=\"grid-layer\"><\/p>\n<div class=\"page-fullbleed-area\" style=\"background-color:#042672\">\n<div class=\"page-safe-area\">\n<div style=\"position:absolute;pointer-events:none;left:0;top:-9.25926%;width:100%;height:118.51852%;opacity:1\">\n<div id=\"anim-333c7038-9f2f-4007-b63d-976ee378b75f\" class=\"animation-wrapper\" style=\"width:100%;height:100%;display:block;position:absolute;top:0;left:0\">\n<div style=\"pointer-events:initial;width:100%;height:100%;display:block;position:absolute;top:0;left:0;z-index:0\" class=\"mask\" id=\"el-e568e2a9-84ee-4cfb-aaa8-b64808a9214f\">\n<div style=\"position:absolute;width:298.60835%;height:112%;left:-99.30417%;top:-6%\" data-leaf-element=\"true\"><amp-img layout=\"fill\" src=\"https:\/\/carro.blog.br\/noticias\/wp-content\/uploads\/2026\/02\/fundo-azul-scaled.webp\" alt=\"fundo azul\" srcSet=\"https:\/\/carro.blog.br\/noticias\/wp-content\/uploads\/2026\/02\/fundo-azul-scaled.webp 2560w,https:\/\/carro.blog.br\/noticias\/wp-content\/uploads\/2026\/02\/fundo-azul-2048x1365.webp 2048w,https:\/\/carro.blog.br\/noticias\/wp-content\/uploads\/2026\/02\/fundo-azul-1800x1200.webp 1800w,https:\/\/carro.blog.br\/noticias\/wp-content\/uploads\/2026\/02\/fundo-azul-1536x1024.webp 1536w,https:\/\/carro.blog.br\/noticias\/wp-content\/uploads\/2026\/02\/fundo-azul-900x600.webp 900w,https:\/\/carro.blog.br\/noticias\/wp-content\/uploads\/2026\/02\/fundo-azul-768x512.webp 768w,https:\/\/carro.blog.br\/noticias\/wp-content\/uploads\/2026\/02\/fundo-azul-350x233.webp 350w,https:\/\/carro.blog.br\/noticias\/wp-content\/uploads\/2026\/02\/fundo-azul-150x100.webp 150w\" sizes=\"(max-width: 750px) 100vw, 680px\" disable-inline-width=\"true\"><\/amp-img><\/div>\n<div class=\"element-overlay-area\" style=\"background-image:linear-gradient(0.5turn, rgba(0,0,0,0) 40%, rgba(0,0,0,0.5) 100%)\"><\/div>\n<\/div>\n<\/div>\n<\/div>\n<div class=\"page-background-overlay-area\" style=\"background-image:linear-gradient(0.5turn, rgba(0,0,0,0) 40%, rgba(0,0,0,0.5) 100%)\"><\/div>\n<\/div>\n<\/div>\n<p><\/amp-story-grid-layer><amp-story-grid-layer template=\"vertical\" aspect-ratio=\"412:618\" class=\"grid-layer\"><\/p>\n<div class=\"page-fullbleed-area\">\n<div class=\"page-safe-area\">\n<div style=\"position:absolute;pointer-events:none;left:calc(0% - 0px);top:calc(3.8835% - 10px);width:calc(100% + 0px);height:calc(43.85113% + 20px);opacity:1\">\n<div style=\"top:0;left:0;right:0;bottom:0;width:100%;height:100%;position:absolute;border-width:10px 0px 10px 0px;border-color:rgba(255,255,255,1);border-style:solid;border-radius:0% 0% 0% 0% \/ 0% 0% 0% 0%;pointer-events:initial;display:block;z-index:0\" class=\"mask\" id=\"el-f4213d36-ffb9-4292-8c06-ed68a09e18b0\">\n<div style=\"position:absolute;width:111.74113%;height:100%;left:-5.87057%;top:0%\" data-leaf-element=\"true\"><amp-img layout=\"fill\" src=\"https:\/\/carro.blog.br\/noticias\/wp-content\/uploads\/2026\/04\/BYD-Denza-Z-2026-2.webp\" alt=\"Carro.Blog.Br\" srcSet=\"https:\/\/carro.blog.br\/noticias\/wp-content\/uploads\/2026\/04\/BYD-Denza-Z-2026-2.webp 1974w,https:\/\/carro.blog.br\/noticias\/wp-content\/uploads\/2026\/04\/BYD-Denza-Z-2026-2-1800x1060.webp 1800w,https:\/\/carro.blog.br\/noticias\/wp-content\/uploads\/2026\/04\/BYD-Denza-Z-2026-2-1536x904.webp 1536w,https:\/\/carro.blog.br\/noticias\/wp-content\/uploads\/2026\/04\/BYD-Denza-Z-2026-2-900x530.webp 900w,https:\/\/carro.blog.br\/noticias\/wp-content\/uploads\/2026\/04\/BYD-Denza-Z-2026-2-768x452.webp 768w,https:\/\/carro.blog.br\/noticias\/wp-content\/uploads\/2026\/04\/BYD-Denza-Z-2026-2-350x206.webp 350w,https:\/\/carro.blog.br\/noticias\/wp-content\/uploads\/2026\/04\/BYD-Denza-Z-2026-2-150x88.webp 150w\" sizes=\"(max-width: 750px) 100vw, 680px\" disable-inline-width=\"true\"><\/amp-img><\/div>\n<\/div>\n<\/div>\n<div style=\"position:absolute;pointer-events:none;left:calc(12.86408% - 5px);top:calc(44.66019% - 0px);width:calc(75.48544% + 5px);height:calc(37.54045% + 0px);opacity:1\">\n<div id=\"anim-3180df95-b1b7-4ecf-a426-7bb71a141bd2\" class=\"animation-wrapper\" style=\"width:100%;height:100%;display:block;position:absolute;top:0;left:0;--initial-opacity:0;--initial-transform:none\">\n<div id=\"anim-c0aec637-4d14-4f2a-ba53-f1b991330253\" class=\"animation-wrapper\" style=\"width:100%;height:100%;display:block;position:absolute;top:0;left:0;--initial-opacity:1;--initial-transform:translate3d(115.43408%, 0px, 0)\">\n<div style=\"top:0;left:0;right:0;bottom:0;width:100%;height:100%;position:absolute;border-width:0px 0px 0px 5px;border-color:rgba(255,255,255,1);border-style:solid;border-radius:0% 0% 0% 0% \/ 0% 0% 0% 0%;pointer-events:initial;display:block;z-index:0\" id=\"el-fb8e877b-0227-414c-82d6-8760d50fe9ce\">\n<h3 class=\"fill text-wrapper\" style=\"white-space:pre-line;overflow-wrap:break-word;word-break:break-word;margin:0;font-family:&quot;Roboto Condensed&quot;,sans-serif;font-size:0.388350em;line-height:calc(1em + 0.5833346208317239em);text-align:left;padding:0;color:#000000;background-color:#01123b;background:none\"><span style=\"display:block;position:relative;left:0;top:0;margin:0.6631832797427653% 0;-webkit-box-decoration-break:clone;box-decoration-break:clone\"><span style=\"background-color:#01123b;-webkit-box-decoration-break:clone;box-decoration-break:clone;position:relative;padding:2.2508038585209005% 3.536977491961415%;text-align:left;border-radius:0px 0px 0px 0px;color:transparent\">Debaixo da carroceria, s\u00e3o tr\u00eas motores el\u00e9tricos e mais de 1.000 cv. O resultado \u00e9 absurdo: vai de 0 a 100 km\/h em menos de 2 segundos. \u00c9 coisa de hipercarro<\/span><\/span><\/h3>\n<h3 class=\"fill text-wrapper\" style=\"white-space:pre-line;overflow-wrap:break-word;word-break:break-word;margin:0;font-family:&quot;Roboto Condensed&quot;,sans-serif;font-size:0.388350em;line-height:calc(1em + 0.5833346208317239em);text-align:left;padding:0;color:#000000;background-color:#01123b;background:none;position:absolute;top:0;left:0;right:0\" aria-hidden=\"true\"><span style=\"display:block;position:relative;left:0;top:0;margin:0.6631832797427653% 0;-webkit-box-decoration-break:clone;box-decoration-break:clone\"><span style=\"background-color:#01123b;-webkit-box-decoration-break:clone;box-decoration-break:clone;position:relative;padding:2.2508038585209005% 3.536977491961415%;text-align:left;border-radius:0px 0px 0px 0px;background:none\"><span style=\"color: #fff\">Debaixo da carroceria, s\u00e3o tr\u00eas motores el\u00e9tricos e mais de 1.000 cv. O resultado \u00e9 absurdo: vai de 0 a 100 km\/h em menos de 2 segundos. \u00c9 coisa de hipercarro<\/span><\/span><\/span><\/h3>\n<\/div>\n<\/div>\n<\/div>\n<\/div>\n<div style=\"position:absolute;pointer-events:none;left:5.9466%;top:-2.589%;width:88.1068%;height:12.45955%;opacity:1\">\n<div style=\"pointer-events:initial;width:100%;height:100%;display:block;position:absolute;top:0;left:0;z-index:0\" class=\"mask\" id=\"el-2a92d802-8446-4128-83f1-b392ad0b5f86\">\n<div style=\"position:absolute;width:100%;height:109.99998%;left:0%;top:-4.99999%\" data-leaf-element=\"true\"><amp-img layout=\"fill\" src=\"https:\/\/carro.blog.br\/noticias\/wp-content\/uploads\/2026\/02\/logo-webstories-png.webp\" alt=\"logo-webstories-png\" srcSet=\"https:\/\/carro.blog.br\/noticias\/wp-content\/uploads\/2026\/02\/logo-webstories-png.webp 1500w,https:\/\/carro.blog.br\/noticias\/wp-content\/uploads\/2026\/02\/logo-webstories-png-900x210.webp 900w,https:\/\/carro.blog.br\/noticias\/wp-content\/uploads\/2026\/02\/logo-webstories-png-768x179.webp 768w,https:\/\/carro.blog.br\/noticias\/wp-content\/uploads\/2026\/02\/logo-webstories-png-150x35.webp 150w\" sizes=\"(max-width: 750px) 100vw, 680px\" disable-inline-width=\"true\"><\/amp-img><\/div>\n<\/div>\n<\/div>\n<\/div>\n<\/div>\n<p><\/amp-story-grid-layer><\/amp-story-page><amp-story-page id=\"124fa730-c26a-4504-b180-43d0cfe3ca29\"><amp-story-animation layout=\"nodisplay\" trigger=\"visibility\"><script type=\"application\/json\">[{\"selector\":\"#anim-605bed15-2fb1-4822-b846-d84122ae3ead [data-leaf-element=\\\"true\\\"]\",\"keyframes\":{\"transform\":[\"translate(0%, -0.0000011287131007620133%) scale(1.4464285714285714)\",\"translate(0%, 0%) scale(1)\"]},\"delay\":0,\"duration\":6000,\"easing\":\"cubic-bezier(.3,0,.55,1)\",\"fill\":\"forwards\"}]<\/script><\/amp-story-animation><amp-story-animation layout=\"nodisplay\" trigger=\"visibility\"><script type=\"application\/json\">[{\"selector\":\"#anim-dbb86427-e48a-4cee-8414-0ad24208c500\",\"keyframes\":{\"opacity\":[0,1]},\"delay\":0,\"duration\":600,\"easing\":\"cubic-bezier(0.2, 0.6, 0.0, 1)\",\"fill\":\"both\"}]<\/script><\/amp-story-animation><amp-story-animation layout=\"nodisplay\" trigger=\"visibility\"><script type=\"application\/json\">[{\"selector\":\"#anim-c8710ef9-9019-4d35-9910-8c0e6ce4f21f\",\"keyframes\":{\"transform\":[\"translate3d(115.43408%, 0px, 0)\",\"translate3d(0px, 0px, 0)\"]},\"delay\":0,\"duration\":600,\"easing\":\"cubic-bezier(0.2, 0.6, 0.0, 1)\",\"fill\":\"both\"}]<\/script><\/amp-story-animation><amp-story-grid-layer template=\"vertical\" aspect-ratio=\"412:618\" class=\"grid-layer\"><\/p>\n<div class=\"page-fullbleed-area\" style=\"background-color:#042672\">\n<div class=\"page-safe-area\">\n<div style=\"position:absolute;pointer-events:none;left:0;top:-9.25926%;width:100%;height:118.51852%;opacity:1\">\n<div id=\"anim-605bed15-2fb1-4822-b846-d84122ae3ead\" class=\"animation-wrapper\" style=\"width:100%;height:100%;display:block;position:absolute;top:0;left:0\">\n<div style=\"pointer-events:initial;width:100%;height:100%;display:block;position:absolute;top:0;left:0;z-index:0\" class=\"mask\" id=\"el-6fde0ec0-6922-4ad0-bb22-691933573fae\">\n<div style=\"position:absolute;width:298.60835%;height:112%;left:-99.30417%;top:-6%\" data-leaf-element=\"true\"><amp-img layout=\"fill\" src=\"https:\/\/carro.blog.br\/noticias\/wp-content\/uploads\/2026\/02\/fundo-azul-scaled.webp\" alt=\"fundo azul\" srcSet=\"https:\/\/carro.blog.br\/noticias\/wp-content\/uploads\/2026\/02\/fundo-azul-scaled.webp 2560w,https:\/\/carro.blog.br\/noticias\/wp-content\/uploads\/2026\/02\/fundo-azul-2048x1365.webp 2048w,https:\/\/carro.blog.br\/noticias\/wp-content\/uploads\/2026\/02\/fundo-azul-1800x1200.webp 1800w,https:\/\/carro.blog.br\/noticias\/wp-content\/uploads\/2026\/02\/fundo-azul-1536x1024.webp 1536w,https:\/\/carro.blog.br\/noticias\/wp-content\/uploads\/2026\/02\/fundo-azul-900x600.webp 900w,https:\/\/carro.blog.br\/noticias\/wp-content\/uploads\/2026\/02\/fundo-azul-768x512.webp 768w,https:\/\/carro.blog.br\/noticias\/wp-content\/uploads\/2026\/02\/fundo-azul-350x233.webp 350w,https:\/\/carro.blog.br\/noticias\/wp-content\/uploads\/2026\/02\/fundo-azul-150x100.webp 150w\" sizes=\"(max-width: 750px) 100vw, 680px\" disable-inline-width=\"true\"><\/amp-img><\/div>\n<div class=\"element-overlay-area\" style=\"background-image:linear-gradient(0.5turn, rgba(0,0,0,0) 40%, rgba(0,0,0,0.5) 100%)\"><\/div>\n<\/div>\n<\/div>\n<\/div>\n<div class=\"page-background-overlay-area\" style=\"background-image:linear-gradient(0.5turn, rgba(0,0,0,0) 40%, rgba(0,0,0,0.5) 100%)\"><\/div>\n<\/div>\n<\/div>\n<p><\/amp-story-grid-layer><amp-story-grid-layer template=\"vertical\" aspect-ratio=\"412:618\" class=\"grid-layer\"><\/p>\n<div class=\"page-fullbleed-area\">\n<div class=\"page-safe-area\">\n<div style=\"position:absolute;pointer-events:none;left:calc(0% - 0px);top:calc(3.8835% - 10px);width:calc(100% + 0px);height:calc(43.85113% + 20px);opacity:1\">\n<div style=\"top:0;left:0;right:0;bottom:0;width:100%;height:100%;position:absolute;border-width:10px 0px 10px 0px;border-color:rgba(255,255,255,1);border-style:solid;border-radius:0% 0% 0% 0% \/ 0% 0% 0% 0%;pointer-events:initial;display:block;z-index:0\" class=\"mask\" id=\"el-9b6afdd6-6233-4848-9a07-aa0c928b13e2\">\n<div style=\"position:absolute;width:108.45623%;height:100%;left:-4.22811%;top:0%\" data-leaf-element=\"true\"><amp-img layout=\"fill\" src=\"https:\/\/carro.blog.br\/noticias\/wp-content\/uploads\/2026\/04\/BYD-Denza-Z-2026-5.webp\" alt=\"Carro.Blog.Br\" srcSet=\"https:\/\/carro.blog.br\/noticias\/wp-content\/uploads\/2026\/04\/BYD-Denza-Z-2026-5.webp 1728w,https:\/\/carro.blog.br\/noticias\/wp-content\/uploads\/2026\/04\/BYD-Denza-Z-2026-5-1536x932.webp 1536w,https:\/\/carro.blog.br\/noticias\/wp-content\/uploads\/2026\/04\/BYD-Denza-Z-2026-5-900x546.webp 900w,https:\/\/carro.blog.br\/noticias\/wp-content\/uploads\/2026\/04\/BYD-Denza-Z-2026-5-768x466.webp 768w,https:\/\/carro.blog.br\/noticias\/wp-content\/uploads\/2026\/04\/BYD-Denza-Z-2026-5-350x212.webp 350w,https:\/\/carro.blog.br\/noticias\/wp-content\/uploads\/2026\/04\/BYD-Denza-Z-2026-5-150x91.webp 150w\" sizes=\"(max-width: 750px) 100vw, 680px\" disable-inline-width=\"true\"><\/amp-img><\/div>\n<\/div>\n<\/div>\n<div style=\"position:absolute;pointer-events:none;left:calc(12.86408% - 5px);top:calc(44.66019% - 0px);width:calc(75.48544% + 5px);height:calc(37.54045% + 0px);opacity:1\">\n<div id=\"anim-dbb86427-e48a-4cee-8414-0ad24208c500\" class=\"animation-wrapper\" style=\"width:100%;height:100%;display:block;position:absolute;top:0;left:0;--initial-opacity:0;--initial-transform:none\">\n<div id=\"anim-c8710ef9-9019-4d35-9910-8c0e6ce4f21f\" class=\"animation-wrapper\" style=\"width:100%;height:100%;display:block;position:absolute;top:0;left:0;--initial-opacity:1;--initial-transform:translate3d(115.43408%, 0px, 0)\">\n<div style=\"top:0;left:0;right:0;bottom:0;width:100%;height:100%;position:absolute;border-width:0px 0px 0px 5px;border-color:rgba(255,255,255,1);border-style:solid;border-radius:0% 0% 0% 0% \/ 0% 0% 0% 0%;pointer-events:initial;display:block;z-index:0\" id=\"el-b7871899-c124-48e4-87c0-bb2e12bc6bfa\">\n<h3 class=\"fill text-wrapper\" style=\"white-space:pre-line;overflow-wrap:break-word;word-break:break-word;margin:0;font-family:&quot;Roboto Condensed&quot;,sans-serif;font-size:0.388350em;line-height:calc(1em + 0.5833346208317239em);text-align:left;padding:0;color:#000000;background-color:#01123b;background:none\"><span style=\"display:block;position:relative;left:0;top:0;margin:0.6631832797427653% 0;-webkit-box-decoration-break:clone;box-decoration-break:clone\"><span style=\"background-color:#01123b;-webkit-box-decoration-break:clone;box-decoration-break:clone;position:relative;padding:2.2508038585209005% 3.536977491961415%;text-align:left;border-radius:0px 0px 0px 0px;color:transparent\">O visual n\u00e3o esconde a influ\u00eancia europeia. Tem tra\u00e7os que lembram Maserati e Ferrari, enquanto o volante entrega inspira\u00e7\u00e3o clara nos esportivos da Porsche<\/span><\/span><\/h3>\n<h3 class=\"fill text-wrapper\" style=\"white-space:pre-line;overflow-wrap:break-word;word-break:break-word;margin:0;font-family:&quot;Roboto Condensed&quot;,sans-serif;font-size:0.388350em;line-height:calc(1em + 0.5833346208317239em);text-align:left;padding:0;color:#000000;background-color:#01123b;background:none;position:absolute;top:0;left:0;right:0\" aria-hidden=\"true\"><span style=\"display:block;position:relative;left:0;top:0;margin:0.6631832797427653% 0;-webkit-box-decoration-break:clone;box-decoration-break:clone\"><span style=\"background-color:#01123b;-webkit-box-decoration-break:clone;box-decoration-break:clone;position:relative;padding:2.2508038585209005% 3.536977491961415%;text-align:left;border-radius:0px 0px 0px 0px;background:none\"><span style=\"color: #fff\">O visual n\u00e3o esconde a influ\u00eancia europeia. Tem tra\u00e7os que lembram Maserati e Ferrari, enquanto o volante entrega inspira\u00e7\u00e3o clara nos esportivos da Porsche<\/span><\/span><\/span><\/h3>\n<\/div>\n<\/div>\n<\/div>\n<\/div>\n<div style=\"position:absolute;pointer-events:none;left:5.9466%;top:-2.589%;width:88.1068%;height:12.45955%;opacity:1\">\n<div style=\"pointer-events:initial;width:100%;height:100%;display:block;position:absolute;top:0;left:0;z-index:0\" class=\"mask\" id=\"el-f3030484-af6c-4f45-974d-6365c546a5af\">\n<div style=\"position:absolute;width:100%;height:109.99998%;left:0%;top:-4.99999%\" data-leaf-element=\"true\"><amp-img layout=\"fill\" src=\"https:\/\/carro.blog.br\/noticias\/wp-content\/uploads\/2026\/02\/logo-webstories-png.webp\" alt=\"logo-webstories-png\" srcSet=\"https:\/\/carro.blog.br\/noticias\/wp-content\/uploads\/2026\/02\/logo-webstories-png.webp 1500w,https:\/\/carro.blog.br\/noticias\/wp-content\/uploads\/2026\/02\/logo-webstories-png-900x210.webp 900w,https:\/\/carro.blog.br\/noticias\/wp-content\/uploads\/2026\/02\/logo-webstories-png-768x179.webp 768w,https:\/\/carro.blog.br\/noticias\/wp-content\/uploads\/2026\/02\/logo-webstories-png-150x35.webp 150w\" sizes=\"(max-width: 750px) 100vw, 680px\" disable-inline-width=\"true\"><\/amp-img><\/div>\n<\/div>\n<\/div>\n<\/div>\n<\/div>\n<p><\/amp-story-grid-layer><\/amp-story-page><amp-story-page id=\"d2af6e1b-b97e-4da2-a185-383fbfc4c9ed\"><amp-story-animation layout=\"nodisplay\" trigger=\"visibility\"><script type=\"application\/json\">[{\"selector\":\"#anim-f509cdd5-d288-4d7e-8faf-b25b617f33c4 [data-leaf-element=\\\"true\\\"]\",\"keyframes\":{\"transform\":[\"translate(0%, -0.0000011287131007620133%) scale(1.4464285714285714)\",\"translate(0%, 0%) scale(1)\"]},\"delay\":0,\"duration\":6000,\"easing\":\"cubic-bezier(.3,0,.55,1)\",\"fill\":\"forwards\"}]<\/script><\/amp-story-animation><amp-story-animation layout=\"nodisplay\" trigger=\"visibility\"><script type=\"application\/json\">[{\"selector\":\"#anim-c54d87e6-9b6a-4d78-9cef-838aba28958f\",\"keyframes\":{\"opacity\":[0,1]},\"delay\":0,\"duration\":600,\"easing\":\"cubic-bezier(0.2, 0.6, 0.0, 1)\",\"fill\":\"both\"}]<\/script><\/amp-story-animation><amp-story-animation layout=\"nodisplay\" trigger=\"visibility\"><script type=\"application\/json\">[{\"selector\":\"#anim-d2c43a55-96e3-4714-957c-acda6fbd048c\",\"keyframes\":{\"transform\":[\"translate3d(115.43408%, 0px, 0)\",\"translate3d(0px, 0px, 0)\"]},\"delay\":0,\"duration\":600,\"easing\":\"cubic-bezier(0.2, 0.6, 0.0, 1)\",\"fill\":\"both\"}]<\/script><\/amp-story-animation><amp-story-grid-layer template=\"vertical\" aspect-ratio=\"412:618\" class=\"grid-layer\"><\/p>\n<div class=\"page-fullbleed-area\" style=\"background-color:#042672\">\n<div class=\"page-safe-area\">\n<div style=\"position:absolute;pointer-events:none;left:0;top:-9.25926%;width:100%;height:118.51852%;opacity:1\">\n<div id=\"anim-f509cdd5-d288-4d7e-8faf-b25b617f33c4\" class=\"animation-wrapper\" style=\"width:100%;height:100%;display:block;position:absolute;top:0;left:0\">\n<div style=\"pointer-events:initial;width:100%;height:100%;display:block;position:absolute;top:0;left:0;z-index:0\" class=\"mask\" id=\"el-353fdc5e-fb87-45b2-afe7-1073d1e42e15\">\n<div style=\"position:absolute;width:298.60835%;height:112%;left:-99.30417%;top:-6%\" data-leaf-element=\"true\"><amp-img layout=\"fill\" src=\"https:\/\/carro.blog.br\/noticias\/wp-content\/uploads\/2026\/02\/fundo-azul-scaled.webp\" alt=\"fundo azul\" srcSet=\"https:\/\/carro.blog.br\/noticias\/wp-content\/uploads\/2026\/02\/fundo-azul-scaled.webp 2560w,https:\/\/carro.blog.br\/noticias\/wp-content\/uploads\/2026\/02\/fundo-azul-2048x1365.webp 2048w,https:\/\/carro.blog.br\/noticias\/wp-content\/uploads\/2026\/02\/fundo-azul-1800x1200.webp 1800w,https:\/\/carro.blog.br\/noticias\/wp-content\/uploads\/2026\/02\/fundo-azul-1536x1024.webp 1536w,https:\/\/carro.blog.br\/noticias\/wp-content\/uploads\/2026\/02\/fundo-azul-900x600.webp 900w,https:\/\/carro.blog.br\/noticias\/wp-content\/uploads\/2026\/02\/fundo-azul-768x512.webp 768w,https:\/\/carro.blog.br\/noticias\/wp-content\/uploads\/2026\/02\/fundo-azul-350x233.webp 350w,https:\/\/carro.blog.br\/noticias\/wp-content\/uploads\/2026\/02\/fundo-azul-150x100.webp 150w\" sizes=\"(max-width: 750px) 100vw, 680px\" disable-inline-width=\"true\"><\/amp-img><\/div>\n<div class=\"element-overlay-area\" style=\"background-image:linear-gradient(0.5turn, rgba(0,0,0,0) 40%, rgba(0,0,0,0.5) 100%)\"><\/div>\n<\/div>\n<\/div>\n<\/div>\n<div class=\"page-background-overlay-area\" style=\"background-image:linear-gradient(0.5turn, rgba(0,0,0,0) 40%, rgba(0,0,0,0.5) 100%)\"><\/div>\n<\/div>\n<\/div>\n<p><\/amp-story-grid-layer><amp-story-grid-layer template=\"vertical\" aspect-ratio=\"412:618\" class=\"grid-layer\"><\/p>\n<div class=\"page-fullbleed-area\">\n<div class=\"page-safe-area\">\n<div style=\"position:absolute;pointer-events:none;left:calc(0% - 0px);top:calc(3.8835% - 10px);width:calc(100% + 0px);height:calc(43.85113% + 20px);opacity:1\">\n<div style=\"top:0;left:0;right:0;bottom:0;width:100%;height:100%;position:absolute;border-width:10px 0px 10px 0px;border-color:rgba(255,255,255,1);border-style:solid;border-radius:0% 0% 0% 0% \/ 0% 0% 0% 0%;pointer-events:initial;display:block;z-index:0\" class=\"mask\" id=\"el-aa49e48e-1c31-431f-9bec-c0ecb008c4b5\">\n<div style=\"position:absolute;width:115.20652%;height:100%;left:-7.60326%;top:0%\" data-leaf-element=\"true\"><amp-img layout=\"fill\" src=\"https:\/\/carro.blog.br\/noticias\/wp-content\/uploads\/2026\/04\/BYD-Denza-Z-2026-4.webp\" alt=\"Carro.Blog.Br\" srcSet=\"https:\/\/carro.blog.br\/noticias\/wp-content\/uploads\/2026\/04\/BYD-Denza-Z-2026-4.webp 2368w,https:\/\/carro.blog.br\/noticias\/wp-content\/uploads\/2026\/04\/BYD-Denza-Z-2026-4-2048x1169.webp 2048w,https:\/\/carro.blog.br\/noticias\/wp-content\/uploads\/2026\/04\/BYD-Denza-Z-2026-4-1800x1028.webp 1800w,https:\/\/carro.blog.br\/noticias\/wp-content\/uploads\/2026\/04\/BYD-Denza-Z-2026-4-1536x877.webp 1536w,https:\/\/carro.blog.br\/noticias\/wp-content\/uploads\/2026\/04\/BYD-Denza-Z-2026-4-900x514.webp 900w,https:\/\/carro.blog.br\/noticias\/wp-content\/uploads\/2026\/04\/BYD-Denza-Z-2026-4-768x438.webp 768w,https:\/\/carro.blog.br\/noticias\/wp-content\/uploads\/2026\/04\/BYD-Denza-Z-2026-4-350x200.webp 350w,https:\/\/carro.blog.br\/noticias\/wp-content\/uploads\/2026\/04\/BYD-Denza-Z-2026-4-150x86.webp 150w\" sizes=\"(max-width: 750px) 100vw, 680px\" disable-inline-width=\"true\"><\/amp-img><\/div>\n<\/div>\n<\/div>\n<div style=\"position:absolute;pointer-events:none;left:calc(12.86408% - 5px);top:calc(44.66019% - 0px);width:calc(75.48544% + 5px);height:calc(37.54045% + 0px);opacity:1\">\n<div id=\"anim-c54d87e6-9b6a-4d78-9cef-838aba28958f\" class=\"animation-wrapper\" style=\"width:100%;height:100%;display:block;position:absolute;top:0;left:0;--initial-opacity:0;--initial-transform:none\">\n<div id=\"anim-d2c43a55-96e3-4714-957c-acda6fbd048c\" class=\"animation-wrapper\" style=\"width:100%;height:100%;display:block;position:absolute;top:0;left:0;--initial-opacity:1;--initial-transform:translate3d(115.43408%, 0px, 0)\">\n<div style=\"top:0;left:0;right:0;bottom:0;width:100%;height:100%;position:absolute;border-width:0px 0px 0px 5px;border-color:rgba(255,255,255,1);border-style:solid;border-radius:0% 0% 0% 0% \/ 0% 0% 0% 0%;pointer-events:initial;display:block;z-index:0\" id=\"el-3bc5fc88-ef97-4e6a-8a25-65467a751b5a\">\n<h3 class=\"fill text-wrapper\" style=\"white-space:pre-line;overflow-wrap:break-word;word-break:break-word;margin:0;font-family:&quot;Roboto Condensed&quot;,sans-serif;font-size:0.388350em;line-height:calc(1em + 0.5833346208317239em);text-align:left;padding:0;color:#000000;background-color:#01123b;background:none\"><span style=\"display:block;position:relative;left:0;top:0;margin:0.6631832797427653% 0;-webkit-box-decoration-break:clone;box-decoration-break:clone\"><span style=\"background-color:#01123b;-webkit-box-decoration-break:clone;box-decoration-break:clone;position:relative;padding:2.2508038585209005% 3.536977491961415%;text-align:left;border-radius:0px 0px 0px 0px;color:transparent\">Por dentro, n\u00e3o \u00e9 s\u00f3 luxo, tem proposta pr\u00e1tica. S\u00e3o quatro lugares e acabamento em fibra de carbono. A central grande refor\u00e7a a identidade dos carros da BYD<\/span><\/span><\/h3>\n<h3 class=\"fill text-wrapper\" style=\"white-space:pre-line;overflow-wrap:break-word;word-break:break-word;margin:0;font-family:&quot;Roboto Condensed&quot;,sans-serif;font-size:0.388350em;line-height:calc(1em + 0.5833346208317239em);text-align:left;padding:0;color:#000000;background-color:#01123b;background:none;position:absolute;top:0;left:0;right:0\" aria-hidden=\"true\"><span style=\"display:block;position:relative;left:0;top:0;margin:0.6631832797427653% 0;-webkit-box-decoration-break:clone;box-decoration-break:clone\"><span style=\"background-color:#01123b;-webkit-box-decoration-break:clone;box-decoration-break:clone;position:relative;padding:2.2508038585209005% 3.536977491961415%;text-align:left;border-radius:0px 0px 0px 0px;background:none\"><span style=\"color: #fff\">Por dentro, n\u00e3o \u00e9 s\u00f3 luxo, tem proposta pr\u00e1tica. S\u00e3o quatro lugares e acabamento em fibra de carbono. A central grande refor\u00e7a a identidade dos carros da BYD<\/span><\/span><\/span><\/h3>\n<\/div>\n<\/div>\n<\/div>\n<\/div>\n<div style=\"position:absolute;pointer-events:none;left:5.9466%;top:-2.589%;width:88.1068%;height:12.45955%;opacity:1\">\n<div style=\"pointer-events:initial;width:100%;height:100%;display:block;position:absolute;top:0;left:0;z-index:0\" class=\"mask\" id=\"el-1fa83deb-4b0a-4034-a1b8-809ac1e09133\">\n<div style=\"position:absolute;width:100%;height:109.99998%;left:0%;top:-4.99999%\" data-leaf-element=\"true\"><amp-img layout=\"fill\" src=\"https:\/\/carro.blog.br\/noticias\/wp-content\/uploads\/2026\/02\/logo-webstories-png.webp\" alt=\"logo-webstories-png\" srcSet=\"https:\/\/carro.blog.br\/noticias\/wp-content\/uploads\/2026\/02\/logo-webstories-png.webp 1500w,https:\/\/carro.blog.br\/noticias\/wp-content\/uploads\/2026\/02\/logo-webstories-png-900x210.webp 900w,https:\/\/carro.blog.br\/noticias\/wp-content\/uploads\/2026\/02\/logo-webstories-png-768x179.webp 768w,https:\/\/carro.blog.br\/noticias\/wp-content\/uploads\/2026\/02\/logo-webstories-png-150x35.webp 150w\" sizes=\"(max-width: 750px) 100vw, 680px\" disable-inline-width=\"true\"><\/amp-img><\/div>\n<\/div>\n<\/div>\n<\/div>\n<\/div>\n<p><\/amp-story-grid-layer><\/amp-story-page><amp-story-page id=\"bb77d1c5-b03d-4279-ac1b-17fab2d8aa40\"><amp-story-animation layout=\"nodisplay\" trigger=\"visibility\"><script type=\"application\/json\">[{\"selector\":\"#anim-91af4758-6db0-475f-a1f1-4fffb6cbdf55 [data-leaf-element=\\\"true\\\"]\",\"keyframes\":{\"transform\":[\"translate(0%, -0.0000011287131007620133%) scale(1.4464285714285714)\",\"translate(0%, 0%) scale(1)\"]},\"delay\":0,\"duration\":6000,\"easing\":\"cubic-bezier(.3,0,.55,1)\",\"fill\":\"forwards\"}]<\/script><\/amp-story-animation><amp-story-animation layout=\"nodisplay\" trigger=\"visibility\"><script type=\"application\/json\">[{\"selector\":\"#anim-04b87b80-a8b9-4c99-a26e-4635793ae161\",\"keyframes\":{\"opacity\":[0,1]},\"delay\":0,\"duration\":600,\"easing\":\"cubic-bezier(0.2, 0.6, 0.0, 1)\",\"fill\":\"both\"}]<\/script><\/amp-story-animation><amp-story-animation layout=\"nodisplay\" trigger=\"visibility\"><script type=\"application\/json\">[{\"selector\":\"#anim-b54c3d91-8579-443a-aafc-59d93f6210fb\",\"keyframes\":{\"transform\":[\"translate3d(115.43408%, 0px, 0)\",\"translate3d(0px, 0px, 0)\"]},\"delay\":0,\"duration\":600,\"easing\":\"cubic-bezier(0.2, 0.6, 0.0, 1)\",\"fill\":\"both\"}]<\/script><\/amp-story-animation><amp-story-grid-layer template=\"vertical\" aspect-ratio=\"412:618\" class=\"grid-layer\"><\/p>\n<div class=\"page-fullbleed-area\" style=\"background-color:#042672\">\n<div class=\"page-safe-area\">\n<div style=\"position:absolute;pointer-events:none;left:0;top:-9.25926%;width:100%;height:118.51852%;opacity:1\">\n<div id=\"anim-91af4758-6db0-475f-a1f1-4fffb6cbdf55\" class=\"animation-wrapper\" style=\"width:100%;height:100%;display:block;position:absolute;top:0;left:0\">\n<div style=\"pointer-events:initial;width:100%;height:100%;display:block;position:absolute;top:0;left:0;z-index:0\" class=\"mask\" id=\"el-93d7513b-31aa-43f8-89a4-9b65df14be96\">\n<div style=\"position:absolute;width:298.60835%;height:112%;left:-99.30417%;top:-6%\" data-leaf-element=\"true\"><amp-img layout=\"fill\" src=\"https:\/\/carro.blog.br\/noticias\/wp-content\/uploads\/2026\/02\/fundo-azul-scaled.webp\" alt=\"fundo azul\" srcSet=\"https:\/\/carro.blog.br\/noticias\/wp-content\/uploads\/2026\/02\/fundo-azul-scaled.webp 2560w,https:\/\/carro.blog.br\/noticias\/wp-content\/uploads\/2026\/02\/fundo-azul-2048x1365.webp 2048w,https:\/\/carro.blog.br\/noticias\/wp-content\/uploads\/2026\/02\/fundo-azul-1800x1200.webp 1800w,https:\/\/carro.blog.br\/noticias\/wp-content\/uploads\/2026\/02\/fundo-azul-1536x1024.webp 1536w,https:\/\/carro.blog.br\/noticias\/wp-content\/uploads\/2026\/02\/fundo-azul-900x600.webp 900w,https:\/\/carro.blog.br\/noticias\/wp-content\/uploads\/2026\/02\/fundo-azul-768x512.webp 768w,https:\/\/carro.blog.br\/noticias\/wp-content\/uploads\/2026\/02\/fundo-azul-350x233.webp 350w,https:\/\/carro.blog.br\/noticias\/wp-content\/uploads\/2026\/02\/fundo-azul-150x100.webp 150w\" sizes=\"(max-width: 750px) 100vw, 680px\" disable-inline-width=\"true\"><\/amp-img><\/div>\n<div class=\"element-overlay-area\" style=\"background-image:linear-gradient(0.5turn, rgba(0,0,0,0) 40%, rgba(0,0,0,0.5) 100%)\"><\/div>\n<\/div>\n<\/div>\n<\/div>\n<div class=\"page-background-overlay-area\" style=\"background-image:linear-gradient(0.5turn, rgba(0,0,0,0) 40%, rgba(0,0,0,0.5) 100%)\"><\/div>\n<\/div>\n<\/div>\n<p><\/amp-story-grid-layer><amp-story-grid-layer template=\"vertical\" aspect-ratio=\"412:618\" class=\"grid-layer\"><\/p>\n<div class=\"page-fullbleed-area\">\n<div class=\"page-safe-area\">\n<div style=\"position:absolute;pointer-events:none;left:calc(0% - 0px);top:calc(3.8835% - 10px);width:calc(100% + 0px);height:calc(43.85113% + 20px);opacity:1\">\n<div style=\"top:0;left:0;right:0;bottom:0;width:100%;height:100%;position:absolute;border-width:10px 0px 10px 0px;border-color:rgba(255,255,255,1);border-style:solid;border-radius:0% 0% 0% 0% \/ 0% 0% 0% 0%;pointer-events:initial;display:block;z-index:0\" class=\"mask\" id=\"el-ac4c53e2-1407-4294-ad25-7815c4f7f718\">\n<div style=\"position:absolute;width:103.12883%;height:100%;left:-1.56441%;top:0%\" data-leaf-element=\"true\"><amp-img layout=\"fill\" src=\"https:\/\/carro.blog.br\/noticias\/wp-content\/uploads\/2026\/04\/BYD-Denza-Z-2026-1.webp\" alt=\"Carro.Blog.Br\" srcSet=\"https:\/\/carro.blog.br\/noticias\/wp-content\/uploads\/2026\/04\/BYD-Denza-Z-2026-1.webp 2010w,https:\/\/carro.blog.br\/noticias\/wp-content\/uploads\/2026\/04\/BYD-Denza-Z-2026-1-1800x1148.webp 1800w,https:\/\/carro.blog.br\/noticias\/wp-content\/uploads\/2026\/04\/BYD-Denza-Z-2026-1-1536x980.webp 1536w,https:\/\/carro.blog.br\/noticias\/wp-content\/uploads\/2026\/04\/BYD-Denza-Z-2026-1-900x574.webp 900w,https:\/\/carro.blog.br\/noticias\/wp-content\/uploads\/2026\/04\/BYD-Denza-Z-2026-1-768x490.webp 768w,https:\/\/carro.blog.br\/noticias\/wp-content\/uploads\/2026\/04\/BYD-Denza-Z-2026-1-350x223.webp 350w,https:\/\/carro.blog.br\/noticias\/wp-content\/uploads\/2026\/04\/BYD-Denza-Z-2026-1-150x96.webp 150w\" sizes=\"(max-width: 750px) 100vw, 680px\" disable-inline-width=\"true\"><\/amp-img><\/div>\n<\/div>\n<\/div>\n<div style=\"position:absolute;pointer-events:none;left:calc(12.86408% - 5px);top:calc(44.66019% - 0px);width:calc(75.48544% + 5px);height:calc(37.54045% + 0px);opacity:1\">\n<div id=\"anim-04b87b80-a8b9-4c99-a26e-4635793ae161\" class=\"animation-wrapper\" style=\"width:100%;height:100%;display:block;position:absolute;top:0;left:0;--initial-opacity:0;--initial-transform:none\">\n<div id=\"anim-b54c3d91-8579-443a-aafc-59d93f6210fb\" class=\"animation-wrapper\" style=\"width:100%;height:100%;display:block;position:absolute;top:0;left:0;--initial-opacity:1;--initial-transform:translate3d(115.43408%, 0px, 0)\">\n<div style=\"top:0;left:0;right:0;bottom:0;width:100%;height:100%;position:absolute;border-width:0px 0px 0px 5px;border-color:rgba(255,255,255,1);border-style:solid;border-radius:0% 0% 0% 0% \/ 0% 0% 0% 0%;pointer-events:initial;display:block;z-index:0\" id=\"el-eda72ea6-142e-4e3b-887b-386c777f51d6\">\n<h3 class=\"fill text-wrapper\" style=\"white-space:pre-line;overflow-wrap:break-word;word-break:break-word;margin:0;font-family:&quot;Roboto Condensed&quot;,sans-serif;font-size:0.388350em;line-height:calc(1em + 0.5833346208317239em);text-align:left;padding:0;color:#000000;background-color:#01123b;background:none\"><span style=\"display:block;position:relative;left:0;top:0;margin:0.6631832797427653% 0;-webkit-box-decoration-break:clone;box-decoration-break:clone\"><span style=\"background-color:#01123b;-webkit-box-decoration-break:clone;box-decoration-break:clone;position:relative;padding:2.2508038585209005% 3.536977491961415%;text-align:left;border-radius:0px 0px 0px 0px;color:transparent\">A tecnologia tamb\u00e9m chama aten\u00e7\u00e3o. O Denza Z usa suspens\u00e3o magn\u00e9tica DiSus-M e um sistema que leva a bateria de 10% a 97% em s\u00f3 9 minutos. Isso muda o jogo<\/span><\/span><\/h3>\n<h3 class=\"fill text-wrapper\" style=\"white-space:pre-line;overflow-wrap:break-word;word-break:break-word;margin:0;font-family:&quot;Roboto Condensed&quot;,sans-serif;font-size:0.388350em;line-height:calc(1em + 0.5833346208317239em);text-align:left;padding:0;color:#000000;background-color:#01123b;background:none;position:absolute;top:0;left:0;right:0\" aria-hidden=\"true\"><span style=\"display:block;position:relative;left:0;top:0;margin:0.6631832797427653% 0;-webkit-box-decoration-break:clone;box-decoration-break:clone\"><span style=\"background-color:#01123b;-webkit-box-decoration-break:clone;box-decoration-break:clone;position:relative;padding:2.2508038585209005% 3.536977491961415%;text-align:left;border-radius:0px 0px 0px 0px;background:none\"><span style=\"color: #fff\">A tecnologia tamb\u00e9m chama aten\u00e7\u00e3o. O Denza Z usa suspens\u00e3o magn\u00e9tica DiSus-M e um sistema que leva a bateria de 10% a 97% em s\u00f3 9 minutos. Isso muda o jogo<\/span><\/span><\/span><\/h3>\n<\/div>\n<\/div>\n<\/div>\n<\/div>\n<div style=\"position:absolute;pointer-events:none;left:5.9466%;top:-2.589%;width:88.1068%;height:12.45955%;opacity:1\">\n<div style=\"pointer-events:initial;width:100%;height:100%;display:block;position:absolute;top:0;left:0;z-index:0\" class=\"mask\" id=\"el-322e0d9f-452b-461f-8168-7ad6f0629711\">\n<div style=\"position:absolute;width:100%;height:109.99998%;left:0%;top:-4.99999%\" data-leaf-element=\"true\"><amp-img layout=\"fill\" src=\"https:\/\/carro.blog.br\/noticias\/wp-content\/uploads\/2026\/02\/logo-webstories-png.webp\" alt=\"logo-webstories-png\" srcSet=\"https:\/\/carro.blog.br\/noticias\/wp-content\/uploads\/2026\/02\/logo-webstories-png.webp 1500w,https:\/\/carro.blog.br\/noticias\/wp-content\/uploads\/2026\/02\/logo-webstories-png-900x210.webp 900w,https:\/\/carro.blog.br\/noticias\/wp-content\/uploads\/2026\/02\/logo-webstories-png-768x179.webp 768w,https:\/\/carro.blog.br\/noticias\/wp-content\/uploads\/2026\/02\/logo-webstories-png-150x35.webp 150w\" sizes=\"(max-width: 750px) 100vw, 680px\" disable-inline-width=\"true\"><\/amp-img><\/div>\n<\/div>\n<\/div>\n<\/div>\n<\/div>\n<p><\/amp-story-grid-layer><\/amp-story-page><amp-story-page id=\"cad43288-3c65-4039-a289-431a142e5978\"><amp-story-animation layout=\"nodisplay\" trigger=\"visibility\"><script type=\"application\/json\">[{\"selector\":\"#anim-ebd07773-fe38-4325-ae23-f4d469a55c0d [data-leaf-element=\\\"true\\\"]\",\"keyframes\":{\"transform\":[\"translate(0%, -0.0000011287131007620133%) scale(1.4464285714285714)\",\"translate(0%, 0%) scale(1)\"]},\"delay\":0,\"duration\":6000,\"easing\":\"cubic-bezier(.3,0,.55,1)\",\"fill\":\"forwards\"}]<\/script><\/amp-story-animation><amp-story-animation layout=\"nodisplay\" trigger=\"visibility\"><script type=\"application\/json\">[{\"selector\":\"#anim-41ebed04-4087-412a-9612-93e4e4741bbe\",\"keyframes\":{\"opacity\":[0,1]},\"delay\":0,\"duration\":600,\"easing\":\"cubic-bezier(0.2, 0.6, 0.0, 1)\",\"fill\":\"both\"}]<\/script><\/amp-story-animation><amp-story-animation layout=\"nodisplay\" trigger=\"visibility\"><script type=\"application\/json\">[{\"selector\":\"#anim-73e0bcf4-828b-4df2-b04a-df22c28464b5\",\"keyframes\":{\"transform\":[\"translate3d(115.43408%, 0px, 0)\",\"translate3d(0px, 0px, 0)\"]},\"delay\":0,\"duration\":600,\"easing\":\"cubic-bezier(0.2, 0.6, 0.0, 1)\",\"fill\":\"both\"}]<\/script><\/amp-story-animation><amp-story-grid-layer template=\"vertical\" aspect-ratio=\"412:618\" class=\"grid-layer\"><\/p>\n<div class=\"page-fullbleed-area\" style=\"background-color:#042672\">\n<div class=\"page-safe-area\">\n<div style=\"position:absolute;pointer-events:none;left:0;top:-9.25926%;width:100%;height:118.51852%;opacity:1\">\n<div id=\"anim-ebd07773-fe38-4325-ae23-f4d469a55c0d\" class=\"animation-wrapper\" style=\"width:100%;height:100%;display:block;position:absolute;top:0;left:0\">\n<div style=\"pointer-events:initial;width:100%;height:100%;display:block;position:absolute;top:0;left:0;z-index:0\" class=\"mask\" id=\"el-6cce5504-7499-4448-ae90-308580dbe5bc\">\n<div style=\"position:absolute;width:298.60835%;height:112%;left:-99.30417%;top:-6%\" data-leaf-element=\"true\"><amp-img layout=\"fill\" src=\"https:\/\/carro.blog.br\/noticias\/wp-content\/uploads\/2026\/02\/fundo-azul-scaled.webp\" alt=\"fundo azul\" srcSet=\"https:\/\/carro.blog.br\/noticias\/wp-content\/uploads\/2026\/02\/fundo-azul-scaled.webp 2560w,https:\/\/carro.blog.br\/noticias\/wp-content\/uploads\/2026\/02\/fundo-azul-2048x1365.webp 2048w,https:\/\/carro.blog.br\/noticias\/wp-content\/uploads\/2026\/02\/fundo-azul-1800x1200.webp 1800w,https:\/\/carro.blog.br\/noticias\/wp-content\/uploads\/2026\/02\/fundo-azul-1536x1024.webp 1536w,https:\/\/carro.blog.br\/noticias\/wp-content\/uploads\/2026\/02\/fundo-azul-900x600.webp 900w,https:\/\/carro.blog.br\/noticias\/wp-content\/uploads\/2026\/02\/fundo-azul-768x512.webp 768w,https:\/\/carro.blog.br\/noticias\/wp-content\/uploads\/2026\/02\/fundo-azul-350x233.webp 350w,https:\/\/carro.blog.br\/noticias\/wp-content\/uploads\/2026\/02\/fundo-azul-150x100.webp 150w\" sizes=\"(max-width: 750px) 100vw, 680px\" disable-inline-width=\"true\"><\/amp-img><\/div>\n<div class=\"element-overlay-area\" style=\"background-image:linear-gradient(0.5turn, rgba(0,0,0,0) 40%, rgba(0,0,0,0.5) 100%)\"><\/div>\n<\/div>\n<\/div>\n<\/div>\n<div class=\"page-background-overlay-area\" style=\"background-image:linear-gradient(0.5turn, rgba(0,0,0,0) 40%, rgba(0,0,0,0.5) 100%)\"><\/div>\n<\/div>\n<\/div>\n<p><\/amp-story-grid-layer><amp-story-grid-layer template=\"vertical\" aspect-ratio=\"412:618\" class=\"grid-layer\"><\/p>\n<div class=\"page-fullbleed-area\">\n<div class=\"page-safe-area\">\n<div style=\"position:absolute;pointer-events:none;left:calc(0% - 0px);top:calc(3.8835% - 10px);width:calc(100% + 0px);height:calc(43.85113% + 20px);opacity:1\">\n<div style=\"top:0;left:0;right:0;bottom:0;width:100%;height:100%;position:absolute;border-width:10px 0px 10px 0px;border-color:rgba(255,255,255,1);border-style:solid;border-radius:0% 0% 0% 0% \/ 0% 0% 0% 0%;pointer-events:initial;display:block;z-index:0\" class=\"mask\" id=\"el-16704b0b-a1ae-4b11-b24e-b0e67343cba8\">\n<div style=\"position:absolute;width:108.45623%;height:100%;left:-4.22811%;top:0%\" data-leaf-element=\"true\"><amp-img layout=\"fill\" src=\"https:\/\/carro.blog.br\/noticias\/wp-content\/uploads\/2026\/04\/BYD-Denza-Z-2026-5.webp\" alt=\"Carro.Blog.Br\" srcSet=\"https:\/\/carro.blog.br\/noticias\/wp-content\/uploads\/2026\/04\/BYD-Denza-Z-2026-5.webp 1728w,https:\/\/carro.blog.br\/noticias\/wp-content\/uploads\/2026\/04\/BYD-Denza-Z-2026-5-1536x932.webp 1536w,https:\/\/carro.blog.br\/noticias\/wp-content\/uploads\/2026\/04\/BYD-Denza-Z-2026-5-900x546.webp 900w,https:\/\/carro.blog.br\/noticias\/wp-content\/uploads\/2026\/04\/BYD-Denza-Z-2026-5-768x466.webp 768w,https:\/\/carro.blog.br\/noticias\/wp-content\/uploads\/2026\/04\/BYD-Denza-Z-2026-5-350x212.webp 350w,https:\/\/carro.blog.br\/noticias\/wp-content\/uploads\/2026\/04\/BYD-Denza-Z-2026-5-150x91.webp 150w\" sizes=\"(max-width: 750px) 100vw, 680px\" disable-inline-width=\"true\"><\/amp-img><\/div>\n<\/div>\n<\/div>\n<div style=\"position:absolute;pointer-events:none;left:calc(12.86408% - 5px);top:calc(44.66019% - 0px);width:calc(75.48544% + 5px);height:calc(37.54045% + 0px);opacity:1\">\n<div id=\"anim-41ebed04-4087-412a-9612-93e4e4741bbe\" class=\"animation-wrapper\" style=\"width:100%;height:100%;display:block;position:absolute;top:0;left:0;--initial-opacity:0;--initial-transform:none\">\n<div id=\"anim-73e0bcf4-828b-4df2-b04a-df22c28464b5\" class=\"animation-wrapper\" style=\"width:100%;height:100%;display:block;position:absolute;top:0;left:0;--initial-opacity:1;--initial-transform:translate3d(115.43408%, 0px, 0)\">\n<div style=\"top:0;left:0;right:0;bottom:0;width:100%;height:100%;position:absolute;border-width:0px 0px 0px 5px;border-color:rgba(255,255,255,1);border-style:solid;border-radius:0% 0% 0% 0% \/ 0% 0% 0% 0%;pointer-events:initial;display:block;z-index:0\" id=\"el-95793614-7e9b-49d3-84da-2e8f436f863d\">\n<h3 class=\"fill text-wrapper\" style=\"white-space:pre-line;overflow-wrap:break-word;word-break:break-word;margin:0;font-family:&quot;Roboto Condensed&quot;,sans-serif;font-size:0.388350em;line-height:calc(1em + 0.5833346208317239em);text-align:left;padding:0;color:#000000;background-color:#01123b;background:none\"><span style=\"display:block;position:relative;left:0;top:0;margin:0.6631832797427653% 0;-webkit-box-decoration-break:clone;box-decoration-break:clone\"><span style=\"background-color:#01123b;-webkit-box-decoration-break:clone;box-decoration-break:clone;position:relative;padding:2.2508038585209005% 3.536977491961415%;text-align:left;border-radius:0px 0px 0px 0px;color:transparent\">O plano da BYD j\u00e1 est\u00e1 definido. O modelo estreia globalmente em julho, na Inglaterra, e chega ao Brasil no segundo semestre de 2026. Vale ficar de olho<\/span><\/span><\/h3>\n<h3 class=\"fill text-wrapper\" style=\"white-space:pre-line;overflow-wrap:break-word;word-break:break-word;margin:0;font-family:&quot;Roboto Condensed&quot;,sans-serif;font-size:0.388350em;line-height:calc(1em + 0.5833346208317239em);text-align:left;padding:0;color:#000000;background-color:#01123b;background:none;position:absolute;top:0;left:0;right:0\" aria-hidden=\"true\"><span style=\"display:block;position:relative;left:0;top:0;margin:0.6631832797427653% 0;-webkit-box-decoration-break:clone;box-decoration-break:clone\"><span style=\"background-color:#01123b;-webkit-box-decoration-break:clone;box-decoration-break:clone;position:relative;padding:2.2508038585209005% 3.536977491961415%;text-align:left;border-radius:0px 0px 0px 0px;background:none\"><span style=\"color: #fff\">O plano da BYD j\u00e1 est\u00e1 definido. O modelo estreia globalmente em julho, na Inglaterra, e chega ao Brasil no segundo semestre de 2026. Vale ficar de olho<\/span><\/span><\/span><\/h3>\n<\/div>\n<\/div>\n<\/div>\n<\/div>\n<div style=\"position:absolute;pointer-events:none;left:5.9466%;top:-2.589%;width:88.1068%;height:12.45955%;opacity:1\">\n<div style=\"pointer-events:initial;width:100%;height:100%;display:block;position:absolute;top:0;left:0;z-index:0\" class=\"mask\" id=\"el-0e38c569-7620-41bb-a4f5-4d6e7425c495\">\n<div style=\"position:absolute;width:100%;height:109.99998%;left:0%;top:-4.99999%\" data-leaf-element=\"true\"><amp-img layout=\"fill\" src=\"https:\/\/carro.blog.br\/noticias\/wp-content\/uploads\/2026\/02\/logo-webstories-png.webp\" alt=\"logo-webstories-png\" srcSet=\"https:\/\/carro.blog.br\/noticias\/wp-content\/uploads\/2026\/02\/logo-webstories-png.webp 1500w,https:\/\/carro.blog.br\/noticias\/wp-content\/uploads\/2026\/02\/logo-webstories-png-900x210.webp 900w,https:\/\/carro.blog.br\/noticias\/wp-content\/uploads\/2026\/02\/logo-webstories-png-768x179.webp 768w,https:\/\/carro.blog.br\/noticias\/wp-content\/uploads\/2026\/02\/logo-webstories-png-150x35.webp 150w\" sizes=\"(max-width: 750px) 100vw, 680px\" disable-inline-width=\"true\"><\/amp-img><\/div>\n<\/div>\n<\/div>\n<\/div>\n<\/div>\n<p><\/amp-story-grid-layer><amp-story-page-outlink layout=\"nodisplay\" cta-image=\"https:\/\/carro.blog.br\/noticias\/wp-content\/uploads\/2026\/04\/BYD-Denza-Z-2026-1.webp\" theme=\"light\"><a href=\"https:\/\/carro.blog.br\/noticias\/mercado-automotivo\/denza-z-chega-ao-brasil-em-2026-com-mais-de-1-000-cv-e-recarga-em-apenas-9-minutos.html\" rel=\"\">Arraste Para Cima<\/a><\/amp-story-page-outlink><\/amp-story-page><\/amp-story><\/body><\/html><\/p>\n","protected":false},"excerpt":{"rendered":"<p>A BYD resolveu jogar pesado no Sal\u00e3o de Pequim. O Denza Z apareceu com visual agressivo e promessa ousada: ser mais r\u00e1pido que Ferrari. N\u00e3o \u00e9 s\u00f3 discurso<\/p>\n","protected":false},"author":1,"featured_media":33410,"template":"","meta":{"web_stories_publisher_logo":15,"web_stories_poster":[],"web_stories_products":[],"footnotes":""},"web_story_category":[],"web_story_tag":[],"class_list":["post-33403","web-story","type-web-story","status-publish","has-post-thumbnail","hentry"],"imagem_feed":"https:\/\/carro.blog.br\/noticias\/wp-content\/uploads\/2026\/04\/BYD-Denza-Z-2026-2.webp","story_data":{"version":47,"pages":[{"elements":[{"opacity":100,"flip":{"vertical":false,"horizontal":false},"rotationAngle":0,"lockAspectRatio":true,"scale":112,"focalX":50,"focalY":50,"resource":{"type":"image","mimeType":"image\/jpeg","width":2560,"height":1707,"sizes":{"medium":{"file":"fundo-azul-350x233.webp","width":350,"height":233,"filesize":5476,"sources":{"image\/webp":{"file":"fundo-azul-350x233.webp","filesize":5476,"sourceUrl":"https:\/\/carro.blog.br\/noticias\/wp-content\/uploads\/2026\/02\/fundo-azul-350x233.webp"}},"mimeType":"image\/webp","sourceUrl":"https:\/\/carro.blog.br\/noticias\/wp-content\/uploads\/2026\/02\/fundo-azul-350x233.webp"},"large":{"file":"fundo-azul-1800x1200.webp","width":1800,"height":1200,"filesize":38644,"sources":{"image\/webp":{"file":"fundo-azul-1800x1200.webp","filesize":38644,"sourceUrl":"https:\/\/carro.blog.br\/noticias\/wp-content\/uploads\/2026\/02\/fundo-azul-1800x1200.webp"}},"mimeType":"image\/webp","sourceUrl":"https:\/\/carro.blog.br\/noticias\/wp-content\/uploads\/2026\/02\/fundo-azul-1800x1200.webp"},"thumbnail":{"file":"fundo-azul-900x600.webp","width":900,"height":600,"filesize":17588,"sources":{"image\/webp":{"file":"fundo-azul-900x600.webp","filesize":17588,"sourceUrl":"https:\/\/carro.blog.br\/noticias\/wp-content\/uploads\/2026\/02\/fundo-azul-900x600.webp"}},"mimeType":"image\/webp","sourceUrl":"https:\/\/carro.blog.br\/noticias\/wp-content\/uploads\/2026\/02\/fundo-azul-900x600.webp"},"medium_large":{"file":"fundo-azul-768x512.webp","width":768,"height":512,"filesize":14734,"sources":{"image\/webp":{"file":"fundo-azul-768x512.webp","filesize":14734,"sourceUrl":"https:\/\/carro.blog.br\/noticias\/wp-content\/uploads\/2026\/02\/fundo-azul-768x512.webp"}},"mimeType":"image\/webp","sourceUrl":"https:\/\/carro.blog.br\/noticias\/wp-content\/uploads\/2026\/02\/fundo-azul-768x512.webp"},"1536x1536":{"file":"fundo-azul-1536x1024.webp","width":1536,"height":1024,"filesize":32230,"mimeType":"image\/webp","sourceUrl":"https:\/\/carro.blog.br\/noticias\/wp-content\/uploads\/2026\/02\/fundo-azul-1536x1024.webp"},"2048x2048":{"file":"fundo-azul-2048x1365.webp","width":2048,"height":1365,"filesize":44568,"mimeType":"image\/webp","sourceUrl":"https:\/\/carro.blog.br\/noticias\/wp-content\/uploads\/2026\/02\/fundo-azul-2048x1365.webp"},"web-stories-poster-portrait":{"file":"fundo-azul-640x853.webp","width":640,"height":853,"filesize":7692,"mimeType":"image\/webp","sourceUrl":"https:\/\/carro.blog.br\/noticias\/wp-content\/uploads\/2026\/02\/fundo-azul-640x853.webp"},"web-stories-publisher-logo":{"file":"fundo-azul-96x96.webp","width":96,"height":96,"filesize":806,"mimeType":"image\/webp","sourceUrl":"https:\/\/carro.blog.br\/noticias\/wp-content\/uploads\/2026\/02\/fundo-azul-96x96.webp"},"web-stories-thumbnail":{"file":"fundo-azul-150x100.webp","width":150,"height":100,"filesize":1520,"mimeType":"image\/webp","sourceUrl":"https:\/\/carro.blog.br\/noticias\/wp-content\/uploads\/2026\/02\/fundo-azul-150x100.webp"},"full":{"file":"fundo-azul-scaled.webp","width":2560,"height":1707,"mimeType":"image\/jpeg","sourceUrl":"https:\/\/carro.blog.br\/noticias\/wp-content\/uploads\/2026\/02\/fundo-azul-scaled.webp","sources":{"image\/webp":{"file":"fundo-azul-scaled.webp","filesize":56840,"sourceUrl":"https:\/\/carro.blog.br\/noticias\/wp-content\/uploads\/2026\/02\/fundo-azul-scaled.webp"}}}},"isPlaceholder":false,"isExternal":false,"needsProxy":false,"baseColor":"#042672","blurHash":"U60xK}a1pJZ}ozZek[belCa%jdj]k9aLk[kY","creationDate":"2026-02-05T11:14:50","src":"https:\/\/carro.blog.br\/noticias\/wp-content\/uploads\/2026\/02\/fundo-azul-scaled.webp","id":6726,"alt":"fundo azul","local":false},"backgroundColor":{"color":{"r":196,"g":196,"b":196}},"x":48,"y":0,"width":330,"height":220,"mask":{"type":"rectangle"},"isBackground":true,"id":"db55c1b8-c9cc-4111-973b-ece56b0f20c5","overlay":{"type":"linear","rotation":0,"stops":[{"color":{"r":0,"g":0,"b":0,"a":0},"position":0.40000000000000002220446049250313080847263336181640625},{"color":{"r":0,"g":0,"b":0,"a":1},"position":1}],"alpha":0.5},"type":"image"},{"opacity":100,"flip":{"vertical":false,"horizontal":false},"rotationAngle":0,"lockAspectRatio":false,"scale":100,"focalX":50,"focalY":50,"resource":{"type":"image","mimeType":"image\/jpeg","width":2010,"height":1282,"sizes":{"medium":{"file":"BYD-Denza-Z-2026-1-350x223.webp","width":350,"height":223,"filesize":6968,"sources":{"image\/webp":{"file":"BYD-Denza-Z-2026-1-350x223.webp","filesize":6968,"sourceUrl":"https:\/\/carro.blog.br\/noticias\/wp-content\/uploads\/2026\/04\/BYD-Denza-Z-2026-1-350x223.webp"}},"mimeType":"image\/webp","sourceUrl":"https:\/\/carro.blog.br\/noticias\/wp-content\/uploads\/2026\/04\/BYD-Denza-Z-2026-1-350x223.webp"},"large":{"file":"BYD-Denza-Z-2026-1-1800x1148.webp","width":1800,"height":1148,"filesize":48614,"sources":{"image\/webp":{"file":"BYD-Denza-Z-2026-1-1800x1148.webp","filesize":48614,"sourceUrl":"https:\/\/carro.blog.br\/noticias\/wp-content\/uploads\/2026\/04\/BYD-Denza-Z-2026-1-1800x1148.webp"}},"mimeType":"image\/webp","sourceUrl":"https:\/\/carro.blog.br\/noticias\/wp-content\/uploads\/2026\/04\/BYD-Denza-Z-2026-1-1800x1148.webp"},"thumbnail":{"file":"BYD-Denza-Z-2026-1-900x574.webp","width":900,"height":574,"filesize":21806,"sources":{"image\/webp":{"file":"BYD-Denza-Z-2026-1-900x574.webp","filesize":21806,"sourceUrl":"https:\/\/carro.blog.br\/noticias\/wp-content\/uploads\/2026\/04\/BYD-Denza-Z-2026-1-900x574.webp"}},"mimeType":"image\/webp","sourceUrl":"https:\/\/carro.blog.br\/noticias\/wp-content\/uploads\/2026\/04\/BYD-Denza-Z-2026-1-900x574.webp"},"medium_large":{"file":"BYD-Denza-Z-2026-1-768x490.webp","width":768,"height":490,"filesize":18156,"sources":{"image\/webp":{"file":"BYD-Denza-Z-2026-1-768x490.webp","filesize":18156,"sourceUrl":"https:\/\/carro.blog.br\/noticias\/wp-content\/uploads\/2026\/04\/BYD-Denza-Z-2026-1-768x490.webp"}},"mimeType":"image\/webp","sourceUrl":"https:\/\/carro.blog.br\/noticias\/wp-content\/uploads\/2026\/04\/BYD-Denza-Z-2026-1-768x490.webp"},"1536x1536":{"file":"BYD-Denza-Z-2026-1-1536x980.webp","width":1536,"height":980,"filesize":40678,"mimeType":"image\/webp","sourceUrl":"https:\/\/carro.blog.br\/noticias\/wp-content\/uploads\/2026\/04\/BYD-Denza-Z-2026-1-1536x980.webp"},"web-stories-poster-portrait":{"file":"BYD-Denza-Z-2026-1-640x853.webp","width":640,"height":853,"filesize":18434,"mimeType":"image\/webp","sourceUrl":"https:\/\/carro.blog.br\/noticias\/wp-content\/uploads\/2026\/04\/BYD-Denza-Z-2026-1-640x853.webp"},"web-stories-publisher-logo":{"file":"BYD-Denza-Z-2026-1-96x96.webp","width":96,"height":96,"filesize":1648,"mimeType":"image\/webp","sourceUrl":"https:\/\/carro.blog.br\/noticias\/wp-content\/uploads\/2026\/04\/BYD-Denza-Z-2026-1-96x96.webp"},"web-stories-thumbnail":{"file":"BYD-Denza-Z-2026-1-150x96.webp","width":150,"height":96,"filesize":2164,"mimeType":"image\/webp","sourceUrl":"https:\/\/carro.blog.br\/noticias\/wp-content\/uploads\/2026\/04\/BYD-Denza-Z-2026-1-150x96.webp"},"full":{"file":"BYD-Denza-Z-2026-1.webp","width":2010,"height":1282,"mimeType":"image\/jpeg","sourceUrl":"https:\/\/carro.blog.br\/noticias\/wp-content\/uploads\/2026\/04\/BYD-Denza-Z-2026-1.webp","sources":{"image\/webp":{"file":"BYD-Denza-Z-2026-1.webp","filesize":57966,"sourceUrl":"https:\/\/carro.blog.br\/noticias\/wp-content\/uploads\/2026\/04\/BYD-Denza-Z-2026-1.webp"}}}},"isPlaceholder":false,"isExternal":false,"needsProxy":false,"baseColor":"#bac0c9","blurHash":"UmH{A^%L-poe~qoKaxax%Lf5RjfkV@ayayof","creationDate":"2026-04-26T16:38:35","src":"https:\/\/carro.blog.br\/noticias\/wp-content\/uploads\/2026\/04\/BYD-Denza-Z-2026-1.webp","id":33408,"alt":"","local":false,"provider":"local"},"x":0,"y":24,"width":412,"height":271,"mask":{"type":"rectangle","showInLibrary":true,"name":"Rectangle","path":"M 0,0 1,0 1,1 0,1 0,0 Z","ratio":1,"supportsBorder":true},"id":"7cd20da9-e0be-40b9-8fd8-d45c9ad24966","basedOn":"b65b9621-504e-4187-adcf-7c8476322506","borderRadius":{"topLeft":0,"topRight":0,"bottomRight":0,"bottomLeft":0,"locked":true},"alt":"Carro.Blog.Br","border":{"left":0,"right":0,"top":10,"bottom":10,"lockedWidth":false,"color":{"color":{"r":255,"g":255,"b":255}}},"groupId":"4fe2ac81-8ded-40b1-934d-963730e4e497","type":"image"},{"opacity":100,"flip":{"vertical":false,"horizontal":false},"rotationAngle":0,"lockAspectRatio":true,"backgroundTextMode":"NONE","font":{"family":"Roboto Condensed"},"fontSize":18,"backgroundColor":{"color":{"r":255,"g":255,"b":255}},"lineHeight":1.3000000000000000444089209850062616169452667236328125,"textAlign":"center","padding":{"locked":true,"hasHiddenPadding":false,"horizontal":0,"vertical":0},"content":"<span style=\"color: #fff\">{datadehoje}<\/span>","x":50,"y":329,"width":314,"height":21,"basedOn":"02fa0e27-95ee-4d9c-b2ff-92afda5f2b9f","id":"051c36c9-1338-4c2b-b616-a1cffddebc54","borderRadius":{"topLeft":0,"topRight":0,"bottomRight":0,"bottomLeft":0,"locked":true},"groupId":"4fe2ac81-8ded-40b1-934d-963730e4e497","type":"text"},{"opacity":100,"flip":{"vertical":false,"horizontal":false},"rotationAngle":0,"lockAspectRatio":true,"backgroundTextMode":"NONE","font":{"family":"Roboto Condensed"},"fontSize":30,"backgroundColor":{"color":{"r":255,"g":255,"b":255}},"lineHeight":1,"textAlign":"center","padding":{"locked":false,"hasHiddenPadding":false,"horizontal":0,"vertical":10},"content":"<span style=\"font-weight: 700; color: #fff; text-transform: uppercase\">BYD lan\u00e7a carro el\u00e9trico mais r\u00e1pido que Ferrari<\/span>","x":49,"y":364,"width":317,"height":115,"basedOn":"96988eb0-6289-4894-8c84-19ccdf8569a7","id":"e034a5bf-b218-4a41-96c9-40c6275f2f04","marginOffset":1.16100000000000136424205265939235687255859375,"border":{"left":0,"right":0,"top":5,"bottom":0,"lockedWidth":false,"color":{"color":{"r":1,"g":38,"b":106}}},"borderRadius":{"topLeft":0,"topRight":0,"bottomRight":0,"bottomLeft":0,"locked":true},"tagName":"h1","type":"text"},{"opacity":100,"flip":{"vertical":false,"horizontal":false},"rotationAngle":0,"lockAspectRatio":true,"backgroundTextMode":"HIGHLIGHT","font":{"family":"Roboto Condensed"},"fontSize":24,"backgroundColor":{"color":{"r":1,"g":18,"b":59}},"lineHeight":1,"textAlign":"left","padding":{"locked":true,"hasHiddenPadding":true,"horizontal":11,"vertical":7},"content":"<span style=\"color: #fff\">Por {nomedoautor}<\/span>","marginOffset":5.578125,"x":52,"y":276,"width":311,"height":42,"basedOn":"714857eb-6e7f-45bc-b781-1661045b2b61","id":"3bae41da-7e8d-44e9-b079-0f61f066650f","borderRadius":{"topLeft":0,"topRight":0,"bottomRight":0,"bottomLeft":0,"locked":true},"border":{"left":5,"right":0,"top":0,"bottom":0,"lockedWidth":false,"color":{"color":{"r":255,"g":255,"b":255}}},"type":"text"},{"opacity":100,"flip":{"vertical":false,"horizontal":false},"rotationAngle":0,"lockAspectRatio":false,"scale":100,"focalX":50,"focalY":50,"resource":{"type":"image","mimeType":"image\/webp","width":1500,"height":350,"sizes":{"medium":{"file":"logo-webstories-png-350x82.webp","width":350,"height":82,"filesize":4238,"sources":{"image\/webp":{"file":"logo-webstories-png-350x82.webp","filesize":4238,"sourceUrl":"https:\/\/carro.blog.br\/noticias\/wp-content\/uploads\/2026\/02\/logo-webstories-png-350x82.webp"}},"mimeType":"image\/webp","sourceUrl":"https:\/\/carro.blog.br\/noticias\/wp-content\/uploads\/2026\/02\/logo-webstories-png-350x82.webp"},"thumbnail":{"file":"logo-webstories-png-900x210.webp","width":900,"height":210,"filesize":11324,"sources":{"image\/webp":{"file":"logo-webstories-png-900x210.webp","filesize":11324,"sourceUrl":"https:\/\/carro.blog.br\/noticias\/wp-content\/uploads\/2026\/02\/logo-webstories-png-900x210.webp"}},"mimeType":"image\/webp","sourceUrl":"https:\/\/carro.blog.br\/noticias\/wp-content\/uploads\/2026\/02\/logo-webstories-png-900x210.webp"},"medium_large":{"file":"logo-webstories-png-768x179.webp","width":768,"height":179,"filesize":9604,"sources":{"image\/webp":{"file":"logo-webstories-png-768x179.webp","filesize":9604,"sourceUrl":"https:\/\/carro.blog.br\/noticias\/wp-content\/uploads\/2026\/02\/logo-webstories-png-768x179.webp"}},"mimeType":"image\/webp","sourceUrl":"https:\/\/carro.blog.br\/noticias\/wp-content\/uploads\/2026\/02\/logo-webstories-png-768x179.webp"},"web-stories-poster-portrait":{"file":"logo-webstories-png-640x350.webp","width":640,"height":350,"filesize":7294,"mimeType":"image\/webp","sourceUrl":"https:\/\/carro.blog.br\/noticias\/wp-content\/uploads\/2026\/02\/logo-webstories-png-640x350.webp"},"web-stories-publisher-logo":{"file":"logo-webstories-png-96x96.webp","width":96,"height":96,"filesize":1318,"mimeType":"image\/webp","sourceUrl":"https:\/\/carro.blog.br\/noticias\/wp-content\/uploads\/2026\/02\/logo-webstories-png-96x96.webp"},"web-stories-thumbnail":{"file":"logo-webstories-png-150x35.webp","width":150,"height":35,"filesize":1688,"mimeType":"image\/webp","sourceUrl":"https:\/\/carro.blog.br\/noticias\/wp-content\/uploads\/2026\/02\/logo-webstories-png-150x35.webp"},"full":{"file":"logo-webstories-png.webp","width":1500,"height":350,"mimeType":"image\/webp","sourceUrl":"https:\/\/carro.blog.br\/noticias\/wp-content\/uploads\/2026\/02\/logo-webstories-png.webp","sources":{"image\/webp":{"file":"logo-webstories-png.webp","filesize":20290,"sourceUrl":"https:\/\/carro.blog.br\/noticias\/wp-content\/uploads\/2026\/02\/logo-webstories-png.webp"}}}},"isPlaceholder":false,"isExternal":false,"needsProxy":false,"baseColor":"#dccfac","blurHash":"U7AwJ3~7Ze$#n$s:ofa}009#yYNdbvM}NGn~","creationDate":"2026-02-05T11:34:02","src":"https:\/\/carro.blog.br\/noticias\/wp-content\/uploads\/2026\/02\/logo-webstories-png.webp","id":6731,"alt":"logo-webstories-png","local":false},"x":24.5,"y":-16,"width":363,"height":77,"mask":{"type":"rectangle","showInLibrary":true,"name":"Ret\u00e2ngulo","path":"M 0,0 1,0 1,1 0,1 0,0 Z","ratio":1,"supportsBorder":true},"id":"80c08d6d-a559-4f4f-91a7-46f0efef874a","type":"image"}],"backgroundColor":{"color":{"r":255,"g":255,"b":255}},"animations":[],"id":"235ce1bb-1d2a-41bf-990d-906f2c3731af","image":{"id":28939,"height":1200,"width":800,"url":"https:\/\/carro.blog.br\/noticias\/wp-content\/uploads\/2026\/03\/web-stories-page-template-28938.webp","needsProxy":false,"isExternal":false},"pageAttachment":{"url":"","needsProxy":false,"ctaText":"Arraste Para Cima","theme":"light"},"defaultBackgroundElement":{"opacity":100,"flip":{"vertical":false,"horizontal":false},"rotationAngle":0,"lockAspectRatio":true,"backgroundColor":{"color":{"r":196,"g":196,"b":196}},"x":1,"y":1,"width":1,"height":1,"mask":{"type":"rectangle"},"isBackground":true,"isDefaultBackground":true,"id":"38899e5f-faf8-478f-9600-ee894d175b3f","type":"shape"},"groups":{"4fe2ac81-8ded-40b1-934d-963730e4e497":{"name":"Grupo 1","isLocked":false}}},{"elements":[{"opacity":100,"flip":{"vertical":false,"horizontal":false},"rotationAngle":0,"lockAspectRatio":true,"scale":112,"focalX":50,"focalY":50,"resource":{"type":"image","mimeType":"image\/jpeg","width":2560,"height":1707,"sizes":{"medium":{"file":"fundo-azul-350x233.webp","width":350,"height":233,"filesize":5476,"sources":{"image\/webp":{"file":"fundo-azul-350x233.webp","filesize":5476,"sourceUrl":"https:\/\/carro.blog.br\/noticias\/wp-content\/uploads\/2026\/02\/fundo-azul-350x233.webp"}},"mimeType":"image\/webp","sourceUrl":"https:\/\/carro.blog.br\/noticias\/wp-content\/uploads\/2026\/02\/fundo-azul-350x233.webp"},"large":{"file":"fundo-azul-1800x1200.webp","width":1800,"height":1200,"filesize":38644,"sources":{"image\/webp":{"file":"fundo-azul-1800x1200.webp","filesize":38644,"sourceUrl":"https:\/\/carro.blog.br\/noticias\/wp-content\/uploads\/2026\/02\/fundo-azul-1800x1200.webp"}},"mimeType":"image\/webp","sourceUrl":"https:\/\/carro.blog.br\/noticias\/wp-content\/uploads\/2026\/02\/fundo-azul-1800x1200.webp"},"thumbnail":{"file":"fundo-azul-900x600.webp","width":900,"height":600,"filesize":17588,"sources":{"image\/webp":{"file":"fundo-azul-900x600.webp","filesize":17588,"sourceUrl":"https:\/\/carro.blog.br\/noticias\/wp-content\/uploads\/2026\/02\/fundo-azul-900x600.webp"}},"mimeType":"image\/webp","sourceUrl":"https:\/\/carro.blog.br\/noticias\/wp-content\/uploads\/2026\/02\/fundo-azul-900x600.webp"},"medium_large":{"file":"fundo-azul-768x512.webp","width":768,"height":512,"filesize":14734,"sources":{"image\/webp":{"file":"fundo-azul-768x512.webp","filesize":14734,"sourceUrl":"https:\/\/carro.blog.br\/noticias\/wp-content\/uploads\/2026\/02\/fundo-azul-768x512.webp"}},"mimeType":"image\/webp","sourceUrl":"https:\/\/carro.blog.br\/noticias\/wp-content\/uploads\/2026\/02\/fundo-azul-768x512.webp"},"1536x1536":{"file":"fundo-azul-1536x1024.webp","width":1536,"height":1024,"filesize":32230,"mimeType":"image\/webp","sourceUrl":"https:\/\/carro.blog.br\/noticias\/wp-content\/uploads\/2026\/02\/fundo-azul-1536x1024.webp"},"2048x2048":{"file":"fundo-azul-2048x1365.webp","width":2048,"height":1365,"filesize":44568,"mimeType":"image\/webp","sourceUrl":"https:\/\/carro.blog.br\/noticias\/wp-content\/uploads\/2026\/02\/fundo-azul-2048x1365.webp"},"web-stories-poster-portrait":{"file":"fundo-azul-640x853.webp","width":640,"height":853,"filesize":7692,"mimeType":"image\/webp","sourceUrl":"https:\/\/carro.blog.br\/noticias\/wp-content\/uploads\/2026\/02\/fundo-azul-640x853.webp"},"web-stories-publisher-logo":{"file":"fundo-azul-96x96.webp","width":96,"height":96,"filesize":806,"mimeType":"image\/webp","sourceUrl":"https:\/\/carro.blog.br\/noticias\/wp-content\/uploads\/2026\/02\/fundo-azul-96x96.webp"},"web-stories-thumbnail":{"file":"fundo-azul-150x100.webp","width":150,"height":100,"filesize":1520,"mimeType":"image\/webp","sourceUrl":"https:\/\/carro.blog.br\/noticias\/wp-content\/uploads\/2026\/02\/fundo-azul-150x100.webp"},"full":{"file":"fundo-azul-scaled.webp","width":2560,"height":1707,"mimeType":"image\/jpeg","sourceUrl":"https:\/\/carro.blog.br\/noticias\/wp-content\/uploads\/2026\/02\/fundo-azul-scaled.webp","sources":{"image\/webp":{"file":"fundo-azul-scaled.webp","filesize":56840,"sourceUrl":"https:\/\/carro.blog.br\/noticias\/wp-content\/uploads\/2026\/02\/fundo-azul-scaled.webp"}}}},"isPlaceholder":false,"isExternal":false,"needsProxy":false,"baseColor":"#042672","blurHash":"U60xK}a1pJZ}ozZek[belCa%jdj]k9aLk[kY","creationDate":"2026-02-05T11:14:50","src":"https:\/\/carro.blog.br\/noticias\/wp-content\/uploads\/2026\/02\/fundo-azul-scaled.webp","id":6726,"alt":"fundo azul","local":false},"backgroundColor":{"color":{"r":196,"g":196,"b":196}},"x":48,"y":0,"width":330,"height":220,"mask":{"type":"rectangle"},"isBackground":true,"id":"19e72b98-508d-4b5e-8dd0-e2df3d266ef9","overlay":{"type":"linear","rotation":0,"stops":[{"color":{"r":0,"g":0,"b":0,"a":0},"position":0.40000000000000002220446049250313080847263336181640625},{"color":{"r":0,"g":0,"b":0,"a":1},"position":1}],"alpha":0.5},"type":"image"},{"opacity":100,"flip":{"vertical":false,"horizontal":false},"rotationAngle":0,"lockAspectRatio":false,"scale":100,"focalX":50,"focalY":50,"resource":{"type":"image","mimeType":"image\/jpeg","width":1820,"height":1106,"sizes":{"medium":{"file":"BYD-Denza-Z-2026-3-350x213.webp","width":350,"height":213,"filesize":12558,"sources":{"image\/webp":{"file":"BYD-Denza-Z-2026-3-350x213.webp","filesize":12558,"sourceUrl":"https:\/\/carro.blog.br\/noticias\/wp-content\/uploads\/2026\/04\/BYD-Denza-Z-2026-3-350x213.webp"}},"mimeType":"image\/webp","sourceUrl":"https:\/\/carro.blog.br\/noticias\/wp-content\/uploads\/2026\/04\/BYD-Denza-Z-2026-3-350x213.webp"},"large":{"file":"BYD-Denza-Z-2026-3-1800x1094.webp","width":1800,"height":1094,"filesize":97690,"sources":{"image\/webp":{"file":"BYD-Denza-Z-2026-3-1800x1094.webp","filesize":97690,"sourceUrl":"https:\/\/carro.blog.br\/noticias\/wp-content\/uploads\/2026\/04\/BYD-Denza-Z-2026-3-1800x1094.webp"}},"mimeType":"image\/webp","sourceUrl":"https:\/\/carro.blog.br\/noticias\/wp-content\/uploads\/2026\/04\/BYD-Denza-Z-2026-3-1800x1094.webp"},"thumbnail":{"file":"BYD-Denza-Z-2026-3-900x547.webp","width":900,"height":547,"filesize":45466,"sources":{"image\/webp":{"file":"BYD-Denza-Z-2026-3-900x547.webp","filesize":45466,"sourceUrl":"https:\/\/carro.blog.br\/noticias\/wp-content\/uploads\/2026\/04\/BYD-Denza-Z-2026-3-900x547.webp"}},"mimeType":"image\/webp","sourceUrl":"https:\/\/carro.blog.br\/noticias\/wp-content\/uploads\/2026\/04\/BYD-Denza-Z-2026-3-900x547.webp"},"medium_large":{"file":"BYD-Denza-Z-2026-3-768x467.webp","width":768,"height":467,"filesize":36908,"sources":{"image\/webp":{"file":"BYD-Denza-Z-2026-3-768x467.webp","filesize":36908,"sourceUrl":"https:\/\/carro.blog.br\/noticias\/wp-content\/uploads\/2026\/04\/BYD-Denza-Z-2026-3-768x467.webp"}},"mimeType":"image\/webp","sourceUrl":"https:\/\/carro.blog.br\/noticias\/wp-content\/uploads\/2026\/04\/BYD-Denza-Z-2026-3-768x467.webp"},"1536x1536":{"file":"BYD-Denza-Z-2026-3-1536x933.webp","width":1536,"height":933,"filesize":82630,"mimeType":"image\/webp","sourceUrl":"https:\/\/carro.blog.br\/noticias\/wp-content\/uploads\/2026\/04\/BYD-Denza-Z-2026-3-1536x933.webp"},"web-stories-poster-portrait":{"file":"BYD-Denza-Z-2026-3-640x853.webp","width":640,"height":853,"filesize":25044,"mimeType":"image\/webp","sourceUrl":"https:\/\/carro.blog.br\/noticias\/wp-content\/uploads\/2026\/04\/BYD-Denza-Z-2026-3-640x853.webp"},"web-stories-publisher-logo":{"file":"BYD-Denza-Z-2026-3-96x96.webp","width":96,"height":96,"filesize":2122,"mimeType":"image\/webp","sourceUrl":"https:\/\/carro.blog.br\/noticias\/wp-content\/uploads\/2026\/04\/BYD-Denza-Z-2026-3-96x96.webp"},"web-stories-thumbnail":{"file":"BYD-Denza-Z-2026-3-150x91.webp","width":150,"height":91,"filesize":3582,"mimeType":"image\/webp","sourceUrl":"https:\/\/carro.blog.br\/noticias\/wp-content\/uploads\/2026\/04\/BYD-Denza-Z-2026-3-150x91.webp"},"full":{"file":"BYD-Denza-Z-2026-3.webp","width":1820,"height":1106,"mimeType":"image\/jpeg","sourceUrl":"https:\/\/carro.blog.br\/noticias\/wp-content\/uploads\/2026\/04\/BYD-Denza-Z-2026-3.webp","sources":{"image\/webp":{"file":"BYD-Denza-Z-2026-3.webp","filesize":104078,"sourceUrl":"https:\/\/carro.blog.br\/noticias\/wp-content\/uploads\/2026\/04\/BYD-Denza-Z-2026-3.webp"}}}},"isPlaceholder":false,"isExternal":false,"needsProxy":false,"baseColor":"#cbd1d4","blurHash":"UPIFJGM{00bb~q9F9Zxv^+ogx]M{IqNF?HRj","creationDate":"2026-04-26T16:36:18","src":"https:\/\/carro.blog.br\/noticias\/wp-content\/uploads\/2026\/04\/BYD-Denza-Z-2026-3.webp","id":33405,"alt":"Denza Z acelera de 0 a 100 km\/h em menos de 2 segundos e entra direto na briga dos supercarros mais r\u00e1pidos do mundo, deixando a Ferrari SF90 Stradale para tr\u00e1s sem esfor\u00e7o","local":false,"provider":"local"},"x":0,"y":24,"width":412,"height":271,"mask":{"type":"rectangle","showInLibrary":true,"name":"Rectangle","path":"M 0,0 1,0 1,1 0,1 0,0 Z","ratio":1,"supportsBorder":true},"id":"27ce125f-02fd-40eb-b538-8ce1b8f4f541","basedOn":"b65b9621-504e-4187-adcf-7c8476322506","borderRadius":{"topLeft":0,"topRight":0,"bottomRight":0,"bottomLeft":0,"locked":true},"alt":"Carro.Blog.Br","border":{"left":0,"right":0,"top":10,"bottom":10,"lockedWidth":false,"color":{"color":{"r":255,"g":255,"b":255}}},"type":"image","groupId":null},{"opacity":100,"flip":{"vertical":false,"horizontal":false},"rotationAngle":0,"lockAspectRatio":true,"backgroundTextMode":"HIGHLIGHT","font":{"family":"Roboto Condensed"},"fontSize":24,"backgroundColor":{"color":{"r":1,"g":18,"b":59}},"lineHeight":1,"textAlign":"left","padding":{"locked":true,"hasHiddenPadding":true,"horizontal":11,"vertical":7},"content":"<span style=\"color: #fff\">A BYD resolveu jogar pesado no Sal\u00e3o de Pequim. O Denza Z apareceu com visual agressivo e promessa ousada: ser mais r\u00e1pido que Ferrari. N\u00e3o \u00e9 s\u00f3 discurso<\/span>","marginOffset":5.578125,"x":52,"y":276,"width":311,"height":232,"basedOn":"714857eb-6e7f-45bc-b781-1661045b2b61","id":"1a08498c-ee2b-4f5a-8f02-a076227c0726","borderRadius":{"topLeft":0,"topRight":0,"bottomRight":0,"bottomLeft":0,"locked":true},"border":{"left":5,"right":0,"top":0,"bottom":0,"lockedWidth":false,"color":{"color":{"r":255,"g":255,"b":255}}},"type":"text"},{"opacity":100,"flip":{"vertical":false,"horizontal":false},"rotationAngle":0,"lockAspectRatio":false,"scale":100,"focalX":50,"focalY":50,"resource":{"type":"image","mimeType":"image\/webp","width":1500,"height":350,"sizes":{"medium":{"file":"logo-webstories-png-350x82.webp","width":350,"height":82,"filesize":4238,"sources":{"image\/webp":{"file":"logo-webstories-png-350x82.webp","filesize":4238,"sourceUrl":"https:\/\/carro.blog.br\/noticias\/wp-content\/uploads\/2026\/02\/logo-webstories-png-350x82.webp"}},"mimeType":"image\/webp","sourceUrl":"https:\/\/carro.blog.br\/noticias\/wp-content\/uploads\/2026\/02\/logo-webstories-png-350x82.webp"},"thumbnail":{"file":"logo-webstories-png-900x210.webp","width":900,"height":210,"filesize":11324,"sources":{"image\/webp":{"file":"logo-webstories-png-900x210.webp","filesize":11324,"sourceUrl":"https:\/\/carro.blog.br\/noticias\/wp-content\/uploads\/2026\/02\/logo-webstories-png-900x210.webp"}},"mimeType":"image\/webp","sourceUrl":"https:\/\/carro.blog.br\/noticias\/wp-content\/uploads\/2026\/02\/logo-webstories-png-900x210.webp"},"medium_large":{"file":"logo-webstories-png-768x179.webp","width":768,"height":179,"filesize":9604,"sources":{"image\/webp":{"file":"logo-webstories-png-768x179.webp","filesize":9604,"sourceUrl":"https:\/\/carro.blog.br\/noticias\/wp-content\/uploads\/2026\/02\/logo-webstories-png-768x179.webp"}},"mimeType":"image\/webp","sourceUrl":"https:\/\/carro.blog.br\/noticias\/wp-content\/uploads\/2026\/02\/logo-webstories-png-768x179.webp"},"web-stories-poster-portrait":{"file":"logo-webstories-png-640x350.webp","width":640,"height":350,"filesize":7294,"mimeType":"image\/webp","sourceUrl":"https:\/\/carro.blog.br\/noticias\/wp-content\/uploads\/2026\/02\/logo-webstories-png-640x350.webp"},"web-stories-publisher-logo":{"file":"logo-webstories-png-96x96.webp","width":96,"height":96,"filesize":1318,"mimeType":"image\/webp","sourceUrl":"https:\/\/carro.blog.br\/noticias\/wp-content\/uploads\/2026\/02\/logo-webstories-png-96x96.webp"},"web-stories-thumbnail":{"file":"logo-webstories-png-150x35.webp","width":150,"height":35,"filesize":1688,"mimeType":"image\/webp","sourceUrl":"https:\/\/carro.blog.br\/noticias\/wp-content\/uploads\/2026\/02\/logo-webstories-png-150x35.webp"},"full":{"file":"logo-webstories-png.webp","width":1500,"height":350,"mimeType":"image\/webp","sourceUrl":"https:\/\/carro.blog.br\/noticias\/wp-content\/uploads\/2026\/02\/logo-webstories-png.webp","sources":{"image\/webp":{"file":"logo-webstories-png.webp","filesize":20290,"sourceUrl":"https:\/\/carro.blog.br\/noticias\/wp-content\/uploads\/2026\/02\/logo-webstories-png.webp"}}}},"isPlaceholder":false,"isExternal":false,"needsProxy":false,"baseColor":"#dccfac","blurHash":"U7AwJ3~7Ze$#n$s:ofa}009#yYNdbvM}NGn~","creationDate":"2026-02-05T11:34:02","src":"https:\/\/carro.blog.br\/noticias\/wp-content\/uploads\/2026\/02\/logo-webstories-png.webp","id":6731,"alt":"logo-webstories-png","local":false},"x":24.5,"y":-16,"width":363,"height":77,"mask":{"type":"rectangle","showInLibrary":true,"name":"Ret\u00e2ngulo","path":"M 0,0 1,0 1,1 0,1 0,0 Z","ratio":1,"supportsBorder":true},"id":"7e8c0a77-dae6-4c3e-a82a-e02d5498d38c","type":"image"}],"backgroundColor":{"color":{"r":255,"g":255,"b":255}},"animations":[{"id":"8a5a1f31-aa2d-4826-9ffd-a307cf4f020e","type":"effect-background-zoom","zoomDirection":"scaleOut","duration":6000,"delay":0,"targets":["19e72b98-508d-4b5e-8dd0-e2df3d266ef9"]},{"id":"e962aaf9-dbe4-47fc-a8f1-f4943dbaf450","type":"effect-fly-in","flyInDir":"rightToLeft","duration":600,"delay":0,"targets":["1a08498c-ee2b-4f5a-8f02-a076227c0726"]}],"id":"162e9939-19db-45cf-9f80-e77deb284eac","image":{"id":28939,"height":1200,"width":800,"url":"https:\/\/carro.blog.br\/noticias\/wp-content\/uploads\/2026\/03\/web-stories-page-template-28938.webp","needsProxy":false,"isExternal":false},"pageAttachment":{"url":"","needsProxy":false,"ctaText":"Arraste Para Cima","theme":"light"},"defaultBackgroundElement":{"opacity":100,"flip":{"vertical":false,"horizontal":false},"rotationAngle":0,"lockAspectRatio":true,"backgroundColor":{"color":{"r":196,"g":196,"b":196}},"x":1,"y":1,"width":1,"height":1,"mask":{"type":"rectangle"},"isBackground":true,"isDefaultBackground":true,"id":"38899e5f-faf8-478f-9600-ee894d175b3f","type":"shape"},"groups":[]},{"elements":[{"opacity":100,"flip":{"vertical":false,"horizontal":false},"rotationAngle":0,"lockAspectRatio":true,"scale":112,"focalX":50,"focalY":50,"resource":{"type":"image","mimeType":"image\/jpeg","width":2560,"height":1707,"sizes":{"medium":{"file":"fundo-azul-350x233.webp","width":350,"height":233,"filesize":5476,"sources":{"image\/webp":{"file":"fundo-azul-350x233.webp","filesize":5476,"sourceUrl":"https:\/\/carro.blog.br\/noticias\/wp-content\/uploads\/2026\/02\/fundo-azul-350x233.webp"}},"mimeType":"image\/webp","sourceUrl":"https:\/\/carro.blog.br\/noticias\/wp-content\/uploads\/2026\/02\/fundo-azul-350x233.webp"},"large":{"file":"fundo-azul-1800x1200.webp","width":1800,"height":1200,"filesize":38644,"sources":{"image\/webp":{"file":"fundo-azul-1800x1200.webp","filesize":38644,"sourceUrl":"https:\/\/carro.blog.br\/noticias\/wp-content\/uploads\/2026\/02\/fundo-azul-1800x1200.webp"}},"mimeType":"image\/webp","sourceUrl":"https:\/\/carro.blog.br\/noticias\/wp-content\/uploads\/2026\/02\/fundo-azul-1800x1200.webp"},"thumbnail":{"file":"fundo-azul-900x600.webp","width":900,"height":600,"filesize":17588,"sources":{"image\/webp":{"file":"fundo-azul-900x600.webp","filesize":17588,"sourceUrl":"https:\/\/carro.blog.br\/noticias\/wp-content\/uploads\/2026\/02\/fundo-azul-900x600.webp"}},"mimeType":"image\/webp","sourceUrl":"https:\/\/carro.blog.br\/noticias\/wp-content\/uploads\/2026\/02\/fundo-azul-900x600.webp"},"medium_large":{"file":"fundo-azul-768x512.webp","width":768,"height":512,"filesize":14734,"sources":{"image\/webp":{"file":"fundo-azul-768x512.webp","filesize":14734,"sourceUrl":"https:\/\/carro.blog.br\/noticias\/wp-content\/uploads\/2026\/02\/fundo-azul-768x512.webp"}},"mimeType":"image\/webp","sourceUrl":"https:\/\/carro.blog.br\/noticias\/wp-content\/uploads\/2026\/02\/fundo-azul-768x512.webp"},"1536x1536":{"file":"fundo-azul-1536x1024.webp","width":1536,"height":1024,"filesize":32230,"mimeType":"image\/webp","sourceUrl":"https:\/\/carro.blog.br\/noticias\/wp-content\/uploads\/2026\/02\/fundo-azul-1536x1024.webp"},"2048x2048":{"file":"fundo-azul-2048x1365.webp","width":2048,"height":1365,"filesize":44568,"mimeType":"image\/webp","sourceUrl":"https:\/\/carro.blog.br\/noticias\/wp-content\/uploads\/2026\/02\/fundo-azul-2048x1365.webp"},"web-stories-poster-portrait":{"file":"fundo-azul-640x853.webp","width":640,"height":853,"filesize":7692,"mimeType":"image\/webp","sourceUrl":"https:\/\/carro.blog.br\/noticias\/wp-content\/uploads\/2026\/02\/fundo-azul-640x853.webp"},"web-stories-publisher-logo":{"file":"fundo-azul-96x96.webp","width":96,"height":96,"filesize":806,"mimeType":"image\/webp","sourceUrl":"https:\/\/carro.blog.br\/noticias\/wp-content\/uploads\/2026\/02\/fundo-azul-96x96.webp"},"web-stories-thumbnail":{"file":"fundo-azul-150x100.webp","width":150,"height":100,"filesize":1520,"mimeType":"image\/webp","sourceUrl":"https:\/\/carro.blog.br\/noticias\/wp-content\/uploads\/2026\/02\/fundo-azul-150x100.webp"},"full":{"file":"fundo-azul-scaled.webp","width":2560,"height":1707,"mimeType":"image\/jpeg","sourceUrl":"https:\/\/carro.blog.br\/noticias\/wp-content\/uploads\/2026\/02\/fundo-azul-scaled.webp","sources":{"image\/webp":{"file":"fundo-azul-scaled.webp","filesize":56840,"sourceUrl":"https:\/\/carro.blog.br\/noticias\/wp-content\/uploads\/2026\/02\/fundo-azul-scaled.webp"}}}},"isPlaceholder":false,"isExternal":false,"needsProxy":false,"baseColor":"#042672","blurHash":"U60xK}a1pJZ}ozZek[belCa%jdj]k9aLk[kY","creationDate":"2026-02-05T11:14:50","src":"https:\/\/carro.blog.br\/noticias\/wp-content\/uploads\/2026\/02\/fundo-azul-scaled.webp","id":6726,"alt":"fundo azul","local":false},"backgroundColor":{"color":{"r":196,"g":196,"b":196}},"x":48,"y":0,"width":330,"height":220,"mask":{"type":"rectangle"},"isBackground":true,"id":"e568e2a9-84ee-4cfb-aaa8-b64808a9214f","overlay":{"type":"linear","rotation":0,"stops":[{"color":{"r":0,"g":0,"b":0,"a":0},"position":0.40000000000000002220446049250313080847263336181640625},{"color":{"r":0,"g":0,"b":0,"a":1},"position":1}],"alpha":0.5},"type":"image"},{"opacity":100,"flip":{"vertical":false,"horizontal":false},"rotationAngle":0,"lockAspectRatio":false,"scale":100,"focalX":50,"focalY":50,"resource":{"type":"image","mimeType":"image\/jpeg","width":1974,"height":1162,"sizes":{"medium":{"file":"BYD-Denza-Z-2026-2-350x206.webp","width":350,"height":206,"filesize":9226,"sources":{"image\/webp":{"file":"BYD-Denza-Z-2026-2-350x206.webp","filesize":9226,"sourceUrl":"https:\/\/carro.blog.br\/noticias\/wp-content\/uploads\/2026\/04\/BYD-Denza-Z-2026-2-350x206.webp"}},"mimeType":"image\/webp","sourceUrl":"https:\/\/carro.blog.br\/noticias\/wp-content\/uploads\/2026\/04\/BYD-Denza-Z-2026-2-350x206.webp"},"large":{"file":"BYD-Denza-Z-2026-2-1800x1060.webp","width":1800,"height":1060,"filesize":58566,"sources":{"image\/webp":{"file":"BYD-Denza-Z-2026-2-1800x1060.webp","filesize":58566,"sourceUrl":"https:\/\/carro.blog.br\/noticias\/wp-content\/uploads\/2026\/04\/BYD-Denza-Z-2026-2-1800x1060.webp"}},"mimeType":"image\/webp","sourceUrl":"https:\/\/carro.blog.br\/noticias\/wp-content\/uploads\/2026\/04\/BYD-Denza-Z-2026-2-1800x1060.webp"},"thumbnail":{"file":"BYD-Denza-Z-2026-2-900x530.webp","width":900,"height":530,"filesize":26264,"sources":{"image\/webp":{"file":"BYD-Denza-Z-2026-2-900x530.webp","filesize":26264,"sourceUrl":"https:\/\/carro.blog.br\/noticias\/wp-content\/uploads\/2026\/04\/BYD-Denza-Z-2026-2-900x530.webp"}},"mimeType":"image\/webp","sourceUrl":"https:\/\/carro.blog.br\/noticias\/wp-content\/uploads\/2026\/04\/BYD-Denza-Z-2026-2-900x530.webp"},"medium_large":{"file":"BYD-Denza-Z-2026-2-768x452.webp","width":768,"height":452,"filesize":22036,"sources":{"image\/webp":{"file":"BYD-Denza-Z-2026-2-768x452.webp","filesize":22036,"sourceUrl":"https:\/\/carro.blog.br\/noticias\/wp-content\/uploads\/2026\/04\/BYD-Denza-Z-2026-2-768x452.webp"}},"mimeType":"image\/webp","sourceUrl":"https:\/\/carro.blog.br\/noticias\/wp-content\/uploads\/2026\/04\/BYD-Denza-Z-2026-2-768x452.webp"},"1536x1536":{"file":"BYD-Denza-Z-2026-2-1536x904.webp","width":1536,"height":904,"filesize":48802,"mimeType":"image\/webp","sourceUrl":"https:\/\/carro.blog.br\/noticias\/wp-content\/uploads\/2026\/04\/BYD-Denza-Z-2026-2-1536x904.webp"},"web-stories-poster-portrait":{"file":"BYD-Denza-Z-2026-2-640x853.webp","width":640,"height":853,"filesize":20610,"mimeType":"image\/webp","sourceUrl":"https:\/\/carro.blog.br\/noticias\/wp-content\/uploads\/2026\/04\/BYD-Denza-Z-2026-2-640x853.webp"},"web-stories-publisher-logo":{"file":"BYD-Denza-Z-2026-2-96x96.webp","width":96,"height":96,"filesize":2094,"mimeType":"image\/webp","sourceUrl":"https:\/\/carro.blog.br\/noticias\/wp-content\/uploads\/2026\/04\/BYD-Denza-Z-2026-2-96x96.webp"},"web-stories-thumbnail":{"file":"BYD-Denza-Z-2026-2-150x88.webp","width":150,"height":88,"filesize":3126,"mimeType":"image\/webp","sourceUrl":"https:\/\/carro.blog.br\/noticias\/wp-content\/uploads\/2026\/04\/BYD-Denza-Z-2026-2-150x88.webp"},"full":{"file":"BYD-Denza-Z-2026-2.webp","width":1974,"height":1162,"mimeType":"image\/jpeg","sourceUrl":"https:\/\/carro.blog.br\/noticias\/wp-content\/uploads\/2026\/04\/BYD-Denza-Z-2026-2.webp","sources":{"image\/webp":{"file":"BYD-Denza-Z-2026-2.webp","filesize":67432,"sourceUrl":"https:\/\/carro.blog.br\/noticias\/wp-content\/uploads\/2026\/04\/BYD-Denza-Z-2026-2.webp"}}}},"isPlaceholder":false,"isExternal":false,"needsProxy":false,"baseColor":"#373d47","blurHash":"USEC%y_2-ojE~q%2RjIU%Ks,t7R-nzoexukD","creationDate":"2026-04-26T16:36:16","src":"https:\/\/carro.blog.br\/noticias\/wp-content\/uploads\/2026\/04\/BYD-Denza-Z-2026-2.webp","id":33404,"alt":"","local":false,"provider":"local"},"x":0,"y":24,"width":412,"height":271,"mask":{"type":"rectangle","showInLibrary":true,"name":"Rectangle","path":"M 0,0 1,0 1,1 0,1 0,0 Z","ratio":1,"supportsBorder":true},"id":"f4213d36-ffb9-4292-8c06-ed68a09e18b0","basedOn":"b65b9621-504e-4187-adcf-7c8476322506","borderRadius":{"topLeft":0,"topRight":0,"bottomRight":0,"bottomLeft":0,"locked":true},"alt":"Carro.Blog.Br","border":{"left":0,"right":0,"top":10,"bottom":10,"lockedWidth":false,"color":{"color":{"r":255,"g":255,"b":255}}},"groupId":null,"type":"image"},{"opacity":100,"flip":{"vertical":false,"horizontal":false},"rotationAngle":0,"lockAspectRatio":true,"backgroundTextMode":"HIGHLIGHT","font":{"family":"Roboto Condensed"},"fontSize":24,"backgroundColor":{"color":{"r":1,"g":18,"b":59}},"lineHeight":1,"textAlign":"left","padding":{"locked":true,"hasHiddenPadding":true,"horizontal":11,"vertical":7},"content":"<span style=\"color: #fff\">Debaixo da carroceria, s\u00e3o tr\u00eas motores el\u00e9tricos e mais de 1.000 cv. O resultado \u00e9 absurdo: vai de 0 a 100 km\/h em menos de 2 segundos. \u00c9 coisa de hipercarro<\/span>","marginOffset":5.578125,"x":53,"y":276,"width":311,"height":232,"basedOn":"714857eb-6e7f-45bc-b781-1661045b2b61","id":"fb8e877b-0227-414c-82d6-8760d50fe9ce","borderRadius":{"topLeft":0,"topRight":0,"bottomRight":0,"bottomLeft":0,"locked":true},"border":{"left":5,"right":0,"top":0,"bottom":0,"lockedWidth":false,"color":{"color":{"r":255,"g":255,"b":255}}},"type":"text"},{"opacity":100,"flip":{"vertical":false,"horizontal":false},"rotationAngle":0,"lockAspectRatio":false,"scale":100,"focalX":50,"focalY":50,"resource":{"type":"image","mimeType":"image\/webp","width":1500,"height":350,"sizes":{"medium":{"file":"logo-webstories-png-350x82.webp","width":350,"height":82,"filesize":4238,"sources":{"image\/webp":{"file":"logo-webstories-png-350x82.webp","filesize":4238,"sourceUrl":"https:\/\/carro.blog.br\/noticias\/wp-content\/uploads\/2026\/02\/logo-webstories-png-350x82.webp"}},"mimeType":"image\/webp","sourceUrl":"https:\/\/carro.blog.br\/noticias\/wp-content\/uploads\/2026\/02\/logo-webstories-png-350x82.webp"},"thumbnail":{"file":"logo-webstories-png-900x210.webp","width":900,"height":210,"filesize":11324,"sources":{"image\/webp":{"file":"logo-webstories-png-900x210.webp","filesize":11324,"sourceUrl":"https:\/\/carro.blog.br\/noticias\/wp-content\/uploads\/2026\/02\/logo-webstories-png-900x210.webp"}},"mimeType":"image\/webp","sourceUrl":"https:\/\/carro.blog.br\/noticias\/wp-content\/uploads\/2026\/02\/logo-webstories-png-900x210.webp"},"medium_large":{"file":"logo-webstories-png-768x179.webp","width":768,"height":179,"filesize":9604,"sources":{"image\/webp":{"file":"logo-webstories-png-768x179.webp","filesize":9604,"sourceUrl":"https:\/\/carro.blog.br\/noticias\/wp-content\/uploads\/2026\/02\/logo-webstories-png-768x179.webp"}},"mimeType":"image\/webp","sourceUrl":"https:\/\/carro.blog.br\/noticias\/wp-content\/uploads\/2026\/02\/logo-webstories-png-768x179.webp"},"web-stories-poster-portrait":{"file":"logo-webstories-png-640x350.webp","width":640,"height":350,"filesize":7294,"mimeType":"image\/webp","sourceUrl":"https:\/\/carro.blog.br\/noticias\/wp-content\/uploads\/2026\/02\/logo-webstories-png-640x350.webp"},"web-stories-publisher-logo":{"file":"logo-webstories-png-96x96.webp","width":96,"height":96,"filesize":1318,"mimeType":"image\/webp","sourceUrl":"https:\/\/carro.blog.br\/noticias\/wp-content\/uploads\/2026\/02\/logo-webstories-png-96x96.webp"},"web-stories-thumbnail":{"file":"logo-webstories-png-150x35.webp","width":150,"height":35,"filesize":1688,"mimeType":"image\/webp","sourceUrl":"https:\/\/carro.blog.br\/noticias\/wp-content\/uploads\/2026\/02\/logo-webstories-png-150x35.webp"},"full":{"file":"logo-webstories-png.webp","width":1500,"height":350,"mimeType":"image\/webp","sourceUrl":"https:\/\/carro.blog.br\/noticias\/wp-content\/uploads\/2026\/02\/logo-webstories-png.webp","sources":{"image\/webp":{"file":"logo-webstories-png.webp","filesize":20290,"sourceUrl":"https:\/\/carro.blog.br\/noticias\/wp-content\/uploads\/2026\/02\/logo-webstories-png.webp"}}}},"isPlaceholder":false,"isExternal":false,"needsProxy":false,"baseColor":"#dccfac","blurHash":"U7AwJ3~7Ze$#n$s:ofa}009#yYNdbvM}NGn~","creationDate":"2026-02-05T11:34:02","src":"https:\/\/carro.blog.br\/noticias\/wp-content\/uploads\/2026\/02\/logo-webstories-png.webp","id":6731,"alt":"logo-webstories-png","local":false},"x":24.5,"y":-16,"width":363,"height":77,"mask":{"type":"rectangle","showInLibrary":true,"name":"Ret\u00e2ngulo","path":"M 0,0 1,0 1,1 0,1 0,0 Z","ratio":1,"supportsBorder":true},"id":"2a92d802-8446-4128-83f1-b392ad0b5f86","type":"image"}],"backgroundColor":{"color":{"r":255,"g":255,"b":255}},"animations":[{"id":"caa8d181-a2a9-45e2-804e-25c3a045a242","type":"effect-background-zoom","zoomDirection":"scaleOut","duration":6000,"delay":0,"targets":["e568e2a9-84ee-4cfb-aaa8-b64808a9214f"]},{"id":"40e8bc0d-4468-4f9c-8e15-69adcdecfb1c","type":"effect-fly-in","flyInDir":"rightToLeft","duration":600,"delay":0,"targets":["fb8e877b-0227-414c-82d6-8760d50fe9ce"]}],"id":"0a4c1049-4c8a-4e42-86d2-925f2bc81864","image":{"id":28939,"height":1200,"width":800,"url":"https:\/\/carro.blog.br\/noticias\/wp-content\/uploads\/2026\/03\/web-stories-page-template-28938.webp","needsProxy":false,"isExternal":false},"pageAttachment":{"url":"","needsProxy":false,"ctaText":"Arraste Para Cima","theme":"light"},"defaultBackgroundElement":{"opacity":100,"flip":{"vertical":false,"horizontal":false},"rotationAngle":0,"lockAspectRatio":true,"backgroundColor":{"color":{"r":196,"g":196,"b":196}},"x":1,"y":1,"width":1,"height":1,"mask":{"type":"rectangle"},"isBackground":true,"isDefaultBackground":true,"id":"38899e5f-faf8-478f-9600-ee894d175b3f","type":"shape"},"groups":[]},{"elements":[{"opacity":100,"flip":{"vertical":false,"horizontal":false},"rotationAngle":0,"lockAspectRatio":true,"scale":112,"focalX":50,"focalY":50,"resource":{"type":"image","mimeType":"image\/jpeg","width":2560,"height":1707,"sizes":{"medium":{"file":"fundo-azul-350x233.webp","width":350,"height":233,"filesize":5476,"sources":{"image\/webp":{"file":"fundo-azul-350x233.webp","filesize":5476,"sourceUrl":"https:\/\/carro.blog.br\/noticias\/wp-content\/uploads\/2026\/02\/fundo-azul-350x233.webp"}},"mimeType":"image\/webp","sourceUrl":"https:\/\/carro.blog.br\/noticias\/wp-content\/uploads\/2026\/02\/fundo-azul-350x233.webp"},"large":{"file":"fundo-azul-1800x1200.webp","width":1800,"height":1200,"filesize":38644,"sources":{"image\/webp":{"file":"fundo-azul-1800x1200.webp","filesize":38644,"sourceUrl":"https:\/\/carro.blog.br\/noticias\/wp-content\/uploads\/2026\/02\/fundo-azul-1800x1200.webp"}},"mimeType":"image\/webp","sourceUrl":"https:\/\/carro.blog.br\/noticias\/wp-content\/uploads\/2026\/02\/fundo-azul-1800x1200.webp"},"thumbnail":{"file":"fundo-azul-900x600.webp","width":900,"height":600,"filesize":17588,"sources":{"image\/webp":{"file":"fundo-azul-900x600.webp","filesize":17588,"sourceUrl":"https:\/\/carro.blog.br\/noticias\/wp-content\/uploads\/2026\/02\/fundo-azul-900x600.webp"}},"mimeType":"image\/webp","sourceUrl":"https:\/\/carro.blog.br\/noticias\/wp-content\/uploads\/2026\/02\/fundo-azul-900x600.webp"},"medium_large":{"file":"fundo-azul-768x512.webp","width":768,"height":512,"filesize":14734,"sources":{"image\/webp":{"file":"fundo-azul-768x512.webp","filesize":14734,"sourceUrl":"https:\/\/carro.blog.br\/noticias\/wp-content\/uploads\/2026\/02\/fundo-azul-768x512.webp"}},"mimeType":"image\/webp","sourceUrl":"https:\/\/carro.blog.br\/noticias\/wp-content\/uploads\/2026\/02\/fundo-azul-768x512.webp"},"1536x1536":{"file":"fundo-azul-1536x1024.webp","width":1536,"height":1024,"filesize":32230,"mimeType":"image\/webp","sourceUrl":"https:\/\/carro.blog.br\/noticias\/wp-content\/uploads\/2026\/02\/fundo-azul-1536x1024.webp"},"2048x2048":{"file":"fundo-azul-2048x1365.webp","width":2048,"height":1365,"filesize":44568,"mimeType":"image\/webp","sourceUrl":"https:\/\/carro.blog.br\/noticias\/wp-content\/uploads\/2026\/02\/fundo-azul-2048x1365.webp"},"web-stories-poster-portrait":{"file":"fundo-azul-640x853.webp","width":640,"height":853,"filesize":7692,"mimeType":"image\/webp","sourceUrl":"https:\/\/carro.blog.br\/noticias\/wp-content\/uploads\/2026\/02\/fundo-azul-640x853.webp"},"web-stories-publisher-logo":{"file":"fundo-azul-96x96.webp","width":96,"height":96,"filesize":806,"mimeType":"image\/webp","sourceUrl":"https:\/\/carro.blog.br\/noticias\/wp-content\/uploads\/2026\/02\/fundo-azul-96x96.webp"},"web-stories-thumbnail":{"file":"fundo-azul-150x100.webp","width":150,"height":100,"filesize":1520,"mimeType":"image\/webp","sourceUrl":"https:\/\/carro.blog.br\/noticias\/wp-content\/uploads\/2026\/02\/fundo-azul-150x100.webp"},"full":{"file":"fundo-azul-scaled.webp","width":2560,"height":1707,"mimeType":"image\/jpeg","sourceUrl":"https:\/\/carro.blog.br\/noticias\/wp-content\/uploads\/2026\/02\/fundo-azul-scaled.webp","sources":{"image\/webp":{"file":"fundo-azul-scaled.webp","filesize":56840,"sourceUrl":"https:\/\/carro.blog.br\/noticias\/wp-content\/uploads\/2026\/02\/fundo-azul-scaled.webp"}}}},"isPlaceholder":false,"isExternal":false,"needsProxy":false,"baseColor":"#042672","blurHash":"U60xK}a1pJZ}ozZek[belCa%jdj]k9aLk[kY","creationDate":"2026-02-05T11:14:50","src":"https:\/\/carro.blog.br\/noticias\/wp-content\/uploads\/2026\/02\/fundo-azul-scaled.webp","id":6726,"alt":"fundo azul","local":false},"backgroundColor":{"color":{"r":196,"g":196,"b":196}},"x":48,"y":0,"width":330,"height":220,"mask":{"type":"rectangle"},"isBackground":true,"id":"6fde0ec0-6922-4ad0-bb22-691933573fae","overlay":{"type":"linear","rotation":0,"stops":[{"color":{"r":0,"g":0,"b":0,"a":0},"position":0.40000000000000002220446049250313080847263336181640625},{"color":{"r":0,"g":0,"b":0,"a":1},"position":1}],"alpha":0.5},"type":"image"},{"opacity":100,"flip":{"vertical":false,"horizontal":false},"rotationAngle":0,"lockAspectRatio":false,"scale":100,"focalX":50,"focalY":50,"resource":{"type":"image","mimeType":"image\/jpeg","width":1728,"height":1048,"sizes":{"medium":{"file":"BYD-Denza-Z-2026-5-350x212.webp","width":350,"height":212,"filesize":9166,"sources":{"image\/webp":{"file":"BYD-Denza-Z-2026-5-350x212.webp","filesize":9166,"sourceUrl":"https:\/\/carro.blog.br\/noticias\/wp-content\/uploads\/2026\/04\/BYD-Denza-Z-2026-5-350x212.webp"}},"mimeType":"image\/webp","sourceUrl":"https:\/\/carro.blog.br\/noticias\/wp-content\/uploads\/2026\/04\/BYD-Denza-Z-2026-5-350x212.webp"},"thumbnail":{"file":"BYD-Denza-Z-2026-5-900x546.webp","width":900,"height":546,"filesize":26796,"sources":{"image\/webp":{"file":"BYD-Denza-Z-2026-5-900x546.webp","filesize":26796,"sourceUrl":"https:\/\/carro.blog.br\/noticias\/wp-content\/uploads\/2026\/04\/BYD-Denza-Z-2026-5-900x546.webp"}},"mimeType":"image\/webp","sourceUrl":"https:\/\/carro.blog.br\/noticias\/wp-content\/uploads\/2026\/04\/BYD-Denza-Z-2026-5-900x546.webp"},"medium_large":{"file":"BYD-Denza-Z-2026-5-768x466.webp","width":768,"height":466,"filesize":22738,"sources":{"image\/webp":{"file":"BYD-Denza-Z-2026-5-768x466.webp","filesize":22738,"sourceUrl":"https:\/\/carro.blog.br\/noticias\/wp-content\/uploads\/2026\/04\/BYD-Denza-Z-2026-5-768x466.webp"}},"mimeType":"image\/webp","sourceUrl":"https:\/\/carro.blog.br\/noticias\/wp-content\/uploads\/2026\/04\/BYD-Denza-Z-2026-5-768x466.webp"},"1536x1536":{"file":"BYD-Denza-Z-2026-5-1536x932.webp","width":1536,"height":932,"filesize":48388,"mimeType":"image\/webp","sourceUrl":"https:\/\/carro.blog.br\/noticias\/wp-content\/uploads\/2026\/04\/BYD-Denza-Z-2026-5-1536x932.webp"},"web-stories-poster-portrait":{"file":"BYD-Denza-Z-2026-5-640x853.webp","width":640,"height":853,"filesize":20788,"mimeType":"image\/webp","sourceUrl":"https:\/\/carro.blog.br\/noticias\/wp-content\/uploads\/2026\/04\/BYD-Denza-Z-2026-5-640x853.webp"},"web-stories-publisher-logo":{"file":"BYD-Denza-Z-2026-5-96x96.webp","width":96,"height":96,"filesize":1940,"mimeType":"image\/webp","sourceUrl":"https:\/\/carro.blog.br\/noticias\/wp-content\/uploads\/2026\/04\/BYD-Denza-Z-2026-5-96x96.webp"},"web-stories-thumbnail":{"file":"BYD-Denza-Z-2026-5-150x91.webp","width":150,"height":91,"filesize":2764,"mimeType":"image\/webp","sourceUrl":"https:\/\/carro.blog.br\/noticias\/wp-content\/uploads\/2026\/04\/BYD-Denza-Z-2026-5-150x91.webp"},"full":{"file":"BYD-Denza-Z-2026-5.webp","width":1728,"height":1048,"mimeType":"image\/jpeg","sourceUrl":"https:\/\/carro.blog.br\/noticias\/wp-content\/uploads\/2026\/04\/BYD-Denza-Z-2026-5.webp","sources":{"image\/webp":{"file":"BYD-Denza-Z-2026-5.webp","filesize":55990,"sourceUrl":"https:\/\/carro.blog.br\/noticias\/wp-content\/uploads\/2026\/04\/BYD-Denza-Z-2026-5.webp"}}}},"isPlaceholder":false,"isExternal":false,"needsProxy":false,"baseColor":"#464649","blurHash":"UBECwe%L~WWB004.4ooe-;^*Rkt7s%9G~qRj","creationDate":"2026-04-26T16:36:25","src":"https:\/\/carro.blog.br\/noticias\/wp-content\/uploads\/2026\/04\/BYD-Denza-Z-2026-5.webp","id":33407,"alt":"O carro usa tr\u00eas motores el\u00e9tricos e entrega mais de 1.000 cv com tra\u00e7\u00e3o nas quatro rodas, o que explica a arrancada brutal e a sensa\u00e7\u00e3o de empurr\u00e3o imediato ao acelerar","local":false,"provider":"local"},"x":0,"y":24,"width":412,"height":271,"mask":{"type":"rectangle","showInLibrary":true,"name":"Rectangle","path":"M 0,0 1,0 1,1 0,1 0,0 Z","ratio":1,"supportsBorder":true},"id":"9b6afdd6-6233-4848-9a07-aa0c928b13e2","basedOn":"b65b9621-504e-4187-adcf-7c8476322506","borderRadius":{"topLeft":0,"topRight":0,"bottomRight":0,"bottomLeft":0,"locked":true},"alt":"Carro.Blog.Br","border":{"left":0,"right":0,"top":10,"bottom":10,"lockedWidth":false,"color":{"color":{"r":255,"g":255,"b":255}}},"groupId":null,"type":"image"},{"opacity":100,"flip":{"vertical":false,"horizontal":false},"rotationAngle":0,"lockAspectRatio":true,"backgroundTextMode":"HIGHLIGHT","font":{"family":"Roboto Condensed"},"fontSize":24,"backgroundColor":{"color":{"r":1,"g":18,"b":59}},"lineHeight":1,"textAlign":"left","padding":{"locked":true,"hasHiddenPadding":true,"horizontal":11,"vertical":7},"content":"<span style=\"color: #fff\">O visual n\u00e3o esconde a influ\u00eancia europeia. Tem tra\u00e7os que lembram Maserati e Ferrari, enquanto o volante entrega inspira\u00e7\u00e3o clara nos esportivos da Porsche<\/span>","marginOffset":5.578125,"x":53,"y":276,"width":311,"height":232,"basedOn":"714857eb-6e7f-45bc-b781-1661045b2b61","id":"b7871899-c124-48e4-87c0-bb2e12bc6bfa","borderRadius":{"topLeft":0,"topRight":0,"bottomRight":0,"bottomLeft":0,"locked":true},"border":{"left":5,"right":0,"top":0,"bottom":0,"lockedWidth":false,"color":{"color":{"r":255,"g":255,"b":255}}},"type":"text"},{"opacity":100,"flip":{"vertical":false,"horizontal":false},"rotationAngle":0,"lockAspectRatio":false,"scale":100,"focalX":50,"focalY":50,"resource":{"type":"image","mimeType":"image\/webp","width":1500,"height":350,"sizes":{"medium":{"file":"logo-webstories-png-350x82.webp","width":350,"height":82,"filesize":4238,"sources":{"image\/webp":{"file":"logo-webstories-png-350x82.webp","filesize":4238,"sourceUrl":"https:\/\/carro.blog.br\/noticias\/wp-content\/uploads\/2026\/02\/logo-webstories-png-350x82.webp"}},"mimeType":"image\/webp","sourceUrl":"https:\/\/carro.blog.br\/noticias\/wp-content\/uploads\/2026\/02\/logo-webstories-png-350x82.webp"},"thumbnail":{"file":"logo-webstories-png-900x210.webp","width":900,"height":210,"filesize":11324,"sources":{"image\/webp":{"file":"logo-webstories-png-900x210.webp","filesize":11324,"sourceUrl":"https:\/\/carro.blog.br\/noticias\/wp-content\/uploads\/2026\/02\/logo-webstories-png-900x210.webp"}},"mimeType":"image\/webp","sourceUrl":"https:\/\/carro.blog.br\/noticias\/wp-content\/uploads\/2026\/02\/logo-webstories-png-900x210.webp"},"medium_large":{"file":"logo-webstories-png-768x179.webp","width":768,"height":179,"filesize":9604,"sources":{"image\/webp":{"file":"logo-webstories-png-768x179.webp","filesize":9604,"sourceUrl":"https:\/\/carro.blog.br\/noticias\/wp-content\/uploads\/2026\/02\/logo-webstories-png-768x179.webp"}},"mimeType":"image\/webp","sourceUrl":"https:\/\/carro.blog.br\/noticias\/wp-content\/uploads\/2026\/02\/logo-webstories-png-768x179.webp"},"web-stories-poster-portrait":{"file":"logo-webstories-png-640x350.webp","width":640,"height":350,"filesize":7294,"mimeType":"image\/webp","sourceUrl":"https:\/\/carro.blog.br\/noticias\/wp-content\/uploads\/2026\/02\/logo-webstories-png-640x350.webp"},"web-stories-publisher-logo":{"file":"logo-webstories-png-96x96.webp","width":96,"height":96,"filesize":1318,"mimeType":"image\/webp","sourceUrl":"https:\/\/carro.blog.br\/noticias\/wp-content\/uploads\/2026\/02\/logo-webstories-png-96x96.webp"},"web-stories-thumbnail":{"file":"logo-webstories-png-150x35.webp","width":150,"height":35,"filesize":1688,"mimeType":"image\/webp","sourceUrl":"https:\/\/carro.blog.br\/noticias\/wp-content\/uploads\/2026\/02\/logo-webstories-png-150x35.webp"},"full":{"file":"logo-webstories-png.webp","width":1500,"height":350,"mimeType":"image\/webp","sourceUrl":"https:\/\/carro.blog.br\/noticias\/wp-content\/uploads\/2026\/02\/logo-webstories-png.webp","sources":{"image\/webp":{"file":"logo-webstories-png.webp","filesize":20290,"sourceUrl":"https:\/\/carro.blog.br\/noticias\/wp-content\/uploads\/2026\/02\/logo-webstories-png.webp"}}}},"isPlaceholder":false,"isExternal":false,"needsProxy":false,"baseColor":"#dccfac","blurHash":"U7AwJ3~7Ze$#n$s:ofa}009#yYNdbvM}NGn~","creationDate":"2026-02-05T11:34:02","src":"https:\/\/carro.blog.br\/noticias\/wp-content\/uploads\/2026\/02\/logo-webstories-png.webp","id":6731,"alt":"logo-webstories-png","local":false},"x":24.5,"y":-16,"width":363,"height":77,"mask":{"type":"rectangle","showInLibrary":true,"name":"Ret\u00e2ngulo","path":"M 0,0 1,0 1,1 0,1 0,0 Z","ratio":1,"supportsBorder":true},"id":"f3030484-af6c-4f45-974d-6365c546a5af","type":"image"}],"backgroundColor":{"color":{"r":255,"g":255,"b":255}},"animations":[{"id":"ff3b65fe-be00-443f-a0de-7921d272174d","type":"effect-background-zoom","zoomDirection":"scaleOut","duration":6000,"delay":0,"targets":["6fde0ec0-6922-4ad0-bb22-691933573fae"]},{"id":"ce6e4ee5-6016-4a0b-9a93-cb8db704f0f3","type":"effect-fly-in","flyInDir":"rightToLeft","duration":600,"delay":0,"targets":["b7871899-c124-48e4-87c0-bb2e12bc6bfa"]}],"id":"124fa730-c26a-4504-b180-43d0cfe3ca29","image":{"id":28939,"height":1200,"width":800,"url":"https:\/\/carro.blog.br\/noticias\/wp-content\/uploads\/2026\/03\/web-stories-page-template-28938.webp","needsProxy":false,"isExternal":false},"pageAttachment":{"url":"","needsProxy":false,"ctaText":"Arraste Para Cima","theme":"light"},"defaultBackgroundElement":{"opacity":100,"flip":{"vertical":false,"horizontal":false},"rotationAngle":0,"lockAspectRatio":true,"backgroundColor":{"color":{"r":196,"g":196,"b":196}},"x":1,"y":1,"width":1,"height":1,"mask":{"type":"rectangle"},"isBackground":true,"isDefaultBackground":true,"id":"38899e5f-faf8-478f-9600-ee894d175b3f","type":"shape"},"groups":[]},{"elements":[{"opacity":100,"flip":{"vertical":false,"horizontal":false},"rotationAngle":0,"lockAspectRatio":true,"scale":112,"focalX":50,"focalY":50,"resource":{"type":"image","mimeType":"image\/jpeg","width":2560,"height":1707,"sizes":{"medium":{"file":"fundo-azul-350x233.webp","width":350,"height":233,"filesize":5476,"sources":{"image\/webp":{"file":"fundo-azul-350x233.webp","filesize":5476,"sourceUrl":"https:\/\/carro.blog.br\/noticias\/wp-content\/uploads\/2026\/02\/fundo-azul-350x233.webp"}},"mimeType":"image\/webp","sourceUrl":"https:\/\/carro.blog.br\/noticias\/wp-content\/uploads\/2026\/02\/fundo-azul-350x233.webp"},"large":{"file":"fundo-azul-1800x1200.webp","width":1800,"height":1200,"filesize":38644,"sources":{"image\/webp":{"file":"fundo-azul-1800x1200.webp","filesize":38644,"sourceUrl":"https:\/\/carro.blog.br\/noticias\/wp-content\/uploads\/2026\/02\/fundo-azul-1800x1200.webp"}},"mimeType":"image\/webp","sourceUrl":"https:\/\/carro.blog.br\/noticias\/wp-content\/uploads\/2026\/02\/fundo-azul-1800x1200.webp"},"thumbnail":{"file":"fundo-azul-900x600.webp","width":900,"height":600,"filesize":17588,"sources":{"image\/webp":{"file":"fundo-azul-900x600.webp","filesize":17588,"sourceUrl":"https:\/\/carro.blog.br\/noticias\/wp-content\/uploads\/2026\/02\/fundo-azul-900x600.webp"}},"mimeType":"image\/webp","sourceUrl":"https:\/\/carro.blog.br\/noticias\/wp-content\/uploads\/2026\/02\/fundo-azul-900x600.webp"},"medium_large":{"file":"fundo-azul-768x512.webp","width":768,"height":512,"filesize":14734,"sources":{"image\/webp":{"file":"fundo-azul-768x512.webp","filesize":14734,"sourceUrl":"https:\/\/carro.blog.br\/noticias\/wp-content\/uploads\/2026\/02\/fundo-azul-768x512.webp"}},"mimeType":"image\/webp","sourceUrl":"https:\/\/carro.blog.br\/noticias\/wp-content\/uploads\/2026\/02\/fundo-azul-768x512.webp"},"1536x1536":{"file":"fundo-azul-1536x1024.webp","width":1536,"height":1024,"filesize":32230,"mimeType":"image\/webp","sourceUrl":"https:\/\/carro.blog.br\/noticias\/wp-content\/uploads\/2026\/02\/fundo-azul-1536x1024.webp"},"2048x2048":{"file":"fundo-azul-2048x1365.webp","width":2048,"height":1365,"filesize":44568,"mimeType":"image\/webp","sourceUrl":"https:\/\/carro.blog.br\/noticias\/wp-content\/uploads\/2026\/02\/fundo-azul-2048x1365.webp"},"web-stories-poster-portrait":{"file":"fundo-azul-640x853.webp","width":640,"height":853,"filesize":7692,"mimeType":"image\/webp","sourceUrl":"https:\/\/carro.blog.br\/noticias\/wp-content\/uploads\/2026\/02\/fundo-azul-640x853.webp"},"web-stories-publisher-logo":{"file":"fundo-azul-96x96.webp","width":96,"height":96,"filesize":806,"mimeType":"image\/webp","sourceUrl":"https:\/\/carro.blog.br\/noticias\/wp-content\/uploads\/2026\/02\/fundo-azul-96x96.webp"},"web-stories-thumbnail":{"file":"fundo-azul-150x100.webp","width":150,"height":100,"filesize":1520,"mimeType":"image\/webp","sourceUrl":"https:\/\/carro.blog.br\/noticias\/wp-content\/uploads\/2026\/02\/fundo-azul-150x100.webp"},"full":{"file":"fundo-azul-scaled.webp","width":2560,"height":1707,"mimeType":"image\/jpeg","sourceUrl":"https:\/\/carro.blog.br\/noticias\/wp-content\/uploads\/2026\/02\/fundo-azul-scaled.webp","sources":{"image\/webp":{"file":"fundo-azul-scaled.webp","filesize":56840,"sourceUrl":"https:\/\/carro.blog.br\/noticias\/wp-content\/uploads\/2026\/02\/fundo-azul-scaled.webp"}}}},"isPlaceholder":false,"isExternal":false,"needsProxy":false,"baseColor":"#042672","blurHash":"U60xK}a1pJZ}ozZek[belCa%jdj]k9aLk[kY","creationDate":"2026-02-05T11:14:50","src":"https:\/\/carro.blog.br\/noticias\/wp-content\/uploads\/2026\/02\/fundo-azul-scaled.webp","id":6726,"alt":"fundo azul","local":false},"backgroundColor":{"color":{"r":196,"g":196,"b":196}},"x":48,"y":0,"width":330,"height":220,"mask":{"type":"rectangle"},"isBackground":true,"id":"353fdc5e-fb87-45b2-afe7-1073d1e42e15","overlay":{"type":"linear","rotation":0,"stops":[{"color":{"r":0,"g":0,"b":0,"a":0},"position":0.40000000000000002220446049250313080847263336181640625},{"color":{"r":0,"g":0,"b":0,"a":1},"position":1}],"alpha":0.5},"type":"image"},{"opacity":100,"flip":{"vertical":false,"horizontal":false},"rotationAngle":0,"lockAspectRatio":false,"scale":100,"focalX":50,"focalY":50,"resource":{"type":"image","mimeType":"image\/jpeg","width":2368,"height":1352,"sizes":{"medium":{"file":"BYD-Denza-Z-2026-4-350x200.webp","width":350,"height":200,"filesize":10094,"sources":{"image\/webp":{"file":"BYD-Denza-Z-2026-4-350x200.webp","filesize":10094,"sourceUrl":"https:\/\/carro.blog.br\/noticias\/wp-content\/uploads\/2026\/04\/BYD-Denza-Z-2026-4-350x200.webp"}},"mimeType":"image\/webp","sourceUrl":"https:\/\/carro.blog.br\/noticias\/wp-content\/uploads\/2026\/04\/BYD-Denza-Z-2026-4-350x200.webp"},"large":{"file":"BYD-Denza-Z-2026-4-1800x1028.webp","width":1800,"height":1028,"filesize":59908,"sources":{"image\/webp":{"file":"BYD-Denza-Z-2026-4-1800x1028.webp","filesize":59908,"sourceUrl":"https:\/\/carro.blog.br\/noticias\/wp-content\/uploads\/2026\/04\/BYD-Denza-Z-2026-4-1800x1028.webp"}},"mimeType":"image\/webp","sourceUrl":"https:\/\/carro.blog.br\/noticias\/wp-content\/uploads\/2026\/04\/BYD-Denza-Z-2026-4-1800x1028.webp"},"thumbnail":{"file":"BYD-Denza-Z-2026-4-900x514.webp","width":900,"height":514,"filesize":28618,"sources":{"image\/webp":{"file":"BYD-Denza-Z-2026-4-900x514.webp","filesize":28618,"sourceUrl":"https:\/\/carro.blog.br\/noticias\/wp-content\/uploads\/2026\/04\/BYD-Denza-Z-2026-4-900x514.webp"}},"mimeType":"image\/webp","sourceUrl":"https:\/\/carro.blog.br\/noticias\/wp-content\/uploads\/2026\/04\/BYD-Denza-Z-2026-4-900x514.webp"},"medium_large":{"file":"BYD-Denza-Z-2026-4-768x438.webp","width":768,"height":438,"filesize":24088,"sources":{"image\/webp":{"file":"BYD-Denza-Z-2026-4-768x438.webp","filesize":24088,"sourceUrl":"https:\/\/carro.blog.br\/noticias\/wp-content\/uploads\/2026\/04\/BYD-Denza-Z-2026-4-768x438.webp"}},"mimeType":"image\/webp","sourceUrl":"https:\/\/carro.blog.br\/noticias\/wp-content\/uploads\/2026\/04\/BYD-Denza-Z-2026-4-768x438.webp"},"1536x1536":{"file":"BYD-Denza-Z-2026-4-1536x877.webp","width":1536,"height":877,"filesize":49958,"mimeType":"image\/webp","sourceUrl":"https:\/\/carro.blog.br\/noticias\/wp-content\/uploads\/2026\/04\/BYD-Denza-Z-2026-4-1536x877.webp"},"2048x2048":{"file":"BYD-Denza-Z-2026-4-2048x1169.webp","width":2048,"height":1169,"filesize":69586,"mimeType":"image\/webp","sourceUrl":"https:\/\/carro.blog.br\/noticias\/wp-content\/uploads\/2026\/04\/BYD-Denza-Z-2026-4-2048x1169.webp"},"web-stories-poster-portrait":{"file":"BYD-Denza-Z-2026-4-640x853.webp","width":640,"height":853,"filesize":26500,"mimeType":"image\/webp","sourceUrl":"https:\/\/carro.blog.br\/noticias\/wp-content\/uploads\/2026\/04\/BYD-Denza-Z-2026-4-640x853.webp"},"web-stories-publisher-logo":{"file":"BYD-Denza-Z-2026-4-96x96.webp","width":96,"height":96,"filesize":2570,"mimeType":"image\/webp","sourceUrl":"https:\/\/carro.blog.br\/noticias\/wp-content\/uploads\/2026\/04\/BYD-Denza-Z-2026-4-96x96.webp"},"web-stories-thumbnail":{"file":"BYD-Denza-Z-2026-4-150x86.webp","width":150,"height":86,"filesize":3354,"mimeType":"image\/webp","sourceUrl":"https:\/\/carro.blog.br\/noticias\/wp-content\/uploads\/2026\/04\/BYD-Denza-Z-2026-4-150x86.webp"},"full":{"file":"BYD-Denza-Z-2026-4.webp","width":2368,"height":1352,"mimeType":"image\/jpeg","sourceUrl":"https:\/\/carro.blog.br\/noticias\/wp-content\/uploads\/2026\/04\/BYD-Denza-Z-2026-4.webp","sources":{"image\/webp":{"file":"BYD-Denza-Z-2026-4.webp","filesize":85418,"sourceUrl":"https:\/\/carro.blog.br\/noticias\/wp-content\/uploads\/2026\/04\/BYD-Denza-Z-2026-4.webp"}}}},"isPlaceholder":false,"isExternal":false,"needsProxy":false,"baseColor":"#2e3336","blurHash":"UIDm8f00-;D%_4IUxuR*9Fa$ad-;xvD%M{t7","creationDate":"2026-04-26T16:36:21","src":"https:\/\/carro.blog.br\/noticias\/wp-content\/uploads\/2026\/04\/BYD-Denza-Z-2026-4.webp","id":33406,"alt":"Por dentro, aposta em fibra de carbono e tela grande no estilo BYD, com um ambiente que tenta equilibrar luxo e esportividade sem exagerar na tecnologia vis\u00edvel","local":false,"provider":"local"},"x":0,"y":24,"width":412,"height":271,"mask":{"type":"rectangle","showInLibrary":true,"name":"Rectangle","path":"M 0,0 1,0 1,1 0,1 0,0 Z","ratio":1,"supportsBorder":true},"id":"aa49e48e-1c31-431f-9bec-c0ecb008c4b5","basedOn":"b65b9621-504e-4187-adcf-7c8476322506","borderRadius":{"topLeft":0,"topRight":0,"bottomRight":0,"bottomLeft":0,"locked":true},"alt":"Carro.Blog.Br","border":{"left":0,"right":0,"top":10,"bottom":10,"lockedWidth":false,"color":{"color":{"r":255,"g":255,"b":255}}},"groupId":null,"type":"image"},{"opacity":100,"flip":{"vertical":false,"horizontal":false},"rotationAngle":0,"lockAspectRatio":true,"backgroundTextMode":"HIGHLIGHT","font":{"family":"Roboto Condensed"},"fontSize":24,"backgroundColor":{"color":{"r":1,"g":18,"b":59}},"lineHeight":1,"textAlign":"left","padding":{"locked":true,"hasHiddenPadding":true,"horizontal":11,"vertical":7},"content":"<span style=\"color: #fff\">Por dentro, n\u00e3o \u00e9 s\u00f3 luxo, tem proposta pr\u00e1tica. S\u00e3o quatro lugares e acabamento em fibra de carbono. A central grande refor\u00e7a a identidade dos carros da BYD<\/span>","marginOffset":5.578125,"x":53,"y":276,"width":311,"height":232,"basedOn":"714857eb-6e7f-45bc-b781-1661045b2b61","id":"3bc5fc88-ef97-4e6a-8a25-65467a751b5a","borderRadius":{"topLeft":0,"topRight":0,"bottomRight":0,"bottomLeft":0,"locked":true},"border":{"left":5,"right":0,"top":0,"bottom":0,"lockedWidth":false,"color":{"color":{"r":255,"g":255,"b":255}}},"type":"text"},{"opacity":100,"flip":{"vertical":false,"horizontal":false},"rotationAngle":0,"lockAspectRatio":false,"scale":100,"focalX":50,"focalY":50,"resource":{"type":"image","mimeType":"image\/webp","width":1500,"height":350,"sizes":{"medium":{"file":"logo-webstories-png-350x82.webp","width":350,"height":82,"filesize":4238,"sources":{"image\/webp":{"file":"logo-webstories-png-350x82.webp","filesize":4238,"sourceUrl":"https:\/\/carro.blog.br\/noticias\/wp-content\/uploads\/2026\/02\/logo-webstories-png-350x82.webp"}},"mimeType":"image\/webp","sourceUrl":"https:\/\/carro.blog.br\/noticias\/wp-content\/uploads\/2026\/02\/logo-webstories-png-350x82.webp"},"thumbnail":{"file":"logo-webstories-png-900x210.webp","width":900,"height":210,"filesize":11324,"sources":{"image\/webp":{"file":"logo-webstories-png-900x210.webp","filesize":11324,"sourceUrl":"https:\/\/carro.blog.br\/noticias\/wp-content\/uploads\/2026\/02\/logo-webstories-png-900x210.webp"}},"mimeType":"image\/webp","sourceUrl":"https:\/\/carro.blog.br\/noticias\/wp-content\/uploads\/2026\/02\/logo-webstories-png-900x210.webp"},"medium_large":{"file":"logo-webstories-png-768x179.webp","width":768,"height":179,"filesize":9604,"sources":{"image\/webp":{"file":"logo-webstories-png-768x179.webp","filesize":9604,"sourceUrl":"https:\/\/carro.blog.br\/noticias\/wp-content\/uploads\/2026\/02\/logo-webstories-png-768x179.webp"}},"mimeType":"image\/webp","sourceUrl":"https:\/\/carro.blog.br\/noticias\/wp-content\/uploads\/2026\/02\/logo-webstories-png-768x179.webp"},"web-stories-poster-portrait":{"file":"logo-webstories-png-640x350.webp","width":640,"height":350,"filesize":7294,"mimeType":"image\/webp","sourceUrl":"https:\/\/carro.blog.br\/noticias\/wp-content\/uploads\/2026\/02\/logo-webstories-png-640x350.webp"},"web-stories-publisher-logo":{"file":"logo-webstories-png-96x96.webp","width":96,"height":96,"filesize":1318,"mimeType":"image\/webp","sourceUrl":"https:\/\/carro.blog.br\/noticias\/wp-content\/uploads\/2026\/02\/logo-webstories-png-96x96.webp"},"web-stories-thumbnail":{"file":"logo-webstories-png-150x35.webp","width":150,"height":35,"filesize":1688,"mimeType":"image\/webp","sourceUrl":"https:\/\/carro.blog.br\/noticias\/wp-content\/uploads\/2026\/02\/logo-webstories-png-150x35.webp"},"full":{"file":"logo-webstories-png.webp","width":1500,"height":350,"mimeType":"image\/webp","sourceUrl":"https:\/\/carro.blog.br\/noticias\/wp-content\/uploads\/2026\/02\/logo-webstories-png.webp","sources":{"image\/webp":{"file":"logo-webstories-png.webp","filesize":20290,"sourceUrl":"https:\/\/carro.blog.br\/noticias\/wp-content\/uploads\/2026\/02\/logo-webstories-png.webp"}}}},"isPlaceholder":false,"isExternal":false,"needsProxy":false,"baseColor":"#dccfac","blurHash":"U7AwJ3~7Ze$#n$s:ofa}009#yYNdbvM}NGn~","creationDate":"2026-02-05T11:34:02","src":"https:\/\/carro.blog.br\/noticias\/wp-content\/uploads\/2026\/02\/logo-webstories-png.webp","id":6731,"alt":"logo-webstories-png","local":false},"x":24.5,"y":-16,"width":363,"height":77,"mask":{"type":"rectangle","showInLibrary":true,"name":"Ret\u00e2ngulo","path":"M 0,0 1,0 1,1 0,1 0,0 Z","ratio":1,"supportsBorder":true},"id":"1fa83deb-4b0a-4034-a1b8-809ac1e09133","type":"image"}],"backgroundColor":{"color":{"r":255,"g":255,"b":255}},"animations":[{"id":"91e95231-6d6d-4692-be5e-8140e4fc06a6","type":"effect-background-zoom","zoomDirection":"scaleOut","duration":6000,"delay":0,"targets":["353fdc5e-fb87-45b2-afe7-1073d1e42e15"]},{"id":"ab5970c2-e6ce-4b76-96d5-1ad34d492857","type":"effect-fly-in","flyInDir":"rightToLeft","duration":600,"delay":0,"targets":["3bc5fc88-ef97-4e6a-8a25-65467a751b5a"]}],"id":"d2af6e1b-b97e-4da2-a185-383fbfc4c9ed","image":{"id":28939,"height":1200,"width":800,"url":"https:\/\/carro.blog.br\/noticias\/wp-content\/uploads\/2026\/03\/web-stories-page-template-28938.webp","needsProxy":false,"isExternal":false},"pageAttachment":{"url":"","needsProxy":false,"ctaText":"Arraste Para Cima","theme":"light"},"defaultBackgroundElement":{"opacity":100,"flip":{"vertical":false,"horizontal":false},"rotationAngle":0,"lockAspectRatio":true,"backgroundColor":{"color":{"r":196,"g":196,"b":196}},"x":1,"y":1,"width":1,"height":1,"mask":{"type":"rectangle"},"isBackground":true,"isDefaultBackground":true,"id":"38899e5f-faf8-478f-9600-ee894d175b3f","type":"shape"},"groups":[]},{"elements":[{"opacity":100,"flip":{"vertical":false,"horizontal":false},"rotationAngle":0,"lockAspectRatio":true,"scale":112,"focalX":50,"focalY":50,"resource":{"type":"image","mimeType":"image\/jpeg","width":2560,"height":1707,"sizes":{"medium":{"file":"fundo-azul-350x233.webp","width":350,"height":233,"filesize":5476,"sources":{"image\/webp":{"file":"fundo-azul-350x233.webp","filesize":5476,"sourceUrl":"https:\/\/carro.blog.br\/noticias\/wp-content\/uploads\/2026\/02\/fundo-azul-350x233.webp"}},"mimeType":"image\/webp","sourceUrl":"https:\/\/carro.blog.br\/noticias\/wp-content\/uploads\/2026\/02\/fundo-azul-350x233.webp"},"large":{"file":"fundo-azul-1800x1200.webp","width":1800,"height":1200,"filesize":38644,"sources":{"image\/webp":{"file":"fundo-azul-1800x1200.webp","filesize":38644,"sourceUrl":"https:\/\/carro.blog.br\/noticias\/wp-content\/uploads\/2026\/02\/fundo-azul-1800x1200.webp"}},"mimeType":"image\/webp","sourceUrl":"https:\/\/carro.blog.br\/noticias\/wp-content\/uploads\/2026\/02\/fundo-azul-1800x1200.webp"},"thumbnail":{"file":"fundo-azul-900x600.webp","width":900,"height":600,"filesize":17588,"sources":{"image\/webp":{"file":"fundo-azul-900x600.webp","filesize":17588,"sourceUrl":"https:\/\/carro.blog.br\/noticias\/wp-content\/uploads\/2026\/02\/fundo-azul-900x600.webp"}},"mimeType":"image\/webp","sourceUrl":"https:\/\/carro.blog.br\/noticias\/wp-content\/uploads\/2026\/02\/fundo-azul-900x600.webp"},"medium_large":{"file":"fundo-azul-768x512.webp","width":768,"height":512,"filesize":14734,"sources":{"image\/webp":{"file":"fundo-azul-768x512.webp","filesize":14734,"sourceUrl":"https:\/\/carro.blog.br\/noticias\/wp-content\/uploads\/2026\/02\/fundo-azul-768x512.webp"}},"mimeType":"image\/webp","sourceUrl":"https:\/\/carro.blog.br\/noticias\/wp-content\/uploads\/2026\/02\/fundo-azul-768x512.webp"},"1536x1536":{"file":"fundo-azul-1536x1024.webp","width":1536,"height":1024,"filesize":32230,"mimeType":"image\/webp","sourceUrl":"https:\/\/carro.blog.br\/noticias\/wp-content\/uploads\/2026\/02\/fundo-azul-1536x1024.webp"},"2048x2048":{"file":"fundo-azul-2048x1365.webp","width":2048,"height":1365,"filesize":44568,"mimeType":"image\/webp","sourceUrl":"https:\/\/carro.blog.br\/noticias\/wp-content\/uploads\/2026\/02\/fundo-azul-2048x1365.webp"},"web-stories-poster-portrait":{"file":"fundo-azul-640x853.webp","width":640,"height":853,"filesize":7692,"mimeType":"image\/webp","sourceUrl":"https:\/\/carro.blog.br\/noticias\/wp-content\/uploads\/2026\/02\/fundo-azul-640x853.webp"},"web-stories-publisher-logo":{"file":"fundo-azul-96x96.webp","width":96,"height":96,"filesize":806,"mimeType":"image\/webp","sourceUrl":"https:\/\/carro.blog.br\/noticias\/wp-content\/uploads\/2026\/02\/fundo-azul-96x96.webp"},"web-stories-thumbnail":{"file":"fundo-azul-150x100.webp","width":150,"height":100,"filesize":1520,"mimeType":"image\/webp","sourceUrl":"https:\/\/carro.blog.br\/noticias\/wp-content\/uploads\/2026\/02\/fundo-azul-150x100.webp"},"full":{"file":"fundo-azul-scaled.webp","width":2560,"height":1707,"mimeType":"image\/jpeg","sourceUrl":"https:\/\/carro.blog.br\/noticias\/wp-content\/uploads\/2026\/02\/fundo-azul-scaled.webp","sources":{"image\/webp":{"file":"fundo-azul-scaled.webp","filesize":56840,"sourceUrl":"https:\/\/carro.blog.br\/noticias\/wp-content\/uploads\/2026\/02\/fundo-azul-scaled.webp"}}}},"isPlaceholder":false,"isExternal":false,"needsProxy":false,"baseColor":"#042672","blurHash":"U60xK}a1pJZ}ozZek[belCa%jdj]k9aLk[kY","creationDate":"2026-02-05T11:14:50","src":"https:\/\/carro.blog.br\/noticias\/wp-content\/uploads\/2026\/02\/fundo-azul-scaled.webp","id":6726,"alt":"fundo azul","local":false},"backgroundColor":{"color":{"r":196,"g":196,"b":196}},"x":48,"y":0,"width":330,"height":220,"mask":{"type":"rectangle"},"isBackground":true,"id":"93d7513b-31aa-43f8-89a4-9b65df14be96","overlay":{"type":"linear","rotation":0,"stops":[{"color":{"r":0,"g":0,"b":0,"a":0},"position":0.40000000000000002220446049250313080847263336181640625},{"color":{"r":0,"g":0,"b":0,"a":1},"position":1}],"alpha":0.5},"type":"image"},{"opacity":100,"flip":{"vertical":false,"horizontal":false},"rotationAngle":0,"lockAspectRatio":false,"scale":100,"focalX":50,"focalY":50,"resource":{"type":"image","mimeType":"image\/jpeg","width":2010,"height":1282,"sizes":{"medium":{"file":"BYD-Denza-Z-2026-1-350x223.webp","width":350,"height":223,"filesize":6968,"sources":{"image\/webp":{"file":"BYD-Denza-Z-2026-1-350x223.webp","filesize":6968,"sourceUrl":"https:\/\/carro.blog.br\/noticias\/wp-content\/uploads\/2026\/04\/BYD-Denza-Z-2026-1-350x223.webp"}},"mimeType":"image\/webp","sourceUrl":"https:\/\/carro.blog.br\/noticias\/wp-content\/uploads\/2026\/04\/BYD-Denza-Z-2026-1-350x223.webp"},"large":{"file":"BYD-Denza-Z-2026-1-1800x1148.webp","width":1800,"height":1148,"filesize":48614,"sources":{"image\/webp":{"file":"BYD-Denza-Z-2026-1-1800x1148.webp","filesize":48614,"sourceUrl":"https:\/\/carro.blog.br\/noticias\/wp-content\/uploads\/2026\/04\/BYD-Denza-Z-2026-1-1800x1148.webp"}},"mimeType":"image\/webp","sourceUrl":"https:\/\/carro.blog.br\/noticias\/wp-content\/uploads\/2026\/04\/BYD-Denza-Z-2026-1-1800x1148.webp"},"thumbnail":{"file":"BYD-Denza-Z-2026-1-900x574.webp","width":900,"height":574,"filesize":21806,"sources":{"image\/webp":{"file":"BYD-Denza-Z-2026-1-900x574.webp","filesize":21806,"sourceUrl":"https:\/\/carro.blog.br\/noticias\/wp-content\/uploads\/2026\/04\/BYD-Denza-Z-2026-1-900x574.webp"}},"mimeType":"image\/webp","sourceUrl":"https:\/\/carro.blog.br\/noticias\/wp-content\/uploads\/2026\/04\/BYD-Denza-Z-2026-1-900x574.webp"},"medium_large":{"file":"BYD-Denza-Z-2026-1-768x490.webp","width":768,"height":490,"filesize":18156,"sources":{"image\/webp":{"file":"BYD-Denza-Z-2026-1-768x490.webp","filesize":18156,"sourceUrl":"https:\/\/carro.blog.br\/noticias\/wp-content\/uploads\/2026\/04\/BYD-Denza-Z-2026-1-768x490.webp"}},"mimeType":"image\/webp","sourceUrl":"https:\/\/carro.blog.br\/noticias\/wp-content\/uploads\/2026\/04\/BYD-Denza-Z-2026-1-768x490.webp"},"1536x1536":{"file":"BYD-Denza-Z-2026-1-1536x980.webp","width":1536,"height":980,"filesize":40678,"mimeType":"image\/webp","sourceUrl":"https:\/\/carro.blog.br\/noticias\/wp-content\/uploads\/2026\/04\/BYD-Denza-Z-2026-1-1536x980.webp"},"web-stories-poster-portrait":{"file":"BYD-Denza-Z-2026-1-640x853.webp","width":640,"height":853,"filesize":18434,"mimeType":"image\/webp","sourceUrl":"https:\/\/carro.blog.br\/noticias\/wp-content\/uploads\/2026\/04\/BYD-Denza-Z-2026-1-640x853.webp"},"web-stories-publisher-logo":{"file":"BYD-Denza-Z-2026-1-96x96.webp","width":96,"height":96,"filesize":1648,"mimeType":"image\/webp","sourceUrl":"https:\/\/carro.blog.br\/noticias\/wp-content\/uploads\/2026\/04\/BYD-Denza-Z-2026-1-96x96.webp"},"web-stories-thumbnail":{"file":"BYD-Denza-Z-2026-1-150x96.webp","width":150,"height":96,"filesize":2164,"mimeType":"image\/webp","sourceUrl":"https:\/\/carro.blog.br\/noticias\/wp-content\/uploads\/2026\/04\/BYD-Denza-Z-2026-1-150x96.webp"},"full":{"file":"BYD-Denza-Z-2026-1.webp","width":2010,"height":1282,"mimeType":"image\/jpeg","sourceUrl":"https:\/\/carro.blog.br\/noticias\/wp-content\/uploads\/2026\/04\/BYD-Denza-Z-2026-1.webp","sources":{"image\/webp":{"file":"BYD-Denza-Z-2026-1.webp","filesize":57966,"sourceUrl":"https:\/\/carro.blog.br\/noticias\/wp-content\/uploads\/2026\/04\/BYD-Denza-Z-2026-1.webp"}}}},"isPlaceholder":false,"isExternal":false,"needsProxy":false,"baseColor":"#bac0c9","blurHash":"UmH{A^%L-poe~qoKaxax%Lf5RjfkV@ayayof","creationDate":"2026-04-26T16:38:35","src":"https:\/\/carro.blog.br\/noticias\/wp-content\/uploads\/2026\/04\/BYD-Denza-Z-2026-1.webp","id":33408,"alt":"","local":false,"provider":"local"},"x":0,"y":24,"width":412,"height":271,"mask":{"type":"rectangle","showInLibrary":true,"name":"Rectangle","path":"M 0,0 1,0 1,1 0,1 0,0 Z","ratio":1,"supportsBorder":true},"id":"ac4c53e2-1407-4294-ad25-7815c4f7f718","basedOn":"b65b9621-504e-4187-adcf-7c8476322506","borderRadius":{"topLeft":0,"topRight":0,"bottomRight":0,"bottomLeft":0,"locked":true},"alt":"Carro.Blog.Br","border":{"left":0,"right":0,"top":10,"bottom":10,"lockedWidth":false,"color":{"color":{"r":255,"g":255,"b":255}}},"groupId":null,"type":"image"},{"opacity":100,"flip":{"vertical":false,"horizontal":false},"rotationAngle":0,"lockAspectRatio":true,"backgroundTextMode":"HIGHLIGHT","font":{"family":"Roboto Condensed"},"fontSize":24,"backgroundColor":{"color":{"r":1,"g":18,"b":59}},"lineHeight":1,"textAlign":"left","padding":{"locked":true,"hasHiddenPadding":true,"horizontal":11,"vertical":7},"content":"<span style=\"color: #fff\">A tecnologia tamb\u00e9m chama aten\u00e7\u00e3o. O Denza Z usa suspens\u00e3o magn\u00e9tica DiSus-M e um sistema que leva a bateria de 10% a 97% em s\u00f3 9 minutos. Isso muda o jogo<\/span>","marginOffset":5.578125,"x":53,"y":276,"width":311,"height":232,"basedOn":"714857eb-6e7f-45bc-b781-1661045b2b61","id":"eda72ea6-142e-4e3b-887b-386c777f51d6","borderRadius":{"topLeft":0,"topRight":0,"bottomRight":0,"bottomLeft":0,"locked":true},"border":{"left":5,"right":0,"top":0,"bottom":0,"lockedWidth":false,"color":{"color":{"r":255,"g":255,"b":255}}},"type":"text"},{"opacity":100,"flip":{"vertical":false,"horizontal":false},"rotationAngle":0,"lockAspectRatio":false,"scale":100,"focalX":50,"focalY":50,"resource":{"type":"image","mimeType":"image\/webp","width":1500,"height":350,"sizes":{"medium":{"file":"logo-webstories-png-350x82.webp","width":350,"height":82,"filesize":4238,"sources":{"image\/webp":{"file":"logo-webstories-png-350x82.webp","filesize":4238,"sourceUrl":"https:\/\/carro.blog.br\/noticias\/wp-content\/uploads\/2026\/02\/logo-webstories-png-350x82.webp"}},"mimeType":"image\/webp","sourceUrl":"https:\/\/carro.blog.br\/noticias\/wp-content\/uploads\/2026\/02\/logo-webstories-png-350x82.webp"},"thumbnail":{"file":"logo-webstories-png-900x210.webp","width":900,"height":210,"filesize":11324,"sources":{"image\/webp":{"file":"logo-webstories-png-900x210.webp","filesize":11324,"sourceUrl":"https:\/\/carro.blog.br\/noticias\/wp-content\/uploads\/2026\/02\/logo-webstories-png-900x210.webp"}},"mimeType":"image\/webp","sourceUrl":"https:\/\/carro.blog.br\/noticias\/wp-content\/uploads\/2026\/02\/logo-webstories-png-900x210.webp"},"medium_large":{"file":"logo-webstories-png-768x179.webp","width":768,"height":179,"filesize":9604,"sources":{"image\/webp":{"file":"logo-webstories-png-768x179.webp","filesize":9604,"sourceUrl":"https:\/\/carro.blog.br\/noticias\/wp-content\/uploads\/2026\/02\/logo-webstories-png-768x179.webp"}},"mimeType":"image\/webp","sourceUrl":"https:\/\/carro.blog.br\/noticias\/wp-content\/uploads\/2026\/02\/logo-webstories-png-768x179.webp"},"web-stories-poster-portrait":{"file":"logo-webstories-png-640x350.webp","width":640,"height":350,"filesize":7294,"mimeType":"image\/webp","sourceUrl":"https:\/\/carro.blog.br\/noticias\/wp-content\/uploads\/2026\/02\/logo-webstories-png-640x350.webp"},"web-stories-publisher-logo":{"file":"logo-webstories-png-96x96.webp","width":96,"height":96,"filesize":1318,"mimeType":"image\/webp","sourceUrl":"https:\/\/carro.blog.br\/noticias\/wp-content\/uploads\/2026\/02\/logo-webstories-png-96x96.webp"},"web-stories-thumbnail":{"file":"logo-webstories-png-150x35.webp","width":150,"height":35,"filesize":1688,"mimeType":"image\/webp","sourceUrl":"https:\/\/carro.blog.br\/noticias\/wp-content\/uploads\/2026\/02\/logo-webstories-png-150x35.webp"},"full":{"file":"logo-webstories-png.webp","width":1500,"height":350,"mimeType":"image\/webp","sourceUrl":"https:\/\/carro.blog.br\/noticias\/wp-content\/uploads\/2026\/02\/logo-webstories-png.webp","sources":{"image\/webp":{"file":"logo-webstories-png.webp","filesize":20290,"sourceUrl":"https:\/\/carro.blog.br\/noticias\/wp-content\/uploads\/2026\/02\/logo-webstories-png.webp"}}}},"isPlaceholder":false,"isExternal":false,"needsProxy":false,"baseColor":"#dccfac","blurHash":"U7AwJ3~7Ze$#n$s:ofa}009#yYNdbvM}NGn~","creationDate":"2026-02-05T11:34:02","src":"https:\/\/carro.blog.br\/noticias\/wp-content\/uploads\/2026\/02\/logo-webstories-png.webp","id":6731,"alt":"logo-webstories-png","local":false},"x":24.5,"y":-16,"width":363,"height":77,"mask":{"type":"rectangle","showInLibrary":true,"name":"Ret\u00e2ngulo","path":"M 0,0 1,0 1,1 0,1 0,0 Z","ratio":1,"supportsBorder":true},"id":"322e0d9f-452b-461f-8168-7ad6f0629711","type":"image"}],"backgroundColor":{"color":{"r":255,"g":255,"b":255}},"animations":[{"id":"bfff7563-25d1-4153-8ba0-58c0e5deb0b6","type":"effect-background-zoom","zoomDirection":"scaleOut","duration":6000,"delay":0,"targets":["93d7513b-31aa-43f8-89a4-9b65df14be96"]},{"id":"0f0b6907-e845-4f11-a0d1-88dbd44e3118","type":"effect-fly-in","flyInDir":"rightToLeft","duration":600,"delay":0,"targets":["eda72ea6-142e-4e3b-887b-386c777f51d6"]}],"id":"bb77d1c5-b03d-4279-ac1b-17fab2d8aa40","image":{"id":28939,"height":1200,"width":800,"url":"https:\/\/carro.blog.br\/noticias\/wp-content\/uploads\/2026\/03\/web-stories-page-template-28938.webp","needsProxy":false,"isExternal":false},"pageAttachment":{"url":"","needsProxy":false,"ctaText":"Arraste Para Cima","theme":"light"},"defaultBackgroundElement":{"opacity":100,"flip":{"vertical":false,"horizontal":false},"rotationAngle":0,"lockAspectRatio":true,"backgroundColor":{"color":{"r":196,"g":196,"b":196}},"x":1,"y":1,"width":1,"height":1,"mask":{"type":"rectangle"},"isBackground":true,"isDefaultBackground":true,"id":"38899e5f-faf8-478f-9600-ee894d175b3f","type":"shape"},"groups":[]},{"elements":[{"opacity":100,"flip":{"vertical":false,"horizontal":false},"rotationAngle":0,"lockAspectRatio":true,"scale":112,"focalX":50,"focalY":50,"resource":{"type":"image","mimeType":"image\/jpeg","width":2560,"height":1707,"sizes":{"medium":{"file":"fundo-azul-350x233.webp","width":350,"height":233,"filesize":5476,"sources":{"image\/webp":{"file":"fundo-azul-350x233.webp","filesize":5476,"sourceUrl":"https:\/\/carro.blog.br\/noticias\/wp-content\/uploads\/2026\/02\/fundo-azul-350x233.webp"}},"mimeType":"image\/webp","sourceUrl":"https:\/\/carro.blog.br\/noticias\/wp-content\/uploads\/2026\/02\/fundo-azul-350x233.webp"},"large":{"file":"fundo-azul-1800x1200.webp","width":1800,"height":1200,"filesize":38644,"sources":{"image\/webp":{"file":"fundo-azul-1800x1200.webp","filesize":38644,"sourceUrl":"https:\/\/carro.blog.br\/noticias\/wp-content\/uploads\/2026\/02\/fundo-azul-1800x1200.webp"}},"mimeType":"image\/webp","sourceUrl":"https:\/\/carro.blog.br\/noticias\/wp-content\/uploads\/2026\/02\/fundo-azul-1800x1200.webp"},"thumbnail":{"file":"fundo-azul-900x600.webp","width":900,"height":600,"filesize":17588,"sources":{"image\/webp":{"file":"fundo-azul-900x600.webp","filesize":17588,"sourceUrl":"https:\/\/carro.blog.br\/noticias\/wp-content\/uploads\/2026\/02\/fundo-azul-900x600.webp"}},"mimeType":"image\/webp","sourceUrl":"https:\/\/carro.blog.br\/noticias\/wp-content\/uploads\/2026\/02\/fundo-azul-900x600.webp"},"medium_large":{"file":"fundo-azul-768x512.webp","width":768,"height":512,"filesize":14734,"sources":{"image\/webp":{"file":"fundo-azul-768x512.webp","filesize":14734,"sourceUrl":"https:\/\/carro.blog.br\/noticias\/wp-content\/uploads\/2026\/02\/fundo-azul-768x512.webp"}},"mimeType":"image\/webp","sourceUrl":"https:\/\/carro.blog.br\/noticias\/wp-content\/uploads\/2026\/02\/fundo-azul-768x512.webp"},"1536x1536":{"file":"fundo-azul-1536x1024.webp","width":1536,"height":1024,"filesize":32230,"mimeType":"image\/webp","sourceUrl":"https:\/\/carro.blog.br\/noticias\/wp-content\/uploads\/2026\/02\/fundo-azul-1536x1024.webp"},"2048x2048":{"file":"fundo-azul-2048x1365.webp","width":2048,"height":1365,"filesize":44568,"mimeType":"image\/webp","sourceUrl":"https:\/\/carro.blog.br\/noticias\/wp-content\/uploads\/2026\/02\/fundo-azul-2048x1365.webp"},"web-stories-poster-portrait":{"file":"fundo-azul-640x853.webp","width":640,"height":853,"filesize":7692,"mimeType":"image\/webp","sourceUrl":"https:\/\/carro.blog.br\/noticias\/wp-content\/uploads\/2026\/02\/fundo-azul-640x853.webp"},"web-stories-publisher-logo":{"file":"fundo-azul-96x96.webp","width":96,"height":96,"filesize":806,"mimeType":"image\/webp","sourceUrl":"https:\/\/carro.blog.br\/noticias\/wp-content\/uploads\/2026\/02\/fundo-azul-96x96.webp"},"web-stories-thumbnail":{"file":"fundo-azul-150x100.webp","width":150,"height":100,"filesize":1520,"mimeType":"image\/webp","sourceUrl":"https:\/\/carro.blog.br\/noticias\/wp-content\/uploads\/2026\/02\/fundo-azul-150x100.webp"},"full":{"file":"fundo-azul-scaled.webp","width":2560,"height":1707,"mimeType":"image\/jpeg","sourceUrl":"https:\/\/carro.blog.br\/noticias\/wp-content\/uploads\/2026\/02\/fundo-azul-scaled.webp","sources":{"image\/webp":{"file":"fundo-azul-scaled.webp","filesize":56840,"sourceUrl":"https:\/\/carro.blog.br\/noticias\/wp-content\/uploads\/2026\/02\/fundo-azul-scaled.webp"}}}},"isPlaceholder":false,"isExternal":false,"needsProxy":false,"baseColor":"#042672","blurHash":"U60xK}a1pJZ}ozZek[belCa%jdj]k9aLk[kY","creationDate":"2026-02-05T11:14:50","src":"https:\/\/carro.blog.br\/noticias\/wp-content\/uploads\/2026\/02\/fundo-azul-scaled.webp","id":6726,"alt":"fundo azul","local":false},"backgroundColor":{"color":{"r":196,"g":196,"b":196}},"x":48,"y":0,"width":330,"height":220,"mask":{"type":"rectangle"},"isBackground":true,"id":"6cce5504-7499-4448-ae90-308580dbe5bc","overlay":{"type":"linear","rotation":0,"stops":[{"color":{"r":0,"g":0,"b":0,"a":0},"position":0.40000000000000002220446049250313080847263336181640625},{"color":{"r":0,"g":0,"b":0,"a":1},"position":1}],"alpha":0.5},"type":"image"},{"opacity":100,"flip":{"vertical":false,"horizontal":false},"rotationAngle":0,"lockAspectRatio":false,"scale":100,"focalX":50,"focalY":50,"resource":{"type":"image","mimeType":"image\/jpeg","width":1728,"height":1048,"sizes":{"medium":{"file":"BYD-Denza-Z-2026-5-350x212.webp","width":350,"height":212,"filesize":9166,"sources":{"image\/webp":{"file":"BYD-Denza-Z-2026-5-350x212.webp","filesize":9166,"sourceUrl":"https:\/\/carro.blog.br\/noticias\/wp-content\/uploads\/2026\/04\/BYD-Denza-Z-2026-5-350x212.webp"}},"mimeType":"image\/webp","sourceUrl":"https:\/\/carro.blog.br\/noticias\/wp-content\/uploads\/2026\/04\/BYD-Denza-Z-2026-5-350x212.webp"},"thumbnail":{"file":"BYD-Denza-Z-2026-5-900x546.webp","width":900,"height":546,"filesize":26796,"sources":{"image\/webp":{"file":"BYD-Denza-Z-2026-5-900x546.webp","filesize":26796,"sourceUrl":"https:\/\/carro.blog.br\/noticias\/wp-content\/uploads\/2026\/04\/BYD-Denza-Z-2026-5-900x546.webp"}},"mimeType":"image\/webp","sourceUrl":"https:\/\/carro.blog.br\/noticias\/wp-content\/uploads\/2026\/04\/BYD-Denza-Z-2026-5-900x546.webp"},"medium_large":{"file":"BYD-Denza-Z-2026-5-768x466.webp","width":768,"height":466,"filesize":22738,"sources":{"image\/webp":{"file":"BYD-Denza-Z-2026-5-768x466.webp","filesize":22738,"sourceUrl":"https:\/\/carro.blog.br\/noticias\/wp-content\/uploads\/2026\/04\/BYD-Denza-Z-2026-5-768x466.webp"}},"mimeType":"image\/webp","sourceUrl":"https:\/\/carro.blog.br\/noticias\/wp-content\/uploads\/2026\/04\/BYD-Denza-Z-2026-5-768x466.webp"},"1536x1536":{"file":"BYD-Denza-Z-2026-5-1536x932.webp","width":1536,"height":932,"filesize":48388,"mimeType":"image\/webp","sourceUrl":"https:\/\/carro.blog.br\/noticias\/wp-content\/uploads\/2026\/04\/BYD-Denza-Z-2026-5-1536x932.webp"},"web-stories-poster-portrait":{"file":"BYD-Denza-Z-2026-5-640x853.webp","width":640,"height":853,"filesize":20788,"mimeType":"image\/webp","sourceUrl":"https:\/\/carro.blog.br\/noticias\/wp-content\/uploads\/2026\/04\/BYD-Denza-Z-2026-5-640x853.webp"},"web-stories-publisher-logo":{"file":"BYD-Denza-Z-2026-5-96x96.webp","width":96,"height":96,"filesize":1940,"mimeType":"image\/webp","sourceUrl":"https:\/\/carro.blog.br\/noticias\/wp-content\/uploads\/2026\/04\/BYD-Denza-Z-2026-5-96x96.webp"},"web-stories-thumbnail":{"file":"BYD-Denza-Z-2026-5-150x91.webp","width":150,"height":91,"filesize":2764,"mimeType":"image\/webp","sourceUrl":"https:\/\/carro.blog.br\/noticias\/wp-content\/uploads\/2026\/04\/BYD-Denza-Z-2026-5-150x91.webp"},"full":{"file":"BYD-Denza-Z-2026-5.webp","width":1728,"height":1048,"mimeType":"image\/jpeg","sourceUrl":"https:\/\/carro.blog.br\/noticias\/wp-content\/uploads\/2026\/04\/BYD-Denza-Z-2026-5.webp","sources":{"image\/webp":{"file":"BYD-Denza-Z-2026-5.webp","filesize":55990,"sourceUrl":"https:\/\/carro.blog.br\/noticias\/wp-content\/uploads\/2026\/04\/BYD-Denza-Z-2026-5.webp"}}}},"isPlaceholder":false,"isExternal":false,"needsProxy":false,"baseColor":"#464649","blurHash":"UBECwe%L~WWB004.4ooe-;^*Rkt7s%9G~qRj","creationDate":"2026-04-26T16:36:25","src":"https:\/\/carro.blog.br\/noticias\/wp-content\/uploads\/2026\/04\/BYD-Denza-Z-2026-5.webp","id":33407,"alt":"O carro usa tr\u00eas motores el\u00e9tricos e entrega mais de 1.000 cv com tra\u00e7\u00e3o nas quatro rodas, o que explica a arrancada brutal e a sensa\u00e7\u00e3o de empurr\u00e3o imediato ao acelerar","local":false,"provider":"local"},"x":0,"y":24,"width":412,"height":271,"mask":{"type":"rectangle","showInLibrary":true,"name":"Rectangle","path":"M 0,0 1,0 1,1 0,1 0,0 Z","ratio":1,"supportsBorder":true},"id":"16704b0b-a1ae-4b11-b24e-b0e67343cba8","basedOn":"b65b9621-504e-4187-adcf-7c8476322506","borderRadius":{"topLeft":0,"topRight":0,"bottomRight":0,"bottomLeft":0,"locked":true},"alt":"Carro.Blog.Br","border":{"left":0,"right":0,"top":10,"bottom":10,"lockedWidth":false,"color":{"color":{"r":255,"g":255,"b":255}}},"groupId":null,"type":"image"},{"opacity":100,"flip":{"vertical":false,"horizontal":false},"rotationAngle":0,"lockAspectRatio":true,"backgroundTextMode":"HIGHLIGHT","font":{"family":"Roboto Condensed"},"fontSize":24,"backgroundColor":{"color":{"r":1,"g":18,"b":59}},"lineHeight":1,"textAlign":"left","padding":{"locked":true,"hasHiddenPadding":true,"horizontal":11,"vertical":7},"content":"<span style=\"color: #fff\">O plano da BYD j\u00e1 est\u00e1 definido. O modelo estreia globalmente em julho, na Inglaterra, e chega ao Brasil no segundo semestre de 2026. Vale ficar de olho<\/span>","marginOffset":5.578125,"x":53,"y":276,"width":311,"height":232,"basedOn":"714857eb-6e7f-45bc-b781-1661045b2b61","id":"95793614-7e9b-49d3-84da-2e8f436f863d","borderRadius":{"topLeft":0,"topRight":0,"bottomRight":0,"bottomLeft":0,"locked":true},"border":{"left":5,"right":0,"top":0,"bottom":0,"lockedWidth":false,"color":{"color":{"r":255,"g":255,"b":255}}},"type":"text"},{"opacity":100,"flip":{"vertical":false,"horizontal":false},"rotationAngle":0,"lockAspectRatio":false,"scale":100,"focalX":50,"focalY":50,"resource":{"type":"image","mimeType":"image\/webp","width":1500,"height":350,"sizes":{"medium":{"file":"logo-webstories-png-350x82.webp","width":350,"height":82,"filesize":4238,"sources":{"image\/webp":{"file":"logo-webstories-png-350x82.webp","filesize":4238,"sourceUrl":"https:\/\/carro.blog.br\/noticias\/wp-content\/uploads\/2026\/02\/logo-webstories-png-350x82.webp"}},"mimeType":"image\/webp","sourceUrl":"https:\/\/carro.blog.br\/noticias\/wp-content\/uploads\/2026\/02\/logo-webstories-png-350x82.webp"},"thumbnail":{"file":"logo-webstories-png-900x210.webp","width":900,"height":210,"filesize":11324,"sources":{"image\/webp":{"file":"logo-webstories-png-900x210.webp","filesize":11324,"sourceUrl":"https:\/\/carro.blog.br\/noticias\/wp-content\/uploads\/2026\/02\/logo-webstories-png-900x210.webp"}},"mimeType":"image\/webp","sourceUrl":"https:\/\/carro.blog.br\/noticias\/wp-content\/uploads\/2026\/02\/logo-webstories-png-900x210.webp"},"medium_large":{"file":"logo-webstories-png-768x179.webp","width":768,"height":179,"filesize":9604,"sources":{"image\/webp":{"file":"logo-webstories-png-768x179.webp","filesize":9604,"sourceUrl":"https:\/\/carro.blog.br\/noticias\/wp-content\/uploads\/2026\/02\/logo-webstories-png-768x179.webp"}},"mimeType":"image\/webp","sourceUrl":"https:\/\/carro.blog.br\/noticias\/wp-content\/uploads\/2026\/02\/logo-webstories-png-768x179.webp"},"web-stories-poster-portrait":{"file":"logo-webstories-png-640x350.webp","width":640,"height":350,"filesize":7294,"mimeType":"image\/webp","sourceUrl":"https:\/\/carro.blog.br\/noticias\/wp-content\/uploads\/2026\/02\/logo-webstories-png-640x350.webp"},"web-stories-publisher-logo":{"file":"logo-webstories-png-96x96.webp","width":96,"height":96,"filesize":1318,"mimeType":"image\/webp","sourceUrl":"https:\/\/carro.blog.br\/noticias\/wp-content\/uploads\/2026\/02\/logo-webstories-png-96x96.webp"},"web-stories-thumbnail":{"file":"logo-webstories-png-150x35.webp","width":150,"height":35,"filesize":1688,"mimeType":"image\/webp","sourceUrl":"https:\/\/carro.blog.br\/noticias\/wp-content\/uploads\/2026\/02\/logo-webstories-png-150x35.webp"},"full":{"file":"logo-webstories-png.webp","width":1500,"height":350,"mimeType":"image\/webp","sourceUrl":"https:\/\/carro.blog.br\/noticias\/wp-content\/uploads\/2026\/02\/logo-webstories-png.webp","sources":{"image\/webp":{"file":"logo-webstories-png.webp","filesize":20290,"sourceUrl":"https:\/\/carro.blog.br\/noticias\/wp-content\/uploads\/2026\/02\/logo-webstories-png.webp"}}}},"isPlaceholder":false,"isExternal":false,"needsProxy":false,"baseColor":"#dccfac","blurHash":"U7AwJ3~7Ze$#n$s:ofa}009#yYNdbvM}NGn~","creationDate":"2026-02-05T11:34:02","src":"https:\/\/carro.blog.br\/noticias\/wp-content\/uploads\/2026\/02\/logo-webstories-png.webp","id":6731,"alt":"logo-webstories-png","local":false},"x":24.5,"y":-16,"width":363,"height":77,"mask":{"type":"rectangle","showInLibrary":true,"name":"Ret\u00e2ngulo","path":"M 0,0 1,0 1,1 0,1 0,0 Z","ratio":1,"supportsBorder":true},"id":"0e38c569-7620-41bb-a4f5-4d6e7425c495","type":"image"}],"backgroundColor":{"color":{"r":255,"g":255,"b":255}},"animations":[{"id":"e32c5754-8ac1-4610-908b-a080023a087d","type":"effect-background-zoom","zoomDirection":"scaleOut","duration":6000,"delay":0,"targets":["6cce5504-7499-4448-ae90-308580dbe5bc"]},{"id":"143e6677-7984-465e-801b-65032bb7fa5e","type":"effect-fly-in","flyInDir":"rightToLeft","duration":600,"delay":0,"targets":["95793614-7e9b-49d3-84da-2e8f436f863d"]}],"id":"cad43288-3c65-4039-a289-431a142e5978","image":{"id":28939,"height":1200,"width":800,"url":"https:\/\/carro.blog.br\/noticias\/wp-content\/uploads\/2026\/03\/web-stories-page-template-28938.webp","needsProxy":false,"isExternal":false},"pageAttachment":{"url":"https:\/\/carro.blog.br\/noticias\/mercado-automotivo\/denza-z-chega-ao-brasil-em-2026-com-mais-de-1-000-cv-e-recarga-em-apenas-9-minutos.html","needsProxy":false,"ctaText":"Arraste Para Cima","theme":"light","icon":"https:\/\/carro.blog.br\/noticias\/wp-content\/uploads\/2026\/04\/BYD-Denza-Z-2026-1.webp"},"defaultBackgroundElement":{"opacity":100,"flip":{"vertical":false,"horizontal":false},"rotationAngle":0,"lockAspectRatio":true,"backgroundColor":{"color":{"r":196,"g":196,"b":196}},"x":1,"y":1,"width":1,"height":1,"mask":{"type":"rectangle"},"isBackground":true,"isDefaultBackground":true,"id":"38899e5f-faf8-478f-9600-ee894d175b3f","type":"shape"},"groups":[]}],"fonts":{"Roboto Condensed":{"family":"Roboto Condensed","fallbacks":["sans-serif"],"weights":[100,200,300,400,500,600,700,800,900],"styles":["regular","italic"],"variants":[[0,100],[0,200],[0,300],[0,400],[0,500],[0,600],[0,700],[0,800],[0,900],[1,100],[1,200],[1,300],[1,400],[1,500],[1,600],[1,700],[1,800],[1,900]],"service":"fonts.google.com","metrics":{"upm":2048,"asc":1900,"des":-500,"tAsc":1536,"tDes":-512,"tLGap":102,"wAsc":1946,"wDes":512,"xH":1082,"capH":1456,"yMin":-555,"yMax":2163,"hAsc":1900,"hDes":-500,"lGap":0}}},"autoAdvance":false,"defaultPageDuration":7,"currentStoryStyles":{"colors":[]}},"story_poster":{"id":33410,"url":"https:\/\/carro.blog.br\/noticias\/wp-content\/uploads\/2026\/04\/cropped-BYD-Denza-Z-2026-2.webp","width":640,"height":853,"needsProxy":false},"_links":{"self":[{"href":"https:\/\/carro.blog.br\/noticias\/wp-json\/web-stories\/v1\/web-story\/33403","targetHints":{"allow":["GET"]}}],"collection":[{"href":"https:\/\/carro.blog.br\/noticias\/wp-json\/web-stories\/v1\/web-story"}],"about":[{"href":"https:\/\/carro.blog.br\/noticias\/wp-json\/wp\/v2\/types\/web-story"}],"author":[{"embeddable":true,"href":"https:\/\/carro.blog.br\/noticias\/wp-json\/web-stories\/v1\/users\/1"}],"version-history":[{"count":6,"href":"https:\/\/carro.blog.br\/noticias\/wp-json\/web-stories\/v1\/web-story\/33403\/revisions"}],"predecessor-version":[{"id":33416,"href":"https:\/\/carro.blog.br\/noticias\/wp-json\/web-stories\/v1\/web-story\/33403\/revisions\/33416"}],"wp:featuredmedia":[{"embeddable":true,"href":"https:\/\/carro.blog.br\/noticias\/wp-json\/web-stories\/v1\/media\/33410"}],"wp:attachment":[{"href":"https:\/\/carro.blog.br\/noticias\/wp-json\/web-stories\/v1\/media?parent=33403"}],"wp:term":[{"taxonomy":"web_story_category","embeddable":true,"href":"https:\/\/carro.blog.br\/noticias\/wp-json\/web-stories\/v1\/web_story_category?post=33403"},{"taxonomy":"web_story_tag","embeddable":true,"href":"https:\/\/carro.blog.br\/noticias\/wp-json\/web-stories\/v1\/web_story_tag?post=33403"}],"wp:lock":[{"embeddable":true,"href":"https:\/\/carro.blog.br\/noticias\/wp-json\/web-stories\/v1\/web-story\/33403\/lock"}],"wp:publisherlogo":[{"embeddable":true,"href":"https:\/\/carro.blog.br\/noticias\/wp-json\/web-stories\/v1\/media\/15"}],"curies":[{"name":"wp","href":"https:\/\/api.w.org\/{rel}","templated":true}]}}