{"id":33468,"date":"2026-04-29T14:55:29","date_gmt":"2026-04-29T17:55:29","guid":{"rendered":"https:\/\/carro.blog.br\/noticias\/?post_type=web-story&#038;p=33468"},"modified":"2026-04-29T14:55:31","modified_gmt":"2026-04-29T17:55:31","slug":"honda-civic-encarece-perde-espaco-e-desaparece-das-ruas","status":"publish","type":"web-story","link":"https:\/\/carro.blog.br\/noticias\/web-stories\/honda-civic-encarece-perde-espaco-e-desaparece-das-ruas","title":{"rendered":"Honda Civic encarece, perde espa\u00e7o e desaparece das ruas"},"content":{"rendered":"<p><html amp=\"\" lang=\"en\"><head><meta charSet=\"utf-8\"\/><meta name=\"viewport\" content=\"width=device-width,minimum-scale=1,initial-scale=1\"\/><script async=\"\" src=\"https:\/\/cdn.ampproject.org\/v0.js\"><\/script><script async=\"\" src=\"https:\/\/cdn.ampproject.org\/v0\/amp-story-1.0.js\" custom-element=\"amp-story\"><\/script><link href=\"https:\/\/fonts.googleapis.com\/css2?display=swap&amp;family=Roboto+Condensed%3Awght%40400%3B700\" rel=\"stylesheet\"\/><link href=\"https:\/\/carro.blog.br\/noticias\/wp-content\/uploads\/2026\/02\/fundo-azul-scaled.webp\" rel=\"preload\" as=\"image\"\/>\n<style amp-boilerplate=\"\">body{-webkit-animation:-amp-start 8s steps(1,end) 0s 1 normal both;-moz-animation:-amp-start 8s steps(1,end) 0s 1 normal both;-ms-animation:-amp-start 8s steps(1,end) 0s 1 normal both;animation:-amp-start 8s steps(1,end) 0s 1 normal both}@-webkit-keyframes -amp-start{from{visibility:hidden}to{visibility:visible}}@-moz-keyframes -amp-start{from{visibility:hidden}to{visibility:visible}}@-ms-keyframes -amp-start{from{visibility:hidden}to{visibility:visible}}@-o-keyframes -amp-start{from{visibility:hidden}to{visibility:visible}}@keyframes -amp-start{from{visibility:hidden}to{visibility:visible}}<\/style>\n<p><noscript><\/p>\n<style amp-boilerplate=\"\">body{-webkit-animation:none;-moz-animation:none;-ms-animation:none;animation:none}<\/style>\n<p><\/noscript><\/p>\n<style amp-custom=\"\">\n              h1, h2, h3 { font-weight: normal; }<\/p>\n<p>              amp-story-page {\n                background-color: #131516;\n              }<\/p>\n<p>              amp-story-grid-layer {\n                overflow: visible;\n              }<\/p>\n<p>              @media (max-aspect-ratio: 9 \/ 16)  {\n                @media (min-aspect-ratio: 320 \/ 678) {\n                  amp-story-grid-layer.grid-layer {\n                    margin-top: calc((100% \/ 0.5625 - 100% \/ 0.6666666666666666) \/ 2);\n                  }\n                }\n              }<\/p>\n<p>              @media not all and (min-resolution:.001dpcm) {\n                @media {\n                  p.text-wrapper > span {\n                    font-size: calc(100% - 0.5px);\n                  }\n                }\n              }<\/p>\n<p>              .page-fullbleed-area,\n              .page-background-overlay-area {\n                position: absolute;\n                overflow: hidden;\n                width: 100%;\n                left: 0;\n                height: calc(1.1851851851851851 * 100%);\n                top: calc((1 - 1.1851851851851851) * 100% \/ 2);\n              }<\/p>\n<p>              .element-overlay-area {\n                position: absolute;\n                width: 100%;\n                height: 100%;\n                top: 0;\n                left: 0;\n              }<\/p>\n<p>              .page-safe-area {\n                overflow: visible;\n                position: absolute;\n                top: 0;\n                bottom: 0;\n                left: 0;\n                right: 0;\n                width: 100%;\n                height: calc(0.84375 * 100%);\n                margin: auto 0;\n              }<\/p>\n<p>              .mask {\n                position: absolute;\n                overflow: hidden;\n              }<\/p>\n<p>              .fill {\n                position: absolute;\n                top: 0;\n                left: 0;\n                right: 0;\n                bottom: 0;\n                margin: 0;\n              }<\/p>\n<p>              @media (prefers-reduced-motion: no-preference) {\n                .animation-wrapper {\n                  opacity: var(--initial-opacity);\n                  transform: var(--initial-transform);\n                }\n              }<\/p>\n<p>              amp-story-grid-layer.align-bottom {\n                align-content: end;\n                padding: 0;\n                \/*\n                  AMP CTA Layer will exactly occupy 74px regardless of any device.\n                  To space out captions 74px from the BOTTOM (AMP CTA Layer),\n                  74px from the TOP should also be spaced out and thus: 2 * 74px\n                  will be the desired max-height.\n                *\/\n                max-height: calc(100vh - (2 * 74px));\n              }<\/p>\n<p>              .captions-area {\n                padding: 0 32px 0;\n              }<\/p>\n<p>              amp-story-captions {\n                margin-bottom: 16px;\n                text-align: center;\n              }<\/p>\n<p>              amp-story-audio-sticker {\n                height: 100%;\n              }<\/p>\n<p>              .audio-sticker {\n                font-family: -apple-system, BlinkMacSystemFont, 'Segoe UI', Roboto, Oxygen-Sans, Ubuntu, Cantarell, 'Helvetica Neue', sans-serif;\n              }\n              <\/style>\n<p><meta name=\"web-stories-replace-head-start\"\/><title>Honda Civic encarece, perde espa\u00e7o e desaparece das ruas<\/title><link rel=\"canonical\" href=\"https:\/\/carro.blog.br\/noticias\/?post_type=web-story&amp;p=33468\"\/><meta name=\"web-stories-replace-head-end\"\/><\/head><body><amp-story standalone=\"\" publisher=\"Carro Das Not\u00edcias\" publisher-logo-src=\"https:\/\/carro.blog.br\/noticias\/wp-content\/uploads\/2025\/12\/512-1.webp\" title=\"Honda Civic encarece, perde espa\u00e7o e desaparece das ruas\" poster-portrait-src=\"https:\/\/carro.blog.br\/noticias\/wp-content\/uploads\/2026\/04\/cropped-Honda-Civic-2026-5.webp\"><amp-story-page id=\"60a77b33-b7d3-44c2-98bf-2779f8c69560\"><amp-story-animation layout=\"nodisplay\" trigger=\"visibility\"><script type=\"application\/json\">[{\"selector\":\"#anim-52d075ac-dc47-4e29-8be1-ee47b13135db [data-leaf-element=\\\"true\\\"]\",\"keyframes\":{\"transform\":[\"translate(0%, -0.0000011287131007620133%) scale(1.4464285714285714)\",\"translate(0%, 0%) scale(1)\"]},\"delay\":0,\"duration\":6000,\"easing\":\"cubic-bezier(.3,0,.55,1)\",\"fill\":\"forwards\"}]<\/script><\/amp-story-animation><amp-story-animation layout=\"nodisplay\" trigger=\"visibility\"><script type=\"application\/json\">[{\"selector\":\"#anim-1144f1ee-311c-4602-a100-f1284d1a1592\",\"keyframes\":{\"opacity\":[0,1]},\"delay\":0,\"duration\":600,\"easing\":\"cubic-bezier(0.2, 0.6, 0.0, 1)\",\"fill\":\"both\"}]<\/script><\/amp-story-animation><amp-story-animation layout=\"nodisplay\" trigger=\"visibility\"><script type=\"application\/json\">[{\"selector\":\"#anim-98f48023-72b8-493f-9898-5237d5a914eb\",\"keyframes\":{\"transform\":[\"translate3d(115.75562%, 0px, 0)\",\"translate3d(0px, 0px, 0)\"]},\"delay\":0,\"duration\":600,\"easing\":\"cubic-bezier(0.2, 0.6, 0.0, 1)\",\"fill\":\"both\"}]<\/script><\/amp-story-animation><amp-story-grid-layer template=\"vertical\" aspect-ratio=\"412:618\" class=\"grid-layer\"><\/p>\n<div class=\"page-fullbleed-area\" style=\"background-color:#042672\">\n<div class=\"page-safe-area\">\n<div style=\"position:absolute;pointer-events:none;left:0;top:-9.25926%;width:100%;height:118.51852%;opacity:1\">\n<div id=\"anim-52d075ac-dc47-4e29-8be1-ee47b13135db\" class=\"animation-wrapper\" style=\"width:100%;height:100%;display:block;position:absolute;top:0;left:0\">\n<div style=\"pointer-events:initial;width:100%;height:100%;display:block;position:absolute;top:0;left:0;z-index:0\" class=\"mask\" id=\"el-1a73411f-2453-40c1-a537-b06b7a68a834\">\n<div style=\"position:absolute;width:298.60835%;height:112%;left:-99.30417%;top:-6%\" data-leaf-element=\"true\"><amp-img layout=\"fill\" src=\"https:\/\/carro.blog.br\/noticias\/wp-content\/uploads\/2026\/02\/fundo-azul-scaled.webp\" alt=\"fundo azul\" srcSet=\"https:\/\/carro.blog.br\/noticias\/wp-content\/uploads\/2026\/02\/fundo-azul-scaled.webp 2560w,https:\/\/carro.blog.br\/noticias\/wp-content\/uploads\/2026\/02\/fundo-azul-2048x1365.webp 2048w,https:\/\/carro.blog.br\/noticias\/wp-content\/uploads\/2026\/02\/fundo-azul-1800x1200.webp 1800w,https:\/\/carro.blog.br\/noticias\/wp-content\/uploads\/2026\/02\/fundo-azul-1536x1024.webp 1536w,https:\/\/carro.blog.br\/noticias\/wp-content\/uploads\/2026\/02\/fundo-azul-900x600.webp 900w,https:\/\/carro.blog.br\/noticias\/wp-content\/uploads\/2026\/02\/fundo-azul-768x512.webp 768w,https:\/\/carro.blog.br\/noticias\/wp-content\/uploads\/2026\/02\/fundo-azul-350x233.webp 350w,https:\/\/carro.blog.br\/noticias\/wp-content\/uploads\/2026\/02\/fundo-azul-150x100.webp 150w\" sizes=\"(max-width: 750px) 100vw, 680px\" disable-inline-width=\"true\"><\/amp-img><\/div>\n<div class=\"element-overlay-area\" style=\"background-image:linear-gradient(0.5turn, rgba(0,0,0,0) 40%, rgba(0,0,0,0.5) 100%)\"><\/div>\n<\/div>\n<\/div>\n<\/div>\n<div class=\"page-background-overlay-area\" style=\"background-image:linear-gradient(0.5turn, rgba(0,0,0,0) 40%, rgba(0,0,0,0.5) 100%)\"><\/div>\n<\/div>\n<\/div>\n<p><\/amp-story-grid-layer><amp-story-grid-layer template=\"vertical\" aspect-ratio=\"412:618\" class=\"grid-layer\"><\/p>\n<div class=\"page-fullbleed-area\">\n<div class=\"page-safe-area\">\n<div style=\"position:absolute;pointer-events:none;left:calc(0% - 0px);top:calc(3.8835% - 10px);width:calc(100% + 0px);height:calc(43.85113% + 20px);opacity:1\">\n<div style=\"top:0;left:0;right:0;bottom:0;width:100%;height:100%;position:absolute;border-width:10px 0px 10px 0px;border-color:rgba(255,255,255,1);border-style:solid;border-radius:0% 0% 0% 0% \/ 0% 0% 0% 0%;pointer-events:initial;display:block;z-index:0\" class=\"mask\" id=\"el-bf8b3b93-d82c-4385-a3f8-65bec52eb536\">\n<div style=\"position:absolute;width:101.09359%;height:100%;left:-0.5468%;top:0%\" data-leaf-element=\"true\"><amp-img layout=\"fill\" src=\"https:\/\/carro.blog.br\/noticias\/wp-content\/uploads\/2026\/04\/Honda-Civic-2026-5.webp\" alt=\"Carro.Blog.Br\" disable-inline-width=\"true\"><\/amp-img><\/div>\n<\/div>\n<\/div>\n<div style=\"position:absolute;pointer-events:none;left:12.13592%;top:53.23625%;width:76.21359%;height:3.39806%;opacity:1\">\n<div style=\"pointer-events:initial;width:100%;height:100%;display:block;position:absolute;top:0;left:0;z-index:0;border-radius:0% 0% 0% 0% \/ 0% 0% 0% 0%\" id=\"el-3274795f-461b-4246-8b59-f3c31c3efaff\">\n<p class=\"fill text-wrapper\" style=\"white-space:pre-line;overflow-wrap:break-word;word-break:break-word;margin:-0.3672372611464972% 0;font-family:&quot;Roboto Condensed&quot;,sans-serif;font-size:0.291262em;line-height:1.3;text-align:center;padding:0;color:#000000\"><span><span style=\"color: #fff\">29\/04\/2026<\/span><\/span><\/p>\n<\/div>\n<\/div>\n<div style=\"position:absolute;pointer-events:none;left:calc(11.8932% - 0px);top:calc(58.89968% - 5px);width:calc(76.94175% + 0px);height:calc(18.60841% + 5px);opacity:1\">\n<div style=\"top:0;left:0;right:0;bottom:0;width:100%;height:100%;position:absolute;border-width:5px 0px 0px 0px;border-color:rgba(1,38,106,1);border-style:solid;border-radius:0% 0% 0% 0% \/ 0% 0% 0% 0%;pointer-events:initial;display:block;z-index:0\" id=\"el-e2005792-62ac-4d12-9a46-fe0f4d395b22\">\n<h1 class=\"fill text-wrapper\" style=\"white-space:pre-line;overflow-wrap:break-word;word-break:break-word;margin:0.813288643533123% 0;font-family:&quot;Roboto Condensed&quot;,sans-serif;font-size:0.485437em;line-height:1;text-align:center;padding:3.1545741324921135% 0;color:#000000\"><span><span style=\"font-weight: 700; color: #fff; text-transform: uppercase\">Honda Civic encarece, perde espa\u00e7o e desaparece das ruas<\/span><\/span><\/h1>\n<\/div>\n<\/div>\n<div style=\"position:absolute;pointer-events:none;left:calc(12.62136% - 5px);top:calc(44.66019% - 0px);width:calc(75.48544% + 5px);height:calc(6.79612% + 0px);opacity:1\">\n<div id=\"anim-1144f1ee-311c-4602-a100-f1284d1a1592\" class=\"animation-wrapper\" style=\"width:100%;height:100%;display:block;position:absolute;top:0;left:0;--initial-opacity:0;--initial-transform:none\">\n<div id=\"anim-98f48023-72b8-493f-9898-5237d5a914eb\" class=\"animation-wrapper\" style=\"width:100%;height:100%;display:block;position:absolute;top:0;left:0;--initial-opacity:1;--initial-transform:translate3d(115.75562%, 0px, 0)\">\n<div style=\"top:0;left:0;right:0;bottom:0;width:100%;height:100%;position:absolute;border-width:0px 0px 0px 5px;border-color:rgba(255,255,255,1);border-style:solid;border-radius:0% 0% 0% 0% \/ 0% 0% 0% 0%;pointer-events:initial;display:block;z-index:0\" id=\"el-3595b9ea-1036-438c-8f34-44c7a09ecea4\">\n<h3 class=\"fill text-wrapper\" style=\"white-space:pre-line;overflow-wrap:break-word;word-break:break-word;margin:0;font-family:&quot;Roboto Condensed&quot;,sans-serif;font-size:0.388350em;line-height:calc(1em + 0.5833346208317239em);text-align:left;padding:0;color:#000000;background-color:#01123b;background:none\"><span style=\"display:block;position:relative;left:0;top:0;margin:0.6631832797427653% 0;-webkit-box-decoration-break:clone;box-decoration-break:clone\"><span style=\"background-color:#01123b;-webkit-box-decoration-break:clone;box-decoration-break:clone;position:relative;padding:2.2508038585209005% 3.536977491961415%;text-align:left;border-radius:0px 0px 0px 0px;color:transparent\">Por Alan Correa<\/span><\/span><\/h3>\n<h3 class=\"fill text-wrapper\" style=\"white-space:pre-line;overflow-wrap:break-word;word-break:break-word;margin:0;font-family:&quot;Roboto Condensed&quot;,sans-serif;font-size:0.388350em;line-height:calc(1em + 0.5833346208317239em);text-align:left;padding:0;color:#000000;background-color:#01123b;background:none;position:absolute;top:0;left:0;right:0\" aria-hidden=\"true\"><span style=\"display:block;position:relative;left:0;top:0;margin:0.6631832797427653% 0;-webkit-box-decoration-break:clone;box-decoration-break:clone\"><span style=\"background-color:#01123b;-webkit-box-decoration-break:clone;box-decoration-break:clone;position:relative;padding:2.2508038585209005% 3.536977491961415%;text-align:left;border-radius:0px 0px 0px 0px;background:none\"><span style=\"color: #fff\">Por Alan Correa<\/span><\/span><\/span><\/h3>\n<\/div>\n<\/div>\n<\/div>\n<\/div>\n<div style=\"position:absolute;pointer-events:none;left:5.9466%;top:-2.589%;width:88.1068%;height:12.45955%;opacity:1\">\n<div style=\"pointer-events:initial;width:100%;height:100%;display:block;position:absolute;top:0;left:0;z-index:0\" class=\"mask\" id=\"el-3290b82b-cb38-4b15-94a7-b1e38195d804\">\n<div style=\"position:absolute;width:100%;height:109.99998%;left:0%;top:-4.99999%\" data-leaf-element=\"true\"><amp-img layout=\"fill\" src=\"https:\/\/carro.blog.br\/noticias\/wp-content\/uploads\/2026\/02\/logo-webstories-png.webp\" alt=\"logo-webstories-png\" srcSet=\"https:\/\/carro.blog.br\/noticias\/wp-content\/uploads\/2026\/02\/logo-webstories-png.webp 1500w,https:\/\/carro.blog.br\/noticias\/wp-content\/uploads\/2026\/02\/logo-webstories-png-900x210.webp 900w,https:\/\/carro.blog.br\/noticias\/wp-content\/uploads\/2026\/02\/logo-webstories-png-768x179.webp 768w,https:\/\/carro.blog.br\/noticias\/wp-content\/uploads\/2026\/02\/logo-webstories-png-150x35.webp 150w\" sizes=\"(max-width: 750px) 100vw, 680px\" disable-inline-width=\"true\"><\/amp-img><\/div>\n<\/div>\n<\/div>\n<\/div>\n<\/div>\n<p><\/amp-story-grid-layer><\/amp-story-page><amp-story-page id=\"96a8b6c5-f2d0-44a7-a2f1-33994eb5f056\"><amp-story-animation layout=\"nodisplay\" trigger=\"visibility\"><script type=\"application\/json\">[{\"selector\":\"#anim-4c11937d-f2c7-4a1f-93e0-4a33ff319fca [data-leaf-element=\\\"true\\\"]\",\"keyframes\":{\"transform\":[\"translate(0%, -0.0000011287131007620133%) scale(1.4464285714285714)\",\"translate(0%, 0%) scale(1)\"]},\"delay\":0,\"duration\":6000,\"easing\":\"cubic-bezier(.3,0,.55,1)\",\"fill\":\"forwards\"}]<\/script><\/amp-story-animation><amp-story-animation layout=\"nodisplay\" trigger=\"visibility\"><script type=\"application\/json\">[{\"selector\":\"#anim-001d5914-e9d0-47d8-ba99-79e44474e727\",\"keyframes\":{\"opacity\":[0,1]},\"delay\":0,\"duration\":600,\"easing\":\"cubic-bezier(0.2, 0.6, 0.0, 1)\",\"fill\":\"both\"}]<\/script><\/amp-story-animation><amp-story-animation layout=\"nodisplay\" trigger=\"visibility\"><script type=\"application\/json\">[{\"selector\":\"#anim-276942e0-2dec-4ee6-bdd1-ce9055268d25\",\"keyframes\":{\"transform\":[\"translate3d(115.75562%, 0px, 0)\",\"translate3d(0px, 0px, 0)\"]},\"delay\":0,\"duration\":600,\"easing\":\"cubic-bezier(0.2, 0.6, 0.0, 1)\",\"fill\":\"both\"}]<\/script><\/amp-story-animation><amp-story-grid-layer template=\"vertical\" aspect-ratio=\"412:618\" class=\"grid-layer\"><\/p>\n<div class=\"page-fullbleed-area\" style=\"background-color:#042672\">\n<div class=\"page-safe-area\">\n<div style=\"position:absolute;pointer-events:none;left:0;top:-9.25926%;width:100%;height:118.51852%;opacity:1\">\n<div id=\"anim-4c11937d-f2c7-4a1f-93e0-4a33ff319fca\" class=\"animation-wrapper\" style=\"width:100%;height:100%;display:block;position:absolute;top:0;left:0\">\n<div style=\"pointer-events:initial;width:100%;height:100%;display:block;position:absolute;top:0;left:0;z-index:0\" class=\"mask\" id=\"el-b2f60e2d-2172-4619-adf9-1807f26df8bc\">\n<div style=\"position:absolute;width:298.60835%;height:112%;left:-99.30417%;top:-6%\" data-leaf-element=\"true\"><amp-img layout=\"fill\" src=\"https:\/\/carro.blog.br\/noticias\/wp-content\/uploads\/2026\/02\/fundo-azul-scaled.webp\" alt=\"fundo azul\" srcSet=\"https:\/\/carro.blog.br\/noticias\/wp-content\/uploads\/2026\/02\/fundo-azul-scaled.webp 2560w,https:\/\/carro.blog.br\/noticias\/wp-content\/uploads\/2026\/02\/fundo-azul-2048x1365.webp 2048w,https:\/\/carro.blog.br\/noticias\/wp-content\/uploads\/2026\/02\/fundo-azul-1800x1200.webp 1800w,https:\/\/carro.blog.br\/noticias\/wp-content\/uploads\/2026\/02\/fundo-azul-1536x1024.webp 1536w,https:\/\/carro.blog.br\/noticias\/wp-content\/uploads\/2026\/02\/fundo-azul-900x600.webp 900w,https:\/\/carro.blog.br\/noticias\/wp-content\/uploads\/2026\/02\/fundo-azul-768x512.webp 768w,https:\/\/carro.blog.br\/noticias\/wp-content\/uploads\/2026\/02\/fundo-azul-350x233.webp 350w,https:\/\/carro.blog.br\/noticias\/wp-content\/uploads\/2026\/02\/fundo-azul-150x100.webp 150w\" sizes=\"(max-width: 750px) 100vw, 680px\" disable-inline-width=\"true\"><\/amp-img><\/div>\n<div class=\"element-overlay-area\" style=\"background-image:linear-gradient(0.5turn, rgba(0,0,0,0) 40%, rgba(0,0,0,0.5) 100%)\"><\/div>\n<\/div>\n<\/div>\n<\/div>\n<div class=\"page-background-overlay-area\" style=\"background-image:linear-gradient(0.5turn, rgba(0,0,0,0) 40%, rgba(0,0,0,0.5) 100%)\"><\/div>\n<\/div>\n<\/div>\n<p><\/amp-story-grid-layer><amp-story-grid-layer template=\"vertical\" aspect-ratio=\"412:618\" class=\"grid-layer\"><\/p>\n<div class=\"page-fullbleed-area\">\n<div class=\"page-safe-area\">\n<div style=\"position:absolute;pointer-events:none;left:calc(0% - 0px);top:calc(3.8835% - 10px);width:calc(100% + 0px);height:calc(43.85113% + 20px);opacity:1\">\n<div style=\"top:0;left:0;right:0;bottom:0;width:100%;height:100%;position:absolute;border-width:10px 0px 10px 0px;border-color:rgba(255,255,255,1);border-style:solid;border-radius:0% 0% 0% 0% \/ 0% 0% 0% 0%;pointer-events:initial;display:block;z-index:0\" class=\"mask\" id=\"el-19b27760-4287-4df9-bbb6-1546567aa27f\">\n<div style=\"position:absolute;width:105.24271%;height:100%;left:-2.62136%;top:0%\" data-leaf-element=\"true\"><amp-img layout=\"fill\" src=\"https:\/\/carro.blog.br\/noticias\/wp-content\/uploads\/2026\/04\/Honda-Civic-2026-2.webp\" alt=\"Carro.Blog.Br\" srcSet=\"https:\/\/carro.blog.br\/noticias\/wp-content\/uploads\/2026\/04\/Honda-Civic-2026-2.webp 2448w,https:\/\/carro.blog.br\/noticias\/wp-content\/uploads\/2026\/04\/Honda-Civic-2026-2-2048x1280.webp 2048w,https:\/\/carro.blog.br\/noticias\/wp-content\/uploads\/2026\/04\/Honda-Civic-2026-2-1800x1125.webp 1800w,https:\/\/carro.blog.br\/noticias\/wp-content\/uploads\/2026\/04\/Honda-Civic-2026-2-1536x960.webp 1536w,https:\/\/carro.blog.br\/noticias\/wp-content\/uploads\/2026\/04\/Honda-Civic-2026-2-900x563.webp 900w,https:\/\/carro.blog.br\/noticias\/wp-content\/uploads\/2026\/04\/Honda-Civic-2026-2-768x480.webp 768w,https:\/\/carro.blog.br\/noticias\/wp-content\/uploads\/2026\/04\/Honda-Civic-2026-2-350x219.webp 350w,https:\/\/carro.blog.br\/noticias\/wp-content\/uploads\/2026\/04\/Honda-Civic-2026-2-150x94.webp 150w\" sizes=\"(max-width: 750px) 100vw, 680px\" disable-inline-width=\"true\"><\/amp-img><\/div>\n<\/div>\n<\/div>\n<div style=\"position:absolute;pointer-events:none;left:calc(12.62136% - 5px);top:calc(44.66019% - 0px);width:calc(75.48544% + 5px);height:calc(31.39159% + 0px);opacity:1\">\n<div id=\"anim-001d5914-e9d0-47d8-ba99-79e44474e727\" class=\"animation-wrapper\" style=\"width:100%;height:100%;display:block;position:absolute;top:0;left:0;--initial-opacity:0;--initial-transform:none\">\n<div id=\"anim-276942e0-2dec-4ee6-bdd1-ce9055268d25\" class=\"animation-wrapper\" style=\"width:100%;height:100%;display:block;position:absolute;top:0;left:0;--initial-opacity:1;--initial-transform:translate3d(115.75562%, 0px, 0)\">\n<div style=\"top:0;left:0;right:0;bottom:0;width:100%;height:100%;position:absolute;border-width:0px 0px 0px 5px;border-color:rgba(255,255,255,1);border-style:solid;border-radius:0% 0% 0% 0% \/ 0% 0% 0% 0%;pointer-events:initial;display:block;z-index:0\" id=\"el-23c5e077-348a-4f3b-b6a4-a49cf2585c3f\">\n<h3 class=\"fill text-wrapper\" style=\"white-space:pre-line;overflow-wrap:break-word;word-break:break-word;margin:0;font-family:&quot;Roboto Condensed&quot;,sans-serif;font-size:0.388350em;line-height:calc(1em + 0.5833346208317239em);text-align:left;padding:0;color:#000000;background-color:#01123b;background:none\"><span style=\"display:block;position:relative;left:0;top:0;margin:0.6631832797427653% 0;-webkit-box-decoration-break:clone;box-decoration-break:clone\"><span style=\"background-color:#01123b;-webkit-box-decoration-break:clone;box-decoration-break:clone;position:relative;padding:2.2508038585209005% 3.536977491961415%;text-align:left;border-radius:0px 0px 0px 0px;color:transparent\">O Civic ainda est\u00e1 \u00e0 venda, mas virou raridade nas ruas. Em 2026, s\u00f3 sete unidades foram emplacadas, n\u00famero que escancara o sumi\u00e7o<\/span><\/span><\/h3>\n<h3 class=\"fill text-wrapper\" style=\"white-space:pre-line;overflow-wrap:break-word;word-break:break-word;margin:0;font-family:&quot;Roboto Condensed&quot;,sans-serif;font-size:0.388350em;line-height:calc(1em + 0.5833346208317239em);text-align:left;padding:0;color:#000000;background-color:#01123b;background:none;position:absolute;top:0;left:0;right:0\" aria-hidden=\"true\"><span style=\"display:block;position:relative;left:0;top:0;margin:0.6631832797427653% 0;-webkit-box-decoration-break:clone;box-decoration-break:clone\"><span style=\"background-color:#01123b;-webkit-box-decoration-break:clone;box-decoration-break:clone;position:relative;padding:2.2508038585209005% 3.536977491961415%;text-align:left;border-radius:0px 0px 0px 0px;background:none\"><span style=\"color: #fff\">O Civic ainda est\u00e1 \u00e0 venda, mas virou raridade nas ruas. Em 2026, s\u00f3 sete unidades foram emplacadas, n\u00famero que escancara o sumi\u00e7o<\/span><\/span><\/span><\/h3>\n<\/div>\n<\/div>\n<\/div>\n<\/div>\n<div style=\"position:absolute;pointer-events:none;left:5.9466%;top:-2.589%;width:88.1068%;height:12.45955%;opacity:1\">\n<div style=\"pointer-events:initial;width:100%;height:100%;display:block;position:absolute;top:0;left:0;z-index:0\" class=\"mask\" id=\"el-765be1fe-9d70-4400-88fb-b203240027d5\">\n<div style=\"position:absolute;width:100%;height:109.99998%;left:0%;top:-4.99999%\" data-leaf-element=\"true\"><amp-img layout=\"fill\" src=\"https:\/\/carro.blog.br\/noticias\/wp-content\/uploads\/2026\/02\/logo-webstories-png.webp\" alt=\"logo-webstories-png\" srcSet=\"https:\/\/carro.blog.br\/noticias\/wp-content\/uploads\/2026\/02\/logo-webstories-png.webp 1500w,https:\/\/carro.blog.br\/noticias\/wp-content\/uploads\/2026\/02\/logo-webstories-png-900x210.webp 900w,https:\/\/carro.blog.br\/noticias\/wp-content\/uploads\/2026\/02\/logo-webstories-png-768x179.webp 768w,https:\/\/carro.blog.br\/noticias\/wp-content\/uploads\/2026\/02\/logo-webstories-png-150x35.webp 150w\" sizes=\"(max-width: 750px) 100vw, 680px\" disable-inline-width=\"true\"><\/amp-img><\/div>\n<\/div>\n<\/div>\n<\/div>\n<\/div>\n<p><\/amp-story-grid-layer><\/amp-story-page><amp-story-page id=\"e22b1d66-4711-4a1b-87ce-3985b25a4e1f\"><amp-story-animation layout=\"nodisplay\" trigger=\"visibility\"><script type=\"application\/json\">[{\"selector\":\"#anim-64ad2bb0-0579-4b88-96be-a6731e82482c [data-leaf-element=\\\"true\\\"]\",\"keyframes\":{\"transform\":[\"translate(0%, -0.0000011287131007620133%) scale(1.4464285714285714)\",\"translate(0%, 0%) scale(1)\"]},\"delay\":0,\"duration\":6000,\"easing\":\"cubic-bezier(.3,0,.55,1)\",\"fill\":\"forwards\"}]<\/script><\/amp-story-animation><amp-story-animation layout=\"nodisplay\" trigger=\"visibility\"><script type=\"application\/json\">[{\"selector\":\"#anim-be290420-ea9e-4446-bb8c-8cb6302d83cc\",\"keyframes\":{\"opacity\":[0,1]},\"delay\":0,\"duration\":600,\"easing\":\"cubic-bezier(0.2, 0.6, 0.0, 1)\",\"fill\":\"both\"}]<\/script><\/amp-story-animation><amp-story-animation layout=\"nodisplay\" trigger=\"visibility\"><script type=\"application\/json\">[{\"selector\":\"#anim-1c390297-1a5a-4ef9-b210-340b15b532a5\",\"keyframes\":{\"transform\":[\"translate3d(115.75562%, 0px, 0)\",\"translate3d(0px, 0px, 0)\"]},\"delay\":0,\"duration\":600,\"easing\":\"cubic-bezier(0.2, 0.6, 0.0, 1)\",\"fill\":\"both\"}]<\/script><\/amp-story-animation><amp-story-grid-layer template=\"vertical\" aspect-ratio=\"412:618\" class=\"grid-layer\"><\/p>\n<div class=\"page-fullbleed-area\" style=\"background-color:#042672\">\n<div class=\"page-safe-area\">\n<div style=\"position:absolute;pointer-events:none;left:0;top:-9.25926%;width:100%;height:118.51852%;opacity:1\">\n<div id=\"anim-64ad2bb0-0579-4b88-96be-a6731e82482c\" class=\"animation-wrapper\" style=\"width:100%;height:100%;display:block;position:absolute;top:0;left:0\">\n<div style=\"pointer-events:initial;width:100%;height:100%;display:block;position:absolute;top:0;left:0;z-index:0\" class=\"mask\" id=\"el-255959d8-8bb1-4a70-9939-d5bacd40f471\">\n<div style=\"position:absolute;width:298.60835%;height:112%;left:-99.30417%;top:-6%\" data-leaf-element=\"true\"><amp-img layout=\"fill\" src=\"https:\/\/carro.blog.br\/noticias\/wp-content\/uploads\/2026\/02\/fundo-azul-scaled.webp\" alt=\"fundo azul\" srcSet=\"https:\/\/carro.blog.br\/noticias\/wp-content\/uploads\/2026\/02\/fundo-azul-scaled.webp 2560w,https:\/\/carro.blog.br\/noticias\/wp-content\/uploads\/2026\/02\/fundo-azul-2048x1365.webp 2048w,https:\/\/carro.blog.br\/noticias\/wp-content\/uploads\/2026\/02\/fundo-azul-1800x1200.webp 1800w,https:\/\/carro.blog.br\/noticias\/wp-content\/uploads\/2026\/02\/fundo-azul-1536x1024.webp 1536w,https:\/\/carro.blog.br\/noticias\/wp-content\/uploads\/2026\/02\/fundo-azul-900x600.webp 900w,https:\/\/carro.blog.br\/noticias\/wp-content\/uploads\/2026\/02\/fundo-azul-768x512.webp 768w,https:\/\/carro.blog.br\/noticias\/wp-content\/uploads\/2026\/02\/fundo-azul-350x233.webp 350w,https:\/\/carro.blog.br\/noticias\/wp-content\/uploads\/2026\/02\/fundo-azul-150x100.webp 150w\" sizes=\"(max-width: 750px) 100vw, 680px\" disable-inline-width=\"true\"><\/amp-img><\/div>\n<div class=\"element-overlay-area\" style=\"background-image:linear-gradient(0.5turn, rgba(0,0,0,0) 40%, rgba(0,0,0,0.5) 100%)\"><\/div>\n<\/div>\n<\/div>\n<\/div>\n<div class=\"page-background-overlay-area\" style=\"background-image:linear-gradient(0.5turn, rgba(0,0,0,0) 40%, rgba(0,0,0,0.5) 100%)\"><\/div>\n<\/div>\n<\/div>\n<p><\/amp-story-grid-layer><amp-story-grid-layer template=\"vertical\" aspect-ratio=\"412:618\" class=\"grid-layer\"><\/p>\n<div class=\"page-fullbleed-area\">\n<div class=\"page-safe-area\">\n<div style=\"position:absolute;pointer-events:none;left:calc(0% - 0px);top:calc(3.8835% - 10px);width:calc(100% + 0px);height:calc(43.85113% + 20px);opacity:1\">\n<div style=\"top:0;left:0;right:0;bottom:0;width:100%;height:100%;position:absolute;border-width:10px 0px 10px 0px;border-color:rgba(255,255,255,1);border-style:solid;border-radius:0% 0% 0% 0% \/ 0% 0% 0% 0%;pointer-events:initial;display:block;z-index:0\" class=\"mask\" id=\"el-137807e4-a47f-432c-95d1-62dd64a14955\">\n<div style=\"position:absolute;width:116.93635%;height:100%;left:-8.46817%;top:0%\" data-leaf-element=\"true\"><amp-img layout=\"fill\" src=\"https:\/\/carro.blog.br\/noticias\/wp-content\/uploads\/2026\/04\/Honda-Civic-2026-7.webp\" alt=\"Carro.Blog.Br\" srcSet=\"https:\/\/carro.blog.br\/noticias\/wp-content\/uploads\/2026\/04\/Honda-Civic-2026-7.webp 1920w,https:\/\/carro.blog.br\/noticias\/wp-content\/uploads\/2026\/04\/Honda-Civic-2026-7-1800x1013.webp 1800w,https:\/\/carro.blog.br\/noticias\/wp-content\/uploads\/2026\/04\/Honda-Civic-2026-7-1536x864.webp 1536w,https:\/\/carro.blog.br\/noticias\/wp-content\/uploads\/2026\/04\/Honda-Civic-2026-7-900x506.webp 900w,https:\/\/carro.blog.br\/noticias\/wp-content\/uploads\/2026\/04\/Honda-Civic-2026-7-768x432.webp 768w,https:\/\/carro.blog.br\/noticias\/wp-content\/uploads\/2026\/04\/Honda-Civic-2026-7-350x197.webp 350w,https:\/\/carro.blog.br\/noticias\/wp-content\/uploads\/2026\/04\/Honda-Civic-2026-7-150x84.webp 150w\" sizes=\"(max-width: 750px) 100vw, 680px\" disable-inline-width=\"true\"><\/amp-img><\/div>\n<\/div>\n<\/div>\n<div style=\"position:absolute;pointer-events:none;left:calc(12.62136% - 5px);top:calc(44.66019% - 0px);width:calc(75.48544% + 5px);height:calc(37.54045% + 0px);opacity:1\">\n<div id=\"anim-be290420-ea9e-4446-bb8c-8cb6302d83cc\" class=\"animation-wrapper\" style=\"width:100%;height:100%;display:block;position:absolute;top:0;left:0;--initial-opacity:0;--initial-transform:none\">\n<div id=\"anim-1c390297-1a5a-4ef9-b210-340b15b532a5\" class=\"animation-wrapper\" style=\"width:100%;height:100%;display:block;position:absolute;top:0;left:0;--initial-opacity:1;--initial-transform:translate3d(115.75562%, 0px, 0)\">\n<div style=\"top:0;left:0;right:0;bottom:0;width:100%;height:100%;position:absolute;border-width:0px 0px 0px 5px;border-color:rgba(255,255,255,1);border-style:solid;border-radius:0% 0% 0% 0% \/ 0% 0% 0% 0%;pointer-events:initial;display:block;z-index:0\" id=\"el-db13b1ae-5bc0-4e76-ac06-8eaa79288870\">\n<h3 class=\"fill text-wrapper\" style=\"white-space:pre-line;overflow-wrap:break-word;word-break:break-word;margin:0;font-family:&quot;Roboto Condensed&quot;,sans-serif;font-size:0.388350em;line-height:calc(1em + 0.5833346208317239em);text-align:left;padding:0;color:#000000;background-color:#01123b;background:none\"><span style=\"display:block;position:relative;left:0;top:0;margin:0.6631832797427653% 0;-webkit-box-decoration-break:clone;box-decoration-break:clone\"><span style=\"background-color:#01123b;-webkit-box-decoration-break:clone;box-decoration-break:clone;position:relative;padding:2.2508038585209005% 3.536977491961415%;text-align:left;border-radius:0px 0px 0px 0px;color:transparent\">Hoje, o modelo custa R$ 266 mil e subiu de patamar. Deixou de disputar com o Corolla e virou op\u00e7\u00e3o distante para quem sempre olhou o sedan<\/span><\/span><\/h3>\n<h3 class=\"fill text-wrapper\" style=\"white-space:pre-line;overflow-wrap:break-word;word-break:break-word;margin:0;font-family:&quot;Roboto Condensed&quot;,sans-serif;font-size:0.388350em;line-height:calc(1em + 0.5833346208317239em);text-align:left;padding:0;color:#000000;background-color:#01123b;background:none;position:absolute;top:0;left:0;right:0\" aria-hidden=\"true\"><span style=\"display:block;position:relative;left:0;top:0;margin:0.6631832797427653% 0;-webkit-box-decoration-break:clone;box-decoration-break:clone\"><span style=\"background-color:#01123b;-webkit-box-decoration-break:clone;box-decoration-break:clone;position:relative;padding:2.2508038585209005% 3.536977491961415%;text-align:left;border-radius:0px 0px 0px 0px;background:none\"><span style=\"color: #fff\">Hoje, o modelo custa R$ 266 mil e subiu de patamar. Deixou de disputar com o Corolla e virou op\u00e7\u00e3o distante para quem sempre olhou o sedan<\/span><\/span><\/span><\/h3>\n<\/div>\n<\/div>\n<\/div>\n<\/div>\n<div style=\"position:absolute;pointer-events:none;left:5.9466%;top:-2.589%;width:88.1068%;height:12.45955%;opacity:1\">\n<div style=\"pointer-events:initial;width:100%;height:100%;display:block;position:absolute;top:0;left:0;z-index:0\" class=\"mask\" id=\"el-e4e1bbdd-223c-4316-b6ef-47a05c8573b8\">\n<div style=\"position:absolute;width:100%;height:109.99998%;left:0%;top:-4.99999%\" data-leaf-element=\"true\"><amp-img layout=\"fill\" src=\"https:\/\/carro.blog.br\/noticias\/wp-content\/uploads\/2026\/02\/logo-webstories-png.webp\" alt=\"logo-webstories-png\" srcSet=\"https:\/\/carro.blog.br\/noticias\/wp-content\/uploads\/2026\/02\/logo-webstories-png.webp 1500w,https:\/\/carro.blog.br\/noticias\/wp-content\/uploads\/2026\/02\/logo-webstories-png-900x210.webp 900w,https:\/\/carro.blog.br\/noticias\/wp-content\/uploads\/2026\/02\/logo-webstories-png-768x179.webp 768w,https:\/\/carro.blog.br\/noticias\/wp-content\/uploads\/2026\/02\/logo-webstories-png-150x35.webp 150w\" sizes=\"(max-width: 750px) 100vw, 680px\" disable-inline-width=\"true\"><\/amp-img><\/div>\n<\/div>\n<\/div>\n<\/div>\n<\/div>\n<p><\/amp-story-grid-layer><\/amp-story-page><amp-story-page id=\"0b84c8c2-aee6-46dd-9dcc-de71ae7ba132\"><amp-story-animation layout=\"nodisplay\" trigger=\"visibility\"><script type=\"application\/json\">[{\"selector\":\"#anim-865e443f-726f-47fc-b7e5-d66a52f64af7 [data-leaf-element=\\\"true\\\"]\",\"keyframes\":{\"transform\":[\"translate(0%, -0.0000011287131007620133%) scale(1.4464285714285714)\",\"translate(0%, 0%) scale(1)\"]},\"delay\":0,\"duration\":6000,\"easing\":\"cubic-bezier(.3,0,.55,1)\",\"fill\":\"forwards\"}]<\/script><\/amp-story-animation><amp-story-animation layout=\"nodisplay\" trigger=\"visibility\"><script type=\"application\/json\">[{\"selector\":\"#anim-c5f4ce65-1536-4685-9e29-1f79ceb24569\",\"keyframes\":{\"opacity\":[0,1]},\"delay\":0,\"duration\":600,\"easing\":\"cubic-bezier(0.2, 0.6, 0.0, 1)\",\"fill\":\"both\"}]<\/script><\/amp-story-animation><amp-story-animation layout=\"nodisplay\" trigger=\"visibility\"><script type=\"application\/json\">[{\"selector\":\"#anim-2488c028-4e9e-4cde-b176-c34448ce402e\",\"keyframes\":{\"transform\":[\"translate3d(115.75562%, 0px, 0)\",\"translate3d(0px, 0px, 0)\"]},\"delay\":0,\"duration\":600,\"easing\":\"cubic-bezier(0.2, 0.6, 0.0, 1)\",\"fill\":\"both\"}]<\/script><\/amp-story-animation><amp-story-grid-layer template=\"vertical\" aspect-ratio=\"412:618\" class=\"grid-layer\"><\/p>\n<div class=\"page-fullbleed-area\" style=\"background-color:#042672\">\n<div class=\"page-safe-area\">\n<div style=\"position:absolute;pointer-events:none;left:0;top:-9.25926%;width:100%;height:118.51852%;opacity:1\">\n<div id=\"anim-865e443f-726f-47fc-b7e5-d66a52f64af7\" class=\"animation-wrapper\" style=\"width:100%;height:100%;display:block;position:absolute;top:0;left:0\">\n<div style=\"pointer-events:initial;width:100%;height:100%;display:block;position:absolute;top:0;left:0;z-index:0\" class=\"mask\" id=\"el-9477858f-aad6-4776-a398-6bfec4f47c46\">\n<div style=\"position:absolute;width:298.60835%;height:112%;left:-99.30417%;top:-6%\" data-leaf-element=\"true\"><amp-img layout=\"fill\" src=\"https:\/\/carro.blog.br\/noticias\/wp-content\/uploads\/2026\/02\/fundo-azul-scaled.webp\" alt=\"fundo azul\" srcSet=\"https:\/\/carro.blog.br\/noticias\/wp-content\/uploads\/2026\/02\/fundo-azul-scaled.webp 2560w,https:\/\/carro.blog.br\/noticias\/wp-content\/uploads\/2026\/02\/fundo-azul-2048x1365.webp 2048w,https:\/\/carro.blog.br\/noticias\/wp-content\/uploads\/2026\/02\/fundo-azul-1800x1200.webp 1800w,https:\/\/carro.blog.br\/noticias\/wp-content\/uploads\/2026\/02\/fundo-azul-1536x1024.webp 1536w,https:\/\/carro.blog.br\/noticias\/wp-content\/uploads\/2026\/02\/fundo-azul-900x600.webp 900w,https:\/\/carro.blog.br\/noticias\/wp-content\/uploads\/2026\/02\/fundo-azul-768x512.webp 768w,https:\/\/carro.blog.br\/noticias\/wp-content\/uploads\/2026\/02\/fundo-azul-350x233.webp 350w,https:\/\/carro.blog.br\/noticias\/wp-content\/uploads\/2026\/02\/fundo-azul-150x100.webp 150w\" sizes=\"(max-width: 750px) 100vw, 680px\" disable-inline-width=\"true\"><\/amp-img><\/div>\n<div class=\"element-overlay-area\" style=\"background-image:linear-gradient(0.5turn, rgba(0,0,0,0) 40%, rgba(0,0,0,0.5) 100%)\"><\/div>\n<\/div>\n<\/div>\n<\/div>\n<div class=\"page-background-overlay-area\" style=\"background-image:linear-gradient(0.5turn, rgba(0,0,0,0) 40%, rgba(0,0,0,0.5) 100%)\"><\/div>\n<\/div>\n<\/div>\n<p><\/amp-story-grid-layer><amp-story-grid-layer template=\"vertical\" aspect-ratio=\"412:618\" class=\"grid-layer\"><\/p>\n<div class=\"page-fullbleed-area\">\n<div class=\"page-safe-area\">\n<div style=\"position:absolute;pointer-events:none;left:calc(0% - 0px);top:calc(3.8835% - 10px);width:calc(100% + 0px);height:calc(43.85113% + 20px);opacity:1\">\n<div style=\"top:0;left:0;right:0;bottom:0;width:100%;height:100%;position:absolute;border-width:10px 0px 10px 0px;border-color:rgba(255,255,255,1);border-style:solid;border-radius:0% 0% 0% 0% \/ 0% 0% 0% 0%;pointer-events:initial;display:block;z-index:0\" class=\"mask\" id=\"el-4fdc99f6-8b9a-4428-9976-3655c47c6e3b\">\n<div style=\"position:absolute;width:116.93635%;height:100%;left:-8.46817%;top:0%\" data-leaf-element=\"true\"><amp-img layout=\"fill\" src=\"https:\/\/carro.blog.br\/noticias\/wp-content\/uploads\/2026\/04\/Honda-Civic-2026-6.webp\" alt=\"Carro.Blog.Br\" srcSet=\"https:\/\/carro.blog.br\/noticias\/wp-content\/uploads\/2026\/04\/Honda-Civic-2026-6.webp 1920w,https:\/\/carro.blog.br\/noticias\/wp-content\/uploads\/2026\/04\/Honda-Civic-2026-6-1800x1013.webp 1800w,https:\/\/carro.blog.br\/noticias\/wp-content\/uploads\/2026\/04\/Honda-Civic-2026-6-1536x864.webp 1536w,https:\/\/carro.blog.br\/noticias\/wp-content\/uploads\/2026\/04\/Honda-Civic-2026-6-900x506.webp 900w,https:\/\/carro.blog.br\/noticias\/wp-content\/uploads\/2026\/04\/Honda-Civic-2026-6-768x432.webp 768w,https:\/\/carro.blog.br\/noticias\/wp-content\/uploads\/2026\/04\/Honda-Civic-2026-6-350x197.webp 350w,https:\/\/carro.blog.br\/noticias\/wp-content\/uploads\/2026\/04\/Honda-Civic-2026-6-150x84.webp 150w\" sizes=\"(max-width: 750px) 100vw, 680px\" disable-inline-width=\"true\"><\/amp-img><\/div>\n<\/div>\n<\/div>\n<div style=\"position:absolute;pointer-events:none;left:calc(12.62136% - 5px);top:calc(44.66019% - 0px);width:calc(75.48544% + 5px);height:calc(37.54045% + 0px);opacity:1\">\n<div id=\"anim-c5f4ce65-1536-4685-9e29-1f79ceb24569\" class=\"animation-wrapper\" style=\"width:100%;height:100%;display:block;position:absolute;top:0;left:0;--initial-opacity:0;--initial-transform:none\">\n<div id=\"anim-2488c028-4e9e-4cde-b176-c34448ce402e\" class=\"animation-wrapper\" style=\"width:100%;height:100%;display:block;position:absolute;top:0;left:0;--initial-opacity:1;--initial-transform:translate3d(115.75562%, 0px, 0)\">\n<div style=\"top:0;left:0;right:0;bottom:0;width:100%;height:100%;position:absolute;border-width:0px 0px 0px 5px;border-color:rgba(255,255,255,1);border-style:solid;border-radius:0% 0% 0% 0% \/ 0% 0% 0% 0%;pointer-events:initial;display:block;z-index:0\" id=\"el-e318492d-ed8b-4efc-aa3c-48185e206c74\">\n<h3 class=\"fill text-wrapper\" style=\"white-space:pre-line;overflow-wrap:break-word;word-break:break-word;margin:0;font-family:&quot;Roboto Condensed&quot;,sans-serif;font-size:0.388350em;line-height:calc(1em + 0.5833346208317239em);text-align:left;padding:0;color:#000000;background-color:#01123b;background:none\"><span style=\"display:block;position:relative;left:0;top:0;margin:0.6631832797427653% 0;-webkit-box-decoration-break:clone;box-decoration-break:clone\"><span style=\"background-color:#01123b;-webkit-box-decoration-break:clone;box-decoration-break:clone;position:relative;padding:2.2508038585209005% 3.536977491961415%;text-align:left;border-radius:0px 0px 0px 0px;color:transparent\">Por dentro, entrega conforto e sil\u00eancio, mas perdeu aquele toque mais envolvente ao volante. Est\u00e1 mais pr\u00f3ximo de um carro para ser levado do que para dirigir<\/span><\/span><\/h3>\n<h3 class=\"fill text-wrapper\" style=\"white-space:pre-line;overflow-wrap:break-word;word-break:break-word;margin:0;font-family:&quot;Roboto Condensed&quot;,sans-serif;font-size:0.388350em;line-height:calc(1em + 0.5833346208317239em);text-align:left;padding:0;color:#000000;background-color:#01123b;background:none;position:absolute;top:0;left:0;right:0\" aria-hidden=\"true\"><span style=\"display:block;position:relative;left:0;top:0;margin:0.6631832797427653% 0;-webkit-box-decoration-break:clone;box-decoration-break:clone\"><span style=\"background-color:#01123b;-webkit-box-decoration-break:clone;box-decoration-break:clone;position:relative;padding:2.2508038585209005% 3.536977491961415%;text-align:left;border-radius:0px 0px 0px 0px;background:none\"><span style=\"color: #fff\">Por dentro, entrega conforto e sil\u00eancio, mas perdeu aquele toque mais envolvente ao volante. Est\u00e1 mais pr\u00f3ximo de um carro para ser levado do que para dirigir<\/span><\/span><\/span><\/h3>\n<\/div>\n<\/div>\n<\/div>\n<\/div>\n<div style=\"position:absolute;pointer-events:none;left:5.9466%;top:-2.589%;width:88.1068%;height:12.45955%;opacity:1\">\n<div style=\"pointer-events:initial;width:100%;height:100%;display:block;position:absolute;top:0;left:0;z-index:0\" class=\"mask\" id=\"el-027fa2aa-8cf9-49de-85a1-b8f27def2b0f\">\n<div style=\"position:absolute;width:100%;height:109.99998%;left:0%;top:-4.99999%\" data-leaf-element=\"true\"><amp-img layout=\"fill\" src=\"https:\/\/carro.blog.br\/noticias\/wp-content\/uploads\/2026\/02\/logo-webstories-png.webp\" alt=\"logo-webstories-png\" srcSet=\"https:\/\/carro.blog.br\/noticias\/wp-content\/uploads\/2026\/02\/logo-webstories-png.webp 1500w,https:\/\/carro.blog.br\/noticias\/wp-content\/uploads\/2026\/02\/logo-webstories-png-900x210.webp 900w,https:\/\/carro.blog.br\/noticias\/wp-content\/uploads\/2026\/02\/logo-webstories-png-768x179.webp 768w,https:\/\/carro.blog.br\/noticias\/wp-content\/uploads\/2026\/02\/logo-webstories-png-150x35.webp 150w\" sizes=\"(max-width: 750px) 100vw, 680px\" disable-inline-width=\"true\"><\/amp-img><\/div>\n<\/div>\n<\/div>\n<\/div>\n<\/div>\n<p><\/amp-story-grid-layer><\/amp-story-page><amp-story-page id=\"f399375e-b810-4ba5-bc66-4e072842c13c\"><amp-story-animation layout=\"nodisplay\" trigger=\"visibility\"><script type=\"application\/json\">[{\"selector\":\"#anim-59f966e8-a646-4a30-8088-86914caa541c [data-leaf-element=\\\"true\\\"]\",\"keyframes\":{\"transform\":[\"translate(0%, -0.0000011287131007620133%) scale(1.4464285714285714)\",\"translate(0%, 0%) scale(1)\"]},\"delay\":0,\"duration\":6000,\"easing\":\"cubic-bezier(.3,0,.55,1)\",\"fill\":\"forwards\"}]<\/script><\/amp-story-animation><amp-story-animation layout=\"nodisplay\" trigger=\"visibility\"><script type=\"application\/json\">[{\"selector\":\"#anim-05640b87-a743-4c96-b92e-01714829bea6\",\"keyframes\":{\"opacity\":[0,1]},\"delay\":0,\"duration\":600,\"easing\":\"cubic-bezier(0.2, 0.6, 0.0, 1)\",\"fill\":\"both\"}]<\/script><\/amp-story-animation><amp-story-animation layout=\"nodisplay\" trigger=\"visibility\"><script type=\"application\/json\">[{\"selector\":\"#anim-9d773ff5-32b0-4b47-b7f5-981f04ffc544\",\"keyframes\":{\"transform\":[\"translate3d(115.75562%, 0px, 0)\",\"translate3d(0px, 0px, 0)\"]},\"delay\":0,\"duration\":600,\"easing\":\"cubic-bezier(0.2, 0.6, 0.0, 1)\",\"fill\":\"both\"}]<\/script><\/amp-story-animation><amp-story-grid-layer template=\"vertical\" aspect-ratio=\"412:618\" class=\"grid-layer\"><\/p>\n<div class=\"page-fullbleed-area\" style=\"background-color:#042672\">\n<div class=\"page-safe-area\">\n<div style=\"position:absolute;pointer-events:none;left:0;top:-9.25926%;width:100%;height:118.51852%;opacity:1\">\n<div id=\"anim-59f966e8-a646-4a30-8088-86914caa541c\" class=\"animation-wrapper\" style=\"width:100%;height:100%;display:block;position:absolute;top:0;left:0\">\n<div style=\"pointer-events:initial;width:100%;height:100%;display:block;position:absolute;top:0;left:0;z-index:0\" class=\"mask\" id=\"el-8d210a8f-5ddc-47a5-acd3-9fcc3da2c2c7\">\n<div style=\"position:absolute;width:298.60835%;height:112%;left:-99.30417%;top:-6%\" data-leaf-element=\"true\"><amp-img layout=\"fill\" src=\"https:\/\/carro.blog.br\/noticias\/wp-content\/uploads\/2026\/02\/fundo-azul-scaled.webp\" alt=\"fundo azul\" srcSet=\"https:\/\/carro.blog.br\/noticias\/wp-content\/uploads\/2026\/02\/fundo-azul-scaled.webp 2560w,https:\/\/carro.blog.br\/noticias\/wp-content\/uploads\/2026\/02\/fundo-azul-2048x1365.webp 2048w,https:\/\/carro.blog.br\/noticias\/wp-content\/uploads\/2026\/02\/fundo-azul-1800x1200.webp 1800w,https:\/\/carro.blog.br\/noticias\/wp-content\/uploads\/2026\/02\/fundo-azul-1536x1024.webp 1536w,https:\/\/carro.blog.br\/noticias\/wp-content\/uploads\/2026\/02\/fundo-azul-900x600.webp 900w,https:\/\/carro.blog.br\/noticias\/wp-content\/uploads\/2026\/02\/fundo-azul-768x512.webp 768w,https:\/\/carro.blog.br\/noticias\/wp-content\/uploads\/2026\/02\/fundo-azul-350x233.webp 350w,https:\/\/carro.blog.br\/noticias\/wp-content\/uploads\/2026\/02\/fundo-azul-150x100.webp 150w\" sizes=\"(max-width: 750px) 100vw, 680px\" disable-inline-width=\"true\"><\/amp-img><\/div>\n<div class=\"element-overlay-area\" style=\"background-image:linear-gradient(0.5turn, rgba(0,0,0,0) 40%, rgba(0,0,0,0.5) 100%)\"><\/div>\n<\/div>\n<\/div>\n<\/div>\n<div class=\"page-background-overlay-area\" style=\"background-image:linear-gradient(0.5turn, rgba(0,0,0,0) 40%, rgba(0,0,0,0.5) 100%)\"><\/div>\n<\/div>\n<\/div>\n<p><\/amp-story-grid-layer><amp-story-grid-layer template=\"vertical\" aspect-ratio=\"412:618\" class=\"grid-layer\"><\/p>\n<div class=\"page-fullbleed-area\">\n<div class=\"page-safe-area\">\n<div style=\"position:absolute;pointer-events:none;left:calc(0% - 0px);top:calc(3.8835% - 10px);width:calc(100% + 0px);height:calc(43.85113% + 20px);opacity:1\">\n<div style=\"top:0;left:0;right:0;bottom:0;width:100%;height:100%;position:absolute;border-width:10px 0px 10px 0px;border-color:rgba(255,255,255,1);border-style:solid;border-radius:0% 0% 0% 0% \/ 0% 0% 0% 0%;pointer-events:initial;display:block;z-index:0\" class=\"mask\" id=\"el-444a351a-34cb-4d3d-9822-0119b54c6c73\">\n<div style=\"position:absolute;width:116.93635%;height:100%;left:-8.46817%;top:0%\" data-leaf-element=\"true\"><amp-img layout=\"fill\" src=\"https:\/\/carro.blog.br\/noticias\/wp-content\/uploads\/2026\/04\/Honda-Civic-2026-4.webp\" alt=\"Carro.Blog.Br\" srcSet=\"https:\/\/carro.blog.br\/noticias\/wp-content\/uploads\/2026\/04\/Honda-Civic-2026-4.webp 1920w,https:\/\/carro.blog.br\/noticias\/wp-content\/uploads\/2026\/04\/Honda-Civic-2026-4-1800x1013.webp 1800w,https:\/\/carro.blog.br\/noticias\/wp-content\/uploads\/2026\/04\/Honda-Civic-2026-4-1536x864.webp 1536w,https:\/\/carro.blog.br\/noticias\/wp-content\/uploads\/2026\/04\/Honda-Civic-2026-4-900x506.webp 900w,https:\/\/carro.blog.br\/noticias\/wp-content\/uploads\/2026\/04\/Honda-Civic-2026-4-768x432.webp 768w,https:\/\/carro.blog.br\/noticias\/wp-content\/uploads\/2026\/04\/Honda-Civic-2026-4-350x197.webp 350w,https:\/\/carro.blog.br\/noticias\/wp-content\/uploads\/2026\/04\/Honda-Civic-2026-4-150x84.webp 150w\" sizes=\"(max-width: 750px) 100vw, 680px\" disable-inline-width=\"true\"><\/amp-img><\/div>\n<\/div>\n<\/div>\n<div style=\"position:absolute;pointer-events:none;left:calc(12.62136% - 5px);top:calc(44.66019% - 0px);width:calc(75.48544% + 5px);height:calc(37.54045% + 0px);opacity:1\">\n<div id=\"anim-05640b87-a743-4c96-b92e-01714829bea6\" class=\"animation-wrapper\" style=\"width:100%;height:100%;display:block;position:absolute;top:0;left:0;--initial-opacity:0;--initial-transform:none\">\n<div id=\"anim-9d773ff5-32b0-4b47-b7f5-981f04ffc544\" class=\"animation-wrapper\" style=\"width:100%;height:100%;display:block;position:absolute;top:0;left:0;--initial-opacity:1;--initial-transform:translate3d(115.75562%, 0px, 0)\">\n<div style=\"top:0;left:0;right:0;bottom:0;width:100%;height:100%;position:absolute;border-width:0px 0px 0px 5px;border-color:rgba(255,255,255,1);border-style:solid;border-radius:0% 0% 0% 0% \/ 0% 0% 0% 0%;pointer-events:initial;display:block;z-index:0\" id=\"el-d89f7cc9-bdca-4afd-96ea-f9fb1e1c90f3\">\n<h3 class=\"fill text-wrapper\" style=\"white-space:pre-line;overflow-wrap:break-word;word-break:break-word;margin:0;font-family:&quot;Roboto Condensed&quot;,sans-serif;font-size:0.388350em;line-height:calc(1em + 0.5833346208317239em);text-align:left;padding:0;color:#000000;background-color:#01123b;background:none\"><span style=\"display:block;position:relative;left:0;top:0;margin:0.6631832797427653% 0;-webkit-box-decoration-break:clone;box-decoration-break:clone\"><span style=\"background-color:#01123b;-webkit-box-decoration-break:clone;box-decoration-break:clone;position:relative;padding:2.2508038585209005% 3.536977491961415%;text-align:left;border-radius:0px 0px 0px 0px;color:transparent\">O conjunto h\u00edbrido funciona bem e surpreende no consumo, mas cobra seu pre\u00e7o. O motor chega a incomodar no tr\u00e2nsito pesado com giros altos parado<\/span><\/span><\/h3>\n<h3 class=\"fill text-wrapper\" style=\"white-space:pre-line;overflow-wrap:break-word;word-break:break-word;margin:0;font-family:&quot;Roboto Condensed&quot;,sans-serif;font-size:0.388350em;line-height:calc(1em + 0.5833346208317239em);text-align:left;padding:0;color:#000000;background-color:#01123b;background:none;position:absolute;top:0;left:0;right:0\" aria-hidden=\"true\"><span style=\"display:block;position:relative;left:0;top:0;margin:0.6631832797427653% 0;-webkit-box-decoration-break:clone;box-decoration-break:clone\"><span style=\"background-color:#01123b;-webkit-box-decoration-break:clone;box-decoration-break:clone;position:relative;padding:2.2508038585209005% 3.536977491961415%;text-align:left;border-radius:0px 0px 0px 0px;background:none\"><span style=\"color: #fff\">O conjunto h\u00edbrido funciona bem e surpreende no consumo, mas cobra seu pre\u00e7o. O motor chega a incomodar no tr\u00e2nsito pesado com giros altos parado<\/span><\/span><\/span><\/h3>\n<\/div>\n<\/div>\n<\/div>\n<\/div>\n<div style=\"position:absolute;pointer-events:none;left:5.9466%;top:-2.589%;width:88.1068%;height:12.45955%;opacity:1\">\n<div style=\"pointer-events:initial;width:100%;height:100%;display:block;position:absolute;top:0;left:0;z-index:0\" class=\"mask\" id=\"el-c70cf83f-4765-4778-8fae-ff55cc666079\">\n<div style=\"position:absolute;width:100%;height:109.99998%;left:0%;top:-4.99999%\" data-leaf-element=\"true\"><amp-img layout=\"fill\" src=\"https:\/\/carro.blog.br\/noticias\/wp-content\/uploads\/2026\/02\/logo-webstories-png.webp\" alt=\"logo-webstories-png\" srcSet=\"https:\/\/carro.blog.br\/noticias\/wp-content\/uploads\/2026\/02\/logo-webstories-png.webp 1500w,https:\/\/carro.blog.br\/noticias\/wp-content\/uploads\/2026\/02\/logo-webstories-png-900x210.webp 900w,https:\/\/carro.blog.br\/noticias\/wp-content\/uploads\/2026\/02\/logo-webstories-png-768x179.webp 768w,https:\/\/carro.blog.br\/noticias\/wp-content\/uploads\/2026\/02\/logo-webstories-png-150x35.webp 150w\" sizes=\"(max-width: 750px) 100vw, 680px\" disable-inline-width=\"true\"><\/amp-img><\/div>\n<\/div>\n<\/div>\n<\/div>\n<\/div>\n<p><\/amp-story-grid-layer><\/amp-story-page><amp-story-page id=\"e24e99fb-ad03-4b33-bc3d-653effc50e00\"><amp-story-animation layout=\"nodisplay\" trigger=\"visibility\"><script type=\"application\/json\">[{\"selector\":\"#anim-fe06f5fd-5b0b-47f7-96d4-da5bac329474 [data-leaf-element=\\\"true\\\"]\",\"keyframes\":{\"transform\":[\"translate(0%, -0.0000011287131007620133%) scale(1.4464285714285714)\",\"translate(0%, 0%) scale(1)\"]},\"delay\":0,\"duration\":6000,\"easing\":\"cubic-bezier(.3,0,.55,1)\",\"fill\":\"forwards\"}]<\/script><\/amp-story-animation><amp-story-animation layout=\"nodisplay\" trigger=\"visibility\"><script type=\"application\/json\">[{\"selector\":\"#anim-972b348c-4e41-4e2e-8d22-965c6f77f54c\",\"keyframes\":{\"opacity\":[0,1]},\"delay\":0,\"duration\":600,\"easing\":\"cubic-bezier(0.2, 0.6, 0.0, 1)\",\"fill\":\"both\"}]<\/script><\/amp-story-animation><amp-story-animation layout=\"nodisplay\" trigger=\"visibility\"><script type=\"application\/json\">[{\"selector\":\"#anim-9c808043-dd6e-4c52-9c42-2f5b091930c1\",\"keyframes\":{\"transform\":[\"translate3d(115.75562%, 0px, 0)\",\"translate3d(0px, 0px, 0)\"]},\"delay\":0,\"duration\":600,\"easing\":\"cubic-bezier(0.2, 0.6, 0.0, 1)\",\"fill\":\"both\"}]<\/script><\/amp-story-animation><amp-story-grid-layer template=\"vertical\" aspect-ratio=\"412:618\" class=\"grid-layer\"><\/p>\n<div class=\"page-fullbleed-area\" style=\"background-color:#042672\">\n<div class=\"page-safe-area\">\n<div style=\"position:absolute;pointer-events:none;left:0;top:-9.25926%;width:100%;height:118.51852%;opacity:1\">\n<div id=\"anim-fe06f5fd-5b0b-47f7-96d4-da5bac329474\" class=\"animation-wrapper\" style=\"width:100%;height:100%;display:block;position:absolute;top:0;left:0\">\n<div style=\"pointer-events:initial;width:100%;height:100%;display:block;position:absolute;top:0;left:0;z-index:0\" class=\"mask\" id=\"el-54ff24d5-e423-49ac-a17c-2d930dc01532\">\n<div style=\"position:absolute;width:298.60835%;height:112%;left:-99.30417%;top:-6%\" data-leaf-element=\"true\"><amp-img layout=\"fill\" src=\"https:\/\/carro.blog.br\/noticias\/wp-content\/uploads\/2026\/02\/fundo-azul-scaled.webp\" alt=\"fundo azul\" srcSet=\"https:\/\/carro.blog.br\/noticias\/wp-content\/uploads\/2026\/02\/fundo-azul-scaled.webp 2560w,https:\/\/carro.blog.br\/noticias\/wp-content\/uploads\/2026\/02\/fundo-azul-2048x1365.webp 2048w,https:\/\/carro.blog.br\/noticias\/wp-content\/uploads\/2026\/02\/fundo-azul-1800x1200.webp 1800w,https:\/\/carro.blog.br\/noticias\/wp-content\/uploads\/2026\/02\/fundo-azul-1536x1024.webp 1536w,https:\/\/carro.blog.br\/noticias\/wp-content\/uploads\/2026\/02\/fundo-azul-900x600.webp 900w,https:\/\/carro.blog.br\/noticias\/wp-content\/uploads\/2026\/02\/fundo-azul-768x512.webp 768w,https:\/\/carro.blog.br\/noticias\/wp-content\/uploads\/2026\/02\/fundo-azul-350x233.webp 350w,https:\/\/carro.blog.br\/noticias\/wp-content\/uploads\/2026\/02\/fundo-azul-150x100.webp 150w\" sizes=\"(max-width: 750px) 100vw, 680px\" disable-inline-width=\"true\"><\/amp-img><\/div>\n<div class=\"element-overlay-area\" style=\"background-image:linear-gradient(0.5turn, rgba(0,0,0,0) 40%, rgba(0,0,0,0.5) 100%)\"><\/div>\n<\/div>\n<\/div>\n<\/div>\n<div class=\"page-background-overlay-area\" style=\"background-image:linear-gradient(0.5turn, rgba(0,0,0,0) 40%, rgba(0,0,0,0.5) 100%)\"><\/div>\n<\/div>\n<\/div>\n<p><\/amp-story-grid-layer><amp-story-grid-layer template=\"vertical\" aspect-ratio=\"412:618\" class=\"grid-layer\"><\/p>\n<div class=\"page-fullbleed-area\">\n<div class=\"page-safe-area\">\n<div style=\"position:absolute;pointer-events:none;left:calc(0% - 0px);top:calc(3.8835% - 10px);width:calc(100% + 0px);height:calc(43.85113% + 20px);opacity:1\">\n<div style=\"top:0;left:0;right:0;bottom:0;width:100%;height:100%;position:absolute;border-width:10px 0px 10px 0px;border-color:rgba(255,255,255,1);border-style:solid;border-radius:0% 0% 0% 0% \/ 0% 0% 0% 0%;pointer-events:initial;display:block;z-index:0\" class=\"mask\" id=\"el-1d44c6fe-5023-4b6d-8efb-980b048c21ba\">\n<div style=\"position:absolute;width:121.62101%;height:100%;left:-10.8105%;top:0%\" data-leaf-element=\"true\"><amp-img layout=\"fill\" src=\"https:\/\/carro.blog.br\/noticias\/wp-content\/uploads\/2026\/04\/Honda-Civic-2026-1.webp\" alt=\"Carro.Blog.Br\" srcSet=\"https:\/\/carro.blog.br\/noticias\/wp-content\/uploads\/2026\/04\/Honda-Civic-2026-1.webp 2400w,https:\/\/carro.blog.br\/noticias\/wp-content\/uploads\/2026\/04\/Honda-Civic-2026-1-2048x1108.webp 2048w,https:\/\/carro.blog.br\/noticias\/wp-content\/uploads\/2026\/04\/Honda-Civic-2026-1-1800x974.webp 1800w,https:\/\/carro.blog.br\/noticias\/wp-content\/uploads\/2026\/04\/Honda-Civic-2026-1-1536x831.webp 1536w,https:\/\/carro.blog.br\/noticias\/wp-content\/uploads\/2026\/04\/Honda-Civic-2026-1-900x487.webp 900w,https:\/\/carro.blog.br\/noticias\/wp-content\/uploads\/2026\/04\/Honda-Civic-2026-1-768x415.webp 768w,https:\/\/carro.blog.br\/noticias\/wp-content\/uploads\/2026\/04\/Honda-Civic-2026-1-350x189.webp 350w,https:\/\/carro.blog.br\/noticias\/wp-content\/uploads\/2026\/04\/Honda-Civic-2026-1-150x81.webp 150w\" sizes=\"(max-width: 750px) 100vw, 680px\" disable-inline-width=\"true\"><\/amp-img><\/div>\n<\/div>\n<\/div>\n<div style=\"position:absolute;pointer-events:none;left:calc(12.62136% - 5px);top:calc(44.66019% - 0px);width:calc(75.48544% + 5px);height:calc(37.54045% + 0px);opacity:1\">\n<div id=\"anim-972b348c-4e41-4e2e-8d22-965c6f77f54c\" class=\"animation-wrapper\" style=\"width:100%;height:100%;display:block;position:absolute;top:0;left:0;--initial-opacity:0;--initial-transform:none\">\n<div id=\"anim-9c808043-dd6e-4c52-9c42-2f5b091930c1\" class=\"animation-wrapper\" style=\"width:100%;height:100%;display:block;position:absolute;top:0;left:0;--initial-opacity:1;--initial-transform:translate3d(115.75562%, 0px, 0)\">\n<div style=\"top:0;left:0;right:0;bottom:0;width:100%;height:100%;position:absolute;border-width:0px 0px 0px 5px;border-color:rgba(255,255,255,1);border-style:solid;border-radius:0% 0% 0% 0% \/ 0% 0% 0% 0%;pointer-events:initial;display:block;z-index:0\" id=\"el-af85a830-6958-4c44-b4c5-34e1025761ae\">\n<h3 class=\"fill text-wrapper\" style=\"white-space:pre-line;overflow-wrap:break-word;word-break:break-word;margin:0;font-family:&quot;Roboto Condensed&quot;,sans-serif;font-size:0.388350em;line-height:calc(1em + 0.5833346208317239em);text-align:left;padding:0;color:#000000;background-color:#01123b;background:none\"><span style=\"display:block;position:relative;left:0;top:0;margin:0.6631832797427653% 0;-webkit-box-decoration-break:clone;box-decoration-break:clone\"><span style=\"background-color:#01123b;-webkit-box-decoration-break:clone;box-decoration-break:clone;position:relative;padding:2.2508038585209005% 3.536977491961415%;text-align:left;border-radius:0px 0px 0px 0px;color:transparent\">S\u00f3 que o maior culpado n\u00e3o \u00e9 o carro. O brasileiro mudou. SUVs como HR-V e WR-V dominam as escolhas e empurraram o sedan para escanteio<\/span><\/span><\/h3>\n<h3 class=\"fill text-wrapper\" style=\"white-space:pre-line;overflow-wrap:break-word;word-break:break-word;margin:0;font-family:&quot;Roboto Condensed&quot;,sans-serif;font-size:0.388350em;line-height:calc(1em + 0.5833346208317239em);text-align:left;padding:0;color:#000000;background-color:#01123b;background:none;position:absolute;top:0;left:0;right:0\" aria-hidden=\"true\"><span style=\"display:block;position:relative;left:0;top:0;margin:0.6631832797427653% 0;-webkit-box-decoration-break:clone;box-decoration-break:clone\"><span style=\"background-color:#01123b;-webkit-box-decoration-break:clone;box-decoration-break:clone;position:relative;padding:2.2508038585209005% 3.536977491961415%;text-align:left;border-radius:0px 0px 0px 0px;background:none\"><span style=\"color: #fff\">S\u00f3 que o maior culpado n\u00e3o \u00e9 o carro. O brasileiro mudou. SUVs como HR-V e WR-V dominam as escolhas e empurraram o sedan para escanteio<\/span><\/span><\/span><\/h3>\n<\/div>\n<\/div>\n<\/div>\n<\/div>\n<div style=\"position:absolute;pointer-events:none;left:5.9466%;top:-2.589%;width:88.1068%;height:12.45955%;opacity:1\">\n<div style=\"pointer-events:initial;width:100%;height:100%;display:block;position:absolute;top:0;left:0;z-index:0\" class=\"mask\" id=\"el-852a687f-7af0-4f4a-b209-fa01612be2a2\">\n<div style=\"position:absolute;width:100%;height:109.99998%;left:0%;top:-4.99999%\" data-leaf-element=\"true\"><amp-img layout=\"fill\" src=\"https:\/\/carro.blog.br\/noticias\/wp-content\/uploads\/2026\/02\/logo-webstories-png.webp\" alt=\"logo-webstories-png\" srcSet=\"https:\/\/carro.blog.br\/noticias\/wp-content\/uploads\/2026\/02\/logo-webstories-png.webp 1500w,https:\/\/carro.blog.br\/noticias\/wp-content\/uploads\/2026\/02\/logo-webstories-png-900x210.webp 900w,https:\/\/carro.blog.br\/noticias\/wp-content\/uploads\/2026\/02\/logo-webstories-png-768x179.webp 768w,https:\/\/carro.blog.br\/noticias\/wp-content\/uploads\/2026\/02\/logo-webstories-png-150x35.webp 150w\" sizes=\"(max-width: 750px) 100vw, 680px\" disable-inline-width=\"true\"><\/amp-img><\/div>\n<\/div>\n<\/div>\n<\/div>\n<\/div>\n<p><\/amp-story-grid-layer><\/amp-story-page><amp-story-page id=\"cb628dd7-72fc-4ae1-b113-f1e18d016887\"><amp-story-animation layout=\"nodisplay\" trigger=\"visibility\"><script type=\"application\/json\">[{\"selector\":\"#anim-6949b253-3d46-4c4d-a6b0-65a3c6ce3318 [data-leaf-element=\\\"true\\\"]\",\"keyframes\":{\"transform\":[\"translate(0%, -0.0000011287131007620133%) scale(1.4464285714285714)\",\"translate(0%, 0%) scale(1)\"]},\"delay\":0,\"duration\":6000,\"easing\":\"cubic-bezier(.3,0,.55,1)\",\"fill\":\"forwards\"}]<\/script><\/amp-story-animation><amp-story-animation layout=\"nodisplay\" trigger=\"visibility\"><script type=\"application\/json\">[{\"selector\":\"#anim-addc41b6-912c-4179-b4ae-b49b53eda3aa\",\"keyframes\":{\"opacity\":[0,1]},\"delay\":0,\"duration\":600,\"easing\":\"cubic-bezier(0.2, 0.6, 0.0, 1)\",\"fill\":\"both\"}]<\/script><\/amp-story-animation><amp-story-animation layout=\"nodisplay\" trigger=\"visibility\"><script type=\"application\/json\">[{\"selector\":\"#anim-a78ebb52-ac0e-410f-80c1-6698c36ee3f9\",\"keyframes\":{\"transform\":[\"translate3d(115.75562%, 0px, 0)\",\"translate3d(0px, 0px, 0)\"]},\"delay\":0,\"duration\":600,\"easing\":\"cubic-bezier(0.2, 0.6, 0.0, 1)\",\"fill\":\"both\"}]<\/script><\/amp-story-animation><amp-story-grid-layer template=\"vertical\" aspect-ratio=\"412:618\" class=\"grid-layer\"><\/p>\n<div class=\"page-fullbleed-area\" style=\"background-color:#042672\">\n<div class=\"page-safe-area\">\n<div style=\"position:absolute;pointer-events:none;left:0;top:-9.25926%;width:100%;height:118.51852%;opacity:1\">\n<div id=\"anim-6949b253-3d46-4c4d-a6b0-65a3c6ce3318\" class=\"animation-wrapper\" style=\"width:100%;height:100%;display:block;position:absolute;top:0;left:0\">\n<div style=\"pointer-events:initial;width:100%;height:100%;display:block;position:absolute;top:0;left:0;z-index:0\" class=\"mask\" id=\"el-ff9cf467-3cef-4306-a2a2-6fa9363bead1\">\n<div style=\"position:absolute;width:298.60835%;height:112%;left:-99.30417%;top:-6%\" data-leaf-element=\"true\"><amp-img layout=\"fill\" src=\"https:\/\/carro.blog.br\/noticias\/wp-content\/uploads\/2026\/02\/fundo-azul-scaled.webp\" alt=\"fundo azul\" srcSet=\"https:\/\/carro.blog.br\/noticias\/wp-content\/uploads\/2026\/02\/fundo-azul-scaled.webp 2560w,https:\/\/carro.blog.br\/noticias\/wp-content\/uploads\/2026\/02\/fundo-azul-2048x1365.webp 2048w,https:\/\/carro.blog.br\/noticias\/wp-content\/uploads\/2026\/02\/fundo-azul-1800x1200.webp 1800w,https:\/\/carro.blog.br\/noticias\/wp-content\/uploads\/2026\/02\/fundo-azul-1536x1024.webp 1536w,https:\/\/carro.blog.br\/noticias\/wp-content\/uploads\/2026\/02\/fundo-azul-900x600.webp 900w,https:\/\/carro.blog.br\/noticias\/wp-content\/uploads\/2026\/02\/fundo-azul-768x512.webp 768w,https:\/\/carro.blog.br\/noticias\/wp-content\/uploads\/2026\/02\/fundo-azul-350x233.webp 350w,https:\/\/carro.blog.br\/noticias\/wp-content\/uploads\/2026\/02\/fundo-azul-150x100.webp 150w\" sizes=\"(max-width: 750px) 100vw, 680px\" disable-inline-width=\"true\"><\/amp-img><\/div>\n<div class=\"element-overlay-area\" style=\"background-image:linear-gradient(0.5turn, rgba(0,0,0,0) 40%, rgba(0,0,0,0.5) 100%)\"><\/div>\n<\/div>\n<\/div>\n<\/div>\n<div class=\"page-background-overlay-area\" style=\"background-image:linear-gradient(0.5turn, rgba(0,0,0,0) 40%, rgba(0,0,0,0.5) 100%)\"><\/div>\n<\/div>\n<\/div>\n<p><\/amp-story-grid-layer><amp-story-grid-layer template=\"vertical\" aspect-ratio=\"412:618\" class=\"grid-layer\"><\/p>\n<div class=\"page-fullbleed-area\">\n<div class=\"page-safe-area\">\n<div style=\"position:absolute;pointer-events:none;left:calc(0% - 0px);top:calc(3.8835% - 10px);width:calc(100% + 0px);height:calc(43.85113% + 20px);opacity:1\">\n<div style=\"top:0;left:0;right:0;bottom:0;width:100%;height:100%;position:absolute;border-width:10px 0px 10px 0px;border-color:rgba(255,255,255,1);border-style:solid;border-radius:0% 0% 0% 0% \/ 0% 0% 0% 0%;pointer-events:initial;display:block;z-index:0\" class=\"mask\" id=\"el-79987568-86d9-4689-aa8e-6624fffb8fcd\">\n<div style=\"position:absolute;width:101.25392%;height:100%;left:-0.62696%;top:0%\" data-leaf-element=\"true\"><amp-img layout=\"fill\" src=\"https:\/\/carro.blog.br\/noticias\/wp-content\/uploads\/2026\/04\/Honda-Civic-2026-3.webp\" alt=\"Carro.Blog.Br\" srcSet=\"https:\/\/carro.blog.br\/noticias\/wp-content\/uploads\/2026\/04\/Honda-Civic-2026-3.webp 2112w,https:\/\/carro.blog.br\/noticias\/wp-content\/uploads\/2026\/04\/Honda-Civic-2026-3-2048x1330.webp 2048w,https:\/\/carro.blog.br\/noticias\/wp-content\/uploads\/2026\/04\/Honda-Civic-2026-3-1800x1169.webp 1800w,https:\/\/carro.blog.br\/noticias\/wp-content\/uploads\/2026\/04\/Honda-Civic-2026-3-1536x998.webp 1536w,https:\/\/carro.blog.br\/noticias\/wp-content\/uploads\/2026\/04\/Honda-Civic-2026-3-900x585.webp 900w,https:\/\/carro.blog.br\/noticias\/wp-content\/uploads\/2026\/04\/Honda-Civic-2026-3-768x499.webp 768w,https:\/\/carro.blog.br\/noticias\/wp-content\/uploads\/2026\/04\/Honda-Civic-2026-3-350x227.webp 350w,https:\/\/carro.blog.br\/noticias\/wp-content\/uploads\/2026\/04\/Honda-Civic-2026-3-150x97.webp 150w\" sizes=\"(max-width: 750px) 100vw, 680px\" disable-inline-width=\"true\"><\/amp-img><\/div>\n<\/div>\n<\/div>\n<div style=\"position:absolute;pointer-events:none;left:calc(12.62136% - 5px);top:calc(44.66019% - 0px);width:calc(75.48544% + 5px);height:calc(31.39159% + 0px);opacity:1\">\n<div id=\"anim-addc41b6-912c-4179-b4ae-b49b53eda3aa\" class=\"animation-wrapper\" style=\"width:100%;height:100%;display:block;position:absolute;top:0;left:0;--initial-opacity:0;--initial-transform:none\">\n<div id=\"anim-a78ebb52-ac0e-410f-80c1-6698c36ee3f9\" class=\"animation-wrapper\" style=\"width:100%;height:100%;display:block;position:absolute;top:0;left:0;--initial-opacity:1;--initial-transform:translate3d(115.75562%, 0px, 0)\">\n<div style=\"top:0;left:0;right:0;bottom:0;width:100%;height:100%;position:absolute;border-width:0px 0px 0px 5px;border-color:rgba(255,255,255,1);border-style:solid;border-radius:0% 0% 0% 0% \/ 0% 0% 0% 0%;pointer-events:initial;display:block;z-index:0\" id=\"el-70d69fad-2a7e-49a9-b9d4-41a383fb3a66\">\n<h3 class=\"fill text-wrapper\" style=\"white-space:pre-line;overflow-wrap:break-word;word-break:break-word;margin:0;font-family:&quot;Roboto Condensed&quot;,sans-serif;font-size:0.388350em;line-height:calc(1em + 0.5833346208317239em);text-align:left;padding:0;color:#000000;background-color:#01123b;background:none\"><span style=\"display:block;position:relative;left:0;top:0;margin:0.6631832797427653% 0;-webkit-box-decoration-break:clone;box-decoration-break:clone\"><span style=\"background-color:#01123b;-webkit-box-decoration-break:clone;box-decoration-break:clone;position:relative;padding:2.2508038585209005% 3.536977491961415%;text-align:left;border-radius:0px 0px 0px 0px;color:transparent\">Com R$ 266 mil na mesa, muita gente nem olha mais para um sedan. Quer saber o que esse valor compra hoje? A resposta muda tudo<\/span><\/span><\/h3>\n<h3 class=\"fill text-wrapper\" style=\"white-space:pre-line;overflow-wrap:break-word;word-break:break-word;margin:0;font-family:&quot;Roboto Condensed&quot;,sans-serif;font-size:0.388350em;line-height:calc(1em + 0.5833346208317239em);text-align:left;padding:0;color:#000000;background-color:#01123b;background:none;position:absolute;top:0;left:0;right:0\" aria-hidden=\"true\"><span style=\"display:block;position:relative;left:0;top:0;margin:0.6631832797427653% 0;-webkit-box-decoration-break:clone;box-decoration-break:clone\"><span style=\"background-color:#01123b;-webkit-box-decoration-break:clone;box-decoration-break:clone;position:relative;padding:2.2508038585209005% 3.536977491961415%;text-align:left;border-radius:0px 0px 0px 0px;background:none\"><span style=\"color: #fff\">Com R$ 266 mil na mesa, muita gente nem olha mais para um sedan. Quer saber o que esse valor compra hoje? A resposta muda tudo<\/span><\/span><\/span><\/h3>\n<\/div>\n<\/div>\n<\/div>\n<\/div>\n<div style=\"position:absolute;pointer-events:none;left:5.9466%;top:-2.589%;width:88.1068%;height:12.45955%;opacity:1\">\n<div style=\"pointer-events:initial;width:100%;height:100%;display:block;position:absolute;top:0;left:0;z-index:0\" class=\"mask\" id=\"el-0fdad7cc-81b2-450f-a0a7-d7e46350d33e\">\n<div style=\"position:absolute;width:100%;height:109.99998%;left:0%;top:-4.99999%\" data-leaf-element=\"true\"><amp-img layout=\"fill\" src=\"https:\/\/carro.blog.br\/noticias\/wp-content\/uploads\/2026\/02\/logo-webstories-png.webp\" alt=\"logo-webstories-png\" srcSet=\"https:\/\/carro.blog.br\/noticias\/wp-content\/uploads\/2026\/02\/logo-webstories-png.webp 1500w,https:\/\/carro.blog.br\/noticias\/wp-content\/uploads\/2026\/02\/logo-webstories-png-900x210.webp 900w,https:\/\/carro.blog.br\/noticias\/wp-content\/uploads\/2026\/02\/logo-webstories-png-768x179.webp 768w,https:\/\/carro.blog.br\/noticias\/wp-content\/uploads\/2026\/02\/logo-webstories-png-150x35.webp 150w\" sizes=\"(max-width: 750px) 100vw, 680px\" disable-inline-width=\"true\"><\/amp-img><\/div>\n<\/div>\n<\/div>\n<\/div>\n<\/div>\n<p><\/amp-story-grid-layer><amp-story-page-outlink layout=\"nodisplay\" theme=\"light\"><a href=\"https:\/\/carro.blog.br\/noticias\/mercado-automotivo\/honda-civic-desaparece-das-ruas-preco-de-r-266-mil-e-avanco-dos-suvs-explicam-queda-drastica.html\" rel=\"\">Arraste Para Cima<\/a><\/amp-story-page-outlink><\/amp-story-page><\/amp-story><\/body><\/html><\/p>\n","protected":false},"excerpt":{"rendered":"<p>O Civic ainda est\u00e1 \u00e0 venda, mas virou raridade nas ruas. Em 2026, s\u00f3 sete unidades foram emplacadas, n\u00famero que escancara o sumi\u00e7o <\/p>\n","protected":false},"author":1,"featured_media":33477,"template":"","meta":{"web_stories_publisher_logo":15,"web_stories_poster":[],"web_stories_products":[],"footnotes":""},"web_story_category":[],"web_story_tag":[],"class_list":["post-33468","web-story","type-web-story","status-publish","has-post-thumbnail","hentry"],"imagem_feed":"https:\/\/carro.blog.br\/noticias\/wp-content\/uploads\/2026\/04\/Honda-Civic-2026-5.webp","story_data":{"version":47,"pages":[{"elements":[{"opacity":100,"flip":{"vertical":false,"horizontal":false},"rotationAngle":0,"lockAspectRatio":true,"scale":112,"focalX":50,"focalY":50,"resource":{"type":"image","mimeType":"image\/jpeg","width":2560,"height":1707,"sizes":{"medium":{"file":"fundo-azul-350x233.webp","width":350,"height":233,"filesize":5476,"sources":{"image\/webp":{"file":"fundo-azul-350x233.webp","filesize":5476,"sourceUrl":"https:\/\/carro.blog.br\/noticias\/wp-content\/uploads\/2026\/02\/fundo-azul-350x233.webp"}},"mimeType":"image\/webp","sourceUrl":"https:\/\/carro.blog.br\/noticias\/wp-content\/uploads\/2026\/02\/fundo-azul-350x233.webp"},"large":{"file":"fundo-azul-1800x1200.webp","width":1800,"height":1200,"filesize":38644,"sources":{"image\/webp":{"file":"fundo-azul-1800x1200.webp","filesize":38644,"sourceUrl":"https:\/\/carro.blog.br\/noticias\/wp-content\/uploads\/2026\/02\/fundo-azul-1800x1200.webp"}},"mimeType":"image\/webp","sourceUrl":"https:\/\/carro.blog.br\/noticias\/wp-content\/uploads\/2026\/02\/fundo-azul-1800x1200.webp"},"thumbnail":{"file":"fundo-azul-900x600.webp","width":900,"height":600,"filesize":17588,"sources":{"image\/webp":{"file":"fundo-azul-900x600.webp","filesize":17588,"sourceUrl":"https:\/\/carro.blog.br\/noticias\/wp-content\/uploads\/2026\/02\/fundo-azul-900x600.webp"}},"mimeType":"image\/webp","sourceUrl":"https:\/\/carro.blog.br\/noticias\/wp-content\/uploads\/2026\/02\/fundo-azul-900x600.webp"},"medium_large":{"file":"fundo-azul-768x512.webp","width":768,"height":512,"filesize":14734,"sources":{"image\/webp":{"file":"fundo-azul-768x512.webp","filesize":14734,"sourceUrl":"https:\/\/carro.blog.br\/noticias\/wp-content\/uploads\/2026\/02\/fundo-azul-768x512.webp"}},"mimeType":"image\/webp","sourceUrl":"https:\/\/carro.blog.br\/noticias\/wp-content\/uploads\/2026\/02\/fundo-azul-768x512.webp"},"1536x1536":{"file":"fundo-azul-1536x1024.webp","width":1536,"height":1024,"filesize":32230,"mimeType":"image\/webp","sourceUrl":"https:\/\/carro.blog.br\/noticias\/wp-content\/uploads\/2026\/02\/fundo-azul-1536x1024.webp"},"2048x2048":{"file":"fundo-azul-2048x1365.webp","width":2048,"height":1365,"filesize":44568,"mimeType":"image\/webp","sourceUrl":"https:\/\/carro.blog.br\/noticias\/wp-content\/uploads\/2026\/02\/fundo-azul-2048x1365.webp"},"web-stories-poster-portrait":{"file":"fundo-azul-640x853.webp","width":640,"height":853,"filesize":7692,"mimeType":"image\/webp","sourceUrl":"https:\/\/carro.blog.br\/noticias\/wp-content\/uploads\/2026\/02\/fundo-azul-640x853.webp"},"web-stories-publisher-logo":{"file":"fundo-azul-96x96.webp","width":96,"height":96,"filesize":806,"mimeType":"image\/webp","sourceUrl":"https:\/\/carro.blog.br\/noticias\/wp-content\/uploads\/2026\/02\/fundo-azul-96x96.webp"},"web-stories-thumbnail":{"file":"fundo-azul-150x100.webp","width":150,"height":100,"filesize":1520,"mimeType":"image\/webp","sourceUrl":"https:\/\/carro.blog.br\/noticias\/wp-content\/uploads\/2026\/02\/fundo-azul-150x100.webp"},"full":{"file":"fundo-azul-scaled.webp","width":2560,"height":1707,"mimeType":"image\/jpeg","sourceUrl":"https:\/\/carro.blog.br\/noticias\/wp-content\/uploads\/2026\/02\/fundo-azul-scaled.webp","sources":{"image\/webp":{"file":"fundo-azul-scaled.webp","filesize":56840,"sourceUrl":"https:\/\/carro.blog.br\/noticias\/wp-content\/uploads\/2026\/02\/fundo-azul-scaled.webp"}}}},"isPlaceholder":false,"isExternal":false,"needsProxy":false,"baseColor":"#042672","blurHash":"U60xK}a1pJZ}ozZek[belCa%jdj]k9aLk[kY","creationDate":"2026-02-05T11:14:50","src":"https:\/\/carro.blog.br\/noticias\/wp-content\/uploads\/2026\/02\/fundo-azul-scaled.webp","id":6726,"alt":"fundo azul","local":false},"backgroundColor":{"color":{"r":196,"g":196,"b":196}},"x":48,"y":0,"width":330,"height":220,"mask":{"type":"rectangle"},"isBackground":true,"id":"1a73411f-2453-40c1-a537-b06b7a68a834","overlay":{"type":"linear","rotation":0,"stops":[{"color":{"r":0,"g":0,"b":0,"a":0},"position":0.40000000000000002220446049250313080847263336181640625},{"color":{"r":0,"g":0,"b":0,"a":1},"position":1}],"alpha":0.5},"type":"image"},{"opacity":100,"flip":{"vertical":false,"horizontal":false},"rotationAngle":0,"lockAspectRatio":false,"scale":100,"focalX":50,"focalY":50,"resource":{"type":"image","mimeType":"image\/webp","width":2456,"height":1598,"sizes":[],"isPlaceholder":false,"isExternal":true,"needsProxy":false,"src":"https:\/\/carro.blog.br\/noticias\/wp-content\/uploads\/2026\/04\/Honda-Civic-2026-5.webp","id":"0fd600a7-c29f-4f62-a71b-ed0c9f793591","alt":"Honda-Civic-2026-5.webp","baseColor":"#2f2b27"},"x":0,"y":24,"width":412,"height":271,"mask":{"type":"rectangle","showInLibrary":true,"name":"Rectangle","path":"M 0,0 1,0 1,1 0,1 0,0 Z","ratio":1,"supportsBorder":true},"id":"bf8b3b93-d82c-4385-a3f8-65bec52eb536","basedOn":"b65b9621-504e-4187-adcf-7c8476322506","borderRadius":{"topLeft":0,"topRight":0,"bottomRight":0,"bottomLeft":0,"locked":true},"alt":"Carro.Blog.Br","border":{"left":0,"right":0,"top":10,"bottom":10,"lockedWidth":false,"color":{"color":{"r":255,"g":255,"b":255}}},"groupId":"4fe2ac81-8ded-40b1-934d-963730e4e497","type":"image"},{"opacity":100,"flip":{"vertical":false,"horizontal":false},"rotationAngle":0,"lockAspectRatio":true,"backgroundTextMode":"NONE","font":{"family":"Roboto Condensed"},"fontSize":18,"backgroundColor":{"color":{"r":255,"g":255,"b":255}},"lineHeight":1.3000000000000000444089209850062616169452667236328125,"textAlign":"center","padding":{"locked":true,"hasHiddenPadding":false,"horizontal":0,"vertical":0},"content":"<span style=\"color: #fff\">{datadehoje}<\/span>","x":50,"y":329,"width":314,"height":21,"basedOn":"02fa0e27-95ee-4d9c-b2ff-92afda5f2b9f","id":"3274795f-461b-4246-8b59-f3c31c3efaff","borderRadius":{"topLeft":0,"topRight":0,"bottomRight":0,"bottomLeft":0,"locked":true},"groupId":"4fe2ac81-8ded-40b1-934d-963730e4e497","type":"text"},{"opacity":100,"flip":{"vertical":false,"horizontal":false},"rotationAngle":0,"lockAspectRatio":true,"backgroundTextMode":"NONE","font":{"family":"Roboto Condensed"},"fontSize":30,"backgroundColor":{"color":{"r":255,"g":255,"b":255}},"lineHeight":1,"textAlign":"center","padding":{"locked":false,"hasHiddenPadding":false,"horizontal":0,"vertical":10},"content":"<span style=\"font-weight: 700; color: #fff; text-transform: uppercase\">Honda Civic encarece, perde espa\u00e7o e desaparece das ruas<\/span>","x":49,"y":364,"width":317,"height":115,"basedOn":"96988eb0-6289-4894-8c84-19ccdf8569a7","id":"e2005792-62ac-4d12-9a46-fe0f4d395b22","marginOffset":1.16100000000000136424205265939235687255859375,"border":{"left":0,"right":0,"top":5,"bottom":0,"lockedWidth":false,"color":{"color":{"r":1,"g":38,"b":106}}},"borderRadius":{"topLeft":0,"topRight":0,"bottomRight":0,"bottomLeft":0,"locked":true},"tagName":"h1","type":"text"},{"opacity":100,"flip":{"vertical":false,"horizontal":false},"rotationAngle":0,"lockAspectRatio":true,"backgroundTextMode":"HIGHLIGHT","font":{"family":"Roboto Condensed"},"fontSize":24,"backgroundColor":{"color":{"r":1,"g":18,"b":59}},"lineHeight":1,"textAlign":"left","padding":{"locked":true,"hasHiddenPadding":true,"horizontal":11,"vertical":7},"content":"<span style=\"color: #fff\">Por {nomedoautor}<\/span>","marginOffset":5.578125,"x":52,"y":276,"width":311,"height":42,"basedOn":"714857eb-6e7f-45bc-b781-1661045b2b61","id":"3595b9ea-1036-438c-8f34-44c7a09ecea4","borderRadius":{"topLeft":0,"topRight":0,"bottomRight":0,"bottomLeft":0,"locked":true},"border":{"left":5,"right":0,"top":0,"bottom":0,"lockedWidth":false,"color":{"color":{"r":255,"g":255,"b":255}}},"type":"text"},{"opacity":100,"flip":{"vertical":false,"horizontal":false},"rotationAngle":0,"lockAspectRatio":false,"scale":100,"focalX":50,"focalY":50,"resource":{"type":"image","mimeType":"image\/webp","width":1500,"height":350,"sizes":{"medium":{"file":"logo-webstories-png-350x82.webp","width":350,"height":82,"filesize":4238,"sources":{"image\/webp":{"file":"logo-webstories-png-350x82.webp","filesize":4238,"sourceUrl":"https:\/\/carro.blog.br\/noticias\/wp-content\/uploads\/2026\/02\/logo-webstories-png-350x82.webp"}},"mimeType":"image\/webp","sourceUrl":"https:\/\/carro.blog.br\/noticias\/wp-content\/uploads\/2026\/02\/logo-webstories-png-350x82.webp"},"thumbnail":{"file":"logo-webstories-png-900x210.webp","width":900,"height":210,"filesize":11324,"sources":{"image\/webp":{"file":"logo-webstories-png-900x210.webp","filesize":11324,"sourceUrl":"https:\/\/carro.blog.br\/noticias\/wp-content\/uploads\/2026\/02\/logo-webstories-png-900x210.webp"}},"mimeType":"image\/webp","sourceUrl":"https:\/\/carro.blog.br\/noticias\/wp-content\/uploads\/2026\/02\/logo-webstories-png-900x210.webp"},"medium_large":{"file":"logo-webstories-png-768x179.webp","width":768,"height":179,"filesize":9604,"sources":{"image\/webp":{"file":"logo-webstories-png-768x179.webp","filesize":9604,"sourceUrl":"https:\/\/carro.blog.br\/noticias\/wp-content\/uploads\/2026\/02\/logo-webstories-png-768x179.webp"}},"mimeType":"image\/webp","sourceUrl":"https:\/\/carro.blog.br\/noticias\/wp-content\/uploads\/2026\/02\/logo-webstories-png-768x179.webp"},"web-stories-poster-portrait":{"file":"logo-webstories-png-640x350.webp","width":640,"height":350,"filesize":7294,"mimeType":"image\/webp","sourceUrl":"https:\/\/carro.blog.br\/noticias\/wp-content\/uploads\/2026\/02\/logo-webstories-png-640x350.webp"},"web-stories-publisher-logo":{"file":"logo-webstories-png-96x96.webp","width":96,"height":96,"filesize":1318,"mimeType":"image\/webp","sourceUrl":"https:\/\/carro.blog.br\/noticias\/wp-content\/uploads\/2026\/02\/logo-webstories-png-96x96.webp"},"web-stories-thumbnail":{"file":"logo-webstories-png-150x35.webp","width":150,"height":35,"filesize":1688,"mimeType":"image\/webp","sourceUrl":"https:\/\/carro.blog.br\/noticias\/wp-content\/uploads\/2026\/02\/logo-webstories-png-150x35.webp"},"full":{"file":"logo-webstories-png.webp","width":1500,"height":350,"mimeType":"image\/webp","sourceUrl":"https:\/\/carro.blog.br\/noticias\/wp-content\/uploads\/2026\/02\/logo-webstories-png.webp","sources":{"image\/webp":{"file":"logo-webstories-png.webp","filesize":20290,"sourceUrl":"https:\/\/carro.blog.br\/noticias\/wp-content\/uploads\/2026\/02\/logo-webstories-png.webp"}}}},"isPlaceholder":false,"isExternal":false,"needsProxy":false,"baseColor":"#dccfac","blurHash":"U7AwJ3~7Ze$#n$s:ofa}009#yYNdbvM}NGn~","creationDate":"2026-02-05T11:34:02","src":"https:\/\/carro.blog.br\/noticias\/wp-content\/uploads\/2026\/02\/logo-webstories-png.webp","id":6731,"alt":"logo-webstories-png","local":false},"x":24.5,"y":-16,"width":363,"height":77,"mask":{"type":"rectangle","showInLibrary":true,"name":"Ret\u00e2ngulo","path":"M 0,0 1,0 1,1 0,1 0,0 Z","ratio":1,"supportsBorder":true},"id":"3290b82b-cb38-4b15-94a7-b1e38195d804","type":"image"}],"backgroundColor":{"color":{"r":255,"g":255,"b":255}},"animations":[{"id":"c05433e1-3e84-4d6d-ba92-0099f8e1584c","type":"effect-background-zoom","zoomDirection":"scaleOut","duration":6000,"delay":0,"targets":["1a73411f-2453-40c1-a537-b06b7a68a834"]},{"id":"df1e83f4-c050-4cca-8a6a-852b400162bf","type":"effect-fly-in","flyInDir":"rightToLeft","duration":600,"delay":0,"targets":["3595b9ea-1036-438c-8f34-44c7a09ecea4"]}],"id":"60a77b33-b7d3-44c2-98bf-2779f8c69560","image":{"id":28939,"height":1200,"width":800,"url":"https:\/\/carro.blog.br\/noticias\/wp-content\/uploads\/2026\/03\/web-stories-page-template-28938.webp","needsProxy":false,"isExternal":false},"pageAttachment":{"url":"","needsProxy":false,"ctaText":"Arraste Para Cima","theme":"light"},"defaultBackgroundElement":{"opacity":100,"flip":{"vertical":false,"horizontal":false},"rotationAngle":0,"lockAspectRatio":true,"backgroundColor":{"color":{"r":196,"g":196,"b":196}},"x":1,"y":1,"width":1,"height":1,"mask":{"type":"rectangle"},"isBackground":true,"isDefaultBackground":true,"id":"38899e5f-faf8-478f-9600-ee894d175b3f","type":"shape"},"groups":{"4fe2ac81-8ded-40b1-934d-963730e4e497":{"name":"Grupo 1","isLocked":false}}},{"elements":[{"opacity":100,"flip":{"vertical":false,"horizontal":false},"rotationAngle":0,"lockAspectRatio":true,"scale":112,"focalX":50,"focalY":50,"resource":{"type":"image","mimeType":"image\/jpeg","width":2560,"height":1707,"sizes":{"medium":{"file":"fundo-azul-350x233.webp","width":350,"height":233,"filesize":5476,"sources":{"image\/webp":{"file":"fundo-azul-350x233.webp","filesize":5476,"sourceUrl":"https:\/\/carro.blog.br\/noticias\/wp-content\/uploads\/2026\/02\/fundo-azul-350x233.webp"}},"mimeType":"image\/webp","sourceUrl":"https:\/\/carro.blog.br\/noticias\/wp-content\/uploads\/2026\/02\/fundo-azul-350x233.webp"},"large":{"file":"fundo-azul-1800x1200.webp","width":1800,"height":1200,"filesize":38644,"sources":{"image\/webp":{"file":"fundo-azul-1800x1200.webp","filesize":38644,"sourceUrl":"https:\/\/carro.blog.br\/noticias\/wp-content\/uploads\/2026\/02\/fundo-azul-1800x1200.webp"}},"mimeType":"image\/webp","sourceUrl":"https:\/\/carro.blog.br\/noticias\/wp-content\/uploads\/2026\/02\/fundo-azul-1800x1200.webp"},"thumbnail":{"file":"fundo-azul-900x600.webp","width":900,"height":600,"filesize":17588,"sources":{"image\/webp":{"file":"fundo-azul-900x600.webp","filesize":17588,"sourceUrl":"https:\/\/carro.blog.br\/noticias\/wp-content\/uploads\/2026\/02\/fundo-azul-900x600.webp"}},"mimeType":"image\/webp","sourceUrl":"https:\/\/carro.blog.br\/noticias\/wp-content\/uploads\/2026\/02\/fundo-azul-900x600.webp"},"medium_large":{"file":"fundo-azul-768x512.webp","width":768,"height":512,"filesize":14734,"sources":{"image\/webp":{"file":"fundo-azul-768x512.webp","filesize":14734,"sourceUrl":"https:\/\/carro.blog.br\/noticias\/wp-content\/uploads\/2026\/02\/fundo-azul-768x512.webp"}},"mimeType":"image\/webp","sourceUrl":"https:\/\/carro.blog.br\/noticias\/wp-content\/uploads\/2026\/02\/fundo-azul-768x512.webp"},"1536x1536":{"file":"fundo-azul-1536x1024.webp","width":1536,"height":1024,"filesize":32230,"mimeType":"image\/webp","sourceUrl":"https:\/\/carro.blog.br\/noticias\/wp-content\/uploads\/2026\/02\/fundo-azul-1536x1024.webp"},"2048x2048":{"file":"fundo-azul-2048x1365.webp","width":2048,"height":1365,"filesize":44568,"mimeType":"image\/webp","sourceUrl":"https:\/\/carro.blog.br\/noticias\/wp-content\/uploads\/2026\/02\/fundo-azul-2048x1365.webp"},"web-stories-poster-portrait":{"file":"fundo-azul-640x853.webp","width":640,"height":853,"filesize":7692,"mimeType":"image\/webp","sourceUrl":"https:\/\/carro.blog.br\/noticias\/wp-content\/uploads\/2026\/02\/fundo-azul-640x853.webp"},"web-stories-publisher-logo":{"file":"fundo-azul-96x96.webp","width":96,"height":96,"filesize":806,"mimeType":"image\/webp","sourceUrl":"https:\/\/carro.blog.br\/noticias\/wp-content\/uploads\/2026\/02\/fundo-azul-96x96.webp"},"web-stories-thumbnail":{"file":"fundo-azul-150x100.webp","width":150,"height":100,"filesize":1520,"mimeType":"image\/webp","sourceUrl":"https:\/\/carro.blog.br\/noticias\/wp-content\/uploads\/2026\/02\/fundo-azul-150x100.webp"},"full":{"file":"fundo-azul-scaled.webp","width":2560,"height":1707,"mimeType":"image\/jpeg","sourceUrl":"https:\/\/carro.blog.br\/noticias\/wp-content\/uploads\/2026\/02\/fundo-azul-scaled.webp","sources":{"image\/webp":{"file":"fundo-azul-scaled.webp","filesize":56840,"sourceUrl":"https:\/\/carro.blog.br\/noticias\/wp-content\/uploads\/2026\/02\/fundo-azul-scaled.webp"}}}},"isPlaceholder":false,"isExternal":false,"needsProxy":false,"baseColor":"#042672","blurHash":"U60xK}a1pJZ}ozZek[belCa%jdj]k9aLk[kY","creationDate":"2026-02-05T11:14:50","src":"https:\/\/carro.blog.br\/noticias\/wp-content\/uploads\/2026\/02\/fundo-azul-scaled.webp","id":6726,"alt":"fundo azul","local":false},"backgroundColor":{"color":{"r":196,"g":196,"b":196}},"x":48,"y":0,"width":330,"height":220,"mask":{"type":"rectangle"},"isBackground":true,"id":"b2f60e2d-2172-4619-adf9-1807f26df8bc","overlay":{"type":"linear","rotation":0,"stops":[{"color":{"r":0,"g":0,"b":0,"a":0},"position":0.40000000000000002220446049250313080847263336181640625},{"color":{"r":0,"g":0,"b":0,"a":1},"position":1}],"alpha":0.5},"type":"image"},{"opacity":100,"flip":{"vertical":false,"horizontal":false},"rotationAngle":0,"lockAspectRatio":false,"scale":100,"focalX":50,"focalY":50,"resource":{"type":"image","mimeType":"image\/jpeg","width":2448,"height":1530,"sizes":{"medium":{"file":"Honda-Civic-2026-2-350x219.webp","width":350,"height":219,"filesize":11166,"sources":{"image\/webp":{"file":"Honda-Civic-2026-2-350x219.webp","filesize":11166,"sourceUrl":"https:\/\/carro.blog.br\/noticias\/wp-content\/uploads\/2026\/04\/Honda-Civic-2026-2-350x219.webp"}},"mimeType":"image\/webp","sourceUrl":"https:\/\/carro.blog.br\/noticias\/wp-content\/uploads\/2026\/04\/Honda-Civic-2026-2-350x219.webp"},"large":{"file":"Honda-Civic-2026-2-1800x1125.webp","width":1800,"height":1125,"filesize":111164,"sources":{"image\/webp":{"file":"Honda-Civic-2026-2-1800x1125.webp","filesize":111164,"sourceUrl":"https:\/\/carro.blog.br\/noticias\/wp-content\/uploads\/2026\/04\/Honda-Civic-2026-2-1800x1125.webp"}},"mimeType":"image\/webp","sourceUrl":"https:\/\/carro.blog.br\/noticias\/wp-content\/uploads\/2026\/04\/Honda-Civic-2026-2-1800x1125.webp"},"thumbnail":{"file":"Honda-Civic-2026-2-900x563.webp","width":900,"height":563,"filesize":45974,"sources":{"image\/webp":{"file":"Honda-Civic-2026-2-900x563.webp","filesize":45974,"sourceUrl":"https:\/\/carro.blog.br\/noticias\/wp-content\/uploads\/2026\/04\/Honda-Civic-2026-2-900x563.webp"}},"mimeType":"image\/webp","sourceUrl":"https:\/\/carro.blog.br\/noticias\/wp-content\/uploads\/2026\/04\/Honda-Civic-2026-2-900x563.webp"},"medium_large":{"file":"Honda-Civic-2026-2-768x480.webp","width":768,"height":480,"filesize":36422,"sources":{"image\/webp":{"file":"Honda-Civic-2026-2-768x480.webp","filesize":36422,"sourceUrl":"https:\/\/carro.blog.br\/noticias\/wp-content\/uploads\/2026\/04\/Honda-Civic-2026-2-768x480.webp"}},"mimeType":"image\/webp","sourceUrl":"https:\/\/carro.blog.br\/noticias\/wp-content\/uploads\/2026\/04\/Honda-Civic-2026-2-768x480.webp"},"1536x1536":{"file":"Honda-Civic-2026-2-1536x960.webp","width":1536,"height":960,"filesize":91856,"mimeType":"image\/webp","sourceUrl":"https:\/\/carro.blog.br\/noticias\/wp-content\/uploads\/2026\/04\/Honda-Civic-2026-2-1536x960.webp"},"2048x2048":{"file":"Honda-Civic-2026-2-2048x1280.webp","width":2048,"height":1280,"filesize":128458,"mimeType":"image\/webp","sourceUrl":"https:\/\/carro.blog.br\/noticias\/wp-content\/uploads\/2026\/04\/Honda-Civic-2026-2-2048x1280.webp"},"web-stories-poster-portrait":{"file":"Honda-Civic-2026-2-640x853.webp","width":640,"height":853,"filesize":31782,"mimeType":"image\/webp","sourceUrl":"https:\/\/carro.blog.br\/noticias\/wp-content\/uploads\/2026\/04\/Honda-Civic-2026-2-640x853.webp"},"web-stories-publisher-logo":{"file":"Honda-Civic-2026-2-96x96.webp","width":96,"height":96,"filesize":2102,"mimeType":"image\/webp","sourceUrl":"https:\/\/carro.blog.br\/noticias\/wp-content\/uploads\/2026\/04\/Honda-Civic-2026-2-96x96.webp"},"web-stories-thumbnail":{"file":"Honda-Civic-2026-2-150x94.webp","width":150,"height":94,"filesize":3224,"mimeType":"image\/webp","sourceUrl":"https:\/\/carro.blog.br\/noticias\/wp-content\/uploads\/2026\/04\/Honda-Civic-2026-2-150x94.webp"},"full":{"file":"Honda-Civic-2026-2.webp","width":2448,"height":1530,"mimeType":"image\/jpeg","sourceUrl":"https:\/\/carro.blog.br\/noticias\/wp-content\/uploads\/2026\/04\/Honda-Civic-2026-2.webp","sources":{"image\/webp":{"file":"Honda-Civic-2026-2.webp","filesize":166814,"sourceUrl":"https:\/\/carro.blog.br\/noticias\/wp-content\/uploads\/2026\/04\/Honda-Civic-2026-2.webp"}}}},"isPlaceholder":false,"isExternal":false,"needsProxy":false,"baseColor":"#3a3835","blurHash":"UJC6rs?cx[s._3?bW=jY~p-;bcRj.8%MbIax","creationDate":"2026-04-29T17:52:06","src":"https:\/\/carro.blog.br\/noticias\/wp-content\/uploads\/2026\/04\/Honda-Civic-2026-2.webp","id":33469,"alt":"","local":false,"provider":"local"},"x":0,"y":24,"width":412,"height":271,"mask":{"type":"rectangle","showInLibrary":true,"name":"Rectangle","path":"M 0,0 1,0 1,1 0,1 0,0 Z","ratio":1,"supportsBorder":true},"id":"19b27760-4287-4df9-bbb6-1546567aa27f","basedOn":"b65b9621-504e-4187-adcf-7c8476322506","borderRadius":{"topLeft":0,"topRight":0,"bottomRight":0,"bottomLeft":0,"locked":true},"alt":"Carro.Blog.Br","border":{"left":0,"right":0,"top":10,"bottom":10,"lockedWidth":false,"color":{"color":{"r":255,"g":255,"b":255}}},"type":"image","groupId":null},{"opacity":100,"flip":{"vertical":false,"horizontal":false},"rotationAngle":0,"lockAspectRatio":true,"backgroundTextMode":"HIGHLIGHT","font":{"family":"Roboto Condensed"},"fontSize":24,"backgroundColor":{"color":{"r":1,"g":18,"b":59}},"lineHeight":1,"textAlign":"left","padding":{"locked":true,"hasHiddenPadding":true,"horizontal":11,"vertical":7},"content":"<span style=\"color: #fff\">O Civic ainda est\u00e1 \u00e0 venda, mas virou raridade nas ruas. Em 2026, s\u00f3 sete unidades foram emplacadas, n\u00famero que escancara o sumi\u00e7o<\/span>","marginOffset":5.578125,"x":52,"y":276,"width":311,"height":194,"basedOn":"714857eb-6e7f-45bc-b781-1661045b2b61","id":"23c5e077-348a-4f3b-b6a4-a49cf2585c3f","borderRadius":{"topLeft":0,"topRight":0,"bottomRight":0,"bottomLeft":0,"locked":true},"border":{"left":5,"right":0,"top":0,"bottom":0,"lockedWidth":false,"color":{"color":{"r":255,"g":255,"b":255}}},"type":"text"},{"opacity":100,"flip":{"vertical":false,"horizontal":false},"rotationAngle":0,"lockAspectRatio":false,"scale":100,"focalX":50,"focalY":50,"resource":{"type":"image","mimeType":"image\/webp","width":1500,"height":350,"sizes":{"medium":{"file":"logo-webstories-png-350x82.webp","width":350,"height":82,"filesize":4238,"sources":{"image\/webp":{"file":"logo-webstories-png-350x82.webp","filesize":4238,"sourceUrl":"https:\/\/carro.blog.br\/noticias\/wp-content\/uploads\/2026\/02\/logo-webstories-png-350x82.webp"}},"mimeType":"image\/webp","sourceUrl":"https:\/\/carro.blog.br\/noticias\/wp-content\/uploads\/2026\/02\/logo-webstories-png-350x82.webp"},"thumbnail":{"file":"logo-webstories-png-900x210.webp","width":900,"height":210,"filesize":11324,"sources":{"image\/webp":{"file":"logo-webstories-png-900x210.webp","filesize":11324,"sourceUrl":"https:\/\/carro.blog.br\/noticias\/wp-content\/uploads\/2026\/02\/logo-webstories-png-900x210.webp"}},"mimeType":"image\/webp","sourceUrl":"https:\/\/carro.blog.br\/noticias\/wp-content\/uploads\/2026\/02\/logo-webstories-png-900x210.webp"},"medium_large":{"file":"logo-webstories-png-768x179.webp","width":768,"height":179,"filesize":9604,"sources":{"image\/webp":{"file":"logo-webstories-png-768x179.webp","filesize":9604,"sourceUrl":"https:\/\/carro.blog.br\/noticias\/wp-content\/uploads\/2026\/02\/logo-webstories-png-768x179.webp"}},"mimeType":"image\/webp","sourceUrl":"https:\/\/carro.blog.br\/noticias\/wp-content\/uploads\/2026\/02\/logo-webstories-png-768x179.webp"},"web-stories-poster-portrait":{"file":"logo-webstories-png-640x350.webp","width":640,"height":350,"filesize":7294,"mimeType":"image\/webp","sourceUrl":"https:\/\/carro.blog.br\/noticias\/wp-content\/uploads\/2026\/02\/logo-webstories-png-640x350.webp"},"web-stories-publisher-logo":{"file":"logo-webstories-png-96x96.webp","width":96,"height":96,"filesize":1318,"mimeType":"image\/webp","sourceUrl":"https:\/\/carro.blog.br\/noticias\/wp-content\/uploads\/2026\/02\/logo-webstories-png-96x96.webp"},"web-stories-thumbnail":{"file":"logo-webstories-png-150x35.webp","width":150,"height":35,"filesize":1688,"mimeType":"image\/webp","sourceUrl":"https:\/\/carro.blog.br\/noticias\/wp-content\/uploads\/2026\/02\/logo-webstories-png-150x35.webp"},"full":{"file":"logo-webstories-png.webp","width":1500,"height":350,"mimeType":"image\/webp","sourceUrl":"https:\/\/carro.blog.br\/noticias\/wp-content\/uploads\/2026\/02\/logo-webstories-png.webp","sources":{"image\/webp":{"file":"logo-webstories-png.webp","filesize":20290,"sourceUrl":"https:\/\/carro.blog.br\/noticias\/wp-content\/uploads\/2026\/02\/logo-webstories-png.webp"}}}},"isPlaceholder":false,"isExternal":false,"needsProxy":false,"baseColor":"#dccfac","blurHash":"U7AwJ3~7Ze$#n$s:ofa}009#yYNdbvM}NGn~","creationDate":"2026-02-05T11:34:02","src":"https:\/\/carro.blog.br\/noticias\/wp-content\/uploads\/2026\/02\/logo-webstories-png.webp","id":6731,"alt":"logo-webstories-png","local":false},"x":24.5,"y":-16,"width":363,"height":77,"mask":{"type":"rectangle","showInLibrary":true,"name":"Ret\u00e2ngulo","path":"M 0,0 1,0 1,1 0,1 0,0 Z","ratio":1,"supportsBorder":true},"id":"765be1fe-9d70-4400-88fb-b203240027d5","type":"image"}],"backgroundColor":{"color":{"r":255,"g":255,"b":255}},"animations":[{"id":"bbea32fc-a6c5-4308-910e-7e0c4c28c75d","type":"effect-background-zoom","zoomDirection":"scaleOut","duration":6000,"delay":0,"targets":["b2f60e2d-2172-4619-adf9-1807f26df8bc"]},{"id":"008f5df3-f69e-45e5-823c-3815f14a6d00","type":"effect-fly-in","flyInDir":"rightToLeft","duration":600,"delay":0,"targets":["23c5e077-348a-4f3b-b6a4-a49cf2585c3f"]}],"id":"96a8b6c5-f2d0-44a7-a2f1-33994eb5f056","image":{"id":28939,"height":1200,"width":800,"url":"https:\/\/carro.blog.br\/noticias\/wp-content\/uploads\/2026\/03\/web-stories-page-template-28938.webp","needsProxy":false,"isExternal":false},"pageAttachment":{"url":"","needsProxy":false,"ctaText":"Arraste Para Cima","theme":"light","icon":"https:\/\/carro.blog.br\/noticias\/wp-content\/uploads\/2026\/04\/Honda-Civic-2026-1.webp"},"defaultBackgroundElement":{"opacity":100,"flip":{"vertical":false,"horizontal":false},"rotationAngle":0,"lockAspectRatio":true,"backgroundColor":{"color":{"r":196,"g":196,"b":196}},"x":1,"y":1,"width":1,"height":1,"mask":{"type":"rectangle"},"isBackground":true,"isDefaultBackground":true,"id":"38899e5f-faf8-478f-9600-ee894d175b3f","type":"shape"},"groups":[]},{"elements":[{"opacity":100,"flip":{"vertical":false,"horizontal":false},"rotationAngle":0,"lockAspectRatio":true,"scale":112,"focalX":50,"focalY":50,"resource":{"type":"image","mimeType":"image\/jpeg","width":2560,"height":1707,"sizes":{"medium":{"file":"fundo-azul-350x233.webp","width":350,"height":233,"filesize":5476,"sources":{"image\/webp":{"file":"fundo-azul-350x233.webp","filesize":5476,"sourceUrl":"https:\/\/carro.blog.br\/noticias\/wp-content\/uploads\/2026\/02\/fundo-azul-350x233.webp"}},"mimeType":"image\/webp","sourceUrl":"https:\/\/carro.blog.br\/noticias\/wp-content\/uploads\/2026\/02\/fundo-azul-350x233.webp"},"large":{"file":"fundo-azul-1800x1200.webp","width":1800,"height":1200,"filesize":38644,"sources":{"image\/webp":{"file":"fundo-azul-1800x1200.webp","filesize":38644,"sourceUrl":"https:\/\/carro.blog.br\/noticias\/wp-content\/uploads\/2026\/02\/fundo-azul-1800x1200.webp"}},"mimeType":"image\/webp","sourceUrl":"https:\/\/carro.blog.br\/noticias\/wp-content\/uploads\/2026\/02\/fundo-azul-1800x1200.webp"},"thumbnail":{"file":"fundo-azul-900x600.webp","width":900,"height":600,"filesize":17588,"sources":{"image\/webp":{"file":"fundo-azul-900x600.webp","filesize":17588,"sourceUrl":"https:\/\/carro.blog.br\/noticias\/wp-content\/uploads\/2026\/02\/fundo-azul-900x600.webp"}},"mimeType":"image\/webp","sourceUrl":"https:\/\/carro.blog.br\/noticias\/wp-content\/uploads\/2026\/02\/fundo-azul-900x600.webp"},"medium_large":{"file":"fundo-azul-768x512.webp","width":768,"height":512,"filesize":14734,"sources":{"image\/webp":{"file":"fundo-azul-768x512.webp","filesize":14734,"sourceUrl":"https:\/\/carro.blog.br\/noticias\/wp-content\/uploads\/2026\/02\/fundo-azul-768x512.webp"}},"mimeType":"image\/webp","sourceUrl":"https:\/\/carro.blog.br\/noticias\/wp-content\/uploads\/2026\/02\/fundo-azul-768x512.webp"},"1536x1536":{"file":"fundo-azul-1536x1024.webp","width":1536,"height":1024,"filesize":32230,"mimeType":"image\/webp","sourceUrl":"https:\/\/carro.blog.br\/noticias\/wp-content\/uploads\/2026\/02\/fundo-azul-1536x1024.webp"},"2048x2048":{"file":"fundo-azul-2048x1365.webp","width":2048,"height":1365,"filesize":44568,"mimeType":"image\/webp","sourceUrl":"https:\/\/carro.blog.br\/noticias\/wp-content\/uploads\/2026\/02\/fundo-azul-2048x1365.webp"},"web-stories-poster-portrait":{"file":"fundo-azul-640x853.webp","width":640,"height":853,"filesize":7692,"mimeType":"image\/webp","sourceUrl":"https:\/\/carro.blog.br\/noticias\/wp-content\/uploads\/2026\/02\/fundo-azul-640x853.webp"},"web-stories-publisher-logo":{"file":"fundo-azul-96x96.webp","width":96,"height":96,"filesize":806,"mimeType":"image\/webp","sourceUrl":"https:\/\/carro.blog.br\/noticias\/wp-content\/uploads\/2026\/02\/fundo-azul-96x96.webp"},"web-stories-thumbnail":{"file":"fundo-azul-150x100.webp","width":150,"height":100,"filesize":1520,"mimeType":"image\/webp","sourceUrl":"https:\/\/carro.blog.br\/noticias\/wp-content\/uploads\/2026\/02\/fundo-azul-150x100.webp"},"full":{"file":"fundo-azul-scaled.webp","width":2560,"height":1707,"mimeType":"image\/jpeg","sourceUrl":"https:\/\/carro.blog.br\/noticias\/wp-content\/uploads\/2026\/02\/fundo-azul-scaled.webp","sources":{"image\/webp":{"file":"fundo-azul-scaled.webp","filesize":56840,"sourceUrl":"https:\/\/carro.blog.br\/noticias\/wp-content\/uploads\/2026\/02\/fundo-azul-scaled.webp"}}}},"isPlaceholder":false,"isExternal":false,"needsProxy":false,"baseColor":"#042672","blurHash":"U60xK}a1pJZ}ozZek[belCa%jdj]k9aLk[kY","creationDate":"2026-02-05T11:14:50","src":"https:\/\/carro.blog.br\/noticias\/wp-content\/uploads\/2026\/02\/fundo-azul-scaled.webp","id":6726,"alt":"fundo azul","local":false},"backgroundColor":{"color":{"r":196,"g":196,"b":196}},"x":48,"y":0,"width":330,"height":220,"mask":{"type":"rectangle"},"isBackground":true,"id":"255959d8-8bb1-4a70-9939-d5bacd40f471","overlay":{"type":"linear","rotation":0,"stops":[{"color":{"r":0,"g":0,"b":0,"a":0},"position":0.40000000000000002220446049250313080847263336181640625},{"color":{"r":0,"g":0,"b":0,"a":1},"position":1}],"alpha":0.5},"type":"image"},{"opacity":100,"flip":{"vertical":false,"horizontal":false},"rotationAngle":0,"lockAspectRatio":false,"scale":100,"focalX":50,"focalY":50,"resource":{"type":"image","mimeType":"image\/webp","width":1920,"height":1080,"sizes":{"medium":{"file":"Honda-Civic-2026-7-350x197.webp","width":350,"height":197,"filesize":11052,"sources":{"image\/webp":{"file":"Honda-Civic-2026-7-350x197.webp","filesize":11052,"sourceUrl":"https:\/\/carro.blog.br\/noticias\/wp-content\/uploads\/2026\/04\/Honda-Civic-2026-7-350x197.webp"}},"mimeType":"image\/webp","sourceUrl":"https:\/\/carro.blog.br\/noticias\/wp-content\/uploads\/2026\/04\/Honda-Civic-2026-7-350x197.webp"},"large":{"file":"Honda-Civic-2026-7-1800x1013.webp","width":1800,"height":1013,"filesize":152984,"sources":{"image\/webp":{"file":"Honda-Civic-2026-7-1800x1013.webp","filesize":152984,"sourceUrl":"https:\/\/carro.blog.br\/noticias\/wp-content\/uploads\/2026\/04\/Honda-Civic-2026-7-1800x1013.webp"}},"mimeType":"image\/webp","sourceUrl":"https:\/\/carro.blog.br\/noticias\/wp-content\/uploads\/2026\/04\/Honda-Civic-2026-7-1800x1013.webp"},"thumbnail":{"file":"Honda-Civic-2026-7-900x506.webp","width":900,"height":506,"filesize":50062,"sources":{"image\/webp":{"file":"Honda-Civic-2026-7-900x506.webp","filesize":50062,"sourceUrl":"https:\/\/carro.blog.br\/noticias\/wp-content\/uploads\/2026\/04\/Honda-Civic-2026-7-900x506.webp"}},"mimeType":"image\/webp","sourceUrl":"https:\/\/carro.blog.br\/noticias\/wp-content\/uploads\/2026\/04\/Honda-Civic-2026-7-900x506.webp"},"medium_large":{"file":"Honda-Civic-2026-7-768x432.webp","width":768,"height":432,"filesize":38302,"sources":{"image\/webp":{"file":"Honda-Civic-2026-7-768x432.webp","filesize":38302,"sourceUrl":"https:\/\/carro.blog.br\/noticias\/wp-content\/uploads\/2026\/04\/Honda-Civic-2026-7-768x432.webp"}},"mimeType":"image\/webp","sourceUrl":"https:\/\/carro.blog.br\/noticias\/wp-content\/uploads\/2026\/04\/Honda-Civic-2026-7-768x432.webp"},"1536x1536":{"file":"Honda-Civic-2026-7-1536x864.webp","width":1536,"height":864,"filesize":119954,"mimeType":"image\/webp","sourceUrl":"https:\/\/carro.blog.br\/noticias\/wp-content\/uploads\/2026\/04\/Honda-Civic-2026-7-1536x864.webp"},"web-stories-poster-portrait":{"file":"Honda-Civic-2026-7-640x853.webp","width":640,"height":853,"filesize":41416,"mimeType":"image\/webp","sourceUrl":"https:\/\/carro.blog.br\/noticias\/wp-content\/uploads\/2026\/04\/Honda-Civic-2026-7-640x853.webp"},"web-stories-publisher-logo":{"file":"Honda-Civic-2026-7-96x96.webp","width":96,"height":96,"filesize":1928,"mimeType":"image\/webp","sourceUrl":"https:\/\/carro.blog.br\/noticias\/wp-content\/uploads\/2026\/04\/Honda-Civic-2026-7-96x96.webp"},"web-stories-thumbnail":{"file":"Honda-Civic-2026-7-150x84.webp","width":150,"height":84,"filesize":2994,"mimeType":"image\/webp","sourceUrl":"https:\/\/carro.blog.br\/noticias\/wp-content\/uploads\/2026\/04\/Honda-Civic-2026-7-150x84.webp"},"full":{"file":"Honda-Civic-2026-7.webp","width":1920,"height":1080,"mimeType":"image\/webp","sourceUrl":"https:\/\/carro.blog.br\/noticias\/wp-content\/uploads\/2026\/04\/Honda-Civic-2026-7.webp","sources":{"image\/webp":{"file":"Honda-Civic-2026-7.webp","filesize":146138,"sourceUrl":"https:\/\/carro.blog.br\/noticias\/wp-content\/uploads\/2026\/04\/Honda-Civic-2026-7.webp"}}}},"isPlaceholder":false,"isExternal":false,"needsProxy":false,"baseColor":"#262929","blurHash":"U47USK%gt79F_N%Mj]WCNHxuIUt7IUM{Rjay","creationDate":"2026-04-29T17:52:23","src":"https:\/\/carro.blog.br\/noticias\/wp-content\/uploads\/2026\/04\/Honda-Civic-2026-7.webp","id":33474,"alt":"","local":false,"provider":"local"},"x":0,"y":24,"width":412,"height":271,"mask":{"type":"rectangle","showInLibrary":true,"name":"Rectangle","path":"M 0,0 1,0 1,1 0,1 0,0 Z","ratio":1,"supportsBorder":true},"id":"137807e4-a47f-432c-95d1-62dd64a14955","basedOn":"b65b9621-504e-4187-adcf-7c8476322506","borderRadius":{"topLeft":0,"topRight":0,"bottomRight":0,"bottomLeft":0,"locked":true},"alt":"Carro.Blog.Br","border":{"left":0,"right":0,"top":10,"bottom":10,"lockedWidth":false,"color":{"color":{"r":255,"g":255,"b":255}}},"groupId":null,"type":"image"},{"opacity":100,"flip":{"vertical":false,"horizontal":false},"rotationAngle":0,"lockAspectRatio":true,"backgroundTextMode":"HIGHLIGHT","font":{"family":"Roboto Condensed"},"fontSize":24,"backgroundColor":{"color":{"r":1,"g":18,"b":59}},"lineHeight":1,"textAlign":"left","padding":{"locked":true,"hasHiddenPadding":true,"horizontal":11,"vertical":7},"content":"<span style=\"color: #fff\">Hoje, o modelo custa R$ 266 mil e subiu de patamar. Deixou de disputar com o Corolla e virou op\u00e7\u00e3o distante para quem sempre olhou o sedan<\/span>","marginOffset":5.578125,"x":52,"y":276,"width":311,"height":232,"basedOn":"714857eb-6e7f-45bc-b781-1661045b2b61","id":"db13b1ae-5bc0-4e76-ac06-8eaa79288870","borderRadius":{"topLeft":0,"topRight":0,"bottomRight":0,"bottomLeft":0,"locked":true},"border":{"left":5,"right":0,"top":0,"bottom":0,"lockedWidth":false,"color":{"color":{"r":255,"g":255,"b":255}}},"type":"text"},{"opacity":100,"flip":{"vertical":false,"horizontal":false},"rotationAngle":0,"lockAspectRatio":false,"scale":100,"focalX":50,"focalY":50,"resource":{"type":"image","mimeType":"image\/webp","width":1500,"height":350,"sizes":{"medium":{"file":"logo-webstories-png-350x82.webp","width":350,"height":82,"filesize":4238,"sources":{"image\/webp":{"file":"logo-webstories-png-350x82.webp","filesize":4238,"sourceUrl":"https:\/\/carro.blog.br\/noticias\/wp-content\/uploads\/2026\/02\/logo-webstories-png-350x82.webp"}},"mimeType":"image\/webp","sourceUrl":"https:\/\/carro.blog.br\/noticias\/wp-content\/uploads\/2026\/02\/logo-webstories-png-350x82.webp"},"thumbnail":{"file":"logo-webstories-png-900x210.webp","width":900,"height":210,"filesize":11324,"sources":{"image\/webp":{"file":"logo-webstories-png-900x210.webp","filesize":11324,"sourceUrl":"https:\/\/carro.blog.br\/noticias\/wp-content\/uploads\/2026\/02\/logo-webstories-png-900x210.webp"}},"mimeType":"image\/webp","sourceUrl":"https:\/\/carro.blog.br\/noticias\/wp-content\/uploads\/2026\/02\/logo-webstories-png-900x210.webp"},"medium_large":{"file":"logo-webstories-png-768x179.webp","width":768,"height":179,"filesize":9604,"sources":{"image\/webp":{"file":"logo-webstories-png-768x179.webp","filesize":9604,"sourceUrl":"https:\/\/carro.blog.br\/noticias\/wp-content\/uploads\/2026\/02\/logo-webstories-png-768x179.webp"}},"mimeType":"image\/webp","sourceUrl":"https:\/\/carro.blog.br\/noticias\/wp-content\/uploads\/2026\/02\/logo-webstories-png-768x179.webp"},"web-stories-poster-portrait":{"file":"logo-webstories-png-640x350.webp","width":640,"height":350,"filesize":7294,"mimeType":"image\/webp","sourceUrl":"https:\/\/carro.blog.br\/noticias\/wp-content\/uploads\/2026\/02\/logo-webstories-png-640x350.webp"},"web-stories-publisher-logo":{"file":"logo-webstories-png-96x96.webp","width":96,"height":96,"filesize":1318,"mimeType":"image\/webp","sourceUrl":"https:\/\/carro.blog.br\/noticias\/wp-content\/uploads\/2026\/02\/logo-webstories-png-96x96.webp"},"web-stories-thumbnail":{"file":"logo-webstories-png-150x35.webp","width":150,"height":35,"filesize":1688,"mimeType":"image\/webp","sourceUrl":"https:\/\/carro.blog.br\/noticias\/wp-content\/uploads\/2026\/02\/logo-webstories-png-150x35.webp"},"full":{"file":"logo-webstories-png.webp","width":1500,"height":350,"mimeType":"image\/webp","sourceUrl":"https:\/\/carro.blog.br\/noticias\/wp-content\/uploads\/2026\/02\/logo-webstories-png.webp","sources":{"image\/webp":{"file":"logo-webstories-png.webp","filesize":20290,"sourceUrl":"https:\/\/carro.blog.br\/noticias\/wp-content\/uploads\/2026\/02\/logo-webstories-png.webp"}}}},"isPlaceholder":false,"isExternal":false,"needsProxy":false,"baseColor":"#dccfac","blurHash":"U7AwJ3~7Ze$#n$s:ofa}009#yYNdbvM}NGn~","creationDate":"2026-02-05T11:34:02","src":"https:\/\/carro.blog.br\/noticias\/wp-content\/uploads\/2026\/02\/logo-webstories-png.webp","id":6731,"alt":"logo-webstories-png","local":false},"x":24.5,"y":-16,"width":363,"height":77,"mask":{"type":"rectangle","showInLibrary":true,"name":"Ret\u00e2ngulo","path":"M 0,0 1,0 1,1 0,1 0,0 Z","ratio":1,"supportsBorder":true},"id":"e4e1bbdd-223c-4316-b6ef-47a05c8573b8","type":"image"}],"backgroundColor":{"color":{"r":255,"g":255,"b":255}},"animations":[{"id":"bdcc8756-1e56-448c-949d-bd8dc201b880","type":"effect-background-zoom","zoomDirection":"scaleOut","duration":6000,"delay":0,"targets":["255959d8-8bb1-4a70-9939-d5bacd40f471"]},{"id":"82f7238b-497f-45e7-8406-1056d699832c","type":"effect-fly-in","flyInDir":"rightToLeft","duration":600,"delay":0,"targets":["db13b1ae-5bc0-4e76-ac06-8eaa79288870"]}],"id":"e22b1d66-4711-4a1b-87ce-3985b25a4e1f","image":{"id":28939,"height":1200,"width":800,"url":"https:\/\/carro.blog.br\/noticias\/wp-content\/uploads\/2026\/03\/web-stories-page-template-28938.webp","needsProxy":false,"isExternal":false},"pageAttachment":{"url":"","needsProxy":false,"ctaText":"Arraste Para Cima","theme":"light"},"defaultBackgroundElement":{"opacity":100,"flip":{"vertical":false,"horizontal":false},"rotationAngle":0,"lockAspectRatio":true,"backgroundColor":{"color":{"r":196,"g":196,"b":196}},"x":1,"y":1,"width":1,"height":1,"mask":{"type":"rectangle"},"isBackground":true,"isDefaultBackground":true,"id":"38899e5f-faf8-478f-9600-ee894d175b3f","type":"shape"},"groups":[]},{"elements":[{"opacity":100,"flip":{"vertical":false,"horizontal":false},"rotationAngle":0,"lockAspectRatio":true,"scale":112,"focalX":50,"focalY":50,"resource":{"type":"image","mimeType":"image\/jpeg","width":2560,"height":1707,"sizes":{"medium":{"file":"fundo-azul-350x233.webp","width":350,"height":233,"filesize":5476,"sources":{"image\/webp":{"file":"fundo-azul-350x233.webp","filesize":5476,"sourceUrl":"https:\/\/carro.blog.br\/noticias\/wp-content\/uploads\/2026\/02\/fundo-azul-350x233.webp"}},"mimeType":"image\/webp","sourceUrl":"https:\/\/carro.blog.br\/noticias\/wp-content\/uploads\/2026\/02\/fundo-azul-350x233.webp"},"large":{"file":"fundo-azul-1800x1200.webp","width":1800,"height":1200,"filesize":38644,"sources":{"image\/webp":{"file":"fundo-azul-1800x1200.webp","filesize":38644,"sourceUrl":"https:\/\/carro.blog.br\/noticias\/wp-content\/uploads\/2026\/02\/fundo-azul-1800x1200.webp"}},"mimeType":"image\/webp","sourceUrl":"https:\/\/carro.blog.br\/noticias\/wp-content\/uploads\/2026\/02\/fundo-azul-1800x1200.webp"},"thumbnail":{"file":"fundo-azul-900x600.webp","width":900,"height":600,"filesize":17588,"sources":{"image\/webp":{"file":"fundo-azul-900x600.webp","filesize":17588,"sourceUrl":"https:\/\/carro.blog.br\/noticias\/wp-content\/uploads\/2026\/02\/fundo-azul-900x600.webp"}},"mimeType":"image\/webp","sourceUrl":"https:\/\/carro.blog.br\/noticias\/wp-content\/uploads\/2026\/02\/fundo-azul-900x600.webp"},"medium_large":{"file":"fundo-azul-768x512.webp","width":768,"height":512,"filesize":14734,"sources":{"image\/webp":{"file":"fundo-azul-768x512.webp","filesize":14734,"sourceUrl":"https:\/\/carro.blog.br\/noticias\/wp-content\/uploads\/2026\/02\/fundo-azul-768x512.webp"}},"mimeType":"image\/webp","sourceUrl":"https:\/\/carro.blog.br\/noticias\/wp-content\/uploads\/2026\/02\/fundo-azul-768x512.webp"},"1536x1536":{"file":"fundo-azul-1536x1024.webp","width":1536,"height":1024,"filesize":32230,"mimeType":"image\/webp","sourceUrl":"https:\/\/carro.blog.br\/noticias\/wp-content\/uploads\/2026\/02\/fundo-azul-1536x1024.webp"},"2048x2048":{"file":"fundo-azul-2048x1365.webp","width":2048,"height":1365,"filesize":44568,"mimeType":"image\/webp","sourceUrl":"https:\/\/carro.blog.br\/noticias\/wp-content\/uploads\/2026\/02\/fundo-azul-2048x1365.webp"},"web-stories-poster-portrait":{"file":"fundo-azul-640x853.webp","width":640,"height":853,"filesize":7692,"mimeType":"image\/webp","sourceUrl":"https:\/\/carro.blog.br\/noticias\/wp-content\/uploads\/2026\/02\/fundo-azul-640x853.webp"},"web-stories-publisher-logo":{"file":"fundo-azul-96x96.webp","width":96,"height":96,"filesize":806,"mimeType":"image\/webp","sourceUrl":"https:\/\/carro.blog.br\/noticias\/wp-content\/uploads\/2026\/02\/fundo-azul-96x96.webp"},"web-stories-thumbnail":{"file":"fundo-azul-150x100.webp","width":150,"height":100,"filesize":1520,"mimeType":"image\/webp","sourceUrl":"https:\/\/carro.blog.br\/noticias\/wp-content\/uploads\/2026\/02\/fundo-azul-150x100.webp"},"full":{"file":"fundo-azul-scaled.webp","width":2560,"height":1707,"mimeType":"image\/jpeg","sourceUrl":"https:\/\/carro.blog.br\/noticias\/wp-content\/uploads\/2026\/02\/fundo-azul-scaled.webp","sources":{"image\/webp":{"file":"fundo-azul-scaled.webp","filesize":56840,"sourceUrl":"https:\/\/carro.blog.br\/noticias\/wp-content\/uploads\/2026\/02\/fundo-azul-scaled.webp"}}}},"isPlaceholder":false,"isExternal":false,"needsProxy":false,"baseColor":"#042672","blurHash":"U60xK}a1pJZ}ozZek[belCa%jdj]k9aLk[kY","creationDate":"2026-02-05T11:14:50","src":"https:\/\/carro.blog.br\/noticias\/wp-content\/uploads\/2026\/02\/fundo-azul-scaled.webp","id":6726,"alt":"fundo azul","local":false},"backgroundColor":{"color":{"r":196,"g":196,"b":196}},"x":48,"y":0,"width":330,"height":220,"mask":{"type":"rectangle"},"isBackground":true,"id":"9477858f-aad6-4776-a398-6bfec4f47c46","overlay":{"type":"linear","rotation":0,"stops":[{"color":{"r":0,"g":0,"b":0,"a":0},"position":0.40000000000000002220446049250313080847263336181640625},{"color":{"r":0,"g":0,"b":0,"a":1},"position":1}],"alpha":0.5},"type":"image"},{"opacity":100,"flip":{"vertical":false,"horizontal":false},"rotationAngle":0,"lockAspectRatio":false,"scale":100,"focalX":50,"focalY":50,"resource":{"type":"image","mimeType":"image\/webp","width":1920,"height":1080,"sizes":{"medium":{"file":"Honda-Civic-2026-6-350x197.webp","width":350,"height":197,"filesize":10000,"sources":{"image\/webp":{"file":"Honda-Civic-2026-6-350x197.webp","filesize":10000,"sourceUrl":"https:\/\/carro.blog.br\/noticias\/wp-content\/uploads\/2026\/04\/Honda-Civic-2026-6-350x197.webp"}},"mimeType":"image\/webp","sourceUrl":"https:\/\/carro.blog.br\/noticias\/wp-content\/uploads\/2026\/04\/Honda-Civic-2026-6-350x197.webp"},"large":{"file":"Honda-Civic-2026-6-1800x1013.webp","width":1800,"height":1013,"filesize":154166,"sources":{"image\/webp":{"file":"Honda-Civic-2026-6-1800x1013.webp","filesize":154166,"sourceUrl":"https:\/\/carro.blog.br\/noticias\/wp-content\/uploads\/2026\/04\/Honda-Civic-2026-6-1800x1013.webp"}},"mimeType":"image\/webp","sourceUrl":"https:\/\/carro.blog.br\/noticias\/wp-content\/uploads\/2026\/04\/Honda-Civic-2026-6-1800x1013.webp"},"thumbnail":{"file":"Honda-Civic-2026-6-900x506.webp","width":900,"height":506,"filesize":48082,"sources":{"image\/webp":{"file":"Honda-Civic-2026-6-900x506.webp","filesize":48082,"sourceUrl":"https:\/\/carro.blog.br\/noticias\/wp-content\/uploads\/2026\/04\/Honda-Civic-2026-6-900x506.webp"}},"mimeType":"image\/webp","sourceUrl":"https:\/\/carro.blog.br\/noticias\/wp-content\/uploads\/2026\/04\/Honda-Civic-2026-6-900x506.webp"},"medium_large":{"file":"Honda-Civic-2026-6-768x432.webp","width":768,"height":432,"filesize":36304,"sources":{"image\/webp":{"file":"Honda-Civic-2026-6-768x432.webp","filesize":36304,"sourceUrl":"https:\/\/carro.blog.br\/noticias\/wp-content\/uploads\/2026\/04\/Honda-Civic-2026-6-768x432.webp"}},"mimeType":"image\/webp","sourceUrl":"https:\/\/carro.blog.br\/noticias\/wp-content\/uploads\/2026\/04\/Honda-Civic-2026-6-768x432.webp"},"1536x1536":{"file":"Honda-Civic-2026-6-1536x864.webp","width":1536,"height":864,"filesize":120320,"mimeType":"image\/webp","sourceUrl":"https:\/\/carro.blog.br\/noticias\/wp-content\/uploads\/2026\/04\/Honda-Civic-2026-6-1536x864.webp"},"web-stories-poster-portrait":{"file":"Honda-Civic-2026-6-640x853.webp","width":640,"height":853,"filesize":48930,"mimeType":"image\/webp","sourceUrl":"https:\/\/carro.blog.br\/noticias\/wp-content\/uploads\/2026\/04\/Honda-Civic-2026-6-640x853.webp"},"web-stories-publisher-logo":{"file":"Honda-Civic-2026-6-96x96.webp","width":96,"height":96,"filesize":2138,"mimeType":"image\/webp","sourceUrl":"https:\/\/carro.blog.br\/noticias\/wp-content\/uploads\/2026\/04\/Honda-Civic-2026-6-96x96.webp"},"web-stories-thumbnail":{"file":"Honda-Civic-2026-6-150x84.webp","width":150,"height":84,"filesize":2862,"mimeType":"image\/webp","sourceUrl":"https:\/\/carro.blog.br\/noticias\/wp-content\/uploads\/2026\/04\/Honda-Civic-2026-6-150x84.webp"},"full":{"file":"Honda-Civic-2026-6.webp","width":1920,"height":1080,"mimeType":"image\/webp","sourceUrl":"https:\/\/carro.blog.br\/noticias\/wp-content\/uploads\/2026\/04\/Honda-Civic-2026-6.webp","sources":{"image\/webp":{"file":"Honda-Civic-2026-6.webp","filesize":148938,"sourceUrl":"https:\/\/carro.blog.br\/noticias\/wp-content\/uploads\/2026\/04\/Honda-Civic-2026-6.webp"}}}},"isPlaceholder":false,"isExternal":false,"needsProxy":false,"baseColor":"#252b2e","blurHash":"UGATl[NIt7og~pD*oet7%LM|j?%MxZofRjof","creationDate":"2026-04-29T17:52:20","src":"https:\/\/carro.blog.br\/noticias\/wp-content\/uploads\/2026\/04\/Honda-Civic-2026-6.webp","id":33473,"alt":"","local":false,"provider":"local"},"x":0,"y":24,"width":412,"height":271,"mask":{"type":"rectangle","showInLibrary":true,"name":"Rectangle","path":"M 0,0 1,0 1,1 0,1 0,0 Z","ratio":1,"supportsBorder":true},"id":"4fdc99f6-8b9a-4428-9976-3655c47c6e3b","basedOn":"b65b9621-504e-4187-adcf-7c8476322506","borderRadius":{"topLeft":0,"topRight":0,"bottomRight":0,"bottomLeft":0,"locked":true},"alt":"Carro.Blog.Br","border":{"left":0,"right":0,"top":10,"bottom":10,"lockedWidth":false,"color":{"color":{"r":255,"g":255,"b":255}}},"groupId":null,"type":"image"},{"opacity":100,"flip":{"vertical":false,"horizontal":false},"rotationAngle":0,"lockAspectRatio":true,"backgroundTextMode":"HIGHLIGHT","font":{"family":"Roboto Condensed"},"fontSize":24,"backgroundColor":{"color":{"r":1,"g":18,"b":59}},"lineHeight":1,"textAlign":"left","padding":{"locked":true,"hasHiddenPadding":true,"horizontal":11,"vertical":7},"content":"<span style=\"color: #fff\">Por dentro, entrega conforto e sil\u00eancio, mas perdeu aquele toque mais envolvente ao volante. Est\u00e1 mais pr\u00f3ximo de um carro para ser levado do que para dirigir<\/span>","marginOffset":5.578125,"x":52,"y":276,"width":311,"height":232,"basedOn":"714857eb-6e7f-45bc-b781-1661045b2b61","id":"e318492d-ed8b-4efc-aa3c-48185e206c74","borderRadius":{"topLeft":0,"topRight":0,"bottomRight":0,"bottomLeft":0,"locked":true},"border":{"left":5,"right":0,"top":0,"bottom":0,"lockedWidth":false,"color":{"color":{"r":255,"g":255,"b":255}}},"type":"text"},{"opacity":100,"flip":{"vertical":false,"horizontal":false},"rotationAngle":0,"lockAspectRatio":false,"scale":100,"focalX":50,"focalY":50,"resource":{"type":"image","mimeType":"image\/webp","width":1500,"height":350,"sizes":{"medium":{"file":"logo-webstories-png-350x82.webp","width":350,"height":82,"filesize":4238,"sources":{"image\/webp":{"file":"logo-webstories-png-350x82.webp","filesize":4238,"sourceUrl":"https:\/\/carro.blog.br\/noticias\/wp-content\/uploads\/2026\/02\/logo-webstories-png-350x82.webp"}},"mimeType":"image\/webp","sourceUrl":"https:\/\/carro.blog.br\/noticias\/wp-content\/uploads\/2026\/02\/logo-webstories-png-350x82.webp"},"thumbnail":{"file":"logo-webstories-png-900x210.webp","width":900,"height":210,"filesize":11324,"sources":{"image\/webp":{"file":"logo-webstories-png-900x210.webp","filesize":11324,"sourceUrl":"https:\/\/carro.blog.br\/noticias\/wp-content\/uploads\/2026\/02\/logo-webstories-png-900x210.webp"}},"mimeType":"image\/webp","sourceUrl":"https:\/\/carro.blog.br\/noticias\/wp-content\/uploads\/2026\/02\/logo-webstories-png-900x210.webp"},"medium_large":{"file":"logo-webstories-png-768x179.webp","width":768,"height":179,"filesize":9604,"sources":{"image\/webp":{"file":"logo-webstories-png-768x179.webp","filesize":9604,"sourceUrl":"https:\/\/carro.blog.br\/noticias\/wp-content\/uploads\/2026\/02\/logo-webstories-png-768x179.webp"}},"mimeType":"image\/webp","sourceUrl":"https:\/\/carro.blog.br\/noticias\/wp-content\/uploads\/2026\/02\/logo-webstories-png-768x179.webp"},"web-stories-poster-portrait":{"file":"logo-webstories-png-640x350.webp","width":640,"height":350,"filesize":7294,"mimeType":"image\/webp","sourceUrl":"https:\/\/carro.blog.br\/noticias\/wp-content\/uploads\/2026\/02\/logo-webstories-png-640x350.webp"},"web-stories-publisher-logo":{"file":"logo-webstories-png-96x96.webp","width":96,"height":96,"filesize":1318,"mimeType":"image\/webp","sourceUrl":"https:\/\/carro.blog.br\/noticias\/wp-content\/uploads\/2026\/02\/logo-webstories-png-96x96.webp"},"web-stories-thumbnail":{"file":"logo-webstories-png-150x35.webp","width":150,"height":35,"filesize":1688,"mimeType":"image\/webp","sourceUrl":"https:\/\/carro.blog.br\/noticias\/wp-content\/uploads\/2026\/02\/logo-webstories-png-150x35.webp"},"full":{"file":"logo-webstories-png.webp","width":1500,"height":350,"mimeType":"image\/webp","sourceUrl":"https:\/\/carro.blog.br\/noticias\/wp-content\/uploads\/2026\/02\/logo-webstories-png.webp","sources":{"image\/webp":{"file":"logo-webstories-png.webp","filesize":20290,"sourceUrl":"https:\/\/carro.blog.br\/noticias\/wp-content\/uploads\/2026\/02\/logo-webstories-png.webp"}}}},"isPlaceholder":false,"isExternal":false,"needsProxy":false,"baseColor":"#dccfac","blurHash":"U7AwJ3~7Ze$#n$s:ofa}009#yYNdbvM}NGn~","creationDate":"2026-02-05T11:34:02","src":"https:\/\/carro.blog.br\/noticias\/wp-content\/uploads\/2026\/02\/logo-webstories-png.webp","id":6731,"alt":"logo-webstories-png","local":false},"x":24.5,"y":-16,"width":363,"height":77,"mask":{"type":"rectangle","showInLibrary":true,"name":"Ret\u00e2ngulo","path":"M 0,0 1,0 1,1 0,1 0,0 Z","ratio":1,"supportsBorder":true},"id":"027fa2aa-8cf9-49de-85a1-b8f27def2b0f","type":"image"}],"backgroundColor":{"color":{"r":255,"g":255,"b":255}},"animations":[{"id":"81518736-6750-4b78-b559-9075db7a7472","type":"effect-background-zoom","zoomDirection":"scaleOut","duration":6000,"delay":0,"targets":["9477858f-aad6-4776-a398-6bfec4f47c46"]},{"id":"ee224fb7-5eda-4891-b8a1-b05b8dc5b4f2","type":"effect-fly-in","flyInDir":"rightToLeft","duration":600,"delay":0,"targets":["e318492d-ed8b-4efc-aa3c-48185e206c74"]}],"id":"0b84c8c2-aee6-46dd-9dcc-de71ae7ba132","image":{"id":28939,"height":1200,"width":800,"url":"https:\/\/carro.blog.br\/noticias\/wp-content\/uploads\/2026\/03\/web-stories-page-template-28938.webp","needsProxy":false,"isExternal":false},"pageAttachment":{"url":"","needsProxy":false,"ctaText":"Arraste Para Cima","theme":"light"},"defaultBackgroundElement":{"opacity":100,"flip":{"vertical":false,"horizontal":false},"rotationAngle":0,"lockAspectRatio":true,"backgroundColor":{"color":{"r":196,"g":196,"b":196}},"x":1,"y":1,"width":1,"height":1,"mask":{"type":"rectangle"},"isBackground":true,"isDefaultBackground":true,"id":"38899e5f-faf8-478f-9600-ee894d175b3f","type":"shape"},"groups":[]},{"elements":[{"opacity":100,"flip":{"vertical":false,"horizontal":false},"rotationAngle":0,"lockAspectRatio":true,"scale":112,"focalX":50,"focalY":50,"resource":{"type":"image","mimeType":"image\/jpeg","width":2560,"height":1707,"sizes":{"medium":{"file":"fundo-azul-350x233.webp","width":350,"height":233,"filesize":5476,"sources":{"image\/webp":{"file":"fundo-azul-350x233.webp","filesize":5476,"sourceUrl":"https:\/\/carro.blog.br\/noticias\/wp-content\/uploads\/2026\/02\/fundo-azul-350x233.webp"}},"mimeType":"image\/webp","sourceUrl":"https:\/\/carro.blog.br\/noticias\/wp-content\/uploads\/2026\/02\/fundo-azul-350x233.webp"},"large":{"file":"fundo-azul-1800x1200.webp","width":1800,"height":1200,"filesize":38644,"sources":{"image\/webp":{"file":"fundo-azul-1800x1200.webp","filesize":38644,"sourceUrl":"https:\/\/carro.blog.br\/noticias\/wp-content\/uploads\/2026\/02\/fundo-azul-1800x1200.webp"}},"mimeType":"image\/webp","sourceUrl":"https:\/\/carro.blog.br\/noticias\/wp-content\/uploads\/2026\/02\/fundo-azul-1800x1200.webp"},"thumbnail":{"file":"fundo-azul-900x600.webp","width":900,"height":600,"filesize":17588,"sources":{"image\/webp":{"file":"fundo-azul-900x600.webp","filesize":17588,"sourceUrl":"https:\/\/carro.blog.br\/noticias\/wp-content\/uploads\/2026\/02\/fundo-azul-900x600.webp"}},"mimeType":"image\/webp","sourceUrl":"https:\/\/carro.blog.br\/noticias\/wp-content\/uploads\/2026\/02\/fundo-azul-900x600.webp"},"medium_large":{"file":"fundo-azul-768x512.webp","width":768,"height":512,"filesize":14734,"sources":{"image\/webp":{"file":"fundo-azul-768x512.webp","filesize":14734,"sourceUrl":"https:\/\/carro.blog.br\/noticias\/wp-content\/uploads\/2026\/02\/fundo-azul-768x512.webp"}},"mimeType":"image\/webp","sourceUrl":"https:\/\/carro.blog.br\/noticias\/wp-content\/uploads\/2026\/02\/fundo-azul-768x512.webp"},"1536x1536":{"file":"fundo-azul-1536x1024.webp","width":1536,"height":1024,"filesize":32230,"mimeType":"image\/webp","sourceUrl":"https:\/\/carro.blog.br\/noticias\/wp-content\/uploads\/2026\/02\/fundo-azul-1536x1024.webp"},"2048x2048":{"file":"fundo-azul-2048x1365.webp","width":2048,"height":1365,"filesize":44568,"mimeType":"image\/webp","sourceUrl":"https:\/\/carro.blog.br\/noticias\/wp-content\/uploads\/2026\/02\/fundo-azul-2048x1365.webp"},"web-stories-poster-portrait":{"file":"fundo-azul-640x853.webp","width":640,"height":853,"filesize":7692,"mimeType":"image\/webp","sourceUrl":"https:\/\/carro.blog.br\/noticias\/wp-content\/uploads\/2026\/02\/fundo-azul-640x853.webp"},"web-stories-publisher-logo":{"file":"fundo-azul-96x96.webp","width":96,"height":96,"filesize":806,"mimeType":"image\/webp","sourceUrl":"https:\/\/carro.blog.br\/noticias\/wp-content\/uploads\/2026\/02\/fundo-azul-96x96.webp"},"web-stories-thumbnail":{"file":"fundo-azul-150x100.webp","width":150,"height":100,"filesize":1520,"mimeType":"image\/webp","sourceUrl":"https:\/\/carro.blog.br\/noticias\/wp-content\/uploads\/2026\/02\/fundo-azul-150x100.webp"},"full":{"file":"fundo-azul-scaled.webp","width":2560,"height":1707,"mimeType":"image\/jpeg","sourceUrl":"https:\/\/carro.blog.br\/noticias\/wp-content\/uploads\/2026\/02\/fundo-azul-scaled.webp","sources":{"image\/webp":{"file":"fundo-azul-scaled.webp","filesize":56840,"sourceUrl":"https:\/\/carro.blog.br\/noticias\/wp-content\/uploads\/2026\/02\/fundo-azul-scaled.webp"}}}},"isPlaceholder":false,"isExternal":false,"needsProxy":false,"baseColor":"#042672","blurHash":"U60xK}a1pJZ}ozZek[belCa%jdj]k9aLk[kY","creationDate":"2026-02-05T11:14:50","src":"https:\/\/carro.blog.br\/noticias\/wp-content\/uploads\/2026\/02\/fundo-azul-scaled.webp","id":6726,"alt":"fundo azul","local":false},"backgroundColor":{"color":{"r":196,"g":196,"b":196}},"x":48,"y":0,"width":330,"height":220,"mask":{"type":"rectangle"},"isBackground":true,"id":"8d210a8f-5ddc-47a5-acd3-9fcc3da2c2c7","overlay":{"type":"linear","rotation":0,"stops":[{"color":{"r":0,"g":0,"b":0,"a":0},"position":0.40000000000000002220446049250313080847263336181640625},{"color":{"r":0,"g":0,"b":0,"a":1},"position":1}],"alpha":0.5},"type":"image"},{"opacity":100,"flip":{"vertical":false,"horizontal":false},"rotationAngle":0,"lockAspectRatio":false,"scale":100,"focalX":50,"focalY":50,"resource":{"type":"image","mimeType":"image\/webp","width":1920,"height":1080,"sizes":{"medium":{"file":"Honda-Civic-2026-4-350x197.webp","width":350,"height":197,"filesize":12030,"sources":{"image\/webp":{"file":"Honda-Civic-2026-4-350x197.webp","filesize":12030,"sourceUrl":"https:\/\/carro.blog.br\/noticias\/wp-content\/uploads\/2026\/04\/Honda-Civic-2026-4-350x197.webp"}},"mimeType":"image\/webp","sourceUrl":"https:\/\/carro.blog.br\/noticias\/wp-content\/uploads\/2026\/04\/Honda-Civic-2026-4-350x197.webp"},"large":{"file":"Honda-Civic-2026-4-1800x1013.webp","width":1800,"height":1013,"filesize":188300,"sources":{"image\/webp":{"file":"Honda-Civic-2026-4-1800x1013.webp","filesize":188300,"sourceUrl":"https:\/\/carro.blog.br\/noticias\/wp-content\/uploads\/2026\/04\/Honda-Civic-2026-4-1800x1013.webp"}},"mimeType":"image\/webp","sourceUrl":"https:\/\/carro.blog.br\/noticias\/wp-content\/uploads\/2026\/04\/Honda-Civic-2026-4-1800x1013.webp"},"thumbnail":{"file":"Honda-Civic-2026-4-900x506.webp","width":900,"height":506,"filesize":58322,"sources":{"image\/webp":{"file":"Honda-Civic-2026-4-900x506.webp","filesize":58322,"sourceUrl":"https:\/\/carro.blog.br\/noticias\/wp-content\/uploads\/2026\/04\/Honda-Civic-2026-4-900x506.webp"}},"mimeType":"image\/webp","sourceUrl":"https:\/\/carro.blog.br\/noticias\/wp-content\/uploads\/2026\/04\/Honda-Civic-2026-4-900x506.webp"},"medium_large":{"file":"Honda-Civic-2026-4-768x432.webp","width":768,"height":432,"filesize":45782,"sources":{"image\/webp":{"file":"Honda-Civic-2026-4-768x432.webp","filesize":45782,"sourceUrl":"https:\/\/carro.blog.br\/noticias\/wp-content\/uploads\/2026\/04\/Honda-Civic-2026-4-768x432.webp"}},"mimeType":"image\/webp","sourceUrl":"https:\/\/carro.blog.br\/noticias\/wp-content\/uploads\/2026\/04\/Honda-Civic-2026-4-768x432.webp"},"1536x1536":{"file":"Honda-Civic-2026-4-1536x864.webp","width":1536,"height":864,"filesize":144862,"mimeType":"image\/webp","sourceUrl":"https:\/\/carro.blog.br\/noticias\/wp-content\/uploads\/2026\/04\/Honda-Civic-2026-4-1536x864.webp"},"web-stories-poster-portrait":{"file":"Honda-Civic-2026-4-640x853.webp","width":640,"height":853,"filesize":63904,"mimeType":"image\/webp","sourceUrl":"https:\/\/carro.blog.br\/noticias\/wp-content\/uploads\/2026\/04\/Honda-Civic-2026-4-640x853.webp"},"web-stories-publisher-logo":{"file":"Honda-Civic-2026-4-96x96.webp","width":96,"height":96,"filesize":2246,"mimeType":"image\/webp","sourceUrl":"https:\/\/carro.blog.br\/noticias\/wp-content\/uploads\/2026\/04\/Honda-Civic-2026-4-96x96.webp"},"web-stories-thumbnail":{"file":"Honda-Civic-2026-4-150x84.webp","width":150,"height":84,"filesize":3252,"mimeType":"image\/webp","sourceUrl":"https:\/\/carro.blog.br\/noticias\/wp-content\/uploads\/2026\/04\/Honda-Civic-2026-4-150x84.webp"},"full":{"file":"Honda-Civic-2026-4.webp","width":1920,"height":1080,"mimeType":"image\/webp","sourceUrl":"https:\/\/carro.blog.br\/noticias\/wp-content\/uploads\/2026\/04\/Honda-Civic-2026-4.webp","sources":{"image\/webp":{"file":"Honda-Civic-2026-4.webp","filesize":181154,"sourceUrl":"https:\/\/carro.blog.br\/noticias\/wp-content\/uploads\/2026\/04\/Honda-Civic-2026-4.webp"}}}},"isPlaceholder":false,"isExternal":false,"needsProxy":false,"baseColor":"#30302f","blurHash":"UaC%N*o#ogog_4t8ogj]t8t8j[a}ITt8j]ay","creationDate":"2026-04-29T17:52:13","src":"https:\/\/carro.blog.br\/noticias\/wp-content\/uploads\/2026\/04\/Honda-Civic-2026-4.webp","id":33471,"alt":"","local":false,"provider":"local"},"x":0,"y":24,"width":412,"height":271,"mask":{"type":"rectangle","showInLibrary":true,"name":"Rectangle","path":"M 0,0 1,0 1,1 0,1 0,0 Z","ratio":1,"supportsBorder":true},"id":"444a351a-34cb-4d3d-9822-0119b54c6c73","basedOn":"b65b9621-504e-4187-adcf-7c8476322506","borderRadius":{"topLeft":0,"topRight":0,"bottomRight":0,"bottomLeft":0,"locked":true},"alt":"Carro.Blog.Br","border":{"left":0,"right":0,"top":10,"bottom":10,"lockedWidth":false,"color":{"color":{"r":255,"g":255,"b":255}}},"groupId":null,"type":"image"},{"opacity":100,"flip":{"vertical":false,"horizontal":false},"rotationAngle":0,"lockAspectRatio":true,"backgroundTextMode":"HIGHLIGHT","font":{"family":"Roboto Condensed"},"fontSize":24,"backgroundColor":{"color":{"r":1,"g":18,"b":59}},"lineHeight":1,"textAlign":"left","padding":{"locked":true,"hasHiddenPadding":true,"horizontal":11,"vertical":7},"content":"<span style=\"color: #fff\">O conjunto h\u00edbrido funciona bem e surpreende no consumo, mas cobra seu pre\u00e7o. O motor chega a incomodar no tr\u00e2nsito pesado com giros altos parado<\/span>","marginOffset":5.578125,"x":52,"y":276,"width":311,"height":232,"basedOn":"714857eb-6e7f-45bc-b781-1661045b2b61","id":"d89f7cc9-bdca-4afd-96ea-f9fb1e1c90f3","borderRadius":{"topLeft":0,"topRight":0,"bottomRight":0,"bottomLeft":0,"locked":true},"border":{"left":5,"right":0,"top":0,"bottom":0,"lockedWidth":false,"color":{"color":{"r":255,"g":255,"b":255}}},"type":"text"},{"opacity":100,"flip":{"vertical":false,"horizontal":false},"rotationAngle":0,"lockAspectRatio":false,"scale":100,"focalX":50,"focalY":50,"resource":{"type":"image","mimeType":"image\/webp","width":1500,"height":350,"sizes":{"medium":{"file":"logo-webstories-png-350x82.webp","width":350,"height":82,"filesize":4238,"sources":{"image\/webp":{"file":"logo-webstories-png-350x82.webp","filesize":4238,"sourceUrl":"https:\/\/carro.blog.br\/noticias\/wp-content\/uploads\/2026\/02\/logo-webstories-png-350x82.webp"}},"mimeType":"image\/webp","sourceUrl":"https:\/\/carro.blog.br\/noticias\/wp-content\/uploads\/2026\/02\/logo-webstories-png-350x82.webp"},"thumbnail":{"file":"logo-webstories-png-900x210.webp","width":900,"height":210,"filesize":11324,"sources":{"image\/webp":{"file":"logo-webstories-png-900x210.webp","filesize":11324,"sourceUrl":"https:\/\/carro.blog.br\/noticias\/wp-content\/uploads\/2026\/02\/logo-webstories-png-900x210.webp"}},"mimeType":"image\/webp","sourceUrl":"https:\/\/carro.blog.br\/noticias\/wp-content\/uploads\/2026\/02\/logo-webstories-png-900x210.webp"},"medium_large":{"file":"logo-webstories-png-768x179.webp","width":768,"height":179,"filesize":9604,"sources":{"image\/webp":{"file":"logo-webstories-png-768x179.webp","filesize":9604,"sourceUrl":"https:\/\/carro.blog.br\/noticias\/wp-content\/uploads\/2026\/02\/logo-webstories-png-768x179.webp"}},"mimeType":"image\/webp","sourceUrl":"https:\/\/carro.blog.br\/noticias\/wp-content\/uploads\/2026\/02\/logo-webstories-png-768x179.webp"},"web-stories-poster-portrait":{"file":"logo-webstories-png-640x350.webp","width":640,"height":350,"filesize":7294,"mimeType":"image\/webp","sourceUrl":"https:\/\/carro.blog.br\/noticias\/wp-content\/uploads\/2026\/02\/logo-webstories-png-640x350.webp"},"web-stories-publisher-logo":{"file":"logo-webstories-png-96x96.webp","width":96,"height":96,"filesize":1318,"mimeType":"image\/webp","sourceUrl":"https:\/\/carro.blog.br\/noticias\/wp-content\/uploads\/2026\/02\/logo-webstories-png-96x96.webp"},"web-stories-thumbnail":{"file":"logo-webstories-png-150x35.webp","width":150,"height":35,"filesize":1688,"mimeType":"image\/webp","sourceUrl":"https:\/\/carro.blog.br\/noticias\/wp-content\/uploads\/2026\/02\/logo-webstories-png-150x35.webp"},"full":{"file":"logo-webstories-png.webp","width":1500,"height":350,"mimeType":"image\/webp","sourceUrl":"https:\/\/carro.blog.br\/noticias\/wp-content\/uploads\/2026\/02\/logo-webstories-png.webp","sources":{"image\/webp":{"file":"logo-webstories-png.webp","filesize":20290,"sourceUrl":"https:\/\/carro.blog.br\/noticias\/wp-content\/uploads\/2026\/02\/logo-webstories-png.webp"}}}},"isPlaceholder":false,"isExternal":false,"needsProxy":false,"baseColor":"#dccfac","blurHash":"U7AwJ3~7Ze$#n$s:ofa}009#yYNdbvM}NGn~","creationDate":"2026-02-05T11:34:02","src":"https:\/\/carro.blog.br\/noticias\/wp-content\/uploads\/2026\/02\/logo-webstories-png.webp","id":6731,"alt":"logo-webstories-png","local":false},"x":24.5,"y":-16,"width":363,"height":77,"mask":{"type":"rectangle","showInLibrary":true,"name":"Ret\u00e2ngulo","path":"M 0,0 1,0 1,1 0,1 0,0 Z","ratio":1,"supportsBorder":true},"id":"c70cf83f-4765-4778-8fae-ff55cc666079","type":"image"}],"backgroundColor":{"color":{"r":255,"g":255,"b":255}},"animations":[{"id":"996a30fc-d9d2-4eec-a1f4-7a8a750c3a78","type":"effect-background-zoom","zoomDirection":"scaleOut","duration":6000,"delay":0,"targets":["8d210a8f-5ddc-47a5-acd3-9fcc3da2c2c7"]},{"id":"49bbcc55-1cc7-4274-ae6b-035bc4142326","type":"effect-fly-in","flyInDir":"rightToLeft","duration":600,"delay":0,"targets":["d89f7cc9-bdca-4afd-96ea-f9fb1e1c90f3"]}],"id":"f399375e-b810-4ba5-bc66-4e072842c13c","image":{"id":28939,"height":1200,"width":800,"url":"https:\/\/carro.blog.br\/noticias\/wp-content\/uploads\/2026\/03\/web-stories-page-template-28938.webp","needsProxy":false,"isExternal":false},"pageAttachment":{"url":"","needsProxy":false,"ctaText":"Arraste Para Cima","theme":"light"},"defaultBackgroundElement":{"opacity":100,"flip":{"vertical":false,"horizontal":false},"rotationAngle":0,"lockAspectRatio":true,"backgroundColor":{"color":{"r":196,"g":196,"b":196}},"x":1,"y":1,"width":1,"height":1,"mask":{"type":"rectangle"},"isBackground":true,"isDefaultBackground":true,"id":"38899e5f-faf8-478f-9600-ee894d175b3f","type":"shape"},"groups":[]},{"elements":[{"opacity":100,"flip":{"vertical":false,"horizontal":false},"rotationAngle":0,"lockAspectRatio":true,"scale":112,"focalX":50,"focalY":50,"resource":{"type":"image","mimeType":"image\/jpeg","width":2560,"height":1707,"sizes":{"medium":{"file":"fundo-azul-350x233.webp","width":350,"height":233,"filesize":5476,"sources":{"image\/webp":{"file":"fundo-azul-350x233.webp","filesize":5476,"sourceUrl":"https:\/\/carro.blog.br\/noticias\/wp-content\/uploads\/2026\/02\/fundo-azul-350x233.webp"}},"mimeType":"image\/webp","sourceUrl":"https:\/\/carro.blog.br\/noticias\/wp-content\/uploads\/2026\/02\/fundo-azul-350x233.webp"},"large":{"file":"fundo-azul-1800x1200.webp","width":1800,"height":1200,"filesize":38644,"sources":{"image\/webp":{"file":"fundo-azul-1800x1200.webp","filesize":38644,"sourceUrl":"https:\/\/carro.blog.br\/noticias\/wp-content\/uploads\/2026\/02\/fundo-azul-1800x1200.webp"}},"mimeType":"image\/webp","sourceUrl":"https:\/\/carro.blog.br\/noticias\/wp-content\/uploads\/2026\/02\/fundo-azul-1800x1200.webp"},"thumbnail":{"file":"fundo-azul-900x600.webp","width":900,"height":600,"filesize":17588,"sources":{"image\/webp":{"file":"fundo-azul-900x600.webp","filesize":17588,"sourceUrl":"https:\/\/carro.blog.br\/noticias\/wp-content\/uploads\/2026\/02\/fundo-azul-900x600.webp"}},"mimeType":"image\/webp","sourceUrl":"https:\/\/carro.blog.br\/noticias\/wp-content\/uploads\/2026\/02\/fundo-azul-900x600.webp"},"medium_large":{"file":"fundo-azul-768x512.webp","width":768,"height":512,"filesize":14734,"sources":{"image\/webp":{"file":"fundo-azul-768x512.webp","filesize":14734,"sourceUrl":"https:\/\/carro.blog.br\/noticias\/wp-content\/uploads\/2026\/02\/fundo-azul-768x512.webp"}},"mimeType":"image\/webp","sourceUrl":"https:\/\/carro.blog.br\/noticias\/wp-content\/uploads\/2026\/02\/fundo-azul-768x512.webp"},"1536x1536":{"file":"fundo-azul-1536x1024.webp","width":1536,"height":1024,"filesize":32230,"mimeType":"image\/webp","sourceUrl":"https:\/\/carro.blog.br\/noticias\/wp-content\/uploads\/2026\/02\/fundo-azul-1536x1024.webp"},"2048x2048":{"file":"fundo-azul-2048x1365.webp","width":2048,"height":1365,"filesize":44568,"mimeType":"image\/webp","sourceUrl":"https:\/\/carro.blog.br\/noticias\/wp-content\/uploads\/2026\/02\/fundo-azul-2048x1365.webp"},"web-stories-poster-portrait":{"file":"fundo-azul-640x853.webp","width":640,"height":853,"filesize":7692,"mimeType":"image\/webp","sourceUrl":"https:\/\/carro.blog.br\/noticias\/wp-content\/uploads\/2026\/02\/fundo-azul-640x853.webp"},"web-stories-publisher-logo":{"file":"fundo-azul-96x96.webp","width":96,"height":96,"filesize":806,"mimeType":"image\/webp","sourceUrl":"https:\/\/carro.blog.br\/noticias\/wp-content\/uploads\/2026\/02\/fundo-azul-96x96.webp"},"web-stories-thumbnail":{"file":"fundo-azul-150x100.webp","width":150,"height":100,"filesize":1520,"mimeType":"image\/webp","sourceUrl":"https:\/\/carro.blog.br\/noticias\/wp-content\/uploads\/2026\/02\/fundo-azul-150x100.webp"},"full":{"file":"fundo-azul-scaled.webp","width":2560,"height":1707,"mimeType":"image\/jpeg","sourceUrl":"https:\/\/carro.blog.br\/noticias\/wp-content\/uploads\/2026\/02\/fundo-azul-scaled.webp","sources":{"image\/webp":{"file":"fundo-azul-scaled.webp","filesize":56840,"sourceUrl":"https:\/\/carro.blog.br\/noticias\/wp-content\/uploads\/2026\/02\/fundo-azul-scaled.webp"}}}},"isPlaceholder":false,"isExternal":false,"needsProxy":false,"baseColor":"#042672","blurHash":"U60xK}a1pJZ}ozZek[belCa%jdj]k9aLk[kY","creationDate":"2026-02-05T11:14:50","src":"https:\/\/carro.blog.br\/noticias\/wp-content\/uploads\/2026\/02\/fundo-azul-scaled.webp","id":6726,"alt":"fundo azul","local":false},"backgroundColor":{"color":{"r":196,"g":196,"b":196}},"x":48,"y":0,"width":330,"height":220,"mask":{"type":"rectangle"},"isBackground":true,"id":"54ff24d5-e423-49ac-a17c-2d930dc01532","overlay":{"type":"linear","rotation":0,"stops":[{"color":{"r":0,"g":0,"b":0,"a":0},"position":0.40000000000000002220446049250313080847263336181640625},{"color":{"r":0,"g":0,"b":0,"a":1},"position":1}],"alpha":0.5},"type":"image"},{"opacity":100,"flip":{"vertical":false,"horizontal":false},"rotationAngle":0,"lockAspectRatio":false,"scale":100,"focalX":50,"focalY":50,"resource":{"type":"image","mimeType":"image\/jpeg","width":2400,"height":1298,"sizes":{"medium":{"file":"Honda-Civic-2026-1-350x189.webp","width":350,"height":189,"filesize":11240,"sources":{"image\/webp":{"file":"Honda-Civic-2026-1-350x189.webp","filesize":11240,"sourceUrl":"https:\/\/carro.blog.br\/noticias\/wp-content\/uploads\/2026\/04\/Honda-Civic-2026-1-350x189.webp"}},"mimeType":"image\/webp","sourceUrl":"https:\/\/carro.blog.br\/noticias\/wp-content\/uploads\/2026\/04\/Honda-Civic-2026-1-350x189.webp"},"large":{"file":"Honda-Civic-2026-1-1800x974.webp","width":1800,"height":974,"filesize":109396,"sources":{"image\/webp":{"file":"Honda-Civic-2026-1-1800x974.webp","filesize":109396,"sourceUrl":"https:\/\/carro.blog.br\/noticias\/wp-content\/uploads\/2026\/04\/Honda-Civic-2026-1-1800x974.webp"}},"mimeType":"image\/webp","sourceUrl":"https:\/\/carro.blog.br\/noticias\/wp-content\/uploads\/2026\/04\/Honda-Civic-2026-1-1800x974.webp"},"thumbnail":{"file":"Honda-Civic-2026-1-900x487.webp","width":900,"height":487,"filesize":47794,"sources":{"image\/webp":{"file":"Honda-Civic-2026-1-900x487.webp","filesize":47794,"sourceUrl":"https:\/\/carro.blog.br\/noticias\/wp-content\/uploads\/2026\/04\/Honda-Civic-2026-1-900x487.webp"}},"mimeType":"image\/webp","sourceUrl":"https:\/\/carro.blog.br\/noticias\/wp-content\/uploads\/2026\/04\/Honda-Civic-2026-1-900x487.webp"},"medium_large":{"file":"Honda-Civic-2026-1-768x415.webp","width":768,"height":415,"filesize":37868,"sources":{"image\/webp":{"file":"Honda-Civic-2026-1-768x415.webp","filesize":37868,"sourceUrl":"https:\/\/carro.blog.br\/noticias\/wp-content\/uploads\/2026\/04\/Honda-Civic-2026-1-768x415.webp"}},"mimeType":"image\/webp","sourceUrl":"https:\/\/carro.blog.br\/noticias\/wp-content\/uploads\/2026\/04\/Honda-Civic-2026-1-768x415.webp"},"1536x1536":{"file":"Honda-Civic-2026-1-1536x831.webp","width":1536,"height":831,"filesize":90604,"mimeType":"image\/webp","sourceUrl":"https:\/\/carro.blog.br\/noticias\/wp-content\/uploads\/2026\/04\/Honda-Civic-2026-1-1536x831.webp"},"2048x2048":{"file":"Honda-Civic-2026-1-2048x1108.webp","width":2048,"height":1108,"filesize":127428,"mimeType":"image\/webp","sourceUrl":"https:\/\/carro.blog.br\/noticias\/wp-content\/uploads\/2026\/04\/Honda-Civic-2026-1-2048x1108.webp"},"web-stories-poster-portrait":{"file":"Honda-Civic-2026-1-640x853.webp","width":640,"height":853,"filesize":41498,"mimeType":"image\/webp","sourceUrl":"https:\/\/carro.blog.br\/noticias\/wp-content\/uploads\/2026\/04\/Honda-Civic-2026-1-640x853.webp"},"web-stories-publisher-logo":{"file":"Honda-Civic-2026-1-96x96.webp","width":96,"height":96,"filesize":2378,"mimeType":"image\/webp","sourceUrl":"https:\/\/carro.blog.br\/noticias\/wp-content\/uploads\/2026\/04\/Honda-Civic-2026-1-96x96.webp"},"web-stories-thumbnail":{"file":"Honda-Civic-2026-1-150x81.webp","width":150,"height":81,"filesize":3080,"mimeType":"image\/webp","sourceUrl":"https:\/\/carro.blog.br\/noticias\/wp-content\/uploads\/2026\/04\/Honda-Civic-2026-1-150x81.webp"},"full":{"file":"Honda-Civic-2026-1.webp","width":2400,"height":1298,"mimeType":"image\/jpeg","sourceUrl":"https:\/\/carro.blog.br\/noticias\/wp-content\/uploads\/2026\/04\/Honda-Civic-2026-1.webp","sources":{"image\/webp":{"file":"Honda-Civic-2026-1.webp","filesize":160394,"sourceUrl":"https:\/\/carro.blog.br\/noticias\/wp-content\/uploads\/2026\/04\/Honda-Civic-2026-1.webp"}}}},"isPlaceholder":false,"isExternal":false,"needsProxy":false,"baseColor":"#2a2927","blurHash":"UQBg9?ROxaM__NM{ofIU%gM{ogIU-;RjxuV@","creationDate":"2026-04-29T17:52:58","src":"https:\/\/carro.blog.br\/noticias\/wp-content\/uploads\/2026\/04\/Honda-Civic-2026-1.webp","id":33475,"alt":"","local":false,"provider":"local"},"x":0,"y":24,"width":412,"height":271,"mask":{"type":"rectangle","showInLibrary":true,"name":"Rectangle","path":"M 0,0 1,0 1,1 0,1 0,0 Z","ratio":1,"supportsBorder":true},"id":"1d44c6fe-5023-4b6d-8efb-980b048c21ba","basedOn":"b65b9621-504e-4187-adcf-7c8476322506","borderRadius":{"topLeft":0,"topRight":0,"bottomRight":0,"bottomLeft":0,"locked":true},"alt":"Carro.Blog.Br","border":{"left":0,"right":0,"top":10,"bottom":10,"lockedWidth":false,"color":{"color":{"r":255,"g":255,"b":255}}},"groupId":null,"type":"image"},{"opacity":100,"flip":{"vertical":false,"horizontal":false},"rotationAngle":0,"lockAspectRatio":true,"backgroundTextMode":"HIGHLIGHT","font":{"family":"Roboto Condensed"},"fontSize":24,"backgroundColor":{"color":{"r":1,"g":18,"b":59}},"lineHeight":1,"textAlign":"left","padding":{"locked":true,"hasHiddenPadding":true,"horizontal":11,"vertical":7},"content":"<span style=\"color: #fff\">S\u00f3 que o maior culpado n\u00e3o \u00e9 o carro. O brasileiro mudou. SUVs como HR-V e WR-V dominam as escolhas e empurraram o sedan para escanteio<\/span>","marginOffset":5.578125,"x":52,"y":276,"width":311,"height":232,"basedOn":"714857eb-6e7f-45bc-b781-1661045b2b61","id":"af85a830-6958-4c44-b4c5-34e1025761ae","borderRadius":{"topLeft":0,"topRight":0,"bottomRight":0,"bottomLeft":0,"locked":true},"border":{"left":5,"right":0,"top":0,"bottom":0,"lockedWidth":false,"color":{"color":{"r":255,"g":255,"b":255}}},"type":"text"},{"opacity":100,"flip":{"vertical":false,"horizontal":false},"rotationAngle":0,"lockAspectRatio":false,"scale":100,"focalX":50,"focalY":50,"resource":{"type":"image","mimeType":"image\/webp","width":1500,"height":350,"sizes":{"medium":{"file":"logo-webstories-png-350x82.webp","width":350,"height":82,"filesize":4238,"sources":{"image\/webp":{"file":"logo-webstories-png-350x82.webp","filesize":4238,"sourceUrl":"https:\/\/carro.blog.br\/noticias\/wp-content\/uploads\/2026\/02\/logo-webstories-png-350x82.webp"}},"mimeType":"image\/webp","sourceUrl":"https:\/\/carro.blog.br\/noticias\/wp-content\/uploads\/2026\/02\/logo-webstories-png-350x82.webp"},"thumbnail":{"file":"logo-webstories-png-900x210.webp","width":900,"height":210,"filesize":11324,"sources":{"image\/webp":{"file":"logo-webstories-png-900x210.webp","filesize":11324,"sourceUrl":"https:\/\/carro.blog.br\/noticias\/wp-content\/uploads\/2026\/02\/logo-webstories-png-900x210.webp"}},"mimeType":"image\/webp","sourceUrl":"https:\/\/carro.blog.br\/noticias\/wp-content\/uploads\/2026\/02\/logo-webstories-png-900x210.webp"},"medium_large":{"file":"logo-webstories-png-768x179.webp","width":768,"height":179,"filesize":9604,"sources":{"image\/webp":{"file":"logo-webstories-png-768x179.webp","filesize":9604,"sourceUrl":"https:\/\/carro.blog.br\/noticias\/wp-content\/uploads\/2026\/02\/logo-webstories-png-768x179.webp"}},"mimeType":"image\/webp","sourceUrl":"https:\/\/carro.blog.br\/noticias\/wp-content\/uploads\/2026\/02\/logo-webstories-png-768x179.webp"},"web-stories-poster-portrait":{"file":"logo-webstories-png-640x350.webp","width":640,"height":350,"filesize":7294,"mimeType":"image\/webp","sourceUrl":"https:\/\/carro.blog.br\/noticias\/wp-content\/uploads\/2026\/02\/logo-webstories-png-640x350.webp"},"web-stories-publisher-logo":{"file":"logo-webstories-png-96x96.webp","width":96,"height":96,"filesize":1318,"mimeType":"image\/webp","sourceUrl":"https:\/\/carro.blog.br\/noticias\/wp-content\/uploads\/2026\/02\/logo-webstories-png-96x96.webp"},"web-stories-thumbnail":{"file":"logo-webstories-png-150x35.webp","width":150,"height":35,"filesize":1688,"mimeType":"image\/webp","sourceUrl":"https:\/\/carro.blog.br\/noticias\/wp-content\/uploads\/2026\/02\/logo-webstories-png-150x35.webp"},"full":{"file":"logo-webstories-png.webp","width":1500,"height":350,"mimeType":"image\/webp","sourceUrl":"https:\/\/carro.blog.br\/noticias\/wp-content\/uploads\/2026\/02\/logo-webstories-png.webp","sources":{"image\/webp":{"file":"logo-webstories-png.webp","filesize":20290,"sourceUrl":"https:\/\/carro.blog.br\/noticias\/wp-content\/uploads\/2026\/02\/logo-webstories-png.webp"}}}},"isPlaceholder":false,"isExternal":false,"needsProxy":false,"baseColor":"#dccfac","blurHash":"U7AwJ3~7Ze$#n$s:ofa}009#yYNdbvM}NGn~","creationDate":"2026-02-05T11:34:02","src":"https:\/\/carro.blog.br\/noticias\/wp-content\/uploads\/2026\/02\/logo-webstories-png.webp","id":6731,"alt":"logo-webstories-png","local":false},"x":24.5,"y":-16,"width":363,"height":77,"mask":{"type":"rectangle","showInLibrary":true,"name":"Ret\u00e2ngulo","path":"M 0,0 1,0 1,1 0,1 0,0 Z","ratio":1,"supportsBorder":true},"id":"852a687f-7af0-4f4a-b209-fa01612be2a2","type":"image"}],"backgroundColor":{"color":{"r":255,"g":255,"b":255}},"animations":[{"id":"fbecfb8e-06eb-41ce-9b63-76080e98128a","type":"effect-background-zoom","zoomDirection":"scaleOut","duration":6000,"delay":0,"targets":["54ff24d5-e423-49ac-a17c-2d930dc01532"]},{"id":"537bd543-1d7a-4b87-acb8-3889f781e5e3","type":"effect-fly-in","flyInDir":"rightToLeft","duration":600,"delay":0,"targets":["af85a830-6958-4c44-b4c5-34e1025761ae"]}],"id":"e24e99fb-ad03-4b33-bc3d-653effc50e00","image":{"id":28939,"height":1200,"width":800,"url":"https:\/\/carro.blog.br\/noticias\/wp-content\/uploads\/2026\/03\/web-stories-page-template-28938.webp","needsProxy":false,"isExternal":false},"pageAttachment":{"url":"","needsProxy":false,"ctaText":"Arraste Para Cima","theme":"light"},"defaultBackgroundElement":{"opacity":100,"flip":{"vertical":false,"horizontal":false},"rotationAngle":0,"lockAspectRatio":true,"backgroundColor":{"color":{"r":196,"g":196,"b":196}},"x":1,"y":1,"width":1,"height":1,"mask":{"type":"rectangle"},"isBackground":true,"isDefaultBackground":true,"id":"38899e5f-faf8-478f-9600-ee894d175b3f","type":"shape"},"groups":[]},{"elements":[{"opacity":100,"flip":{"vertical":false,"horizontal":false},"rotationAngle":0,"lockAspectRatio":true,"scale":112,"focalX":50,"focalY":50,"resource":{"type":"image","mimeType":"image\/jpeg","width":2560,"height":1707,"sizes":{"medium":{"file":"fundo-azul-350x233.webp","width":350,"height":233,"filesize":5476,"sources":{"image\/webp":{"file":"fundo-azul-350x233.webp","filesize":5476,"sourceUrl":"https:\/\/carro.blog.br\/noticias\/wp-content\/uploads\/2026\/02\/fundo-azul-350x233.webp"}},"mimeType":"image\/webp","sourceUrl":"https:\/\/carro.blog.br\/noticias\/wp-content\/uploads\/2026\/02\/fundo-azul-350x233.webp"},"large":{"file":"fundo-azul-1800x1200.webp","width":1800,"height":1200,"filesize":38644,"sources":{"image\/webp":{"file":"fundo-azul-1800x1200.webp","filesize":38644,"sourceUrl":"https:\/\/carro.blog.br\/noticias\/wp-content\/uploads\/2026\/02\/fundo-azul-1800x1200.webp"}},"mimeType":"image\/webp","sourceUrl":"https:\/\/carro.blog.br\/noticias\/wp-content\/uploads\/2026\/02\/fundo-azul-1800x1200.webp"},"thumbnail":{"file":"fundo-azul-900x600.webp","width":900,"height":600,"filesize":17588,"sources":{"image\/webp":{"file":"fundo-azul-900x600.webp","filesize":17588,"sourceUrl":"https:\/\/carro.blog.br\/noticias\/wp-content\/uploads\/2026\/02\/fundo-azul-900x600.webp"}},"mimeType":"image\/webp","sourceUrl":"https:\/\/carro.blog.br\/noticias\/wp-content\/uploads\/2026\/02\/fundo-azul-900x600.webp"},"medium_large":{"file":"fundo-azul-768x512.webp","width":768,"height":512,"filesize":14734,"sources":{"image\/webp":{"file":"fundo-azul-768x512.webp","filesize":14734,"sourceUrl":"https:\/\/carro.blog.br\/noticias\/wp-content\/uploads\/2026\/02\/fundo-azul-768x512.webp"}},"mimeType":"image\/webp","sourceUrl":"https:\/\/carro.blog.br\/noticias\/wp-content\/uploads\/2026\/02\/fundo-azul-768x512.webp"},"1536x1536":{"file":"fundo-azul-1536x1024.webp","width":1536,"height":1024,"filesize":32230,"mimeType":"image\/webp","sourceUrl":"https:\/\/carro.blog.br\/noticias\/wp-content\/uploads\/2026\/02\/fundo-azul-1536x1024.webp"},"2048x2048":{"file":"fundo-azul-2048x1365.webp","width":2048,"height":1365,"filesize":44568,"mimeType":"image\/webp","sourceUrl":"https:\/\/carro.blog.br\/noticias\/wp-content\/uploads\/2026\/02\/fundo-azul-2048x1365.webp"},"web-stories-poster-portrait":{"file":"fundo-azul-640x853.webp","width":640,"height":853,"filesize":7692,"mimeType":"image\/webp","sourceUrl":"https:\/\/carro.blog.br\/noticias\/wp-content\/uploads\/2026\/02\/fundo-azul-640x853.webp"},"web-stories-publisher-logo":{"file":"fundo-azul-96x96.webp","width":96,"height":96,"filesize":806,"mimeType":"image\/webp","sourceUrl":"https:\/\/carro.blog.br\/noticias\/wp-content\/uploads\/2026\/02\/fundo-azul-96x96.webp"},"web-stories-thumbnail":{"file":"fundo-azul-150x100.webp","width":150,"height":100,"filesize":1520,"mimeType":"image\/webp","sourceUrl":"https:\/\/carro.blog.br\/noticias\/wp-content\/uploads\/2026\/02\/fundo-azul-150x100.webp"},"full":{"file":"fundo-azul-scaled.webp","width":2560,"height":1707,"mimeType":"image\/jpeg","sourceUrl":"https:\/\/carro.blog.br\/noticias\/wp-content\/uploads\/2026\/02\/fundo-azul-scaled.webp","sources":{"image\/webp":{"file":"fundo-azul-scaled.webp","filesize":56840,"sourceUrl":"https:\/\/carro.blog.br\/noticias\/wp-content\/uploads\/2026\/02\/fundo-azul-scaled.webp"}}}},"isPlaceholder":false,"isExternal":false,"needsProxy":false,"baseColor":"#042672","blurHash":"U60xK}a1pJZ}ozZek[belCa%jdj]k9aLk[kY","creationDate":"2026-02-05T11:14:50","src":"https:\/\/carro.blog.br\/noticias\/wp-content\/uploads\/2026\/02\/fundo-azul-scaled.webp","id":6726,"alt":"fundo azul","local":false},"backgroundColor":{"color":{"r":196,"g":196,"b":196}},"x":48,"y":0,"width":330,"height":220,"mask":{"type":"rectangle"},"isBackground":true,"id":"ff9cf467-3cef-4306-a2a2-6fa9363bead1","overlay":{"type":"linear","rotation":0,"stops":[{"color":{"r":0,"g":0,"b":0,"a":0},"position":0.40000000000000002220446049250313080847263336181640625},{"color":{"r":0,"g":0,"b":0,"a":1},"position":1}],"alpha":0.5},"type":"image"},{"opacity":100,"flip":{"vertical":false,"horizontal":false},"rotationAngle":0,"lockAspectRatio":false,"scale":100,"focalX":50,"focalY":50,"resource":{"type":"image","mimeType":"image\/jpeg","width":2112,"height":1372,"sizes":{"medium":{"file":"Honda-Civic-2026-3-350x227.webp","width":350,"height":227,"filesize":9896,"sources":{"image\/webp":{"file":"Honda-Civic-2026-3-350x227.webp","filesize":9896,"sourceUrl":"https:\/\/carro.blog.br\/noticias\/wp-content\/uploads\/2026\/04\/Honda-Civic-2026-3-350x227.webp"}},"mimeType":"image\/webp","sourceUrl":"https:\/\/carro.blog.br\/noticias\/wp-content\/uploads\/2026\/04\/Honda-Civic-2026-3-350x227.webp"},"large":{"file":"Honda-Civic-2026-3-1800x1169.webp","width":1800,"height":1169,"filesize":85092,"sources":{"image\/webp":{"file":"Honda-Civic-2026-3-1800x1169.webp","filesize":85092,"sourceUrl":"https:\/\/carro.blog.br\/noticias\/wp-content\/uploads\/2026\/04\/Honda-Civic-2026-3-1800x1169.webp"}},"mimeType":"image\/webp","sourceUrl":"https:\/\/carro.blog.br\/noticias\/wp-content\/uploads\/2026\/04\/Honda-Civic-2026-3-1800x1169.webp"},"thumbnail":{"file":"Honda-Civic-2026-3-900x585.webp","width":900,"height":585,"filesize":37634,"sources":{"image\/webp":{"file":"Honda-Civic-2026-3-900x585.webp","filesize":37634,"sourceUrl":"https:\/\/carro.blog.br\/noticias\/wp-content\/uploads\/2026\/04\/Honda-Civic-2026-3-900x585.webp"}},"mimeType":"image\/webp","sourceUrl":"https:\/\/carro.blog.br\/noticias\/wp-content\/uploads\/2026\/04\/Honda-Civic-2026-3-900x585.webp"},"medium_large":{"file":"Honda-Civic-2026-3-768x499.webp","width":768,"height":499,"filesize":30918,"sources":{"image\/webp":{"file":"Honda-Civic-2026-3-768x499.webp","filesize":30918,"sourceUrl":"https:\/\/carro.blog.br\/noticias\/wp-content\/uploads\/2026\/04\/Honda-Civic-2026-3-768x499.webp"}},"mimeType":"image\/webp","sourceUrl":"https:\/\/carro.blog.br\/noticias\/wp-content\/uploads\/2026\/04\/Honda-Civic-2026-3-768x499.webp"},"1536x1536":{"file":"Honda-Civic-2026-3-1536x998.webp","width":1536,"height":998,"filesize":70380,"mimeType":"image\/webp","sourceUrl":"https:\/\/carro.blog.br\/noticias\/wp-content\/uploads\/2026\/04\/Honda-Civic-2026-3-1536x998.webp"},"2048x2048":{"file":"Honda-Civic-2026-3-2048x1330.webp","width":2048,"height":1330,"filesize":99740,"mimeType":"image\/webp","sourceUrl":"https:\/\/carro.blog.br\/noticias\/wp-content\/uploads\/2026\/04\/Honda-Civic-2026-3-2048x1330.webp"},"web-stories-poster-portrait":{"file":"Honda-Civic-2026-3-640x853.webp","width":640,"height":853,"filesize":28212,"mimeType":"image\/webp","sourceUrl":"https:\/\/carro.blog.br\/noticias\/wp-content\/uploads\/2026\/04\/Honda-Civic-2026-3-640x853.webp"},"web-stories-publisher-logo":{"file":"Honda-Civic-2026-3-96x96.webp","width":96,"height":96,"filesize":1734,"mimeType":"image\/webp","sourceUrl":"https:\/\/carro.blog.br\/noticias\/wp-content\/uploads\/2026\/04\/Honda-Civic-2026-3-96x96.webp"},"web-stories-thumbnail":{"file":"Honda-Civic-2026-3-150x97.webp","width":150,"height":97,"filesize":2772,"mimeType":"image\/webp","sourceUrl":"https:\/\/carro.blog.br\/noticias\/wp-content\/uploads\/2026\/04\/Honda-Civic-2026-3-150x97.webp"},"full":{"file":"Honda-Civic-2026-3.webp","width":2112,"height":1372,"mimeType":"image\/jpeg","sourceUrl":"https:\/\/carro.blog.br\/noticias\/wp-content\/uploads\/2026\/04\/Honda-Civic-2026-3.webp","sources":{"image\/webp":{"file":"Honda-Civic-2026-3.webp","filesize":107818,"sourceUrl":"https:\/\/carro.blog.br\/noticias\/wp-content\/uploads\/2026\/04\/Honda-Civic-2026-3.webp"}}}},"isPlaceholder":false,"isExternal":false,"needsProxy":false,"baseColor":"#323234","blurHash":"UKBzC6t7~qj??bjs_3kC%MofxuWBRiWCRjoL","creationDate":"2026-04-29T17:52:10","src":"https:\/\/carro.blog.br\/noticias\/wp-content\/uploads\/2026\/04\/Honda-Civic-2026-3.webp","id":33470,"alt":"","local":false,"provider":"local"},"x":0,"y":24,"width":412,"height":271,"mask":{"type":"rectangle","showInLibrary":true,"name":"Rectangle","path":"M 0,0 1,0 1,1 0,1 0,0 Z","ratio":1,"supportsBorder":true},"id":"79987568-86d9-4689-aa8e-6624fffb8fcd","basedOn":"b65b9621-504e-4187-adcf-7c8476322506","borderRadius":{"topLeft":0,"topRight":0,"bottomRight":0,"bottomLeft":0,"locked":true},"alt":"Carro.Blog.Br","border":{"left":0,"right":0,"top":10,"bottom":10,"lockedWidth":false,"color":{"color":{"r":255,"g":255,"b":255}}},"groupId":null,"type":"image"},{"opacity":100,"flip":{"vertical":false,"horizontal":false},"rotationAngle":0,"lockAspectRatio":true,"backgroundTextMode":"HIGHLIGHT","font":{"family":"Roboto Condensed"},"fontSize":24,"backgroundColor":{"color":{"r":1,"g":18,"b":59}},"lineHeight":1,"textAlign":"left","padding":{"locked":true,"hasHiddenPadding":true,"horizontal":11,"vertical":7},"content":"<span style=\"color: #fff\">Com R$ 266 mil na mesa, muita gente nem olha mais para um sedan. Quer saber o que esse valor compra hoje? A resposta muda tudo<\/span>","marginOffset":5.578125,"x":52,"y":276,"width":311,"height":194,"basedOn":"714857eb-6e7f-45bc-b781-1661045b2b61","id":"70d69fad-2a7e-49a9-b9d4-41a383fb3a66","borderRadius":{"topLeft":0,"topRight":0,"bottomRight":0,"bottomLeft":0,"locked":true},"border":{"left":5,"right":0,"top":0,"bottom":0,"lockedWidth":false,"color":{"color":{"r":255,"g":255,"b":255}}},"type":"text"},{"opacity":100,"flip":{"vertical":false,"horizontal":false},"rotationAngle":0,"lockAspectRatio":false,"scale":100,"focalX":50,"focalY":50,"resource":{"type":"image","mimeType":"image\/webp","width":1500,"height":350,"sizes":{"medium":{"file":"logo-webstories-png-350x82.webp","width":350,"height":82,"filesize":4238,"sources":{"image\/webp":{"file":"logo-webstories-png-350x82.webp","filesize":4238,"sourceUrl":"https:\/\/carro.blog.br\/noticias\/wp-content\/uploads\/2026\/02\/logo-webstories-png-350x82.webp"}},"mimeType":"image\/webp","sourceUrl":"https:\/\/carro.blog.br\/noticias\/wp-content\/uploads\/2026\/02\/logo-webstories-png-350x82.webp"},"thumbnail":{"file":"logo-webstories-png-900x210.webp","width":900,"height":210,"filesize":11324,"sources":{"image\/webp":{"file":"logo-webstories-png-900x210.webp","filesize":11324,"sourceUrl":"https:\/\/carro.blog.br\/noticias\/wp-content\/uploads\/2026\/02\/logo-webstories-png-900x210.webp"}},"mimeType":"image\/webp","sourceUrl":"https:\/\/carro.blog.br\/noticias\/wp-content\/uploads\/2026\/02\/logo-webstories-png-900x210.webp"},"medium_large":{"file":"logo-webstories-png-768x179.webp","width":768,"height":179,"filesize":9604,"sources":{"image\/webp":{"file":"logo-webstories-png-768x179.webp","filesize":9604,"sourceUrl":"https:\/\/carro.blog.br\/noticias\/wp-content\/uploads\/2026\/02\/logo-webstories-png-768x179.webp"}},"mimeType":"image\/webp","sourceUrl":"https:\/\/carro.blog.br\/noticias\/wp-content\/uploads\/2026\/02\/logo-webstories-png-768x179.webp"},"web-stories-poster-portrait":{"file":"logo-webstories-png-640x350.webp","width":640,"height":350,"filesize":7294,"mimeType":"image\/webp","sourceUrl":"https:\/\/carro.blog.br\/noticias\/wp-content\/uploads\/2026\/02\/logo-webstories-png-640x350.webp"},"web-stories-publisher-logo":{"file":"logo-webstories-png-96x96.webp","width":96,"height":96,"filesize":1318,"mimeType":"image\/webp","sourceUrl":"https:\/\/carro.blog.br\/noticias\/wp-content\/uploads\/2026\/02\/logo-webstories-png-96x96.webp"},"web-stories-thumbnail":{"file":"logo-webstories-png-150x35.webp","width":150,"height":35,"filesize":1688,"mimeType":"image\/webp","sourceUrl":"https:\/\/carro.blog.br\/noticias\/wp-content\/uploads\/2026\/02\/logo-webstories-png-150x35.webp"},"full":{"file":"logo-webstories-png.webp","width":1500,"height":350,"mimeType":"image\/webp","sourceUrl":"https:\/\/carro.blog.br\/noticias\/wp-content\/uploads\/2026\/02\/logo-webstories-png.webp","sources":{"image\/webp":{"file":"logo-webstories-png.webp","filesize":20290,"sourceUrl":"https:\/\/carro.blog.br\/noticias\/wp-content\/uploads\/2026\/02\/logo-webstories-png.webp"}}}},"isPlaceholder":false,"isExternal":false,"needsProxy":false,"baseColor":"#dccfac","blurHash":"U7AwJ3~7Ze$#n$s:ofa}009#yYNdbvM}NGn~","creationDate":"2026-02-05T11:34:02","src":"https:\/\/carro.blog.br\/noticias\/wp-content\/uploads\/2026\/02\/logo-webstories-png.webp","id":6731,"alt":"logo-webstories-png","local":false},"x":24.5,"y":-16,"width":363,"height":77,"mask":{"type":"rectangle","showInLibrary":true,"name":"Ret\u00e2ngulo","path":"M 0,0 1,0 1,1 0,1 0,0 Z","ratio":1,"supportsBorder":true},"id":"0fdad7cc-81b2-450f-a0a7-d7e46350d33e","type":"image"}],"backgroundColor":{"color":{"r":255,"g":255,"b":255}},"animations":[{"id":"27a27c8e-843c-4512-a735-c0d180ce784d","type":"effect-background-zoom","zoomDirection":"scaleOut","duration":6000,"delay":0,"targets":["ff9cf467-3cef-4306-a2a2-6fa9363bead1"]},{"id":"62d99609-2a63-4579-b432-101783395a0e","type":"effect-fly-in","flyInDir":"rightToLeft","duration":600,"delay":0,"targets":["70d69fad-2a7e-49a9-b9d4-41a383fb3a66"]}],"id":"cb628dd7-72fc-4ae1-b113-f1e18d016887","image":{"id":28939,"height":1200,"width":800,"url":"https:\/\/carro.blog.br\/noticias\/wp-content\/uploads\/2026\/03\/web-stories-page-template-28938.webp","needsProxy":false,"isExternal":false},"pageAttachment":{"url":"https:\/\/carro.blog.br\/noticias\/mercado-automotivo\/honda-civic-desaparece-das-ruas-preco-de-r-266-mil-e-avanco-dos-suvs-explicam-queda-drastica.html","needsProxy":false,"ctaText":"Arraste Para Cima","theme":"light"},"defaultBackgroundElement":{"opacity":100,"flip":{"vertical":false,"horizontal":false},"rotationAngle":0,"lockAspectRatio":true,"backgroundColor":{"color":{"r":196,"g":196,"b":196}},"x":1,"y":1,"width":1,"height":1,"mask":{"type":"rectangle"},"isBackground":true,"isDefaultBackground":true,"id":"38899e5f-faf8-478f-9600-ee894d175b3f","type":"shape"},"groups":[]}],"fonts":{"Roboto Condensed":{"family":"Roboto Condensed","fallbacks":["sans-serif"],"weights":[100,200,300,400,500,600,700,800,900],"styles":["regular","italic"],"variants":[[0,100],[0,200],[0,300],[0,400],[0,500],[0,600],[0,700],[0,800],[0,900],[1,100],[1,200],[1,300],[1,400],[1,500],[1,600],[1,700],[1,800],[1,900]],"service":"fonts.google.com","metrics":{"upm":2048,"asc":1900,"des":-500,"tAsc":1536,"tDes":-512,"tLGap":102,"wAsc":1946,"wDes":512,"xH":1082,"capH":1456,"yMin":-555,"yMax":2163,"hAsc":1900,"hDes":-500,"lGap":0}}},"autoAdvance":false,"defaultPageDuration":7,"currentStoryStyles":{"colors":[]}},"story_poster":{"id":33477,"url":"https:\/\/carro.blog.br\/noticias\/wp-content\/uploads\/2026\/04\/cropped-Honda-Civic-2026-5.webp","width":640,"height":853,"needsProxy":false},"_links":{"self":[{"href":"https:\/\/carro.blog.br\/noticias\/wp-json\/web-stories\/v1\/web-story\/33468","targetHints":{"allow":["GET"]}}],"collection":[{"href":"https:\/\/carro.blog.br\/noticias\/wp-json\/web-stories\/v1\/web-story"}],"about":[{"href":"https:\/\/carro.blog.br\/noticias\/wp-json\/wp\/v2\/types\/web-story"}],"author":[{"embeddable":true,"href":"https:\/\/carro.blog.br\/noticias\/wp-json\/web-stories\/v1\/users\/1"}],"version-history":[{"count":10,"href":"https:\/\/carro.blog.br\/noticias\/wp-json\/web-stories\/v1\/web-story\/33468\/revisions"}],"predecessor-version":[{"id":33487,"href":"https:\/\/carro.blog.br\/noticias\/wp-json\/web-stories\/v1\/web-story\/33468\/revisions\/33487"}],"wp:featuredmedia":[{"embeddable":true,"href":"https:\/\/carro.blog.br\/noticias\/wp-json\/web-stories\/v1\/media\/33477"}],"wp:attachment":[{"href":"https:\/\/carro.blog.br\/noticias\/wp-json\/web-stories\/v1\/media?parent=33468"}],"wp:term":[{"taxonomy":"web_story_category","embeddable":true,"href":"https:\/\/carro.blog.br\/noticias\/wp-json\/web-stories\/v1\/web_story_category?post=33468"},{"taxonomy":"web_story_tag","embeddable":true,"href":"https:\/\/carro.blog.br\/noticias\/wp-json\/web-stories\/v1\/web_story_tag?post=33468"}],"wp:lock":[{"embeddable":true,"href":"https:\/\/carro.blog.br\/noticias\/wp-json\/web-stories\/v1\/web-story\/33468\/lock"}],"wp:publisherlogo":[{"embeddable":true,"href":"https:\/\/carro.blog.br\/noticias\/wp-json\/web-stories\/v1\/media\/15"}],"curies":[{"name":"wp","href":"https:\/\/api.w.org\/{rel}","templated":true}]}}